{"id":9200,"date":"2023-10-09T11:45:20","date_gmt":"2023-10-09T09:45:20","guid":{"rendered":"https:\/\/blog.ccc.eu\/hu\/?p=9200"},"modified":"2023-10-09T11:48:33","modified_gmt":"2023-10-09T09:48:33","slug":"day-to-night-limitalt-oszi-es-teli-kollekcio-a-gino-rossitol","status":"publish","type":"post","link":"https:\/\/blog.ccc.eu\/hu\/day-to-night-limitalt-oszi-es-teli-kollekcio-a-gino-rossitol\/","title":{"rendered":"Gino Rossi-Day to Night limit\u00e1lt \u0151szi \u00e9s t\u00e9li kapszulakollekci\u00f3"},"content":{"rendered":"\n<p><b>A Gino Rossi \u00faj kapszulakollekci\u00f3ja, a Day to Night a kifinomult sz\u00e9ps\u00e9g kvintesszenci\u00e1ja. A kollekci\u00f3ban kiv\u00e9teles precizit\u00e1ssal varrt, ragyog\u00f3an megtervezett cip\u0151k \u00e9s t\u00e1sk\u00e1k v\u00e1rnak r\u00e1nk, melyek klasszikus sz\u00edn\u00fcknek \u00e9s id\u0151tlen diz\u00e1jnjuknak k\u00f6sz\u00f6nhet\u0151en b\u00e1rmilyen \u0151szi megjelen\u00e9shez passzolnak. Fedezd fel a Gino Rossi \u00faj, limit\u00e1lt kiad\u00e1s\u00fa Day to Night kollekci\u00f3j\u00e1t!&nbsp;<\/b><\/p>\n\n\n\n<figure class=\"wp-block-gallery has-nested-images columns-default is-cropped wp-block-gallery-1 is-layout-flex wp-block-gallery-is-layout-flex\">\n<figure class=\"wp-block-image size-large\"><img decoding=\"async\" data-id=\"9201\" src=\"https:\/\/blog.ccc.eu\/hu\/wp-content\/uploads\/2023\/10\/CCC_-_Gino_Rossi_-_Day_to_Night__11-1024x831.jpg\" alt=\"\" class=\"wp-image-9201\"\/><\/figure>\n<\/figure>\n\n\n\n<h2 class=\"wp-block-heading\">Day to Night &#8211; t\u00f6k\u00e9letes minimalizmus minden id\u0151ben&nbsp;<\/h2>\n\n\n\n<p>Az egyszer\u0171 \u00e9s kifinomult eleganci\u00e1j\u00e1r\u00f3l h\u00edres Gino Rossi m\u00e1rka a 2023-as \u0151szi-t\u00e9li szezonra \u00faj kollekci\u00f3t k\u00e9sz\u00edtett. A geometrikus szab\u00e1sok \u00e9s a kiv\u00e1l\u00f3 min\u0151s\u00e9g\u0171 anyagok t\u00f6k\u00e9letes du\u00f3t alkotnak, amelyek a k\u00f6vetkez\u0151 \u00e9vszakokban is nagyon j\u00f3l meg\u00e1llj\u00e1k a hely\u00fcket.&nbsp;<\/p>\n\n\n\n<p>A limit\u00e1lt kollekci\u00f3 minimalizmusa abszol\u00fat megfelel mindazok elv\u00e1r\u00e1sainak, akik szeretik a klasszikusokat, de nem akarnak lemondani a leg\u00fajabb trendekr\u0151l sem. Fedezd fel a Day to Night kapszulakollekci\u00f3 szemet gy\u00f6ny\u00f6rk\u00f6dtet\u0151 t\u00e1sk\u00e1it \u00e9s cip\u0151it!&nbsp;<\/p>\n\n\n\n<figure class=\"wp-block-gallery has-nested-images columns-default is-cropped wp-block-gallery-2 is-layout-flex wp-block-gallery-is-layout-flex\">\n<figure class=\"wp-block-image size-large\"><img loading=\"lazy\" decoding=\"async\" width=\"750\" height=\"1000\" data-id=\"9203\" src=\"https:\/\/blog.ccc.eu\/hu\/wp-content\/uploads\/2023\/10\/CCC_-_Gino_Rossi_-_Day_to_Night__9.jpg\" alt=\"\" class=\"wp-image-9203\" srcset=\"https:\/\/blog.ccc.eu\/hu\/wp-content\/uploads\/2023\/10\/CCC_-_Gino_Rossi_-_Day_to_Night__9.jpg 750w, https:\/\/blog.ccc.eu\/hu\/wp-content\/uploads\/2023\/10\/CCC_-_Gino_Rossi_-_Day_to_Night__9-225x300.jpg 225w, https:\/\/blog.ccc.eu\/hu\/wp-content\/uploads\/2023\/10\/CCC_-_Gino_Rossi_-_Day_to_Night__9-100x133.jpg 100w\" sizes=\"auto, (max-width: 750px) 100vw, 750px\" \/><\/figure>\n\n\n\n<figure class=\"wp-block-image size-large\"><img loading=\"lazy\" decoding=\"async\" width=\"750\" height=\"1000\" data-id=\"9204\" src=\"https:\/\/blog.ccc.eu\/hu\/wp-content\/uploads\/2023\/10\/CCC_-_Gino_Rossi_-_Day_to_Night__16.jpg\" alt=\"\" class=\"wp-image-9204\" srcset=\"https:\/\/blog.ccc.eu\/hu\/wp-content\/uploads\/2023\/10\/CCC_-_Gino_Rossi_-_Day_to_Night__16.jpg 750w, https:\/\/blog.ccc.eu\/hu\/wp-content\/uploads\/2023\/10\/CCC_-_Gino_Rossi_-_Day_to_Night__16-225x300.jpg 225w, https:\/\/blog.ccc.eu\/hu\/wp-content\/uploads\/2023\/10\/CCC_-_Gino_Rossi_-_Day_to_Night__16-100x133.jpg 100w\" sizes=\"auto, (max-width: 750px) 100vw, 750px\" \/><\/figure>\n<\/figure>\n\n\n\n<h2 class=\"wp-block-heading\">Mit tal\u00e1lhatunk az \u00faj Gino Rossi kapszulakollekci\u00f3ban?&nbsp;<\/h2>\n\n\n\n<p>A leg\u00fajabb kollekci\u00f3 hossz\u00fa \u00e9s r\u00f6vid sz\u00e1r\u00fa, fekete, b\u00e9zs \u00e9s csokol\u00e1d\u00e9barna sz\u00edn\u0171 csizm\u00e1kat tartalmaz. Ezeket a l\u00e1bbeliket megtal\u00e1ljuk d\u00edsz\u00edt\u00e9sekt\u0151l mentes verzi\u00f3ban \u00e9s hossz\u00fa cipz\u00e1rral ell\u00e1tott v\u00e1ltozatban egyar\u00e1nt. A cip\u0151ket sz\u00f6gletes orr jellemzi, amelyek divatos megjelen\u00e9st k\u00f6lcs\u00f6n\u00f6znek sz\u00e1munkra.&nbsp;<\/p>\n\n\n\n<p>A m\u00e1rka klasszikus sz\u00ednekben pomp\u00e1z\u00f3 bokacsizm\u00e1kkal is k\u00e9sz\u00fclt, melyek k\u00f6z\u00fcl a legn\u00e9pszer\u0171bbek b\u00e9zs sz\u00ednben pomp\u00e1znak, k\u00fcl\u00f6nlegess\u00e9g\u00fck pedig a l\u00e1bbeli h\u00e1tulj\u00e1n tal\u00e1lhat\u00f3 cipz\u00e1ras d\u00edsz\u00edt\u00e9sben rejlik.&nbsp;&nbsp;<\/p>\n\n\n\n<figure class=\"wp-block-gallery has-nested-images columns-default is-cropped wp-block-gallery-3 is-layout-flex wp-block-gallery-is-layout-flex\">\n<figure class=\"wp-block-image size-large\"><img loading=\"lazy\" decoding=\"async\" width=\"683\" height=\"1024\" data-id=\"9205\" src=\"https:\/\/blog.ccc.eu\/hu\/wp-content\/uploads\/2023\/10\/CCC_5905588222330_01-683x1024.jpg\" alt=\"\" class=\"wp-image-9205\" srcset=\"https:\/\/blog.ccc.eu\/hu\/wp-content\/uploads\/2023\/10\/CCC_5905588222330_01-683x1024.jpg 683w, https:\/\/blog.ccc.eu\/hu\/wp-content\/uploads\/2023\/10\/CCC_5905588222330_01-200x300.jpg 200w, https:\/\/blog.ccc.eu\/hu\/wp-content\/uploads\/2023\/10\/CCC_5905588222330_01-768x1152.jpg 768w, https:\/\/blog.ccc.eu\/hu\/wp-content\/uploads\/2023\/10\/CCC_5905588222330_01-100x150.jpg 100w, https:\/\/blog.ccc.eu\/hu\/wp-content\/uploads\/2023\/10\/CCC_5905588222330_01.jpg 876w\" sizes=\"auto, (max-width: 683px) 100vw, 683px\" \/><\/figure>\n\n\n\n<figure class=\"wp-block-image size-large\"><img loading=\"lazy\" decoding=\"async\" width=\"683\" height=\"1024\" data-id=\"9206\" src=\"https:\/\/blog.ccc.eu\/hu\/wp-content\/uploads\/2023\/10\/CCC_5905588234524_01-683x1024.jpg\" alt=\"\" class=\"wp-image-9206\" srcset=\"https:\/\/blog.ccc.eu\/hu\/wp-content\/uploads\/2023\/10\/CCC_5905588234524_01-683x1024.jpg 683w, https:\/\/blog.ccc.eu\/hu\/wp-content\/uploads\/2023\/10\/CCC_5905588234524_01-200x300.jpg 200w, https:\/\/blog.ccc.eu\/hu\/wp-content\/uploads\/2023\/10\/CCC_5905588234524_01-768x1152.jpg 768w, https:\/\/blog.ccc.eu\/hu\/wp-content\/uploads\/2023\/10\/CCC_5905588234524_01-100x150.jpg 100w, https:\/\/blog.ccc.eu\/hu\/wp-content\/uploads\/2023\/10\/CCC_5905588234524_01.jpg 876w\" sizes=\"auto, (max-width: 683px) 100vw, 683px\" \/><\/figure>\n<\/figure>\n\n\n\n<p>A m\u00e1rka leg\u00fajabb aj\u00e1nlat\u00e1t a t\u00e1sk\u00e1k teszik teljess\u00e9. Univerz\u00e1lis megold\u00e1s egy nagym\u00e9ret\u0171 shopper t\u00e1ska, amelynek belsej\u00e9ben egy kisebb modell tal\u00e1lhat\u00f3 \u2013 \u00edgy a h\u00e9tk\u00f6znapi, irodai outfit k\u00f6nnyed\u00e9n eleg\u00e1ns st\u00edlus\u00fav\u00e1 alak\u00edthat\u00f3. A nagy, mindent elrejt\u0151 t\u00e1sk\u00e1k rajong\u00f3i \u00e9s a kisebb, \u00e9rdekes form\u00e1kat kedvel\u0151k egyar\u00e1nt im\u00e1dni fogj\u00e1k.<\/p>\n\n\n\n<figure class=\"wp-block-gallery has-nested-images columns-default is-cropped wp-block-gallery-4 is-layout-flex wp-block-gallery-is-layout-flex\">\n<figure class=\"wp-block-image size-large\"><img loading=\"lazy\" decoding=\"async\" width=\"683\" height=\"1024\" data-id=\"9208\" src=\"https:\/\/blog.ccc.eu\/hu\/wp-content\/uploads\/2023\/10\/CCC_5905588134350_01pop-683x1024.jpg\" alt=\"\" class=\"wp-image-9208\" srcset=\"https:\/\/blog.ccc.eu\/hu\/wp-content\/uploads\/2023\/10\/CCC_5905588134350_01pop-683x1024.jpg 683w, https:\/\/blog.ccc.eu\/hu\/wp-content\/uploads\/2023\/10\/CCC_5905588134350_01pop-200x300.jpg 200w, https:\/\/blog.ccc.eu\/hu\/wp-content\/uploads\/2023\/10\/CCC_5905588134350_01pop-768x1152.jpg 768w, https:\/\/blog.ccc.eu\/hu\/wp-content\/uploads\/2023\/10\/CCC_5905588134350_01pop-100x150.jpg 100w, https:\/\/blog.ccc.eu\/hu\/wp-content\/uploads\/2023\/10\/CCC_5905588134350_01pop.jpg 876w\" sizes=\"auto, (max-width: 683px) 100vw, 683px\" \/><\/figure>\n\n\n\n<figure class=\"wp-block-image size-large\"><img loading=\"lazy\" decoding=\"async\" width=\"683\" height=\"1024\" data-id=\"9207\" src=\"https:\/\/blog.ccc.eu\/hu\/wp-content\/uploads\/2023\/10\/CCC_5905588134367_01-683x1024.jpg\" alt=\"\" class=\"wp-image-9207\" srcset=\"https:\/\/blog.ccc.eu\/hu\/wp-content\/uploads\/2023\/10\/CCC_5905588134367_01-683x1024.jpg 683w, https:\/\/blog.ccc.eu\/hu\/wp-content\/uploads\/2023\/10\/CCC_5905588134367_01-200x300.jpg 200w, https:\/\/blog.ccc.eu\/hu\/wp-content\/uploads\/2023\/10\/CCC_5905588134367_01-768x1152.jpg 768w, https:\/\/blog.ccc.eu\/hu\/wp-content\/uploads\/2023\/10\/CCC_5905588134367_01-100x150.jpg 100w, https:\/\/blog.ccc.eu\/hu\/wp-content\/uploads\/2023\/10\/CCC_5905588134367_01.jpg 876w\" sizes=\"auto, (max-width: 683px) 100vw, 683px\" \/><\/figure>\n<\/figure>\n\n\n\n<h2 class=\"wp-block-heading\">Hogyan viselj\u00fck a Day to Night kapszulakollekci\u00f3 darabjait?&nbsp;<\/h2>\n\n\n\n<p>Az \u00faj Gino Rossi Day to Night kapszulakollekci\u00f3j\u00e1ban megtal\u00e1lhat\u00f3 l\u00e1bbelik t\u00f6k\u00e9letesen illeszkednek az aktu\u00e1lis divathoz \u00e9s a kort\u00e1rs trendekhez. Az egyedi csizm\u00e1k nagyon j\u00f3l passzolnak egy khaki vagy vil\u00e1gos b\u00e9zs sz\u00edn\u0171 szat\u00e9n midiszokny\u00e1hoz \u00e9s egy barn\u00e1s fels\u0151r\u00e9szhez, m\u00edg a minimalista st\u00edlus\u00fa bokacsizm\u00e1kat p\u00e1ros\u00edtsuk farmer maxiszokny\u00e1val, ami a szezon abszol\u00fat sl\u00e1gere! Ne feledkezz\u00fcnk meg a trendi magassark\u00fa l\u00e1bbelikr\u0151l sem, amelyek nagyon j\u00f3l kombin\u00e1lhat\u00f3ak bl\u00e9zerrel \u00e9s m\u00e1s alkalmi ruh\u00e1val egyar\u00e1nt.&nbsp;&nbsp;&nbsp;<\/p>\n\n\n\n<figure class=\"wp-block-gallery has-nested-images columns-default is-cropped wp-block-gallery-5 is-layout-flex wp-block-gallery-is-layout-flex\">\n<figure class=\"wp-block-image size-large\"><img loading=\"lazy\" decoding=\"async\" width=\"750\" height=\"750\" data-id=\"9209\" src=\"https:\/\/blog.ccc.eu\/hu\/wp-content\/uploads\/2023\/10\/CCC_-_Gino_Rossi_-_Day_to_Night__24-edited.jpg\" alt=\"\" class=\"wp-image-9209\" srcset=\"https:\/\/blog.ccc.eu\/hu\/wp-content\/uploads\/2023\/10\/CCC_-_Gino_Rossi_-_Day_to_Night__24-edited.jpg 750w, https:\/\/blog.ccc.eu\/hu\/wp-content\/uploads\/2023\/10\/CCC_-_Gino_Rossi_-_Day_to_Night__24-edited-300x300.jpg 300w, https:\/\/blog.ccc.eu\/hu\/wp-content\/uploads\/2023\/10\/CCC_-_Gino_Rossi_-_Day_to_Night__24-edited-150x150.jpg 150w, https:\/\/blog.ccc.eu\/hu\/wp-content\/uploads\/2023\/10\/CCC_-_Gino_Rossi_-_Day_to_Night__24-edited-100x100.jpg 100w\" sizes=\"auto, (max-width: 750px) 100vw, 750px\" \/><\/figure>\n<\/figure>\n\n\n\n<p>Tekintsd meg a Gino Rossi m\u00e1rka leg\u00fajabb Day to Night kapszulakollekci\u00f3j\u00e1t <a href=\"https:\/\/ccc.eu\/hu\/sklepy\" target=\"_blank\" rel=\"noreferrer noopener\">CCC \u00fczleteinkben<\/a>, <a href=\"https:\/\/ccc.eu\/hu\/\" target=\"_blank\" rel=\"noreferrer noopener\">webshopunkban<\/a>, \u00e9s az <a href=\"https:\/\/ccc.eu\/hu\/mobile-app\" target=\"_blank\" rel=\"noreferrer noopener\">alkalmaz\u00e1sban<\/a>. Legy\u00e9l <a href=\"https:\/\/ccc.eu\/hu\/klub-ccc\" target=\"_blank\" rel=\"noreferrer noopener\">CCC klubtag<\/a> is, \u00e9s \u00e9lvezd a k\u00e9nyelmes \u00e9s kedvezm\u00e9nyes v\u00e1s\u00e1rl\u00e1si lehet\u0151s\u00e9geket! K\u00f6vesd vel\u00fcnk a divatot <a href=\"https:\/\/www.facebook.com\/CCC.Hungary\/\" target=\"_blank\" rel=\"noreferrer noopener\">Facebookon,<\/a> \u00e9s inspir\u00e1l\u00f3dj vel\u00fcnk az <a href=\"https:\/\/www.instagram.com\/cccshoesbags\/\" target=\"_blank\" rel=\"noreferrer noopener\">Instagramon<\/a> is!&nbsp;&nbsp;&nbsp;<\/p>\n","protected":false},"excerpt":{"rendered":"<p>A Gino Rossi \u00faj kapszulakollekci\u00f3ja, a Day to Night a kifinomult sz\u00e9ps\u00e9g kvintesszenci\u00e1ja. A kollekci\u00f3ban kiv\u00e9teles precizit\u00e1ssal varrt, ragyog\u00f3an megtervezett cip\u0151k \u00e9s t\u00e1sk\u00e1k v\u00e1rnak r\u00e1nk, melyek klasszikus sz\u00edn\u00fcknek \u00e9s id\u0151tlen diz\u00e1jnjuknak k\u00f6sz\u00f6nhet\u0151en b\u00e1rmilyen \u0151szi megjelen\u00e9shez passzolnak. Fedezd fel a Gino Rossi \u00faj, limit\u00e1lt kiad\u00e1s\u00fa Day to Night kollekci\u00f3j\u00e1t!&nbsp; Day to Night &#8211; t\u00f6k\u00e9letes minimalizmus minden [&hellip;]<\/p>\n","protected":false},"author":22,"featured_media":9201,"comment_status":"open","ping_status":"open","sticky":false,"template":"","format":"standard","meta":{"_acf_changed":false,"footnotes":""},"categories":[432],"tags":[560,1127,229,778,1122],"class_list":["post-9200","post","type-post","status-publish","format-standard","has-post-thumbnail","hentry","category-ujdonsagok","tag-ccc","tag-day-to-night","tag-gino-rossi","tag-kapszulakollekcio","tag-ujdonsag-3"],"acf":[],"yoast_head":"<!-- This site is optimized with the Yoast SEO plugin v26.9 - https:\/\/yoast.com\/product\/yoast-seo-wordpress\/ -->\n<title>Gino Rossi-Day to Night limit\u00e1lt \u0151szi \u00e9s t\u00e9li kapszulakollekci\u00f3 - CCC Fashion blog<\/title>\n<meta name=\"description\" content=\"A Gino Rossi m\u00e1rka elk\u00e9sz\u00edtette leg\u00fajabb Day to Night kapszulakollekci\u00f3j\u00e1t, amelyben l\u00e9legzetel\u00e1ll\u00edt\u00f3 t\u00e1sk\u00e1k \u00e9s cip\u0151k sz\u00e9les k\u00edn\u00e1lata v\u00e1r r\u00e1nk! 2026\" \/>\n<meta name=\"robots\" content=\"index, follow, max-snippet:-1, max-image-preview:large, max-video-preview:-1\" \/>\n<link rel=\"canonical\" href=\"https:\/\/blog.ccc.eu\/hu\/day-to-night-limitalt-oszi-es-teli-kollekcio-a-gino-rossitol\/\" \/>\n<meta property=\"og:locale\" content=\"hu_HU\" \/>\n<meta property=\"og:type\" content=\"article\" \/>\n<meta property=\"og:title\" content=\"Gino Rossi-Day to Night limit\u00e1lt \u0151szi \u00e9s t\u00e9li kapszulakollekci\u00f3 - CCC Fashion blog\" \/>\n<meta property=\"og:description\" content=\"A Gino Rossi m\u00e1rka elk\u00e9sz\u00edtette leg\u00fajabb Day to Night kapszulakollekci\u00f3j\u00e1t, amelyben l\u00e9legzetel\u00e1ll\u00edt\u00f3 t\u00e1sk\u00e1k \u00e9s cip\u0151k sz\u00e9les k\u00edn\u00e1lata v\u00e1r r\u00e1nk!\" \/>\n<meta property=\"og:url\" content=\"https:\/\/blog.ccc.eu\/hu\/day-to-night-limitalt-oszi-es-teli-kollekcio-a-gino-rossitol\/\" \/>\n<meta property=\"og:site_name\" content=\"CCC Fashion blog\" \/>\n<meta property=\"article:published_time\" content=\"2023-10-09T09:45:20+00:00\" \/>\n<meta property=\"article:modified_time\" content=\"2023-10-09T09:48:33+00:00\" \/>\n<meta property=\"og:image\" content=\"https:\/\/blog.ccc.eu\/hu\/wp-content\/uploads\/2023\/10\/CCC_-_Gino_Rossi_-_Day_to_Night__11.jpg\" \/>\n\t<meta property=\"og:image:width\" content=\"1200\" \/>\n\t<meta property=\"og:image:height\" content=\"974\" \/>\n\t<meta property=\"og:image:type\" content=\"image\/jpeg\" \/>\n<meta name=\"author\" content=\"Beatrix Korosi\" \/>\n<meta name=\"twitter:card\" content=\"summary_large_image\" \/>\n<meta name=\"twitter:label1\" content=\"Szerz\u0151:\" \/>\n\t<meta name=\"twitter:data1\" content=\"Beatrix Korosi\" \/>\n\t<meta name=\"twitter:label2\" content=\"Becs\u00fclt olvas\u00e1si id\u0151\" \/>\n\t<meta name=\"twitter:data2\" content=\"3 perc\" \/>\n<script type=\"application\/ld+json\" class=\"yoast-schema-graph\">{\"@context\":\"https:\/\/schema.org\",\"@graph\":[{\"@type\":\"Article\",\"@id\":\"https:\/\/blog.ccc.eu\/hu\/day-to-night-limitalt-oszi-es-teli-kollekcio-a-gino-rossitol\/#article\",\"isPartOf\":{\"@id\":\"https:\/\/blog.ccc.eu\/hu\/day-to-night-limitalt-oszi-es-teli-kollekcio-a-gino-rossitol\/\"},\"author\":{\"name\":\"Beatrix Korosi\",\"@id\":\"https:\/\/blog.ccc.eu\/hu\/#\/schema\/person\/b37d4e58a15b8cc6b1339218cfeb7c10\"},\"headline\":\"Gino Rossi-Day to Night limit\u00e1lt \u0151szi \u00e9s t\u00e9li kapszulakollekci\u00f3\",\"datePublished\":\"2023-10-09T09:45:20+00:00\",\"dateModified\":\"2023-10-09T09:48:33+00:00\",\"mainEntityOfPage\":{\"@id\":\"https:\/\/blog.ccc.eu\/hu\/day-to-night-limitalt-oszi-es-teli-kollekcio-a-gino-rossitol\/\"},\"wordCount\":577,\"commentCount\":0,\"publisher\":{\"@id\":\"https:\/\/blog.ccc.eu\/hu\/#organization\"},\"image\":{\"@id\":\"https:\/\/blog.ccc.eu\/hu\/day-to-night-limitalt-oszi-es-teli-kollekcio-a-gino-rossitol\/#primaryimage\"},\"thumbnailUrl\":\"https:\/\/blog.ccc.eu\/hu\/wp-content\/uploads\/2023\/10\/CCC_-_Gino_Rossi_-_Day_to_Night__11-e1696845258134.jpg\",\"keywords\":[\"CCC\",\"Day to Night\",\"gino rossi\",\"kapszulakollekci\u00f3\",\"\u00dajdons\u00e1g\"],\"articleSection\":[\"\u00daJDONS\u00c1GOK\"],\"inLanguage\":\"hu\",\"potentialAction\":[{\"@type\":\"CommentAction\",\"name\":\"Comment\",\"target\":[\"https:\/\/blog.ccc.eu\/hu\/day-to-night-limitalt-oszi-es-teli-kollekcio-a-gino-rossitol\/#respond\"]}]},{\"@type\":\"WebPage\",\"@id\":\"https:\/\/blog.ccc.eu\/hu\/day-to-night-limitalt-oszi-es-teli-kollekcio-a-gino-rossitol\/\",\"url\":\"https:\/\/blog.ccc.eu\/hu\/day-to-night-limitalt-oszi-es-teli-kollekcio-a-gino-rossitol\/\",\"name\":\"Gino Rossi-Day to Night limit\u00e1lt \u0151szi \u00e9s t\u00e9li kapszulakollekci\u00f3 - CCC Fashion blog\",\"isPartOf\":{\"@id\":\"https:\/\/blog.ccc.eu\/hu\/#website\"},\"primaryImageOfPage\":{\"@id\":\"https:\/\/blog.ccc.eu\/hu\/day-to-night-limitalt-oszi-es-teli-kollekcio-a-gino-rossitol\/#primaryimage\"},\"image\":{\"@id\":\"https:\/\/blog.ccc.eu\/hu\/day-to-night-limitalt-oszi-es-teli-kollekcio-a-gino-rossitol\/#primaryimage\"},\"thumbnailUrl\":\"https:\/\/blog.ccc.eu\/hu\/wp-content\/uploads\/2023\/10\/CCC_-_Gino_Rossi_-_Day_to_Night__11-e1696845258134.jpg\",\"datePublished\":\"2023-10-09T09:45:20+00:00\",\"dateModified\":\"2023-10-09T09:48:33+00:00\",\"description\":\"A Gino Rossi m\u00e1rka elk\u00e9sz\u00edtette leg\u00fajabb Day to Night kapszulakollekci\u00f3j\u00e1t, amelyben l\u00e9legzetel\u00e1ll\u00edt\u00f3 t\u00e1sk\u00e1k \u00e9s cip\u0151k sz\u00e9les k\u00edn\u00e1lata v\u00e1r r\u00e1nk!\",\"breadcrumb\":{\"@id\":\"https:\/\/blog.ccc.eu\/hu\/day-to-night-limitalt-oszi-es-teli-kollekcio-a-gino-rossitol\/#breadcrumb\"},\"inLanguage\":\"hu\",\"potentialAction\":[{\"@type\":\"ReadAction\",\"target\":[\"https:\/\/blog.ccc.eu\/hu\/day-to-night-limitalt-oszi-es-teli-kollekcio-a-gino-rossitol\/\"]}]},{\"@type\":\"ImageObject\",\"inLanguage\":\"hu\",\"@id\":\"https:\/\/blog.ccc.eu\/hu\/day-to-night-limitalt-oszi-es-teli-kollekcio-a-gino-rossitol\/#primaryimage\",\"url\":\"https:\/\/blog.ccc.eu\/hu\/wp-content\/uploads\/2023\/10\/CCC_-_Gino_Rossi_-_Day_to_Night__11-e1696845258134.jpg\",\"contentUrl\":\"https:\/\/blog.ccc.eu\/hu\/wp-content\/uploads\/2023\/10\/CCC_-_Gino_Rossi_-_Day_to_Night__11-e1696845258134.jpg\",\"width\":1200,\"height\":736,\"caption\":\"Day to Night kapszulakollekci\u00f3\"},{\"@type\":\"BreadcrumbList\",\"@id\":\"https:\/\/blog.ccc.eu\/hu\/day-to-night-limitalt-oszi-es-teli-kollekcio-a-gino-rossitol\/#breadcrumb\",\"itemListElement\":[{\"@type\":\"ListItem\",\"position\":1,\"name\":\"Strona g\u0142\u00f3wna\",\"item\":\"https:\/\/blog.ccc.eu\/hu\/\"},{\"@type\":\"ListItem\",\"position\":2,\"name\":\"Gino Rossi-Day to Night limit\u00e1lt \u0151szi \u00e9s t\u00e9li kapszulakollekci\u00f3\"}]},{\"@type\":\"WebSite\",\"@id\":\"https:\/\/blog.ccc.eu\/hu\/#website\",\"url\":\"https:\/\/blog.ccc.eu\/hu\/\",\"name\":\"CCC Fashion blog\",\"description\":\"Az \u00d6n helye tele van divatihletekkel\",\"publisher\":{\"@id\":\"https:\/\/blog.ccc.eu\/hu\/#organization\"},\"potentialAction\":[{\"@type\":\"SearchAction\",\"target\":{\"@type\":\"EntryPoint\",\"urlTemplate\":\"https:\/\/blog.ccc.eu\/hu\/?s={search_term_string}\"},\"query-input\":{\"@type\":\"PropertyValueSpecification\",\"valueRequired\":true,\"valueName\":\"search_term_string\"}}],\"inLanguage\":\"hu\"},{\"@type\":\"Organization\",\"@id\":\"https:\/\/blog.ccc.eu\/hu\/#organization\",\"name\":\"CCC S.A.\",\"url\":\"https:\/\/blog.ccc.eu\/hu\/\",\"logo\":{\"@type\":\"ImageObject\",\"inLanguage\":\"hu\",\"@id\":\"https:\/\/blog.ccc.eu\/hu\/#\/schema\/logo\/image\/\",\"url\":\"https:\/\/blog.ccc.eu\/hu\/wp-content\/uploads\/2021\/11\/logo_ccc.png\",\"contentUrl\":\"https:\/\/blog.ccc.eu\/hu\/wp-content\/uploads\/2021\/11\/logo_ccc.png\",\"width\":730,\"height\":270,\"caption\":\"CCC S.A.\"},\"image\":{\"@id\":\"https:\/\/blog.ccc.eu\/hu\/#\/schema\/logo\/image\/\"}},{\"@type\":\"Person\",\"@id\":\"https:\/\/blog.ccc.eu\/hu\/#\/schema\/person\/b37d4e58a15b8cc6b1339218cfeb7c10\",\"name\":\"Beatrix Korosi\",\"image\":{\"@type\":\"ImageObject\",\"inLanguage\":\"hu\",\"@id\":\"https:\/\/blog.ccc.eu\/hu\/#\/schema\/person\/image\/\",\"url\":\"https:\/\/blog.ccc.eu\/hu\/wp-content\/uploads\/2022\/11\/Bea-150x150.jpg\",\"contentUrl\":\"https:\/\/blog.ccc.eu\/hu\/wp-content\/uploads\/2022\/11\/Bea-150x150.jpg\",\"caption\":\"Beatrix Korosi\"},\"url\":\"https:\/\/blog.ccc.eu\/hu\/author\/beatrix-korosi\/\"}]}<\/script>\n<!-- \/ Yoast SEO plugin. -->","yoast_head_json":{"title":"Gino Rossi-Day to Night limit\u00e1lt \u0151szi \u00e9s t\u00e9li kapszulakollekci\u00f3 - CCC Fashion blog","description":"A Gino Rossi m\u00e1rka elk\u00e9sz\u00edtette leg\u00fajabb Day to Night kapszulakollekci\u00f3j\u00e1t, amelyben l\u00e9legzetel\u00e1ll\u00edt\u00f3 t\u00e1sk\u00e1k \u00e9s cip\u0151k sz\u00e9les k\u00edn\u00e1lata v\u00e1r r\u00e1nk! 2026","robots":{"index":"index","follow":"follow","max-snippet":"max-snippet:-1","max-image-preview":"max-image-preview:large","max-video-preview":"max-video-preview:-1"},"canonical":"https:\/\/blog.ccc.eu\/hu\/day-to-night-limitalt-oszi-es-teli-kollekcio-a-gino-rossitol\/","og_locale":"hu_HU","og_type":"article","og_title":"Gino Rossi-Day to Night limit\u00e1lt \u0151szi \u00e9s t\u00e9li kapszulakollekci\u00f3 - CCC Fashion blog","og_description":"A Gino Rossi m\u00e1rka elk\u00e9sz\u00edtette leg\u00fajabb Day to Night kapszulakollekci\u00f3j\u00e1t, amelyben l\u00e9legzetel\u00e1ll\u00edt\u00f3 t\u00e1sk\u00e1k \u00e9s cip\u0151k sz\u00e9les k\u00edn\u00e1lata v\u00e1r r\u00e1nk!","og_url":"https:\/\/blog.ccc.eu\/hu\/day-to-night-limitalt-oszi-es-teli-kollekcio-a-gino-rossitol\/","og_site_name":"CCC Fashion blog","article_published_time":"2023-10-09T09:45:20+00:00","article_modified_time":"2023-10-09T09:48:33+00:00","og_image":[{"width":1200,"height":974,"url":"https:\/\/blog.ccc.eu\/hu\/wp-content\/uploads\/2023\/10\/CCC_-_Gino_Rossi_-_Day_to_Night__11.jpg","type":"image\/jpeg"}],"author":"Beatrix Korosi","twitter_card":"summary_large_image","twitter_misc":{"Szerz\u0151:":"Beatrix Korosi","Becs\u00fclt olvas\u00e1si id\u0151":"3 perc"},"schema":{"@context":"https:\/\/schema.org","@graph":[{"@type":"Article","@id":"https:\/\/blog.ccc.eu\/hu\/day-to-night-limitalt-oszi-es-teli-kollekcio-a-gino-rossitol\/#article","isPartOf":{"@id":"https:\/\/blog.ccc.eu\/hu\/day-to-night-limitalt-oszi-es-teli-kollekcio-a-gino-rossitol\/"},"author":{"name":"Beatrix Korosi","@id":"https:\/\/blog.ccc.eu\/hu\/#\/schema\/person\/b37d4e58a15b8cc6b1339218cfeb7c10"},"headline":"Gino Rossi-Day to Night limit\u00e1lt \u0151szi \u00e9s t\u00e9li kapszulakollekci\u00f3","datePublished":"2023-10-09T09:45:20+00:00","dateModified":"2023-10-09T09:48:33+00:00","mainEntityOfPage":{"@id":"https:\/\/blog.ccc.eu\/hu\/day-to-night-limitalt-oszi-es-teli-kollekcio-a-gino-rossitol\/"},"wordCount":577,"commentCount":0,"publisher":{"@id":"https:\/\/blog.ccc.eu\/hu\/#organization"},"image":{"@id":"https:\/\/blog.ccc.eu\/hu\/day-to-night-limitalt-oszi-es-teli-kollekcio-a-gino-rossitol\/#primaryimage"},"thumbnailUrl":"https:\/\/blog.ccc.eu\/hu\/wp-content\/uploads\/2023\/10\/CCC_-_Gino_Rossi_-_Day_to_Night__11-e1696845258134.jpg","keywords":["CCC","Day to Night","gino rossi","kapszulakollekci\u00f3","\u00dajdons\u00e1g"],"articleSection":["\u00daJDONS\u00c1GOK"],"inLanguage":"hu","potentialAction":[{"@type":"CommentAction","name":"Comment","target":["https:\/\/blog.ccc.eu\/hu\/day-to-night-limitalt-oszi-es-teli-kollekcio-a-gino-rossitol\/#respond"]}]},{"@type":"WebPage","@id":"https:\/\/blog.ccc.eu\/hu\/day-to-night-limitalt-oszi-es-teli-kollekcio-a-gino-rossitol\/","url":"https:\/\/blog.ccc.eu\/hu\/day-to-night-limitalt-oszi-es-teli-kollekcio-a-gino-rossitol\/","name":"Gino Rossi-Day to Night limit\u00e1lt \u0151szi \u00e9s t\u00e9li kapszulakollekci\u00f3 - CCC Fashion blog","isPartOf":{"@id":"https:\/\/blog.ccc.eu\/hu\/#website"},"primaryImageOfPage":{"@id":"https:\/\/blog.ccc.eu\/hu\/day-to-night-limitalt-oszi-es-teli-kollekcio-a-gino-rossitol\/#primaryimage"},"image":{"@id":"https:\/\/blog.ccc.eu\/hu\/day-to-night-limitalt-oszi-es-teli-kollekcio-a-gino-rossitol\/#primaryimage"},"thumbnailUrl":"https:\/\/blog.ccc.eu\/hu\/wp-content\/uploads\/2023\/10\/CCC_-_Gino_Rossi_-_Day_to_Night__11-e1696845258134.jpg","datePublished":"2023-10-09T09:45:20+00:00","dateModified":"2023-10-09T09:48:33+00:00","description":"A Gino Rossi m\u00e1rka elk\u00e9sz\u00edtette leg\u00fajabb Day to Night kapszulakollekci\u00f3j\u00e1t, amelyben l\u00e9legzetel\u00e1ll\u00edt\u00f3 t\u00e1sk\u00e1k \u00e9s cip\u0151k sz\u00e9les k\u00edn\u00e1lata v\u00e1r r\u00e1nk!","breadcrumb":{"@id":"https:\/\/blog.ccc.eu\/hu\/day-to-night-limitalt-oszi-es-teli-kollekcio-a-gino-rossitol\/#breadcrumb"},"inLanguage":"hu","potentialAction":[{"@type":"ReadAction","target":["https:\/\/blog.ccc.eu\/hu\/day-to-night-limitalt-oszi-es-teli-kollekcio-a-gino-rossitol\/"]}]},{"@type":"ImageObject","inLanguage":"hu","@id":"https:\/\/blog.ccc.eu\/hu\/day-to-night-limitalt-oszi-es-teli-kollekcio-a-gino-rossitol\/#primaryimage","url":"https:\/\/blog.ccc.eu\/hu\/wp-content\/uploads\/2023\/10\/CCC_-_Gino_Rossi_-_Day_to_Night__11-e1696845258134.jpg","contentUrl":"https:\/\/blog.ccc.eu\/hu\/wp-content\/uploads\/2023\/10\/CCC_-_Gino_Rossi_-_Day_to_Night__11-e1696845258134.jpg","width":1200,"height":736,"caption":"Day to Night kapszulakollekci\u00f3"},{"@type":"BreadcrumbList","@id":"https:\/\/blog.ccc.eu\/hu\/day-to-night-limitalt-oszi-es-teli-kollekcio-a-gino-rossitol\/#breadcrumb","itemListElement":[{"@type":"ListItem","position":1,"name":"Strona g\u0142\u00f3wna","item":"https:\/\/blog.ccc.eu\/hu\/"},{"@type":"ListItem","position":2,"name":"Gino Rossi-Day to Night limit\u00e1lt \u0151szi \u00e9s t\u00e9li kapszulakollekci\u00f3"}]},{"@type":"WebSite","@id":"https:\/\/blog.ccc.eu\/hu\/#website","url":"https:\/\/blog.ccc.eu\/hu\/","name":"CCC Fashion blog","description":"Az \u00d6n helye tele van divatihletekkel","publisher":{"@id":"https:\/\/blog.ccc.eu\/hu\/#organization"},"potentialAction":[{"@type":"SearchAction","target":{"@type":"EntryPoint","urlTemplate":"https:\/\/blog.ccc.eu\/hu\/?s={search_term_string}"},"query-input":{"@type":"PropertyValueSpecification","valueRequired":true,"valueName":"search_term_string"}}],"inLanguage":"hu"},{"@type":"Organization","@id":"https:\/\/blog.ccc.eu\/hu\/#organization","name":"CCC S.A.","url":"https:\/\/blog.ccc.eu\/hu\/","logo":{"@type":"ImageObject","inLanguage":"hu","@id":"https:\/\/blog.ccc.eu\/hu\/#\/schema\/logo\/image\/","url":"https:\/\/blog.ccc.eu\/hu\/wp-content\/uploads\/2021\/11\/logo_ccc.png","contentUrl":"https:\/\/blog.ccc.eu\/hu\/wp-content\/uploads\/2021\/11\/logo_ccc.png","width":730,"height":270,"caption":"CCC S.A."},"image":{"@id":"https:\/\/blog.ccc.eu\/hu\/#\/schema\/logo\/image\/"}},{"@type":"Person","@id":"https:\/\/blog.ccc.eu\/hu\/#\/schema\/person\/b37d4e58a15b8cc6b1339218cfeb7c10","name":"Beatrix Korosi","image":{"@type":"ImageObject","inLanguage":"hu","@id":"https:\/\/blog.ccc.eu\/hu\/#\/schema\/person\/image\/","url":"https:\/\/blog.ccc.eu\/hu\/wp-content\/uploads\/2022\/11\/Bea-150x150.jpg","contentUrl":"https:\/\/blog.ccc.eu\/hu\/wp-content\/uploads\/2022\/11\/Bea-150x150.jpg","caption":"Beatrix Korosi"},"url":"https:\/\/blog.ccc.eu\/hu\/author\/beatrix-korosi\/"}]}},"_links":{"self":[{"href":"https:\/\/blog.ccc.eu\/hu\/wp-json\/wp\/v2\/posts\/9200","targetHints":{"allow":["GET"]}}],"collection":[{"href":"https:\/\/blog.ccc.eu\/hu\/wp-json\/wp\/v2\/posts"}],"about":[{"href":"https:\/\/blog.ccc.eu\/hu\/wp-json\/wp\/v2\/types\/post"}],"author":[{"embeddable":true,"href":"https:\/\/blog.ccc.eu\/hu\/wp-json\/wp\/v2\/users\/22"}],"replies":[{"embeddable":true,"href":"https:\/\/blog.ccc.eu\/hu\/wp-json\/wp\/v2\/comments?post=9200"}],"version-history":[{"count":5,"href":"https:\/\/blog.ccc.eu\/hu\/wp-json\/wp\/v2\/posts\/9200\/revisions"}],"predecessor-version":[{"id":9213,"href":"https:\/\/blog.ccc.eu\/hu\/wp-json\/wp\/v2\/posts\/9200\/revisions\/9213"}],"wp:featuredmedia":[{"embeddable":true,"href":"https:\/\/blog.ccc.eu\/hu\/wp-json\/wp\/v2\/media\/9201"}],"wp:attachment":[{"href":"https:\/\/blog.ccc.eu\/hu\/wp-json\/wp\/v2\/media?parent=9200"}],"wp:term":[{"taxonomy":"category","embeddable":true,"href":"https:\/\/blog.ccc.eu\/hu\/wp-json\/wp\/v2\/categories?post=9200"},{"taxonomy":"post_tag","embeddable":true,"href":"https:\/\/blog.ccc.eu\/hu\/wp-json\/wp\/v2\/tags?post=9200"}],"curies":[{"name":"wp","href":"https:\/\/api.w.org\/{rel}","templated":true}]}}