{"id":9270,"date":"2023-10-26T13:22:17","date_gmt":"2023-10-26T11:22:17","guid":{"rendered":"https:\/\/blog.ccc.eu\/hu\/?p=9270"},"modified":"2023-10-26T13:22:18","modified_gmt":"2023-10-26T11:22:18","slug":"2023-as-oszi-teli-trend-szines-harisnya-es-cipo-kombinaciok","status":"publish","type":"post","link":"https:\/\/blog.ccc.eu\/hu\/2023-as-oszi-teli-trend-szines-harisnya-es-cipo-kombinaciok\/","title":{"rendered":"2023-as \u0151szi-t\u00e9li trend: Sz\u00ednes harisnya \u00e9s cip\u0151 kombin\u00e1ci\u00f3k\u00a0"},"content":{"rendered":"\n<p><b>Az idei kifut\u00f3kon fel\u00fct\u00f6tt\u00e9k fej\u00fcket a sz\u00ednes harisny\u00e1k, amelyek olyan nagy hat\u00e1st gyakoroltak mindent divatrajong\u00f3ra, hogy az\u00f3ta is csak err\u0151l besz\u00e9lnek! A divatbloggerek hossz\u00fa \u00e9veken \u00e1t m\u00e9g m\u00ednuszokban is az olyan szettekre helyezt\u00e9k a hangs\u00falyt, amelyekhez nem viseltek harisny\u00e1t, ez azonban az idei szezonban megv\u00e1ltozik! Tudd meg, hogy mely harisnyanadr\u00e1gok \u00f6rvendenek a legnagyobb n\u00e9pszer\u0171s\u00e9gnek \u00e9s milyen cip\u0151kkel \u00e9rdemes azokat kombin\u00e1lni!&nbsp;&nbsp;<\/b><\/p>\n\n\n\n<figure class=\"wp-block-gallery has-nested-images columns-default is-cropped wp-block-gallery-1 is-layout-flex wp-block-gallery-is-layout-flex\">\n<figure class=\"wp-block-image size-large\"><img loading=\"lazy\" decoding=\"async\" width=\"675\" height=\"900\" data-id=\"9273\" src=\"https:\/\/blog.ccc.eu\/hu\/wp-content\/uploads\/2023\/10\/CCC_-_Gino_Rossi_-_Day_to_Night__9-1.jpg\" alt=\"\" class=\"wp-image-9273\" srcset=\"https:\/\/blog.ccc.eu\/hu\/wp-content\/uploads\/2023\/10\/CCC_-_Gino_Rossi_-_Day_to_Night__9-1.jpg 675w, https:\/\/blog.ccc.eu\/hu\/wp-content\/uploads\/2023\/10\/CCC_-_Gino_Rossi_-_Day_to_Night__9-1-225x300.jpg 225w, https:\/\/blog.ccc.eu\/hu\/wp-content\/uploads\/2023\/10\/CCC_-_Gino_Rossi_-_Day_to_Night__9-1-100x133.jpg 100w\" sizes=\"auto, (max-width: 675px) 100vw, 675px\" \/><\/figure>\n\n\n\n<figure class=\"wp-block-image size-large\"><img loading=\"lazy\" decoding=\"async\" width=\"675\" height=\"900\" data-id=\"9272\" src=\"https:\/\/blog.ccc.eu\/hu\/wp-content\/uploads\/2023\/10\/CCC_-_Gino_Rossi_-_Day_to_Night__10.jpg\" alt=\"\" class=\"wp-image-9272\" srcset=\"https:\/\/blog.ccc.eu\/hu\/wp-content\/uploads\/2023\/10\/CCC_-_Gino_Rossi_-_Day_to_Night__10.jpg 675w, https:\/\/blog.ccc.eu\/hu\/wp-content\/uploads\/2023\/10\/CCC_-_Gino_Rossi_-_Day_to_Night__10-225x300.jpg 225w, https:\/\/blog.ccc.eu\/hu\/wp-content\/uploads\/2023\/10\/CCC_-_Gino_Rossi_-_Day_to_Night__10-100x133.jpg 100w\" sizes=\"auto, (max-width: 675px) 100vw, 675px\" \/><\/figure>\n<\/figure>\n\n\n\n<h2 class=\"wp-block-heading\">Cip\u0151 sz\u00edn\u00e9vel megegyez\u0151 harisnya \u2013 trendi vagy sem?\u00a0<\/h2>\n\n\n\n<p>Van egy p\u00e1r klasszikus piros t\u0171sark\u00fa cip\u0151nk a szekr\u00e9ny\u00fcnkben? P\u00e1ros\u00edtsuk \u0151ket hasonl\u00f3 \u00e1rnyalat\u00fa harisny\u00e1val, vagy v\u00e1lasszunk piros mint\u00e1kkal d\u00edsz\u00edtett darabot, amely st\u00edlusos megjelen\u00e9st k\u00f6lcs\u00f6n\u00f6z sz\u00e1munkra. Sz\u00e1mos h\u00edres divath\u00e1zak kifut\u00f3in is l\u00e1thattuk ezeket az \u00f6ssze\u00e1ll\u00edt\u00e1sokat!\u00a0<\/p>\n\n\n\n<figure class=\"wp-block-gallery has-nested-images columns-default is-cropped wp-block-gallery-2 is-layout-flex wp-block-gallery-is-layout-flex\">\n<figure class=\"wp-block-image size-large\"><img loading=\"lazy\" decoding=\"async\" width=\"683\" height=\"1024\" data-id=\"9274\" src=\"https:\/\/blog.ccc.eu\/hu\/wp-content\/uploads\/2023\/10\/CCC_5904862533322_01_LR-683x1024.jpg\" alt=\"\" class=\"wp-image-9274\" srcset=\"https:\/\/blog.ccc.eu\/hu\/wp-content\/uploads\/2023\/10\/CCC_5904862533322_01_LR-683x1024.jpg 683w, https:\/\/blog.ccc.eu\/hu\/wp-content\/uploads\/2023\/10\/CCC_5904862533322_01_LR-200x300.jpg 200w, https:\/\/blog.ccc.eu\/hu\/wp-content\/uploads\/2023\/10\/CCC_5904862533322_01_LR-768x1152.jpg 768w, https:\/\/blog.ccc.eu\/hu\/wp-content\/uploads\/2023\/10\/CCC_5904862533322_01_LR-100x150.jpg 100w, https:\/\/blog.ccc.eu\/hu\/wp-content\/uploads\/2023\/10\/CCC_5904862533322_01_LR.jpg 876w\" sizes=\"auto, (max-width: 683px) 100vw, 683px\" \/><\/figure>\n\n\n\n<figure class=\"wp-block-image size-large\"><img loading=\"lazy\" decoding=\"async\" width=\"683\" height=\"1024\" data-id=\"9275\" src=\"https:\/\/blog.ccc.eu\/hu\/wp-content\/uploads\/2023\/10\/CCC_5905588148982_01-683x1024.jpg\" alt=\"\" class=\"wp-image-9275\" srcset=\"https:\/\/blog.ccc.eu\/hu\/wp-content\/uploads\/2023\/10\/CCC_5905588148982_01-683x1024.jpg 683w, https:\/\/blog.ccc.eu\/hu\/wp-content\/uploads\/2023\/10\/CCC_5905588148982_01-200x300.jpg 200w, https:\/\/blog.ccc.eu\/hu\/wp-content\/uploads\/2023\/10\/CCC_5905588148982_01-768x1152.jpg 768w, https:\/\/blog.ccc.eu\/hu\/wp-content\/uploads\/2023\/10\/CCC_5905588148982_01-100x150.jpg 100w, https:\/\/blog.ccc.eu\/hu\/wp-content\/uploads\/2023\/10\/CCC_5905588148982_01.jpg 876w\" sizes=\"auto, (max-width: 683px) 100vw, 683px\" \/><\/figure>\n<\/figure>\n\n\n\n<h2 class=\"wp-block-heading\">Sz\u00ednes harisnya hossz\u00fa sz\u00e1r\u00fa csizm\u00e1val\u00a0<\/h2>\n\n\n\n<p>Szeretj\u00fck a sz\u00ednes harisny\u00e1kat, de nem \u00e1llunk k\u00e9szen arra, hogy mer\u00e9sz st\u00edlusokat alkossunk vel\u00fck? P\u00e1ros\u00edtsuk \u0151ket olyan csizm\u00e1val, amely a l\u00e1bunk nagy r\u00e9sz\u00e9t eltakarja, \u00edgy a harisnya csak egy kisebb r\u00e9sze lesz l\u00e1that\u00f3. A legjobb, ha valamelyik ruhadarabunkkal vagy kieg\u00e9sz\u00edt\u0151nk sz\u00edn\u00e9vel megegyezik a harisny\u00e1nk sz\u00edne, ami \u00e1ltal egy harmonikus st\u00edlust alak\u00edthatunk ki, tele a leg\u00fajabb trendekkel!\u00a0<\/p>\n\n\n\n<figure class=\"wp-block-gallery has-nested-images columns-default is-cropped wp-block-gallery-3 is-layout-flex wp-block-gallery-is-layout-flex\">\n<figure class=\"wp-block-image size-large\"><img loading=\"lazy\" decoding=\"async\" width=\"683\" height=\"1024\" data-id=\"9276\" src=\"https:\/\/blog.ccc.eu\/hu\/wp-content\/uploads\/2023\/10\/CCC_5905588110743_01-683x1024.jpg\" alt=\"\" class=\"wp-image-9276\" srcset=\"https:\/\/blog.ccc.eu\/hu\/wp-content\/uploads\/2023\/10\/CCC_5905588110743_01-683x1024.jpg 683w, https:\/\/blog.ccc.eu\/hu\/wp-content\/uploads\/2023\/10\/CCC_5905588110743_01-200x300.jpg 200w, https:\/\/blog.ccc.eu\/hu\/wp-content\/uploads\/2023\/10\/CCC_5905588110743_01-768x1152.jpg 768w, https:\/\/blog.ccc.eu\/hu\/wp-content\/uploads\/2023\/10\/CCC_5905588110743_01-100x150.jpg 100w, https:\/\/blog.ccc.eu\/hu\/wp-content\/uploads\/2023\/10\/CCC_5905588110743_01.jpg 876w\" sizes=\"auto, (max-width: 683px) 100vw, 683px\" \/><\/figure>\n\n\n\n<figure class=\"wp-block-image size-large\"><img loading=\"lazy\" decoding=\"async\" width=\"683\" height=\"1024\" data-id=\"9277\" src=\"https:\/\/blog.ccc.eu\/hu\/wp-content\/uploads\/2023\/10\/CCC_5905588186083_01-1-683x1024.jpg\" alt=\"\" class=\"wp-image-9277\" srcset=\"https:\/\/blog.ccc.eu\/hu\/wp-content\/uploads\/2023\/10\/CCC_5905588186083_01-1-683x1024.jpg 683w, https:\/\/blog.ccc.eu\/hu\/wp-content\/uploads\/2023\/10\/CCC_5905588186083_01-1-200x300.jpg 200w, https:\/\/blog.ccc.eu\/hu\/wp-content\/uploads\/2023\/10\/CCC_5905588186083_01-1-768x1152.jpg 768w, https:\/\/blog.ccc.eu\/hu\/wp-content\/uploads\/2023\/10\/CCC_5905588186083_01-1-100x150.jpg 100w, https:\/\/blog.ccc.eu\/hu\/wp-content\/uploads\/2023\/10\/CCC_5905588186083_01-1.jpg 876w\" sizes=\"auto, (max-width: 683px) 100vw, 683px\" \/><\/figure>\n<\/figure>\n\n\n\n<h2 class=\"wp-block-heading\">Sz\u00ednes harisnya bokacsizm\u00e1val\u00a0<\/h2>\n\n\n\n<p>Szeretn\u00e9nk minden nap sz\u00ednes harisnyanadr\u00e1got hordani, \u00e9s olyan \u0151szi-t\u00e9li cip\u0151t keres\u00fcnk, amely hossz\u00fa \u00f3r\u00e1kon \u00e1t k\u00e9nyelmes viseletet biztos\u00edt sz\u00e1munkra? V\u00e1lasszuk a bokacsizm\u00e1t, f\u00fcggetlen\u00fcl att\u00f3l, hogy a lapos vagy magassark\u00fa v\u00e1ltozat mellett d\u00f6nt\u00fcnk, hiszen rendk\u00edv\u00fcl st\u00edlusos megjelen\u00e9st biztos\u00edt sz\u00e1munkra.&nbsp;&nbsp;&nbsp;<\/p>\n\n\n\n<p>Ami a bokacsizm\u00e1k megjelen\u00e9s\u00e9t illeti, a minimalista kialak\u00edt\u00e1s\u00fa modellek a legn\u00e9pszer\u0171bbek. A sz\u00ednes harisnya \u00f6nmag\u00e1ban is felt\u0171n\u0151 kieg\u00e9sz\u00edt\u0151, \u00edgy az a legjobb, ha a visszafogottabb darabokat r\u00e9szes\u00edtj\u00fck el\u0151nyben.\u00a0\u00a0<\/p>\n\n\n\n<figure class=\"wp-block-gallery has-nested-images columns-default is-cropped wp-block-gallery-4 is-layout-flex wp-block-gallery-is-layout-flex\">\n<figure class=\"wp-block-image size-large\"><img loading=\"lazy\" decoding=\"async\" width=\"683\" height=\"1024\" data-id=\"9278\" src=\"https:\/\/blog.ccc.eu\/hu\/wp-content\/uploads\/2023\/10\/CCC_5905588234517_01-683x1024.jpg\" alt=\"\" class=\"wp-image-9278\" srcset=\"https:\/\/blog.ccc.eu\/hu\/wp-content\/uploads\/2023\/10\/CCC_5905588234517_01-683x1024.jpg 683w, https:\/\/blog.ccc.eu\/hu\/wp-content\/uploads\/2023\/10\/CCC_5905588234517_01-200x300.jpg 200w, https:\/\/blog.ccc.eu\/hu\/wp-content\/uploads\/2023\/10\/CCC_5905588234517_01-768x1152.jpg 768w, https:\/\/blog.ccc.eu\/hu\/wp-content\/uploads\/2023\/10\/CCC_5905588234517_01-100x150.jpg 100w, https:\/\/blog.ccc.eu\/hu\/wp-content\/uploads\/2023\/10\/CCC_5905588234517_01.jpg 876w\" sizes=\"auto, (max-width: 683px) 100vw, 683px\" \/><\/figure>\n\n\n\n<figure class=\"wp-block-image size-large\"><img loading=\"lazy\" decoding=\"async\" width=\"683\" height=\"1024\" data-id=\"9279\" src=\"https:\/\/blog.ccc.eu\/hu\/wp-content\/uploads\/2023\/10\/CCC_5905588234524_01-1-683x1024.jpg\" alt=\"\" class=\"wp-image-9279\" srcset=\"https:\/\/blog.ccc.eu\/hu\/wp-content\/uploads\/2023\/10\/CCC_5905588234524_01-1-683x1024.jpg 683w, https:\/\/blog.ccc.eu\/hu\/wp-content\/uploads\/2023\/10\/CCC_5905588234524_01-1-200x300.jpg 200w, https:\/\/blog.ccc.eu\/hu\/wp-content\/uploads\/2023\/10\/CCC_5905588234524_01-1-768x1152.jpg 768w, https:\/\/blog.ccc.eu\/hu\/wp-content\/uploads\/2023\/10\/CCC_5905588234524_01-1-100x150.jpg 100w, https:\/\/blog.ccc.eu\/hu\/wp-content\/uploads\/2023\/10\/CCC_5905588234524_01-1.jpg 876w\" sizes=\"auto, (max-width: 683px) 100vw, 683px\" \/><\/figure>\n<\/figure>\n\n\n\n<h2 class=\"wp-block-heading\">Sz\u00ednes harisnya szand\u00e1llal\u00a0<\/h2>\n\n\n\n<p>Az \u00e9v v\u00e9ge sok lehet\u0151s\u00e9get k\u00edn\u00e1l sz\u00e1munkra az extravag\u00e1nsabb \u00f6lt\u00f6zk\u00f6d\u00e9sre. Kar\u00e1csony \u00e9s \u00faj\u00e9v \u2013 ezek t\u00f6k\u00e9letes alkalmak a sz\u00ednes harisny\u00e1k visel\u00e9s\u00e9re. Az egyik legmer\u00e9szebb \u00f6ssze\u00e1ll\u00edt\u00e1s az intenz\u00edv sz\u00edn\u0171 harisnyanadr\u00e1g \u00e9s magassark\u00fa szand\u00e1l kombin\u00e1ci\u00f3ja. Enn\u00e9l a szettn\u00e9l \u00fcgyeln\u00fcnk kell arra, hogy a harisnya l\u00e1bujj r\u00e9sz\u00e9n ne legyen l\u00e1that\u00f3 varr\u00e1s, hiszen jelent\u0151sen ronthat az \u00f6sszk\u00e9pen.\u00a0\u00a0<\/p>\n\n\n\n<figure class=\"wp-block-gallery has-nested-images columns-default is-cropped wp-block-gallery-5 is-layout-flex wp-block-gallery-is-layout-flex\">\n<figure class=\"wp-block-image size-large\"><img loading=\"lazy\" decoding=\"async\" width=\"683\" height=\"1024\" data-id=\"9280\" src=\"https:\/\/blog.ccc.eu\/hu\/wp-content\/uploads\/2023\/10\/CCC_2230045031785_01-683x1024.jpg\" alt=\"\" class=\"wp-image-9280\" srcset=\"https:\/\/blog.ccc.eu\/hu\/wp-content\/uploads\/2023\/10\/CCC_2230045031785_01-683x1024.jpg 683w, https:\/\/blog.ccc.eu\/hu\/wp-content\/uploads\/2023\/10\/CCC_2230045031785_01-200x300.jpg 200w, https:\/\/blog.ccc.eu\/hu\/wp-content\/uploads\/2023\/10\/CCC_2230045031785_01-768x1152.jpg 768w, https:\/\/blog.ccc.eu\/hu\/wp-content\/uploads\/2023\/10\/CCC_2230045031785_01-100x150.jpg 100w, https:\/\/blog.ccc.eu\/hu\/wp-content\/uploads\/2023\/10\/CCC_2230045031785_01.jpg 876w\" sizes=\"auto, (max-width: 683px) 100vw, 683px\" \/><\/figure>\n\n\n\n<figure class=\"wp-block-image size-large\"><img loading=\"lazy\" decoding=\"async\" width=\"683\" height=\"1024\" data-id=\"9281\" src=\"https:\/\/blog.ccc.eu\/hu\/wp-content\/uploads\/2023\/10\/CCC_2230045031808_01-683x1024.jpg\" alt=\"\" class=\"wp-image-9281\" srcset=\"https:\/\/blog.ccc.eu\/hu\/wp-content\/uploads\/2023\/10\/CCC_2230045031808_01-683x1024.jpg 683w, https:\/\/blog.ccc.eu\/hu\/wp-content\/uploads\/2023\/10\/CCC_2230045031808_01-200x300.jpg 200w, https:\/\/blog.ccc.eu\/hu\/wp-content\/uploads\/2023\/10\/CCC_2230045031808_01-768x1152.jpg 768w, https:\/\/blog.ccc.eu\/hu\/wp-content\/uploads\/2023\/10\/CCC_2230045031808_01-100x150.jpg 100w, https:\/\/blog.ccc.eu\/hu\/wp-content\/uploads\/2023\/10\/CCC_2230045031808_01.jpg 876w\" sizes=\"auto, (max-width: 683px) 100vw, 683px\" \/><\/figure>\n<\/figure>\n\n\n\n<p>Tekintsd meg a Gino Rossi m\u00e1rka leg\u00fajabb Day to Night kapszulakollekci\u00f3j\u00e1t <a href=\"https:\/\/ccc.eu\/hu\/sklepy\" target=\"_blank\" rel=\"noreferrer noopener\">CCC \u00fczleteinkben<\/a>, <a href=\"https:\/\/ccc.eu\/hu\/\" target=\"_blank\" rel=\"noreferrer noopener\">webshopunkban<\/a>, \u00e9s az <a href=\"https:\/\/ccc.eu\/hu\/mobile-app\" target=\"_blank\" rel=\"noreferrer noopener\">alkalmaz\u00e1sban<\/a>. Legy\u00e9l <a href=\"https:\/\/ccc.eu\/hu\/klub-ccc\" target=\"_blank\" rel=\"noreferrer noopener\">CCC klubtag<\/a> is, \u00e9s \u00e9lvezd a k\u00e9nyelmes \u00e9s kedvezm\u00e9nyes v\u00e1s\u00e1rl\u00e1si lehet\u0151s\u00e9geket! K\u00f6vesd vel\u00fcnk a divatot <a href=\"https:\/\/www.facebook.com\/CCC.Hungary\/\" target=\"_blank\" rel=\"noreferrer noopener\">Facebookon,<\/a> \u00e9s inspir\u00e1l\u00f3dj vel\u00fcnk az <a href=\"https:\/\/www.instagram.com\/cccshoesbags\/\" target=\"_blank\" rel=\"noreferrer noopener\">Instagramon<\/a> is!&nbsp;&nbsp;&nbsp;&nbsp;&nbsp;<\/p>\n","protected":false},"excerpt":{"rendered":"<p>Az idei kifut\u00f3kon fel\u00fct\u00f6tt\u00e9k fej\u00fcket a sz\u00ednes harisny\u00e1k, amelyek olyan nagy hat\u00e1st gyakoroltak mindent divatrajong\u00f3ra, hogy az\u00f3ta is csak err\u0151l besz\u00e9lnek! A divatbloggerek hossz\u00fa \u00e9veken \u00e1t m\u00e9g m\u00ednuszokban is az olyan szettekre helyezt\u00e9k a hangs\u00falyt, amelyekhez nem viseltek harisny\u00e1t, ez azonban az idei szezonban megv\u00e1ltozik! Tudd meg, hogy mely harisnyanadr\u00e1gok \u00f6rvendenek a legnagyobb n\u00e9pszer\u0171s\u00e9gnek \u00e9s [&hellip;]<\/p>\n","protected":false},"author":22,"featured_media":9273,"comment_status":"open","ping_status":"open","sticky":false,"template":"","format":"standard","meta":{"_acf_changed":false,"footnotes":""},"categories":[6],"tags":[560,955,1128,1069,786],"class_list":["post-9270","post","type-post","status-publish","format-standard","has-post-thumbnail","hentry","category-trendek","tag-ccc","tag-csizmak","tag-harisnyak","tag-szandalok","tag-trendek"],"acf":[],"yoast_head":"<!-- This site is optimized with the Yoast SEO plugin v26.9 - https:\/\/yoast.com\/product\/yoast-seo-wordpress\/ -->\n<title>2023-as \u0151szi-t\u00e9li trend: Sz\u00ednes harisnya \u00e9s cip\u0151 kombin\u00e1ci\u00f3k\u00a0 - CCC Fashion blog<\/title>\n<meta name=\"description\" content=\"Ebben a szezonban hatalmas n\u00e9pszer\u0171s\u00e9gnek \u00f6rvendenek a sz\u00ednes harisny\u00e1k, melyekkel szemet gy\u00f6ny\u00f6rk\u00f6dtet\u0151 kombin\u00e1ci\u00f3kat hozhatunk l\u00e9tre. N\u00e9zd meg! 2026\" \/>\n<meta name=\"robots\" content=\"index, follow, max-snippet:-1, max-image-preview:large, max-video-preview:-1\" \/>\n<link rel=\"canonical\" href=\"https:\/\/blog.ccc.eu\/hu\/2023-as-oszi-teli-trend-szines-harisnya-es-cipo-kombinaciok\/\" \/>\n<meta property=\"og:locale\" content=\"hu_HU\" \/>\n<meta property=\"og:type\" content=\"article\" \/>\n<meta property=\"og:title\" content=\"2023-as \u0151szi-t\u00e9li trend: Sz\u00ednes harisnya \u00e9s cip\u0151 kombin\u00e1ci\u00f3k\u00a0 - CCC Fashion blog\" \/>\n<meta property=\"og:description\" content=\"Ebben a szezonban hatalmas n\u00e9pszer\u0171s\u00e9gnek \u00f6rvendenek a sz\u00ednes harisny\u00e1k, melyekkel szemet gy\u00f6ny\u00f6rk\u00f6dtet\u0151 kombin\u00e1ci\u00f3kat hozhatunk l\u00e9tre. N\u00e9zd meg!\" \/>\n<meta property=\"og:url\" content=\"https:\/\/blog.ccc.eu\/hu\/2023-as-oszi-teli-trend-szines-harisnya-es-cipo-kombinaciok\/\" \/>\n<meta property=\"og:site_name\" content=\"CCC Fashion blog\" \/>\n<meta property=\"article:published_time\" content=\"2023-10-26T11:22:17+00:00\" \/>\n<meta property=\"article:modified_time\" content=\"2023-10-26T11:22:18+00:00\" \/>\n<meta property=\"og:image\" content=\"https:\/\/blog.ccc.eu\/hu\/wp-content\/uploads\/2023\/10\/CCC_-_Gino_Rossi_-_Day_to_Night__9-1.jpg\" \/>\n\t<meta property=\"og:image:width\" content=\"675\" \/>\n\t<meta property=\"og:image:height\" content=\"900\" \/>\n\t<meta property=\"og:image:type\" content=\"image\/jpeg\" \/>\n<meta name=\"author\" content=\"Beatrix Korosi\" \/>\n<meta name=\"twitter:card\" content=\"summary_large_image\" \/>\n<meta name=\"twitter:label1\" content=\"Szerz\u0151:\" \/>\n\t<meta name=\"twitter:data1\" content=\"Beatrix Korosi\" \/>\n\t<meta name=\"twitter:label2\" content=\"Becs\u00fclt olvas\u00e1si id\u0151\" \/>\n\t<meta name=\"twitter:data2\" content=\"3 perc\" \/>\n<script type=\"application\/ld+json\" class=\"yoast-schema-graph\">{\"@context\":\"https:\/\/schema.org\",\"@graph\":[{\"@type\":\"Article\",\"@id\":\"https:\/\/blog.ccc.eu\/hu\/2023-as-oszi-teli-trend-szines-harisnya-es-cipo-kombinaciok\/#article\",\"isPartOf\":{\"@id\":\"https:\/\/blog.ccc.eu\/hu\/2023-as-oszi-teli-trend-szines-harisnya-es-cipo-kombinaciok\/\"},\"author\":{\"name\":\"Beatrix Korosi\",\"@id\":\"https:\/\/blog.ccc.eu\/hu\/#\/schema\/person\/b37d4e58a15b8cc6b1339218cfeb7c10\"},\"headline\":\"2023-as \u0151szi-t\u00e9li trend: Sz\u00ednes harisnya \u00e9s cip\u0151 kombin\u00e1ci\u00f3k\u00a0\",\"datePublished\":\"2023-10-26T11:22:17+00:00\",\"dateModified\":\"2023-10-26T11:22:18+00:00\",\"mainEntityOfPage\":{\"@id\":\"https:\/\/blog.ccc.eu\/hu\/2023-as-oszi-teli-trend-szines-harisnya-es-cipo-kombinaciok\/\"},\"wordCount\":528,\"commentCount\":0,\"publisher\":{\"@id\":\"https:\/\/blog.ccc.eu\/hu\/#organization\"},\"image\":{\"@id\":\"https:\/\/blog.ccc.eu\/hu\/2023-as-oszi-teli-trend-szines-harisnya-es-cipo-kombinaciok\/#primaryimage\"},\"thumbnailUrl\":\"https:\/\/blog.ccc.eu\/hu\/wp-content\/uploads\/2023\/10\/CCC_-_Gino_Rossi_-_Day_to_Night__9-1.jpg\",\"keywords\":[\"CCC\",\"csizm\u00e1k\",\"Harisny\u00e1k\",\"szand\u00e1lok\",\"trendek\"],\"articleSection\":[\"TRENDEK\"],\"inLanguage\":\"hu\",\"potentialAction\":[{\"@type\":\"CommentAction\",\"name\":\"Comment\",\"target\":[\"https:\/\/blog.ccc.eu\/hu\/2023-as-oszi-teli-trend-szines-harisnya-es-cipo-kombinaciok\/#respond\"]}]},{\"@type\":\"WebPage\",\"@id\":\"https:\/\/blog.ccc.eu\/hu\/2023-as-oszi-teli-trend-szines-harisnya-es-cipo-kombinaciok\/\",\"url\":\"https:\/\/blog.ccc.eu\/hu\/2023-as-oszi-teli-trend-szines-harisnya-es-cipo-kombinaciok\/\",\"name\":\"2023-as \u0151szi-t\u00e9li trend: Sz\u00ednes harisnya \u00e9s cip\u0151 kombin\u00e1ci\u00f3k\u00a0 - CCC Fashion blog\",\"isPartOf\":{\"@id\":\"https:\/\/blog.ccc.eu\/hu\/#website\"},\"primaryImageOfPage\":{\"@id\":\"https:\/\/blog.ccc.eu\/hu\/2023-as-oszi-teli-trend-szines-harisnya-es-cipo-kombinaciok\/#primaryimage\"},\"image\":{\"@id\":\"https:\/\/blog.ccc.eu\/hu\/2023-as-oszi-teli-trend-szines-harisnya-es-cipo-kombinaciok\/#primaryimage\"},\"thumbnailUrl\":\"https:\/\/blog.ccc.eu\/hu\/wp-content\/uploads\/2023\/10\/CCC_-_Gino_Rossi_-_Day_to_Night__9-1.jpg\",\"datePublished\":\"2023-10-26T11:22:17+00:00\",\"dateModified\":\"2023-10-26T11:22:18+00:00\",\"description\":\"Ebben a szezonban hatalmas n\u00e9pszer\u0171s\u00e9gnek \u00f6rvendenek a sz\u00ednes harisny\u00e1k, melyekkel szemet gy\u00f6ny\u00f6rk\u00f6dtet\u0151 kombin\u00e1ci\u00f3kat hozhatunk l\u00e9tre. N\u00e9zd meg!\",\"breadcrumb\":{\"@id\":\"https:\/\/blog.ccc.eu\/hu\/2023-as-oszi-teli-trend-szines-harisnya-es-cipo-kombinaciok\/#breadcrumb\"},\"inLanguage\":\"hu\",\"potentialAction\":[{\"@type\":\"ReadAction\",\"target\":[\"https:\/\/blog.ccc.eu\/hu\/2023-as-oszi-teli-trend-szines-harisnya-es-cipo-kombinaciok\/\"]}]},{\"@type\":\"ImageObject\",\"inLanguage\":\"hu\",\"@id\":\"https:\/\/blog.ccc.eu\/hu\/2023-as-oszi-teli-trend-szines-harisnya-es-cipo-kombinaciok\/#primaryimage\",\"url\":\"https:\/\/blog.ccc.eu\/hu\/wp-content\/uploads\/2023\/10\/CCC_-_Gino_Rossi_-_Day_to_Night__9-1.jpg\",\"contentUrl\":\"https:\/\/blog.ccc.eu\/hu\/wp-content\/uploads\/2023\/10\/CCC_-_Gino_Rossi_-_Day_to_Night__9-1.jpg\",\"width\":675,\"height\":900,\"caption\":\"Sz\u00ednes harisny\u00e1k \u00e9s cip\u0151k kombin\u00e1ci\u00f3i\"},{\"@type\":\"BreadcrumbList\",\"@id\":\"https:\/\/blog.ccc.eu\/hu\/2023-as-oszi-teli-trend-szines-harisnya-es-cipo-kombinaciok\/#breadcrumb\",\"itemListElement\":[{\"@type\":\"ListItem\",\"position\":1,\"name\":\"Strona g\u0142\u00f3wna\",\"item\":\"https:\/\/blog.ccc.eu\/hu\/\"},{\"@type\":\"ListItem\",\"position\":2,\"name\":\"2023-as \u0151szi-t\u00e9li trend: Sz\u00ednes harisnya \u00e9s cip\u0151 kombin\u00e1ci\u00f3k\u00a0\"}]},{\"@type\":\"WebSite\",\"@id\":\"https:\/\/blog.ccc.eu\/hu\/#website\",\"url\":\"https:\/\/blog.ccc.eu\/hu\/\",\"name\":\"CCC Fashion blog\",\"description\":\"Az \u00d6n helye tele van divatihletekkel\",\"publisher\":{\"@id\":\"https:\/\/blog.ccc.eu\/hu\/#organization\"},\"potentialAction\":[{\"@type\":\"SearchAction\",\"target\":{\"@type\":\"EntryPoint\",\"urlTemplate\":\"https:\/\/blog.ccc.eu\/hu\/?s={search_term_string}\"},\"query-input\":{\"@type\":\"PropertyValueSpecification\",\"valueRequired\":true,\"valueName\":\"search_term_string\"}}],\"inLanguage\":\"hu\"},{\"@type\":\"Organization\",\"@id\":\"https:\/\/blog.ccc.eu\/hu\/#organization\",\"name\":\"CCC S.A.\",\"url\":\"https:\/\/blog.ccc.eu\/hu\/\",\"logo\":{\"@type\":\"ImageObject\",\"inLanguage\":\"hu\",\"@id\":\"https:\/\/blog.ccc.eu\/hu\/#\/schema\/logo\/image\/\",\"url\":\"https:\/\/blog.ccc.eu\/hu\/wp-content\/uploads\/2021\/11\/logo_ccc.png\",\"contentUrl\":\"https:\/\/blog.ccc.eu\/hu\/wp-content\/uploads\/2021\/11\/logo_ccc.png\",\"width\":730,\"height\":270,\"caption\":\"CCC S.A.\"},\"image\":{\"@id\":\"https:\/\/blog.ccc.eu\/hu\/#\/schema\/logo\/image\/\"}},{\"@type\":\"Person\",\"@id\":\"https:\/\/blog.ccc.eu\/hu\/#\/schema\/person\/b37d4e58a15b8cc6b1339218cfeb7c10\",\"name\":\"Beatrix Korosi\",\"image\":{\"@type\":\"ImageObject\",\"inLanguage\":\"hu\",\"@id\":\"https:\/\/blog.ccc.eu\/hu\/#\/schema\/person\/image\/\",\"url\":\"https:\/\/blog.ccc.eu\/hu\/wp-content\/uploads\/2022\/11\/Bea-150x150.jpg\",\"contentUrl\":\"https:\/\/blog.ccc.eu\/hu\/wp-content\/uploads\/2022\/11\/Bea-150x150.jpg\",\"caption\":\"Beatrix Korosi\"},\"url\":\"https:\/\/blog.ccc.eu\/hu\/author\/beatrix-korosi\/\"}]}<\/script>\n<!-- \/ Yoast SEO plugin. -->","yoast_head_json":{"title":"2023-as \u0151szi-t\u00e9li trend: Sz\u00ednes harisnya \u00e9s cip\u0151 kombin\u00e1ci\u00f3k\u00a0 - CCC Fashion blog","description":"Ebben a szezonban hatalmas n\u00e9pszer\u0171s\u00e9gnek \u00f6rvendenek a sz\u00ednes harisny\u00e1k, melyekkel szemet gy\u00f6ny\u00f6rk\u00f6dtet\u0151 kombin\u00e1ci\u00f3kat hozhatunk l\u00e9tre. N\u00e9zd meg! 2026","robots":{"index":"index","follow":"follow","max-snippet":"max-snippet:-1","max-image-preview":"max-image-preview:large","max-video-preview":"max-video-preview:-1"},"canonical":"https:\/\/blog.ccc.eu\/hu\/2023-as-oszi-teli-trend-szines-harisnya-es-cipo-kombinaciok\/","og_locale":"hu_HU","og_type":"article","og_title":"2023-as \u0151szi-t\u00e9li trend: Sz\u00ednes harisnya \u00e9s cip\u0151 kombin\u00e1ci\u00f3k\u00a0 - CCC Fashion blog","og_description":"Ebben a szezonban hatalmas n\u00e9pszer\u0171s\u00e9gnek \u00f6rvendenek a sz\u00ednes harisny\u00e1k, melyekkel szemet gy\u00f6ny\u00f6rk\u00f6dtet\u0151 kombin\u00e1ci\u00f3kat hozhatunk l\u00e9tre. N\u00e9zd meg!","og_url":"https:\/\/blog.ccc.eu\/hu\/2023-as-oszi-teli-trend-szines-harisnya-es-cipo-kombinaciok\/","og_site_name":"CCC Fashion blog","article_published_time":"2023-10-26T11:22:17+00:00","article_modified_time":"2023-10-26T11:22:18+00:00","og_image":[{"width":675,"height":900,"url":"https:\/\/blog.ccc.eu\/hu\/wp-content\/uploads\/2023\/10\/CCC_-_Gino_Rossi_-_Day_to_Night__9-1.jpg","type":"image\/jpeg"}],"author":"Beatrix Korosi","twitter_card":"summary_large_image","twitter_misc":{"Szerz\u0151:":"Beatrix Korosi","Becs\u00fclt olvas\u00e1si id\u0151":"3 perc"},"schema":{"@context":"https:\/\/schema.org","@graph":[{"@type":"Article","@id":"https:\/\/blog.ccc.eu\/hu\/2023-as-oszi-teli-trend-szines-harisnya-es-cipo-kombinaciok\/#article","isPartOf":{"@id":"https:\/\/blog.ccc.eu\/hu\/2023-as-oszi-teli-trend-szines-harisnya-es-cipo-kombinaciok\/"},"author":{"name":"Beatrix Korosi","@id":"https:\/\/blog.ccc.eu\/hu\/#\/schema\/person\/b37d4e58a15b8cc6b1339218cfeb7c10"},"headline":"2023-as \u0151szi-t\u00e9li trend: Sz\u00ednes harisnya \u00e9s cip\u0151 kombin\u00e1ci\u00f3k\u00a0","datePublished":"2023-10-26T11:22:17+00:00","dateModified":"2023-10-26T11:22:18+00:00","mainEntityOfPage":{"@id":"https:\/\/blog.ccc.eu\/hu\/2023-as-oszi-teli-trend-szines-harisnya-es-cipo-kombinaciok\/"},"wordCount":528,"commentCount":0,"publisher":{"@id":"https:\/\/blog.ccc.eu\/hu\/#organization"},"image":{"@id":"https:\/\/blog.ccc.eu\/hu\/2023-as-oszi-teli-trend-szines-harisnya-es-cipo-kombinaciok\/#primaryimage"},"thumbnailUrl":"https:\/\/blog.ccc.eu\/hu\/wp-content\/uploads\/2023\/10\/CCC_-_Gino_Rossi_-_Day_to_Night__9-1.jpg","keywords":["CCC","csizm\u00e1k","Harisny\u00e1k","szand\u00e1lok","trendek"],"articleSection":["TRENDEK"],"inLanguage":"hu","potentialAction":[{"@type":"CommentAction","name":"Comment","target":["https:\/\/blog.ccc.eu\/hu\/2023-as-oszi-teli-trend-szines-harisnya-es-cipo-kombinaciok\/#respond"]}]},{"@type":"WebPage","@id":"https:\/\/blog.ccc.eu\/hu\/2023-as-oszi-teli-trend-szines-harisnya-es-cipo-kombinaciok\/","url":"https:\/\/blog.ccc.eu\/hu\/2023-as-oszi-teli-trend-szines-harisnya-es-cipo-kombinaciok\/","name":"2023-as \u0151szi-t\u00e9li trend: Sz\u00ednes harisnya \u00e9s cip\u0151 kombin\u00e1ci\u00f3k\u00a0 - CCC Fashion blog","isPartOf":{"@id":"https:\/\/blog.ccc.eu\/hu\/#website"},"primaryImageOfPage":{"@id":"https:\/\/blog.ccc.eu\/hu\/2023-as-oszi-teli-trend-szines-harisnya-es-cipo-kombinaciok\/#primaryimage"},"image":{"@id":"https:\/\/blog.ccc.eu\/hu\/2023-as-oszi-teli-trend-szines-harisnya-es-cipo-kombinaciok\/#primaryimage"},"thumbnailUrl":"https:\/\/blog.ccc.eu\/hu\/wp-content\/uploads\/2023\/10\/CCC_-_Gino_Rossi_-_Day_to_Night__9-1.jpg","datePublished":"2023-10-26T11:22:17+00:00","dateModified":"2023-10-26T11:22:18+00:00","description":"Ebben a szezonban hatalmas n\u00e9pszer\u0171s\u00e9gnek \u00f6rvendenek a sz\u00ednes harisny\u00e1k, melyekkel szemet gy\u00f6ny\u00f6rk\u00f6dtet\u0151 kombin\u00e1ci\u00f3kat hozhatunk l\u00e9tre. N\u00e9zd meg!","breadcrumb":{"@id":"https:\/\/blog.ccc.eu\/hu\/2023-as-oszi-teli-trend-szines-harisnya-es-cipo-kombinaciok\/#breadcrumb"},"inLanguage":"hu","potentialAction":[{"@type":"ReadAction","target":["https:\/\/blog.ccc.eu\/hu\/2023-as-oszi-teli-trend-szines-harisnya-es-cipo-kombinaciok\/"]}]},{"@type":"ImageObject","inLanguage":"hu","@id":"https:\/\/blog.ccc.eu\/hu\/2023-as-oszi-teli-trend-szines-harisnya-es-cipo-kombinaciok\/#primaryimage","url":"https:\/\/blog.ccc.eu\/hu\/wp-content\/uploads\/2023\/10\/CCC_-_Gino_Rossi_-_Day_to_Night__9-1.jpg","contentUrl":"https:\/\/blog.ccc.eu\/hu\/wp-content\/uploads\/2023\/10\/CCC_-_Gino_Rossi_-_Day_to_Night__9-1.jpg","width":675,"height":900,"caption":"Sz\u00ednes harisny\u00e1k \u00e9s cip\u0151k kombin\u00e1ci\u00f3i"},{"@type":"BreadcrumbList","@id":"https:\/\/blog.ccc.eu\/hu\/2023-as-oszi-teli-trend-szines-harisnya-es-cipo-kombinaciok\/#breadcrumb","itemListElement":[{"@type":"ListItem","position":1,"name":"Strona g\u0142\u00f3wna","item":"https:\/\/blog.ccc.eu\/hu\/"},{"@type":"ListItem","position":2,"name":"2023-as \u0151szi-t\u00e9li trend: Sz\u00ednes harisnya \u00e9s cip\u0151 kombin\u00e1ci\u00f3k\u00a0"}]},{"@type":"WebSite","@id":"https:\/\/blog.ccc.eu\/hu\/#website","url":"https:\/\/blog.ccc.eu\/hu\/","name":"CCC Fashion blog","description":"Az \u00d6n helye tele van divatihletekkel","publisher":{"@id":"https:\/\/blog.ccc.eu\/hu\/#organization"},"potentialAction":[{"@type":"SearchAction","target":{"@type":"EntryPoint","urlTemplate":"https:\/\/blog.ccc.eu\/hu\/?s={search_term_string}"},"query-input":{"@type":"PropertyValueSpecification","valueRequired":true,"valueName":"search_term_string"}}],"inLanguage":"hu"},{"@type":"Organization","@id":"https:\/\/blog.ccc.eu\/hu\/#organization","name":"CCC S.A.","url":"https:\/\/blog.ccc.eu\/hu\/","logo":{"@type":"ImageObject","inLanguage":"hu","@id":"https:\/\/blog.ccc.eu\/hu\/#\/schema\/logo\/image\/","url":"https:\/\/blog.ccc.eu\/hu\/wp-content\/uploads\/2021\/11\/logo_ccc.png","contentUrl":"https:\/\/blog.ccc.eu\/hu\/wp-content\/uploads\/2021\/11\/logo_ccc.png","width":730,"height":270,"caption":"CCC S.A."},"image":{"@id":"https:\/\/blog.ccc.eu\/hu\/#\/schema\/logo\/image\/"}},{"@type":"Person","@id":"https:\/\/blog.ccc.eu\/hu\/#\/schema\/person\/b37d4e58a15b8cc6b1339218cfeb7c10","name":"Beatrix Korosi","image":{"@type":"ImageObject","inLanguage":"hu","@id":"https:\/\/blog.ccc.eu\/hu\/#\/schema\/person\/image\/","url":"https:\/\/blog.ccc.eu\/hu\/wp-content\/uploads\/2022\/11\/Bea-150x150.jpg","contentUrl":"https:\/\/blog.ccc.eu\/hu\/wp-content\/uploads\/2022\/11\/Bea-150x150.jpg","caption":"Beatrix Korosi"},"url":"https:\/\/blog.ccc.eu\/hu\/author\/beatrix-korosi\/"}]}},"_links":{"self":[{"href":"https:\/\/blog.ccc.eu\/hu\/wp-json\/wp\/v2\/posts\/9270","targetHints":{"allow":["GET"]}}],"collection":[{"href":"https:\/\/blog.ccc.eu\/hu\/wp-json\/wp\/v2\/posts"}],"about":[{"href":"https:\/\/blog.ccc.eu\/hu\/wp-json\/wp\/v2\/types\/post"}],"author":[{"embeddable":true,"href":"https:\/\/blog.ccc.eu\/hu\/wp-json\/wp\/v2\/users\/22"}],"replies":[{"embeddable":true,"href":"https:\/\/blog.ccc.eu\/hu\/wp-json\/wp\/v2\/comments?post=9270"}],"version-history":[{"count":2,"href":"https:\/\/blog.ccc.eu\/hu\/wp-json\/wp\/v2\/posts\/9270\/revisions"}],"predecessor-version":[{"id":9282,"href":"https:\/\/blog.ccc.eu\/hu\/wp-json\/wp\/v2\/posts\/9270\/revisions\/9282"}],"wp:featuredmedia":[{"embeddable":true,"href":"https:\/\/blog.ccc.eu\/hu\/wp-json\/wp\/v2\/media\/9273"}],"wp:attachment":[{"href":"https:\/\/blog.ccc.eu\/hu\/wp-json\/wp\/v2\/media?parent=9270"}],"wp:term":[{"taxonomy":"category","embeddable":true,"href":"https:\/\/blog.ccc.eu\/hu\/wp-json\/wp\/v2\/categories?post=9270"},{"taxonomy":"post_tag","embeddable":true,"href":"https:\/\/blog.ccc.eu\/hu\/wp-json\/wp\/v2\/tags?post=9270"}],"curies":[{"name":"wp","href":"https:\/\/api.w.org\/{rel}","templated":true}]}}