{"id":9283,"date":"2023-10-27T08:27:07","date_gmt":"2023-10-27T06:27:07","guid":{"rendered":"https:\/\/blog.ccc.eu\/hu\/?p=9283"},"modified":"2023-10-27T08:27:08","modified_gmt":"2023-10-27T06:27:08","slug":"platform-talpu-bokacsizmak-kenyelmes-cipok-az-oszi-szezonra","status":"publish","type":"post","link":"https:\/\/blog.ccc.eu\/hu\/platform-talpu-bokacsizmak-kenyelmes-cipok-az-oszi-szezonra\/","title":{"rendered":"Platform talp\u00fa bokacsizm\u00e1k-k\u00e9nyelmes cip\u0151k az \u0151szi szezonra\u00a0"},"content":{"rendered":"\n<p><b>Ebben a szezonban hatalmas n\u00e9pszer\u0171s\u00e9gnek \u00f6rvendenek a platformmal ell\u00e1tott l\u00e1bbelik, melyek k\u00e9nyelmet biztos\u00edtanak sz\u00e1munkra \u00e9s feldobj\u00e1k a megjelen\u00e9s\u00fcnket. A platform talp\u00fa csizm\u00e1k ide\u00e1lisak az \u0151szi \u00e9s t\u00e9li szezonra k\u00fcl\u00f6nf\u00e9le st\u00edlusban.&nbsp; N\u00e9zd meg, hogy milyen st\u00edlusos modellek tal\u00e1lhat\u00f3ak a CCC-ben \u00e9s mivel kombin\u00e1lhatod \u0151ket!&nbsp;&nbsp;<\/b><\/p>\n\n\n\n<figure class=\"wp-block-gallery has-nested-images columns-default is-cropped wp-block-gallery-1 is-layout-flex wp-block-gallery-is-layout-flex\">\n<figure class=\"wp-block-image size-large\"><img loading=\"lazy\" decoding=\"async\" width=\"683\" height=\"1024\" data-id=\"9284\" src=\"https:\/\/blog.ccc.eu\/hu\/wp-content\/uploads\/2023\/10\/221221_Lasocki_2217-683x1024-1.jpg\" alt=\"\" class=\"wp-image-9284\" srcset=\"https:\/\/blog.ccc.eu\/hu\/wp-content\/uploads\/2023\/10\/221221_Lasocki_2217-683x1024-1.jpg 683w, https:\/\/blog.ccc.eu\/hu\/wp-content\/uploads\/2023\/10\/221221_Lasocki_2217-683x1024-1-200x300.jpg 200w, https:\/\/blog.ccc.eu\/hu\/wp-content\/uploads\/2023\/10\/221221_Lasocki_2217-683x1024-1-100x150.jpg 100w\" sizes=\"auto, (max-width: 683px) 100vw, 683px\" \/><\/figure>\n<\/figure>\n\n\n\n<h2 class=\"wp-block-heading\">Platform talp\u00fa magassark\u00fa bokacsizm\u00e1k &#8211; klasszikus \u00e9s divatos l\u00e1bbelik&nbsp;<\/h2>\n\n\n\n<p>Ezek a cip\u0151modellek nagyszer\u0171 alternat\u00edv\u00e1i mind a magassark\u00fa l\u00e1bbeliknek, mind a klasszikus cip\u0151knek, amelyek t\u00f6k\u00e9letesen meg\u00e1llj\u00e1k a hely\u00fcket az eleg\u00e1ns st\u00edlusban.&nbsp; Nemcsak divatosak, hanem rendk\u00edv\u00fcl k\u00e9nyelmesek is egyar\u00e1nt, mely a platformos talpnak k\u00f6sz\u00f6nhet\u0151.&nbsp;<\/p>\n\n\n\n<p>A CCC-ben a legszebb magassark\u00fa bokacsizm\u00e1kat a Nine West, Jenny Fairy \u00e9s a Clara Barson m\u00e1rka kollekci\u00f3iban tal\u00e1ljuk meg t\u00f6bbf\u00e9le st\u00edlusban.&nbsp;&nbsp;<\/p>\n\n\n\n<figure class=\"wp-block-gallery has-nested-images columns-default is-cropped wp-block-gallery-2 is-layout-flex wp-block-gallery-is-layout-flex\">\n<figure class=\"wp-block-image size-large\"><img loading=\"lazy\" decoding=\"async\" width=\"683\" height=\"1024\" data-id=\"9286\" src=\"https:\/\/blog.ccc.eu\/hu\/wp-content\/uploads\/2023\/10\/CCC_5905588097846_01-683x1024.jpg\" alt=\"\" class=\"wp-image-9286\" srcset=\"https:\/\/blog.ccc.eu\/hu\/wp-content\/uploads\/2023\/10\/CCC_5905588097846_01-683x1024.jpg 683w, https:\/\/blog.ccc.eu\/hu\/wp-content\/uploads\/2023\/10\/CCC_5905588097846_01-200x300.jpg 200w, https:\/\/blog.ccc.eu\/hu\/wp-content\/uploads\/2023\/10\/CCC_5905588097846_01-768x1152.jpg 768w, https:\/\/blog.ccc.eu\/hu\/wp-content\/uploads\/2023\/10\/CCC_5905588097846_01-100x150.jpg 100w, https:\/\/blog.ccc.eu\/hu\/wp-content\/uploads\/2023\/10\/CCC_5905588097846_01.jpg 876w\" sizes=\"auto, (max-width: 683px) 100vw, 683px\" \/><\/figure>\n\n\n\n<figure class=\"wp-block-image size-large\"><img loading=\"lazy\" decoding=\"async\" width=\"683\" height=\"1024\" data-id=\"9287\" src=\"https:\/\/blog.ccc.eu\/hu\/wp-content\/uploads\/2023\/10\/CCC_5905588097853_01-683x1024.jpg\" alt=\"\" class=\"wp-image-9287\" srcset=\"https:\/\/blog.ccc.eu\/hu\/wp-content\/uploads\/2023\/10\/CCC_5905588097853_01-683x1024.jpg 683w, https:\/\/blog.ccc.eu\/hu\/wp-content\/uploads\/2023\/10\/CCC_5905588097853_01-200x300.jpg 200w, https:\/\/blog.ccc.eu\/hu\/wp-content\/uploads\/2023\/10\/CCC_5905588097853_01-768x1152.jpg 768w, https:\/\/blog.ccc.eu\/hu\/wp-content\/uploads\/2023\/10\/CCC_5905588097853_01-100x150.jpg 100w, https:\/\/blog.ccc.eu\/hu\/wp-content\/uploads\/2023\/10\/CCC_5905588097853_01.jpg 876w\" sizes=\"auto, (max-width: 683px) 100vw, 683px\" \/><\/figure>\n<\/figure>\n\n\n\n<h2 class=\"wp-block-heading\">Magas sz\u00e1r\u00fa platformos bokacsizm\u00e1k &#8211; divatos \u00e9s k\u00e9nyelmes modellek&nbsp;<\/h2>\n\n\n\n<p>A divattervez\u0151k minden \u00e9vszakban szeretnek platform talpakkal k\u00eds\u00e9rletezni! A legn\u00e9pszer\u0171bbek a vastagabb sark\u00fa csizm\u00e1k, f\u0171z\u0151s fels\u0151r\u00e9sszel kombin\u00e1lva. Az ilyen t\u00edpus\u00fa modellek remek\u00fcl mutatnak h\u00e9tk\u00f6znapi \u00e9s eleg\u00e1ns st\u00edlus\u00fa ruhadarabokkal egyar\u00e1nt.&nbsp;&nbsp;<\/p>\n\n\n\n<p>Ezeket a szemet gy\u00f6ny\u00f6rk\u00f6dtet\u0151 l\u00e1bbeliket a Jenny Fairy \u00e9s a Gino Rossi m\u00e1rka sz\u00e9les term\u00e9kk\u00edn\u00e1lat\u00e1ban tal\u00e1ljuk meg.&nbsp;<\/p>\n\n\n\n<figure class=\"wp-block-gallery has-nested-images columns-default is-cropped wp-block-gallery-3 is-layout-flex wp-block-gallery-is-layout-flex\">\n<figure class=\"wp-block-image size-large\"><img loading=\"lazy\" decoding=\"async\" width=\"683\" height=\"1024\" data-id=\"9288\" src=\"https:\/\/blog.ccc.eu\/hu\/wp-content\/uploads\/2023\/10\/CCC_5905588026532_01-683x1024.jpg\" alt=\"\" class=\"wp-image-9288\" srcset=\"https:\/\/blog.ccc.eu\/hu\/wp-content\/uploads\/2023\/10\/CCC_5905588026532_01-683x1024.jpg 683w, https:\/\/blog.ccc.eu\/hu\/wp-content\/uploads\/2023\/10\/CCC_5905588026532_01-200x300.jpg 200w, https:\/\/blog.ccc.eu\/hu\/wp-content\/uploads\/2023\/10\/CCC_5905588026532_01-768x1152.jpg 768w, https:\/\/blog.ccc.eu\/hu\/wp-content\/uploads\/2023\/10\/CCC_5905588026532_01-100x150.jpg 100w, https:\/\/blog.ccc.eu\/hu\/wp-content\/uploads\/2023\/10\/CCC_5905588026532_01.jpg 876w\" sizes=\"auto, (max-width: 683px) 100vw, 683px\" \/><\/figure>\n\n\n\n<figure class=\"wp-block-image size-large\"><img loading=\"lazy\" decoding=\"async\" width=\"683\" height=\"1024\" data-id=\"9289\" src=\"https:\/\/blog.ccc.eu\/hu\/wp-content\/uploads\/2023\/10\/CCC_5905588046332_01-683x1024.jpg\" alt=\"\" class=\"wp-image-9289\" srcset=\"https:\/\/blog.ccc.eu\/hu\/wp-content\/uploads\/2023\/10\/CCC_5905588046332_01-683x1024.jpg 683w, https:\/\/blog.ccc.eu\/hu\/wp-content\/uploads\/2023\/10\/CCC_5905588046332_01-200x300.jpg 200w, https:\/\/blog.ccc.eu\/hu\/wp-content\/uploads\/2023\/10\/CCC_5905588046332_01-768x1152.jpg 768w, https:\/\/blog.ccc.eu\/hu\/wp-content\/uploads\/2023\/10\/CCC_5905588046332_01-100x150.jpg 100w, https:\/\/blog.ccc.eu\/hu\/wp-content\/uploads\/2023\/10\/CCC_5905588046332_01.jpg 876w\" sizes=\"auto, (max-width: 683px) 100vw, 683px\" \/><\/figure>\n<\/figure>\n\n\n\n<h2 class=\"wp-block-heading\">B\u0151r platform talp\u00fa bokacsizm\u00e1k- \u00e9vek \u00f3ta kiv\u00e1l\u00f3 min\u0151s\u00e9g&nbsp;<\/h2>\n\n\n\n<p>A b\u0151rb\u0151l k\u00e9sz\u00fclt bokacsizm\u00e1k t\u00f6k\u00e9letesen meg\u00e1llj\u00e1k a hely\u00fcket az \u0151szi szezonban. T\u00f6bbf\u00e9le ruhadarabbal j\u00f3l mutatnak, legyen sz\u00f3 farmerr\u0151l, b\u0151rkab\u00e1tr\u00f3l \u00e9s eleg\u00e1ns ruh\u00e1kr\u00f3l. Egyik hatalmas el\u0151ny\u00fck, hogy minden sz\u00ednnel t\u00f6k\u00e9letesen mutatnak.&nbsp;&nbsp;<\/p>\n\n\n\n<p>A Lasocki \u00e9s a Badura m\u00e1rka k\u00edn\u00e1lat\u00e1ban szemet gy\u00f6ny\u00f6rk\u00f6dtet\u0151 l\u00e1bbelikkel tal\u00e1lkozunk, melyek id\u0151t\u00e1ll\u00f3ak \u00e9s rendk\u00edv\u00fcl eleg\u00e1nsak.&nbsp;&nbsp;<\/p>\n\n\n\n<figure class=\"wp-block-gallery has-nested-images columns-default is-cropped wp-block-gallery-4 is-layout-flex wp-block-gallery-is-layout-flex\">\n<figure class=\"wp-block-image size-large\"><img loading=\"lazy\" decoding=\"async\" width=\"683\" height=\"1024\" data-id=\"9290\" src=\"https:\/\/blog.ccc.eu\/hu\/wp-content\/uploads\/2023\/10\/CCC_5904862052823_01_lr-683x1024.jpg\" alt=\"\" class=\"wp-image-9290\" srcset=\"https:\/\/blog.ccc.eu\/hu\/wp-content\/uploads\/2023\/10\/CCC_5904862052823_01_lr-683x1024.jpg 683w, https:\/\/blog.ccc.eu\/hu\/wp-content\/uploads\/2023\/10\/CCC_5904862052823_01_lr-200x300.jpg 200w, https:\/\/blog.ccc.eu\/hu\/wp-content\/uploads\/2023\/10\/CCC_5904862052823_01_lr-768x1152.jpg 768w, https:\/\/blog.ccc.eu\/hu\/wp-content\/uploads\/2023\/10\/CCC_5904862052823_01_lr-100x150.jpg 100w, https:\/\/blog.ccc.eu\/hu\/wp-content\/uploads\/2023\/10\/CCC_5904862052823_01_lr.jpg 876w\" sizes=\"auto, (max-width: 683px) 100vw, 683px\" \/><\/figure>\n\n\n\n<figure class=\"wp-block-image size-large\"><img loading=\"lazy\" decoding=\"async\" width=\"683\" height=\"1024\" data-id=\"9291\" src=\"https:\/\/blog.ccc.eu\/hu\/wp-content\/uploads\/2023\/10\/CCC_5904862223858_01_lr-683x1024.jpg\" alt=\"\" class=\"wp-image-9291\" srcset=\"https:\/\/blog.ccc.eu\/hu\/wp-content\/uploads\/2023\/10\/CCC_5904862223858_01_lr-683x1024.jpg 683w, https:\/\/blog.ccc.eu\/hu\/wp-content\/uploads\/2023\/10\/CCC_5904862223858_01_lr-200x300.jpg 200w, https:\/\/blog.ccc.eu\/hu\/wp-content\/uploads\/2023\/10\/CCC_5904862223858_01_lr-768x1152.jpg 768w, https:\/\/blog.ccc.eu\/hu\/wp-content\/uploads\/2023\/10\/CCC_5904862223858_01_lr-100x150.jpg 100w, https:\/\/blog.ccc.eu\/hu\/wp-content\/uploads\/2023\/10\/CCC_5904862223858_01_lr.jpg 876w\" sizes=\"auto, (max-width: 683px) 100vw, 683px\" \/><\/figure>\n<\/figure>\n\n\n\n<p>Fedezd fel a szemet gy\u00f6ny\u00f6rk\u00f6dtet\u0151 platform talp\u00fa bokacsizm\u00e1kat <a href=\"https:\/\/ccc.eu\/hu\/sklepy\" target=\"_blank\" rel=\"noreferrer noopener\">CCC \u00fczleteinkben<\/a>, <a href=\"https:\/\/ccc.eu\/hu\/\" target=\"_blank\" rel=\"noreferrer noopener\">webshopunkban<\/a>, \u00e9s az <a href=\"https:\/\/ccc.eu\/hu\/mobile-app\" target=\"_blank\" rel=\"noreferrer noopener\">alkalmaz\u00e1sban<\/a>. Legy\u00e9l <a href=\"https:\/\/ccc.eu\/hu\/klub-ccc\" target=\"_blank\" rel=\"noreferrer noopener\">CCC klubtag<\/a> is, \u00e9s \u00e9lvezd a k\u00e9nyelmes \u00e9s kedvezm\u00e9nyes v\u00e1s\u00e1rl\u00e1si lehet\u0151s\u00e9geket! K\u00f6vesd vel\u00fcnk a divatot <a href=\"https:\/\/www.facebook.com\/CCC.Hungary\/\" target=\"_blank\" rel=\"noreferrer noopener\">Facebookon,<\/a> \u00e9s inspir\u00e1l\u00f3dj vel\u00fcnk az <a href=\"https:\/\/www.instagram.com\/cccshoesbags\/\" target=\"_blank\" rel=\"noreferrer noopener\">Instagramon<\/a> is!&nbsp;&nbsp;&nbsp;<\/p>\n","protected":false},"excerpt":{"rendered":"<p>Ebben a szezonban hatalmas n\u00e9pszer\u0171s\u00e9gnek \u00f6rvendenek a platformmal ell\u00e1tott l\u00e1bbelik, melyek k\u00e9nyelmet biztos\u00edtanak sz\u00e1munkra \u00e9s feldobj\u00e1k a megjelen\u00e9s\u00fcnket. A platform talp\u00fa csizm\u00e1k ide\u00e1lisak az \u0151szi \u00e9s t\u00e9li szezonra k\u00fcl\u00f6nf\u00e9le st\u00edlusban.&nbsp; N\u00e9zd meg, hogy milyen st\u00edlusos modellek tal\u00e1lhat\u00f3ak a CCC-ben \u00e9s mivel kombin\u00e1lhatod \u0151ket!&nbsp;&nbsp; Platform talp\u00fa magassark\u00fa bokacsizm\u00e1k &#8211; klasszikus \u00e9s divatos l\u00e1bbelik&nbsp; Ezek a cip\u0151modellek [&hellip;]<\/p>\n","protected":false},"author":22,"featured_media":9284,"comment_status":"open","ping_status":"open","sticky":false,"template":"","format":"standard","meta":{"_acf_changed":false,"footnotes":""},"categories":[6],"tags":[1130,560,1129,786],"class_list":["post-9283","post","type-post","status-publish","format-standard","has-post-thumbnail","hentry","category-trendek","tag-bokacsizmak","tag-ccc","tag-platformos-bokacsizmak","tag-trendek"],"acf":[],"yoast_head":"<!-- This site is optimized with the Yoast SEO plugin v26.9 - https:\/\/yoast.com\/product\/yoast-seo-wordpress\/ -->\n<title>Platform talp\u00fa bokacsizm\u00e1k-k\u00e9nyelmes cip\u0151k az \u0151szi szezonra\u00a0 - CCC Fashion blog<\/title>\n<meta name=\"description\" content=\"A platformos l\u00e1bbelik hatalmas n\u00e9pszer\u0171s\u00e9gnek \u00f6rvendenek ebben a szezonban \u00e9s t\u00f6k\u00e9letesen kieg\u00e9sz\u00edtik az \u0151szi megjelen\u00e9st. Fedezd fel ezeket a modelleket! 2026\" \/>\n<meta name=\"robots\" content=\"index, follow, max-snippet:-1, max-image-preview:large, max-video-preview:-1\" \/>\n<link rel=\"canonical\" href=\"https:\/\/blog.ccc.eu\/hu\/platform-talpu-bokacsizmak-kenyelmes-cipok-az-oszi-szezonra\/\" \/>\n<meta property=\"og:locale\" content=\"hu_HU\" \/>\n<meta property=\"og:type\" content=\"article\" \/>\n<meta property=\"og:title\" content=\"Platform talp\u00fa bokacsizm\u00e1k-k\u00e9nyelmes cip\u0151k az \u0151szi szezonra\u00a0 - CCC Fashion blog\" \/>\n<meta property=\"og:description\" content=\"A platformos l\u00e1bbelik hatalmas n\u00e9pszer\u0171s\u00e9gnek \u00f6rvendenek ebben a szezonban \u00e9s t\u00f6k\u00e9letesen kieg\u00e9sz\u00edtik az \u0151szi megjelen\u00e9st. Fedezd fel ezeket a modelleket!\" \/>\n<meta property=\"og:url\" content=\"https:\/\/blog.ccc.eu\/hu\/platform-talpu-bokacsizmak-kenyelmes-cipok-az-oszi-szezonra\/\" \/>\n<meta property=\"og:site_name\" content=\"CCC Fashion blog\" \/>\n<meta property=\"article:published_time\" content=\"2023-10-27T06:27:07+00:00\" \/>\n<meta property=\"article:modified_time\" content=\"2023-10-27T06:27:08+00:00\" \/>\n<meta property=\"og:image\" content=\"https:\/\/blog.ccc.eu\/hu\/wp-content\/uploads\/2023\/10\/221221_Lasocki_2217-683x1024-1.jpg\" \/>\n\t<meta property=\"og:image:width\" content=\"683\" \/>\n\t<meta property=\"og:image:height\" content=\"1024\" \/>\n\t<meta property=\"og:image:type\" content=\"image\/jpeg\" \/>\n<meta name=\"author\" content=\"Beatrix Korosi\" \/>\n<meta name=\"twitter:card\" content=\"summary_large_image\" \/>\n<meta name=\"twitter:label1\" content=\"Szerz\u0151:\" \/>\n\t<meta name=\"twitter:data1\" content=\"Beatrix Korosi\" \/>\n\t<meta name=\"twitter:label2\" content=\"Becs\u00fclt olvas\u00e1si id\u0151\" \/>\n\t<meta name=\"twitter:data2\" content=\"2 perc\" \/>\n<script type=\"application\/ld+json\" class=\"yoast-schema-graph\">{\"@context\":\"https:\/\/schema.org\",\"@graph\":[{\"@type\":\"Article\",\"@id\":\"https:\/\/blog.ccc.eu\/hu\/platform-talpu-bokacsizmak-kenyelmes-cipok-az-oszi-szezonra\/#article\",\"isPartOf\":{\"@id\":\"https:\/\/blog.ccc.eu\/hu\/platform-talpu-bokacsizmak-kenyelmes-cipok-az-oszi-szezonra\/\"},\"author\":{\"name\":\"Beatrix Korosi\",\"@id\":\"https:\/\/blog.ccc.eu\/hu\/#\/schema\/person\/b37d4e58a15b8cc6b1339218cfeb7c10\"},\"headline\":\"Platform talp\u00fa bokacsizm\u00e1k-k\u00e9nyelmes cip\u0151k az \u0151szi szezonra\u00a0\",\"datePublished\":\"2023-10-27T06:27:07+00:00\",\"dateModified\":\"2023-10-27T06:27:08+00:00\",\"mainEntityOfPage\":{\"@id\":\"https:\/\/blog.ccc.eu\/hu\/platform-talpu-bokacsizmak-kenyelmes-cipok-az-oszi-szezonra\/\"},\"wordCount\":427,\"commentCount\":0,\"publisher\":{\"@id\":\"https:\/\/blog.ccc.eu\/hu\/#organization\"},\"image\":{\"@id\":\"https:\/\/blog.ccc.eu\/hu\/platform-talpu-bokacsizmak-kenyelmes-cipok-az-oszi-szezonra\/#primaryimage\"},\"thumbnailUrl\":\"https:\/\/blog.ccc.eu\/hu\/wp-content\/uploads\/2023\/10\/221221_Lasocki_2217-683x1024-1.jpg\",\"keywords\":[\"Bokacsizm\u00e1k\",\"CCC\",\"Platformos bokacsizm\u00e1k\",\"trendek\"],\"articleSection\":[\"TRENDEK\"],\"inLanguage\":\"hu\",\"potentialAction\":[{\"@type\":\"CommentAction\",\"name\":\"Comment\",\"target\":[\"https:\/\/blog.ccc.eu\/hu\/platform-talpu-bokacsizmak-kenyelmes-cipok-az-oszi-szezonra\/#respond\"]}]},{\"@type\":\"WebPage\",\"@id\":\"https:\/\/blog.ccc.eu\/hu\/platform-talpu-bokacsizmak-kenyelmes-cipok-az-oszi-szezonra\/\",\"url\":\"https:\/\/blog.ccc.eu\/hu\/platform-talpu-bokacsizmak-kenyelmes-cipok-az-oszi-szezonra\/\",\"name\":\"Platform talp\u00fa bokacsizm\u00e1k-k\u00e9nyelmes cip\u0151k az \u0151szi szezonra\u00a0 - CCC Fashion blog\",\"isPartOf\":{\"@id\":\"https:\/\/blog.ccc.eu\/hu\/#website\"},\"primaryImageOfPage\":{\"@id\":\"https:\/\/blog.ccc.eu\/hu\/platform-talpu-bokacsizmak-kenyelmes-cipok-az-oszi-szezonra\/#primaryimage\"},\"image\":{\"@id\":\"https:\/\/blog.ccc.eu\/hu\/platform-talpu-bokacsizmak-kenyelmes-cipok-az-oszi-szezonra\/#primaryimage\"},\"thumbnailUrl\":\"https:\/\/blog.ccc.eu\/hu\/wp-content\/uploads\/2023\/10\/221221_Lasocki_2217-683x1024-1.jpg\",\"datePublished\":\"2023-10-27T06:27:07+00:00\",\"dateModified\":\"2023-10-27T06:27:08+00:00\",\"description\":\"A platformos l\u00e1bbelik hatalmas n\u00e9pszer\u0171s\u00e9gnek \u00f6rvendenek ebben a szezonban \u00e9s t\u00f6k\u00e9letesen kieg\u00e9sz\u00edtik az \u0151szi megjelen\u00e9st. Fedezd fel ezeket a modelleket!\",\"breadcrumb\":{\"@id\":\"https:\/\/blog.ccc.eu\/hu\/platform-talpu-bokacsizmak-kenyelmes-cipok-az-oszi-szezonra\/#breadcrumb\"},\"inLanguage\":\"hu\",\"potentialAction\":[{\"@type\":\"ReadAction\",\"target\":[\"https:\/\/blog.ccc.eu\/hu\/platform-talpu-bokacsizmak-kenyelmes-cipok-az-oszi-szezonra\/\"]}]},{\"@type\":\"ImageObject\",\"inLanguage\":\"hu\",\"@id\":\"https:\/\/blog.ccc.eu\/hu\/platform-talpu-bokacsizmak-kenyelmes-cipok-az-oszi-szezonra\/#primaryimage\",\"url\":\"https:\/\/blog.ccc.eu\/hu\/wp-content\/uploads\/2023\/10\/221221_Lasocki_2217-683x1024-1.jpg\",\"contentUrl\":\"https:\/\/blog.ccc.eu\/hu\/wp-content\/uploads\/2023\/10\/221221_Lasocki_2217-683x1024-1.jpg\",\"width\":683,\"height\":1024,\"caption\":\"Platform talp\u00fa bokacsizm\u00e1k\"},{\"@type\":\"BreadcrumbList\",\"@id\":\"https:\/\/blog.ccc.eu\/hu\/platform-talpu-bokacsizmak-kenyelmes-cipok-az-oszi-szezonra\/#breadcrumb\",\"itemListElement\":[{\"@type\":\"ListItem\",\"position\":1,\"name\":\"Strona g\u0142\u00f3wna\",\"item\":\"https:\/\/blog.ccc.eu\/hu\/\"},{\"@type\":\"ListItem\",\"position\":2,\"name\":\"Platform talp\u00fa bokacsizm\u00e1k-k\u00e9nyelmes cip\u0151k az \u0151szi szezonra\u00a0\"}]},{\"@type\":\"WebSite\",\"@id\":\"https:\/\/blog.ccc.eu\/hu\/#website\",\"url\":\"https:\/\/blog.ccc.eu\/hu\/\",\"name\":\"CCC Fashion blog\",\"description\":\"Az \u00d6n helye tele van divatihletekkel\",\"publisher\":{\"@id\":\"https:\/\/blog.ccc.eu\/hu\/#organization\"},\"potentialAction\":[{\"@type\":\"SearchAction\",\"target\":{\"@type\":\"EntryPoint\",\"urlTemplate\":\"https:\/\/blog.ccc.eu\/hu\/?s={search_term_string}\"},\"query-input\":{\"@type\":\"PropertyValueSpecification\",\"valueRequired\":true,\"valueName\":\"search_term_string\"}}],\"inLanguage\":\"hu\"},{\"@type\":\"Organization\",\"@id\":\"https:\/\/blog.ccc.eu\/hu\/#organization\",\"name\":\"CCC S.A.\",\"url\":\"https:\/\/blog.ccc.eu\/hu\/\",\"logo\":{\"@type\":\"ImageObject\",\"inLanguage\":\"hu\",\"@id\":\"https:\/\/blog.ccc.eu\/hu\/#\/schema\/logo\/image\/\",\"url\":\"https:\/\/blog.ccc.eu\/hu\/wp-content\/uploads\/2021\/11\/logo_ccc.png\",\"contentUrl\":\"https:\/\/blog.ccc.eu\/hu\/wp-content\/uploads\/2021\/11\/logo_ccc.png\",\"width\":730,\"height\":270,\"caption\":\"CCC S.A.\"},\"image\":{\"@id\":\"https:\/\/blog.ccc.eu\/hu\/#\/schema\/logo\/image\/\"}},{\"@type\":\"Person\",\"@id\":\"https:\/\/blog.ccc.eu\/hu\/#\/schema\/person\/b37d4e58a15b8cc6b1339218cfeb7c10\",\"name\":\"Beatrix Korosi\",\"image\":{\"@type\":\"ImageObject\",\"inLanguage\":\"hu\",\"@id\":\"https:\/\/blog.ccc.eu\/hu\/#\/schema\/person\/image\/\",\"url\":\"https:\/\/blog.ccc.eu\/hu\/wp-content\/uploads\/2022\/11\/Bea-150x150.jpg\",\"contentUrl\":\"https:\/\/blog.ccc.eu\/hu\/wp-content\/uploads\/2022\/11\/Bea-150x150.jpg\",\"caption\":\"Beatrix Korosi\"},\"url\":\"https:\/\/blog.ccc.eu\/hu\/author\/beatrix-korosi\/\"}]}<\/script>\n<!-- \/ Yoast SEO plugin. -->","yoast_head_json":{"title":"Platform talp\u00fa bokacsizm\u00e1k-k\u00e9nyelmes cip\u0151k az \u0151szi szezonra\u00a0 - CCC Fashion blog","description":"A platformos l\u00e1bbelik hatalmas n\u00e9pszer\u0171s\u00e9gnek \u00f6rvendenek ebben a szezonban \u00e9s t\u00f6k\u00e9letesen kieg\u00e9sz\u00edtik az \u0151szi megjelen\u00e9st. Fedezd fel ezeket a modelleket! 2026","robots":{"index":"index","follow":"follow","max-snippet":"max-snippet:-1","max-image-preview":"max-image-preview:large","max-video-preview":"max-video-preview:-1"},"canonical":"https:\/\/blog.ccc.eu\/hu\/platform-talpu-bokacsizmak-kenyelmes-cipok-az-oszi-szezonra\/","og_locale":"hu_HU","og_type":"article","og_title":"Platform talp\u00fa bokacsizm\u00e1k-k\u00e9nyelmes cip\u0151k az \u0151szi szezonra\u00a0 - CCC Fashion blog","og_description":"A platformos l\u00e1bbelik hatalmas n\u00e9pszer\u0171s\u00e9gnek \u00f6rvendenek ebben a szezonban \u00e9s t\u00f6k\u00e9letesen kieg\u00e9sz\u00edtik az \u0151szi megjelen\u00e9st. Fedezd fel ezeket a modelleket!","og_url":"https:\/\/blog.ccc.eu\/hu\/platform-talpu-bokacsizmak-kenyelmes-cipok-az-oszi-szezonra\/","og_site_name":"CCC Fashion blog","article_published_time":"2023-10-27T06:27:07+00:00","article_modified_time":"2023-10-27T06:27:08+00:00","og_image":[{"width":683,"height":1024,"url":"https:\/\/blog.ccc.eu\/hu\/wp-content\/uploads\/2023\/10\/221221_Lasocki_2217-683x1024-1.jpg","type":"image\/jpeg"}],"author":"Beatrix Korosi","twitter_card":"summary_large_image","twitter_misc":{"Szerz\u0151:":"Beatrix Korosi","Becs\u00fclt olvas\u00e1si id\u0151":"2 perc"},"schema":{"@context":"https:\/\/schema.org","@graph":[{"@type":"Article","@id":"https:\/\/blog.ccc.eu\/hu\/platform-talpu-bokacsizmak-kenyelmes-cipok-az-oszi-szezonra\/#article","isPartOf":{"@id":"https:\/\/blog.ccc.eu\/hu\/platform-talpu-bokacsizmak-kenyelmes-cipok-az-oszi-szezonra\/"},"author":{"name":"Beatrix Korosi","@id":"https:\/\/blog.ccc.eu\/hu\/#\/schema\/person\/b37d4e58a15b8cc6b1339218cfeb7c10"},"headline":"Platform talp\u00fa bokacsizm\u00e1k-k\u00e9nyelmes cip\u0151k az \u0151szi szezonra\u00a0","datePublished":"2023-10-27T06:27:07+00:00","dateModified":"2023-10-27T06:27:08+00:00","mainEntityOfPage":{"@id":"https:\/\/blog.ccc.eu\/hu\/platform-talpu-bokacsizmak-kenyelmes-cipok-az-oszi-szezonra\/"},"wordCount":427,"commentCount":0,"publisher":{"@id":"https:\/\/blog.ccc.eu\/hu\/#organization"},"image":{"@id":"https:\/\/blog.ccc.eu\/hu\/platform-talpu-bokacsizmak-kenyelmes-cipok-az-oszi-szezonra\/#primaryimage"},"thumbnailUrl":"https:\/\/blog.ccc.eu\/hu\/wp-content\/uploads\/2023\/10\/221221_Lasocki_2217-683x1024-1.jpg","keywords":["Bokacsizm\u00e1k","CCC","Platformos bokacsizm\u00e1k","trendek"],"articleSection":["TRENDEK"],"inLanguage":"hu","potentialAction":[{"@type":"CommentAction","name":"Comment","target":["https:\/\/blog.ccc.eu\/hu\/platform-talpu-bokacsizmak-kenyelmes-cipok-az-oszi-szezonra\/#respond"]}]},{"@type":"WebPage","@id":"https:\/\/blog.ccc.eu\/hu\/platform-talpu-bokacsizmak-kenyelmes-cipok-az-oszi-szezonra\/","url":"https:\/\/blog.ccc.eu\/hu\/platform-talpu-bokacsizmak-kenyelmes-cipok-az-oszi-szezonra\/","name":"Platform talp\u00fa bokacsizm\u00e1k-k\u00e9nyelmes cip\u0151k az \u0151szi szezonra\u00a0 - CCC Fashion blog","isPartOf":{"@id":"https:\/\/blog.ccc.eu\/hu\/#website"},"primaryImageOfPage":{"@id":"https:\/\/blog.ccc.eu\/hu\/platform-talpu-bokacsizmak-kenyelmes-cipok-az-oszi-szezonra\/#primaryimage"},"image":{"@id":"https:\/\/blog.ccc.eu\/hu\/platform-talpu-bokacsizmak-kenyelmes-cipok-az-oszi-szezonra\/#primaryimage"},"thumbnailUrl":"https:\/\/blog.ccc.eu\/hu\/wp-content\/uploads\/2023\/10\/221221_Lasocki_2217-683x1024-1.jpg","datePublished":"2023-10-27T06:27:07+00:00","dateModified":"2023-10-27T06:27:08+00:00","description":"A platformos l\u00e1bbelik hatalmas n\u00e9pszer\u0171s\u00e9gnek \u00f6rvendenek ebben a szezonban \u00e9s t\u00f6k\u00e9letesen kieg\u00e9sz\u00edtik az \u0151szi megjelen\u00e9st. Fedezd fel ezeket a modelleket!","breadcrumb":{"@id":"https:\/\/blog.ccc.eu\/hu\/platform-talpu-bokacsizmak-kenyelmes-cipok-az-oszi-szezonra\/#breadcrumb"},"inLanguage":"hu","potentialAction":[{"@type":"ReadAction","target":["https:\/\/blog.ccc.eu\/hu\/platform-talpu-bokacsizmak-kenyelmes-cipok-az-oszi-szezonra\/"]}]},{"@type":"ImageObject","inLanguage":"hu","@id":"https:\/\/blog.ccc.eu\/hu\/platform-talpu-bokacsizmak-kenyelmes-cipok-az-oszi-szezonra\/#primaryimage","url":"https:\/\/blog.ccc.eu\/hu\/wp-content\/uploads\/2023\/10\/221221_Lasocki_2217-683x1024-1.jpg","contentUrl":"https:\/\/blog.ccc.eu\/hu\/wp-content\/uploads\/2023\/10\/221221_Lasocki_2217-683x1024-1.jpg","width":683,"height":1024,"caption":"Platform talp\u00fa bokacsizm\u00e1k"},{"@type":"BreadcrumbList","@id":"https:\/\/blog.ccc.eu\/hu\/platform-talpu-bokacsizmak-kenyelmes-cipok-az-oszi-szezonra\/#breadcrumb","itemListElement":[{"@type":"ListItem","position":1,"name":"Strona g\u0142\u00f3wna","item":"https:\/\/blog.ccc.eu\/hu\/"},{"@type":"ListItem","position":2,"name":"Platform talp\u00fa bokacsizm\u00e1k-k\u00e9nyelmes cip\u0151k az \u0151szi szezonra\u00a0"}]},{"@type":"WebSite","@id":"https:\/\/blog.ccc.eu\/hu\/#website","url":"https:\/\/blog.ccc.eu\/hu\/","name":"CCC Fashion blog","description":"Az \u00d6n helye tele van divatihletekkel","publisher":{"@id":"https:\/\/blog.ccc.eu\/hu\/#organization"},"potentialAction":[{"@type":"SearchAction","target":{"@type":"EntryPoint","urlTemplate":"https:\/\/blog.ccc.eu\/hu\/?s={search_term_string}"},"query-input":{"@type":"PropertyValueSpecification","valueRequired":true,"valueName":"search_term_string"}}],"inLanguage":"hu"},{"@type":"Organization","@id":"https:\/\/blog.ccc.eu\/hu\/#organization","name":"CCC S.A.","url":"https:\/\/blog.ccc.eu\/hu\/","logo":{"@type":"ImageObject","inLanguage":"hu","@id":"https:\/\/blog.ccc.eu\/hu\/#\/schema\/logo\/image\/","url":"https:\/\/blog.ccc.eu\/hu\/wp-content\/uploads\/2021\/11\/logo_ccc.png","contentUrl":"https:\/\/blog.ccc.eu\/hu\/wp-content\/uploads\/2021\/11\/logo_ccc.png","width":730,"height":270,"caption":"CCC S.A."},"image":{"@id":"https:\/\/blog.ccc.eu\/hu\/#\/schema\/logo\/image\/"}},{"@type":"Person","@id":"https:\/\/blog.ccc.eu\/hu\/#\/schema\/person\/b37d4e58a15b8cc6b1339218cfeb7c10","name":"Beatrix Korosi","image":{"@type":"ImageObject","inLanguage":"hu","@id":"https:\/\/blog.ccc.eu\/hu\/#\/schema\/person\/image\/","url":"https:\/\/blog.ccc.eu\/hu\/wp-content\/uploads\/2022\/11\/Bea-150x150.jpg","contentUrl":"https:\/\/blog.ccc.eu\/hu\/wp-content\/uploads\/2022\/11\/Bea-150x150.jpg","caption":"Beatrix Korosi"},"url":"https:\/\/blog.ccc.eu\/hu\/author\/beatrix-korosi\/"}]}},"_links":{"self":[{"href":"https:\/\/blog.ccc.eu\/hu\/wp-json\/wp\/v2\/posts\/9283","targetHints":{"allow":["GET"]}}],"collection":[{"href":"https:\/\/blog.ccc.eu\/hu\/wp-json\/wp\/v2\/posts"}],"about":[{"href":"https:\/\/blog.ccc.eu\/hu\/wp-json\/wp\/v2\/types\/post"}],"author":[{"embeddable":true,"href":"https:\/\/blog.ccc.eu\/hu\/wp-json\/wp\/v2\/users\/22"}],"replies":[{"embeddable":true,"href":"https:\/\/blog.ccc.eu\/hu\/wp-json\/wp\/v2\/comments?post=9283"}],"version-history":[{"count":3,"href":"https:\/\/blog.ccc.eu\/hu\/wp-json\/wp\/v2\/posts\/9283\/revisions"}],"predecessor-version":[{"id":9294,"href":"https:\/\/blog.ccc.eu\/hu\/wp-json\/wp\/v2\/posts\/9283\/revisions\/9294"}],"wp:featuredmedia":[{"embeddable":true,"href":"https:\/\/blog.ccc.eu\/hu\/wp-json\/wp\/v2\/media\/9284"}],"wp:attachment":[{"href":"https:\/\/blog.ccc.eu\/hu\/wp-json\/wp\/v2\/media?parent=9283"}],"wp:term":[{"taxonomy":"category","embeddable":true,"href":"https:\/\/blog.ccc.eu\/hu\/wp-json\/wp\/v2\/categories?post=9283"},{"taxonomy":"post_tag","embeddable":true,"href":"https:\/\/blog.ccc.eu\/hu\/wp-json\/wp\/v2\/tags?post=9283"}],"curies":[{"name":"wp","href":"https:\/\/api.w.org\/{rel}","templated":true}]}}