{"id":9297,"date":"2023-11-02T15:04:43","date_gmt":"2023-11-02T14:04:43","guid":{"rendered":"https:\/\/blog.ccc.eu\/hu\/?p=9297"},"modified":"2023-11-03T15:22:13","modified_gmt":"2023-11-03T14:22:13","slug":"a-szezon-leghangosabb-trendje-lbc-tudd-meg-mit-jelent","status":"publish","type":"post","link":"https:\/\/blog.ccc.eu\/hu\/a-szezon-leghangosabb-trendje-lbc-tudd-meg-mit-jelent\/","title":{"rendered":"A szezon leghangosabb trendje? LBC! Tudd meg, mit jelent!\u00a0"},"content":{"rendered":"\n<p><b>Hallottad m\u00e1r a titokzatos &#8222;LBC&#8221; r\u00f6vid\u00edt\u00e9st? Ha igen, akkor val\u00f3sz\u00edn\u0171leg a trendek szerelmese vagy. A r\u00f6vid\u00edt\u00e9s a &#8222;long black coat&#8221;-ot takarja, ami leford\u00edtva annyit tesz, hogy \u201chossz\u00fa fekete kab\u00e1t\u201d. A divatszak\u00e9rt\u0151k szerint ez lesz az egyik legkeresettebb ruhadarab id\u00e9n \u0151sszel \u00e9s t\u00e9len! Mit\u0151l lett ennyire n\u00e9pszer\u0171 \u00e9s milyen l\u00e1bbelivel p\u00e1ros\u00edtsd? Olvasd el javaslatainkat!&nbsp;<\/b><\/p>\n\n\n\n<figure class=\"wp-block-gallery has-nested-images columns-default is-cropped wp-block-gallery-1 is-layout-flex wp-block-gallery-is-layout-flex\">\n<figure class=\"wp-block-image size-large\"><img loading=\"lazy\" decoding=\"async\" width=\"1024\" height=\"683\" data-id=\"9299\" src=\"https:\/\/blog.ccc.eu\/hu\/wp-content\/uploads\/2023\/11\/GettyImages-1131806222-1-1024x683.jpg\" alt=\"\" class=\"wp-image-9299\" srcset=\"https:\/\/blog.ccc.eu\/hu\/wp-content\/uploads\/2023\/11\/GettyImages-1131806222-1-1024x683.jpg 1024w, https:\/\/blog.ccc.eu\/hu\/wp-content\/uploads\/2023\/11\/GettyImages-1131806222-1-300x200.jpg 300w, https:\/\/blog.ccc.eu\/hu\/wp-content\/uploads\/2023\/11\/GettyImages-1131806222-1-768x512.jpg 768w, https:\/\/blog.ccc.eu\/hu\/wp-content\/uploads\/2023\/11\/GettyImages-1131806222-1-100x67.jpg 100w, https:\/\/blog.ccc.eu\/hu\/wp-content\/uploads\/2023\/11\/GettyImages-1131806222-1.jpg 1500w\" sizes=\"auto, (max-width: 1024px) 100vw, 1024px\" \/><figcaption class=\"wp-element-caption\">Portrait of a fashionable girl dressed in black with sunglasses and a hat on the city streets.<\/figcaption><\/figure>\n<\/figure>\n\n\n\n<h2 class=\"wp-block-heading\">Hossz\u00fa fekete kab\u00e1t &#8211; milyen modellek jelentek meg a kifut\u00f3kon?\u00a0<\/h2>\n\n\n\n<p>B\u00e1r minden fekete \u00e9s hossz\u00fa kab\u00e1t az LBC-trendek k\u00f6z\u00e9 sorolhat\u00f3, a kifut\u00f3kon olyan modellek is szerepeltek, amelyek a kort\u00e1rs divatot id\u00e9zik. Ezek k\u00f6z\u00e9 tartoznak a lekeskeny\u00edtett v\u00e1ll\u00fa kab\u00e1tok, az oversize szab\u00e1s \u00e9s a bok\u00e1ig \u00e9r\u0151 hossz.&nbsp;&nbsp;<\/p>\n\n\n\n<p>Az anyagokat tekintve a gyapj\u00fakab\u00e1tok felelnek meg legink\u00e1bb a trendnek, az anyag kiv\u00e1l\u00f3 min\u0151s\u00e9g\u00e9nek k\u00f6sz\u00f6nhet\u0151en pedig sok szezont kib\u00edrnak, valamint megfelel\u0151 \u00e1pol\u00e1s mellett \u00e9vekig is kifog\u00e1stalanul n\u00e9znek ki.&nbsp;<\/p>\n\n\n\n<h2 class=\"wp-block-heading\">LBC &#8211; milyen cip\u0151vel p\u00e1ros\u00edtsuk?\u00a0<\/h2>\n\n\n\n<p>Egy fekete sz\u00edn\u0171 hossz\u00fa kab\u00e1t a legt\u00f6bb k\u00e9zit\u00e1sk\u00e1val, sapk\u00e1val, s\u00e1llal \u00e9s keszty\u0171vel is k\u00f6nnyen p\u00e1ros\u00edthat\u00f3. De el\u00e1ruljuk, hogy milyen cip\u0151 illik hozz\u00e1 a legjobban. N\u00e9zd meg, hogy van-e m\u00e1r n\u00e9h\u00e1ny bel\u0151l\u00fck a szekr\u00e9nyedben. Ha nem, akkor ezeket a modelleket megtal\u00e1lod a CCC \u00fczletekben.&nbsp;<\/p>\n\n\n\n<h2 class=\"wp-block-heading\">Fekete kab\u00e1t magassark\u00fa csizm\u00e1val\u00a0<\/h2>\n\n\n\n<p>Ha a kab\u00e1tra helyezz\u00fck a hangs\u00falyt a megjelen\u00e9s\u00fcnkben, akkor p\u00e1ros\u00edtsuk fekete sz\u00edn\u0171 magassark\u00fa csizm\u00e1val, ami minimalista st\u00edlus\u00fa \u00e9s t\u00f6k\u00e9letesen kieg\u00e9sz\u00edti az \u00f6lt\u00f6z\u00e9k\u00fcnket, \u00edgy nem vonja el a figyelmet a kab\u00e1tr\u00f3l.&nbsp;&nbsp;<\/p>\n\n\n\n<p>Ha a kab\u00e1tunk modern st\u00edlus\u00fa, v\u00e1lasszunk d\u00edszes magassark\u00fa vagy a lakkozott modelleket, amelyek er\u0151s, m\u00e9gis kifinomult hat\u00e1st k\u00f6lcs\u00f6n\u00f6znek az eg\u00e9sz \u00f6lt\u00f6z\u00e9k\u00fcnknek.\u00a0<\/p>\n\n\n\n<figure class=\"wp-block-gallery has-nested-images columns-default is-cropped wp-block-gallery-2 is-layout-flex wp-block-gallery-is-layout-flex\">\n<figure class=\"wp-block-image size-large\"><img loading=\"lazy\" decoding=\"async\" width=\"683\" height=\"1024\" data-id=\"9301\" src=\"https:\/\/blog.ccc.eu\/hu\/wp-content\/uploads\/2023\/11\/CCC_5905588042815_01-683x1024.jpg\" alt=\"\" class=\"wp-image-9301\" srcset=\"https:\/\/blog.ccc.eu\/hu\/wp-content\/uploads\/2023\/11\/CCC_5905588042815_01-683x1024.jpg 683w, https:\/\/blog.ccc.eu\/hu\/wp-content\/uploads\/2023\/11\/CCC_5905588042815_01-200x300.jpg 200w, https:\/\/blog.ccc.eu\/hu\/wp-content\/uploads\/2023\/11\/CCC_5905588042815_01-768x1152.jpg 768w, https:\/\/blog.ccc.eu\/hu\/wp-content\/uploads\/2023\/11\/CCC_5905588042815_01-100x150.jpg 100w, https:\/\/blog.ccc.eu\/hu\/wp-content\/uploads\/2023\/11\/CCC_5905588042815_01.jpg 876w\" sizes=\"auto, (max-width: 683px) 100vw, 683px\" \/><\/figure>\n\n\n\n<figure class=\"wp-block-image size-large\"><img loading=\"lazy\" decoding=\"async\" width=\"683\" height=\"1024\" data-id=\"9300\" src=\"https:\/\/blog.ccc.eu\/hu\/wp-content\/uploads\/2023\/11\/CCC_5905588068068_01-683x1024.jpg\" alt=\"\" class=\"wp-image-9300\" srcset=\"https:\/\/blog.ccc.eu\/hu\/wp-content\/uploads\/2023\/11\/CCC_5905588068068_01-683x1024.jpg 683w, https:\/\/blog.ccc.eu\/hu\/wp-content\/uploads\/2023\/11\/CCC_5905588068068_01-200x300.jpg 200w, https:\/\/blog.ccc.eu\/hu\/wp-content\/uploads\/2023\/11\/CCC_5905588068068_01-768x1152.jpg 768w, https:\/\/blog.ccc.eu\/hu\/wp-content\/uploads\/2023\/11\/CCC_5905588068068_01-100x150.jpg 100w, https:\/\/blog.ccc.eu\/hu\/wp-content\/uploads\/2023\/11\/CCC_5905588068068_01.jpg 876w\" sizes=\"auto, (max-width: 683px) 100vw, 683px\" \/><\/figure>\n<\/figure>\n\n\n\n<h2 class=\"wp-block-heading\">Fekete kab\u00e1t bakanccsal\u00a0\u00a0<\/h2>\n\n\n\n<p>A hossz\u00fa kab\u00e1tot az eleganci\u00e1val t\u00e1rs\u00edtj\u00e1k, ez azonban nem jelenti azt, hogy csak eleg\u00e1ns alkalmakra viselhetj\u00fck \u00e9s alkalmi cip\u0151vel p\u00e1ros\u00edthatjuk. Ez a ruhadarab remek\u00fcl mutat platformos \u00e9s lapos talp\u00fa bakanccsal klasszikus \u00e9s modern v\u00e1ltozatban.\u00a0\u00a0<\/p>\n\n\n\n<figure class=\"wp-block-gallery has-nested-images columns-default is-cropped wp-block-gallery-3 is-layout-flex wp-block-gallery-is-layout-flex\">\n<figure class=\"wp-block-image size-large\"><img loading=\"lazy\" decoding=\"async\" width=\"683\" height=\"1024\" data-id=\"9303\" src=\"https:\/\/blog.ccc.eu\/hu\/wp-content\/uploads\/2023\/11\/CCC_5905588115816_01pop-683x1024.jpg\" alt=\"\" class=\"wp-image-9303\" srcset=\"https:\/\/blog.ccc.eu\/hu\/wp-content\/uploads\/2023\/11\/CCC_5905588115816_01pop-683x1024.jpg 683w, https:\/\/blog.ccc.eu\/hu\/wp-content\/uploads\/2023\/11\/CCC_5905588115816_01pop-200x300.jpg 200w, https:\/\/blog.ccc.eu\/hu\/wp-content\/uploads\/2023\/11\/CCC_5905588115816_01pop-768x1152.jpg 768w, https:\/\/blog.ccc.eu\/hu\/wp-content\/uploads\/2023\/11\/CCC_5905588115816_01pop-100x150.jpg 100w, https:\/\/blog.ccc.eu\/hu\/wp-content\/uploads\/2023\/11\/CCC_5905588115816_01pop.jpg 876w\" sizes=\"auto, (max-width: 683px) 100vw, 683px\" \/><\/figure>\n\n\n\n<figure class=\"wp-block-image size-large\"><img loading=\"lazy\" decoding=\"async\" width=\"683\" height=\"1024\" data-id=\"9302\" src=\"https:\/\/blog.ccc.eu\/hu\/wp-content\/uploads\/2023\/11\/CCC_5905588176015_01-683x1024.jpg\" alt=\"\" class=\"wp-image-9302\" srcset=\"https:\/\/blog.ccc.eu\/hu\/wp-content\/uploads\/2023\/11\/CCC_5905588176015_01-683x1024.jpg 683w, https:\/\/blog.ccc.eu\/hu\/wp-content\/uploads\/2023\/11\/CCC_5905588176015_01-200x300.jpg 200w, https:\/\/blog.ccc.eu\/hu\/wp-content\/uploads\/2023\/11\/CCC_5905588176015_01-768x1152.jpg 768w, https:\/\/blog.ccc.eu\/hu\/wp-content\/uploads\/2023\/11\/CCC_5905588176015_01-100x150.jpg 100w, https:\/\/blog.ccc.eu\/hu\/wp-content\/uploads\/2023\/11\/CCC_5905588176015_01.jpg 876w\" sizes=\"auto, (max-width: 683px) 100vw, 683px\" \/><\/figure>\n<\/figure>\n\n\n\n<h2 class=\"wp-block-heading\">Fekete kab\u00e1t lakkozott t\u0171sark\u00faval\u00a0<\/h2>\n\n\n\n<p>Az idei kifut\u00f3kon a neves divath\u00e1zak fekete, f\u00f6ldig \u00e9r\u0151 kab\u00e1tokat mutattak be, v\u00e9kony harisny\u00e1val \u00e9s lakkozott t\u0171sark\u00fa cip\u0151vel p\u00e1ros\u00edtva. Ha egy fontos esem\u00e9nyen vagy partin vesz\u00fcnk r\u00e9szt, ezzel a kombin\u00e1ci\u00f3val l\u00e9legzetel\u00e1ll\u00edt\u00f3 hat\u00e1st \u00e9rhet\u00fcnk el!\u00a0\u00a0<\/p>\n\n\n\n<figure class=\"wp-block-gallery has-nested-images columns-default is-cropped wp-block-gallery-4 is-layout-flex wp-block-gallery-is-layout-flex\">\n<figure class=\"wp-block-image size-large\"><img loading=\"lazy\" decoding=\"async\" width=\"683\" height=\"1024\" data-id=\"9304\" src=\"https:\/\/blog.ccc.eu\/hu\/wp-content\/uploads\/2023\/11\/CCC_5905588079835_01-683x1024.jpg\" alt=\"\" class=\"wp-image-9304\" srcset=\"https:\/\/blog.ccc.eu\/hu\/wp-content\/uploads\/2023\/11\/CCC_5905588079835_01-683x1024.jpg 683w, https:\/\/blog.ccc.eu\/hu\/wp-content\/uploads\/2023\/11\/CCC_5905588079835_01-200x300.jpg 200w, https:\/\/blog.ccc.eu\/hu\/wp-content\/uploads\/2023\/11\/CCC_5905588079835_01-768x1152.jpg 768w, https:\/\/blog.ccc.eu\/hu\/wp-content\/uploads\/2023\/11\/CCC_5905588079835_01-100x150.jpg 100w, https:\/\/blog.ccc.eu\/hu\/wp-content\/uploads\/2023\/11\/CCC_5905588079835_01.jpg 876w\" sizes=\"auto, (max-width: 683px) 100vw, 683px\" \/><\/figure>\n\n\n\n<figure class=\"wp-block-image size-large\"><img loading=\"lazy\" decoding=\"async\" width=\"683\" height=\"1024\" data-id=\"9305\" src=\"https:\/\/blog.ccc.eu\/hu\/wp-content\/uploads\/2023\/11\/CCC_5905588116240_01-683x1024.jpg\" alt=\"\" class=\"wp-image-9305\" srcset=\"https:\/\/blog.ccc.eu\/hu\/wp-content\/uploads\/2023\/11\/CCC_5905588116240_01-683x1024.jpg 683w, https:\/\/blog.ccc.eu\/hu\/wp-content\/uploads\/2023\/11\/CCC_5905588116240_01-200x300.jpg 200w, https:\/\/blog.ccc.eu\/hu\/wp-content\/uploads\/2023\/11\/CCC_5905588116240_01-768x1152.jpg 768w, https:\/\/blog.ccc.eu\/hu\/wp-content\/uploads\/2023\/11\/CCC_5905588116240_01-100x150.jpg 100w, https:\/\/blog.ccc.eu\/hu\/wp-content\/uploads\/2023\/11\/CCC_5905588116240_01.jpg 876w\" sizes=\"auto, (max-width: 683px) 100vw, 683px\" \/><\/figure>\n<\/figure>\n\n\n\n<h2 class=\"wp-block-heading\">Fekete kab\u00e1t mokaszinnal\u00a0<\/h2>\n\n\n\n<p>Am\u00edg nem k\u00f6sz\u00f6nt be t\u00e9nylegesen a rossz id\u0151, addig az LBC-t b\u00e1tran kombin\u00e1lhatjuk mokaszinokkal. P\u00e1ros\u00edtsuk egy eleg\u00e1ns cigarettanadr\u00e1ggal \u00e9s egy feh\u00e9r inggel. Ez a kombin\u00e1ci\u00f3 t\u00f6k\u00e9letes lesz a munk\u00e1ba vagy egy d\u00e9lut\u00e1ni k\u00e1v\u00e9ra a bar\u00e1tn\u0151iddel.\u00a0<\/p>\n\n\n\n<figure class=\"wp-block-gallery has-nested-images columns-default is-cropped wp-block-gallery-5 is-layout-flex wp-block-gallery-is-layout-flex\">\n<figure class=\"wp-block-image size-large\"><img loading=\"lazy\" decoding=\"async\" width=\"683\" height=\"1024\" data-id=\"9306\" src=\"https:\/\/blog.ccc.eu\/hu\/wp-content\/uploads\/2023\/11\/CCC_5904862943282_01-683x1024.jpg\" alt=\"\" class=\"wp-image-9306\" srcset=\"https:\/\/blog.ccc.eu\/hu\/wp-content\/uploads\/2023\/11\/CCC_5904862943282_01-683x1024.jpg 683w, https:\/\/blog.ccc.eu\/hu\/wp-content\/uploads\/2023\/11\/CCC_5904862943282_01-200x300.jpg 200w, https:\/\/blog.ccc.eu\/hu\/wp-content\/uploads\/2023\/11\/CCC_5904862943282_01-768x1152.jpg 768w, https:\/\/blog.ccc.eu\/hu\/wp-content\/uploads\/2023\/11\/CCC_5904862943282_01-100x150.jpg 100w, https:\/\/blog.ccc.eu\/hu\/wp-content\/uploads\/2023\/11\/CCC_5904862943282_01.jpg 876w\" sizes=\"auto, (max-width: 683px) 100vw, 683px\" \/><\/figure>\n\n\n\n<figure class=\"wp-block-image size-large\"><img loading=\"lazy\" decoding=\"async\" width=\"683\" height=\"1024\" data-id=\"9307\" src=\"https:\/\/blog.ccc.eu\/hu\/wp-content\/uploads\/2023\/11\/CCC_5905588056690_01-683x1024.jpg\" alt=\"\" class=\"wp-image-9307\" srcset=\"https:\/\/blog.ccc.eu\/hu\/wp-content\/uploads\/2023\/11\/CCC_5905588056690_01-683x1024.jpg 683w, https:\/\/blog.ccc.eu\/hu\/wp-content\/uploads\/2023\/11\/CCC_5905588056690_01-200x300.jpg 200w, https:\/\/blog.ccc.eu\/hu\/wp-content\/uploads\/2023\/11\/CCC_5905588056690_01-768x1152.jpg 768w, https:\/\/blog.ccc.eu\/hu\/wp-content\/uploads\/2023\/11\/CCC_5905588056690_01-100x150.jpg 100w, https:\/\/blog.ccc.eu\/hu\/wp-content\/uploads\/2023\/11\/CCC_5905588056690_01.jpg 876w\" sizes=\"auto, (max-width: 683px) 100vw, 683px\" \/><\/figure>\n<\/figure>\n\n\n\n<p>Ismerd meg az LBC trendet \u00e9s tal\u00e1ld meg a hozz\u00e1 passzol\u00f3 cip\u0151ket <a href=\"https:\/\/ccc.eu\/hu\/sklepy\" target=\"_blank\" rel=\"noreferrer noopener\">CCC \u00fczleteinkben<\/a>, <a href=\"https:\/\/ccc.eu\/hu\/\" target=\"_blank\" rel=\"noreferrer noopener\">webshopunkban<\/a>, \u00e9s az <a href=\"https:\/\/ccc.eu\/hu\/mobile-app\" target=\"_blank\" rel=\"noreferrer noopener\">alkalmaz\u00e1sban<\/a>. Legy\u00e9l <a href=\"https:\/\/ccc.eu\/hu\/klub-ccc\" target=\"_blank\" rel=\"noreferrer noopener\">CCC klubtag<\/a> is, \u00e9s \u00e9lvezd a k\u00e9nyelmes \u00e9s kedvezm\u00e9nyes v\u00e1s\u00e1rl\u00e1si lehet\u0151s\u00e9geket! K\u00f6vesd vel\u00fcnk a divatot <a href=\"https:\/\/www.facebook.com\/CCC.Hungary\/\" target=\"_blank\" rel=\"noreferrer noopener\">Facebookon,<\/a> \u00e9s inspir\u00e1l\u00f3dj vel\u00fcnk az <a href=\"https:\/\/www.instagram.com\/cccshoesbags\/\" target=\"_blank\" rel=\"noreferrer noopener\">Instagramon<\/a> is!&nbsp;&nbsp;&nbsp;&nbsp;&nbsp;<\/p>\n","protected":false},"excerpt":{"rendered":"<p>Hallottad m\u00e1r a titokzatos &#8222;LBC&#8221; r\u00f6vid\u00edt\u00e9st? Ha igen, akkor val\u00f3sz\u00edn\u0171leg a trendek szerelmese vagy. A r\u00f6vid\u00edt\u00e9s a &#8222;long black coat&#8221;-ot takarja, ami leford\u00edtva annyit tesz, hogy \u201chossz\u00fa fekete kab\u00e1t\u201d. A divatszak\u00e9rt\u0151k szerint ez lesz az egyik legkeresettebb ruhadarab id\u00e9n \u0151sszel \u00e9s t\u00e9len! Mit\u0151l lett ennyire n\u00e9pszer\u0171 \u00e9s milyen l\u00e1bbelivel p\u00e1ros\u00edtsd? Olvasd el javaslatainkat!&nbsp; Hossz\u00fa fekete [&hellip;]<\/p>\n","protected":false},"author":22,"featured_media":9299,"comment_status":"open","ping_status":"open","sticky":false,"template":"","format":"standard","meta":{"_acf_changed":false,"footnotes":""},"categories":[6],"tags":[1132,560,955,1131,786],"class_list":["post-9297","post","type-post","status-publish","format-standard","has-post-thumbnail","hentry","category-trendek","tag-bakancsok","tag-ccc","tag-csizmak","tag-lbc","tag-trendek"],"acf":[],"yoast_head":"<!-- This site is optimized with the Yoast SEO plugin v26.9 - https:\/\/yoast.com\/product\/yoast-seo-wordpress\/ -->\n<title>A szezon leghangosabb trendje? LBC! Tudd meg, mit jelent!\u00a0 - CCC Fashion blog<\/title>\n<meta name=\"description\" content=\"Ismerd meg az idei szezon legn\u00e9pszer\u0171bb trendj\u00e9t, az LBC-t! Fedezd fel a trendhez ill\u0151 st\u00edlusos cip\u0151ket a CCC-ben! 2026\" \/>\n<meta name=\"robots\" content=\"index, follow, max-snippet:-1, max-image-preview:large, max-video-preview:-1\" \/>\n<link rel=\"canonical\" href=\"https:\/\/blog.ccc.eu\/hu\/a-szezon-leghangosabb-trendje-lbc-tudd-meg-mit-jelent\/\" \/>\n<meta property=\"og:locale\" content=\"hu_HU\" \/>\n<meta property=\"og:type\" content=\"article\" \/>\n<meta property=\"og:title\" content=\"A szezon leghangosabb trendje? LBC! Tudd meg, mit jelent!\u00a0 - CCC Fashion blog\" \/>\n<meta property=\"og:description\" content=\"Ismerd meg az idei szezon legn\u00e9pszer\u0171bb trendj\u00e9t, az LBC-t! Fedezd fel a trendhez ill\u0151 st\u00edlusos cip\u0151ket a CCC-ben!\" \/>\n<meta property=\"og:url\" content=\"https:\/\/blog.ccc.eu\/hu\/a-szezon-leghangosabb-trendje-lbc-tudd-meg-mit-jelent\/\" \/>\n<meta property=\"og:site_name\" content=\"CCC Fashion blog\" \/>\n<meta property=\"article:published_time\" content=\"2023-11-02T14:04:43+00:00\" \/>\n<meta property=\"article:modified_time\" content=\"2023-11-03T14:22:13+00:00\" \/>\n<meta property=\"og:image\" content=\"https:\/\/blog.ccc.eu\/hu\/wp-content\/uploads\/2023\/11\/GettyImages-1131806222-1.jpg\" \/>\n\t<meta property=\"og:image:width\" content=\"1500\" \/>\n\t<meta property=\"og:image:height\" content=\"1000\" \/>\n\t<meta property=\"og:image:type\" content=\"image\/jpeg\" \/>\n<meta name=\"author\" content=\"Beatrix Korosi\" \/>\n<meta name=\"twitter:card\" content=\"summary_large_image\" \/>\n<meta name=\"twitter:label1\" content=\"Szerz\u0151:\" \/>\n\t<meta name=\"twitter:data1\" content=\"Beatrix Korosi\" \/>\n\t<meta name=\"twitter:label2\" content=\"Becs\u00fclt olvas\u00e1si id\u0151\" \/>\n\t<meta name=\"twitter:data2\" content=\"3 perc\" \/>\n<script type=\"application\/ld+json\" class=\"yoast-schema-graph\">{\"@context\":\"https:\/\/schema.org\",\"@graph\":[{\"@type\":\"Article\",\"@id\":\"https:\/\/blog.ccc.eu\/hu\/a-szezon-leghangosabb-trendje-lbc-tudd-meg-mit-jelent\/#article\",\"isPartOf\":{\"@id\":\"https:\/\/blog.ccc.eu\/hu\/a-szezon-leghangosabb-trendje-lbc-tudd-meg-mit-jelent\/\"},\"author\":{\"name\":\"Beatrix Korosi\",\"@id\":\"https:\/\/blog.ccc.eu\/hu\/#\/schema\/person\/b37d4e58a15b8cc6b1339218cfeb7c10\"},\"headline\":\"A szezon leghangosabb trendje? LBC! Tudd meg, mit jelent!\u00a0\",\"datePublished\":\"2023-11-02T14:04:43+00:00\",\"dateModified\":\"2023-11-03T14:22:13+00:00\",\"mainEntityOfPage\":{\"@id\":\"https:\/\/blog.ccc.eu\/hu\/a-szezon-leghangosabb-trendje-lbc-tudd-meg-mit-jelent\/\"},\"wordCount\":605,\"commentCount\":0,\"publisher\":{\"@id\":\"https:\/\/blog.ccc.eu\/hu\/#organization\"},\"image\":{\"@id\":\"https:\/\/blog.ccc.eu\/hu\/a-szezon-leghangosabb-trendje-lbc-tudd-meg-mit-jelent\/#primaryimage\"},\"thumbnailUrl\":\"https:\/\/blog.ccc.eu\/hu\/wp-content\/uploads\/2023\/11\/GettyImages-1131806222-1.jpg\",\"keywords\":[\"Bakancsok\",\"CCC\",\"csizm\u00e1k\",\"LBC\",\"trendek\"],\"articleSection\":[\"TRENDEK\"],\"inLanguage\":\"hu\",\"potentialAction\":[{\"@type\":\"CommentAction\",\"name\":\"Comment\",\"target\":[\"https:\/\/blog.ccc.eu\/hu\/a-szezon-leghangosabb-trendje-lbc-tudd-meg-mit-jelent\/#respond\"]}]},{\"@type\":\"WebPage\",\"@id\":\"https:\/\/blog.ccc.eu\/hu\/a-szezon-leghangosabb-trendje-lbc-tudd-meg-mit-jelent\/\",\"url\":\"https:\/\/blog.ccc.eu\/hu\/a-szezon-leghangosabb-trendje-lbc-tudd-meg-mit-jelent\/\",\"name\":\"A szezon leghangosabb trendje? LBC! Tudd meg, mit jelent!\u00a0 - CCC Fashion blog\",\"isPartOf\":{\"@id\":\"https:\/\/blog.ccc.eu\/hu\/#website\"},\"primaryImageOfPage\":{\"@id\":\"https:\/\/blog.ccc.eu\/hu\/a-szezon-leghangosabb-trendje-lbc-tudd-meg-mit-jelent\/#primaryimage\"},\"image\":{\"@id\":\"https:\/\/blog.ccc.eu\/hu\/a-szezon-leghangosabb-trendje-lbc-tudd-meg-mit-jelent\/#primaryimage\"},\"thumbnailUrl\":\"https:\/\/blog.ccc.eu\/hu\/wp-content\/uploads\/2023\/11\/GettyImages-1131806222-1.jpg\",\"datePublished\":\"2023-11-02T14:04:43+00:00\",\"dateModified\":\"2023-11-03T14:22:13+00:00\",\"description\":\"Ismerd meg az idei szezon legn\u00e9pszer\u0171bb trendj\u00e9t, az LBC-t! Fedezd fel a trendhez ill\u0151 st\u00edlusos cip\u0151ket a CCC-ben!\",\"breadcrumb\":{\"@id\":\"https:\/\/blog.ccc.eu\/hu\/a-szezon-leghangosabb-trendje-lbc-tudd-meg-mit-jelent\/#breadcrumb\"},\"inLanguage\":\"hu\",\"potentialAction\":[{\"@type\":\"ReadAction\",\"target\":[\"https:\/\/blog.ccc.eu\/hu\/a-szezon-leghangosabb-trendje-lbc-tudd-meg-mit-jelent\/\"]}]},{\"@type\":\"ImageObject\",\"inLanguage\":\"hu\",\"@id\":\"https:\/\/blog.ccc.eu\/hu\/a-szezon-leghangosabb-trendje-lbc-tudd-meg-mit-jelent\/#primaryimage\",\"url\":\"https:\/\/blog.ccc.eu\/hu\/wp-content\/uploads\/2023\/11\/GettyImages-1131806222-1.jpg\",\"contentUrl\":\"https:\/\/blog.ccc.eu\/hu\/wp-content\/uploads\/2023\/11\/GettyImages-1131806222-1.jpg\",\"width\":1500,\"height\":1000,\"caption\":\"Portrait of a fashionable girl dressed in black with sunglasses and a hat on the city streets.\"},{\"@type\":\"BreadcrumbList\",\"@id\":\"https:\/\/blog.ccc.eu\/hu\/a-szezon-leghangosabb-trendje-lbc-tudd-meg-mit-jelent\/#breadcrumb\",\"itemListElement\":[{\"@type\":\"ListItem\",\"position\":1,\"name\":\"Strona g\u0142\u00f3wna\",\"item\":\"https:\/\/blog.ccc.eu\/hu\/\"},{\"@type\":\"ListItem\",\"position\":2,\"name\":\"A szezon leghangosabb trendje? LBC! Tudd meg, mit jelent!\u00a0\"}]},{\"@type\":\"WebSite\",\"@id\":\"https:\/\/blog.ccc.eu\/hu\/#website\",\"url\":\"https:\/\/blog.ccc.eu\/hu\/\",\"name\":\"CCC Fashion blog\",\"description\":\"Az \u00d6n helye tele van divatihletekkel\",\"publisher\":{\"@id\":\"https:\/\/blog.ccc.eu\/hu\/#organization\"},\"potentialAction\":[{\"@type\":\"SearchAction\",\"target\":{\"@type\":\"EntryPoint\",\"urlTemplate\":\"https:\/\/blog.ccc.eu\/hu\/?s={search_term_string}\"},\"query-input\":{\"@type\":\"PropertyValueSpecification\",\"valueRequired\":true,\"valueName\":\"search_term_string\"}}],\"inLanguage\":\"hu\"},{\"@type\":\"Organization\",\"@id\":\"https:\/\/blog.ccc.eu\/hu\/#organization\",\"name\":\"CCC S.A.\",\"url\":\"https:\/\/blog.ccc.eu\/hu\/\",\"logo\":{\"@type\":\"ImageObject\",\"inLanguage\":\"hu\",\"@id\":\"https:\/\/blog.ccc.eu\/hu\/#\/schema\/logo\/image\/\",\"url\":\"https:\/\/blog.ccc.eu\/hu\/wp-content\/uploads\/2021\/11\/logo_ccc.png\",\"contentUrl\":\"https:\/\/blog.ccc.eu\/hu\/wp-content\/uploads\/2021\/11\/logo_ccc.png\",\"width\":730,\"height\":270,\"caption\":\"CCC S.A.\"},\"image\":{\"@id\":\"https:\/\/blog.ccc.eu\/hu\/#\/schema\/logo\/image\/\"}},{\"@type\":\"Person\",\"@id\":\"https:\/\/blog.ccc.eu\/hu\/#\/schema\/person\/b37d4e58a15b8cc6b1339218cfeb7c10\",\"name\":\"Beatrix Korosi\",\"image\":{\"@type\":\"ImageObject\",\"inLanguage\":\"hu\",\"@id\":\"https:\/\/blog.ccc.eu\/hu\/#\/schema\/person\/image\/\",\"url\":\"https:\/\/blog.ccc.eu\/hu\/wp-content\/uploads\/2022\/11\/Bea-150x150.jpg\",\"contentUrl\":\"https:\/\/blog.ccc.eu\/hu\/wp-content\/uploads\/2022\/11\/Bea-150x150.jpg\",\"caption\":\"Beatrix Korosi\"},\"url\":\"https:\/\/blog.ccc.eu\/hu\/author\/beatrix-korosi\/\"}]}<\/script>\n<!-- \/ Yoast SEO plugin. -->","yoast_head_json":{"title":"A szezon leghangosabb trendje? LBC! Tudd meg, mit jelent!\u00a0 - CCC Fashion blog","description":"Ismerd meg az idei szezon legn\u00e9pszer\u0171bb trendj\u00e9t, az LBC-t! Fedezd fel a trendhez ill\u0151 st\u00edlusos cip\u0151ket a CCC-ben! 2026","robots":{"index":"index","follow":"follow","max-snippet":"max-snippet:-1","max-image-preview":"max-image-preview:large","max-video-preview":"max-video-preview:-1"},"canonical":"https:\/\/blog.ccc.eu\/hu\/a-szezon-leghangosabb-trendje-lbc-tudd-meg-mit-jelent\/","og_locale":"hu_HU","og_type":"article","og_title":"A szezon leghangosabb trendje? LBC! Tudd meg, mit jelent!\u00a0 - CCC Fashion blog","og_description":"Ismerd meg az idei szezon legn\u00e9pszer\u0171bb trendj\u00e9t, az LBC-t! Fedezd fel a trendhez ill\u0151 st\u00edlusos cip\u0151ket a CCC-ben!","og_url":"https:\/\/blog.ccc.eu\/hu\/a-szezon-leghangosabb-trendje-lbc-tudd-meg-mit-jelent\/","og_site_name":"CCC Fashion blog","article_published_time":"2023-11-02T14:04:43+00:00","article_modified_time":"2023-11-03T14:22:13+00:00","og_image":[{"width":1500,"height":1000,"url":"https:\/\/blog.ccc.eu\/hu\/wp-content\/uploads\/2023\/11\/GettyImages-1131806222-1.jpg","type":"image\/jpeg"}],"author":"Beatrix Korosi","twitter_card":"summary_large_image","twitter_misc":{"Szerz\u0151:":"Beatrix Korosi","Becs\u00fclt olvas\u00e1si id\u0151":"3 perc"},"schema":{"@context":"https:\/\/schema.org","@graph":[{"@type":"Article","@id":"https:\/\/blog.ccc.eu\/hu\/a-szezon-leghangosabb-trendje-lbc-tudd-meg-mit-jelent\/#article","isPartOf":{"@id":"https:\/\/blog.ccc.eu\/hu\/a-szezon-leghangosabb-trendje-lbc-tudd-meg-mit-jelent\/"},"author":{"name":"Beatrix Korosi","@id":"https:\/\/blog.ccc.eu\/hu\/#\/schema\/person\/b37d4e58a15b8cc6b1339218cfeb7c10"},"headline":"A szezon leghangosabb trendje? LBC! Tudd meg, mit jelent!\u00a0","datePublished":"2023-11-02T14:04:43+00:00","dateModified":"2023-11-03T14:22:13+00:00","mainEntityOfPage":{"@id":"https:\/\/blog.ccc.eu\/hu\/a-szezon-leghangosabb-trendje-lbc-tudd-meg-mit-jelent\/"},"wordCount":605,"commentCount":0,"publisher":{"@id":"https:\/\/blog.ccc.eu\/hu\/#organization"},"image":{"@id":"https:\/\/blog.ccc.eu\/hu\/a-szezon-leghangosabb-trendje-lbc-tudd-meg-mit-jelent\/#primaryimage"},"thumbnailUrl":"https:\/\/blog.ccc.eu\/hu\/wp-content\/uploads\/2023\/11\/GettyImages-1131806222-1.jpg","keywords":["Bakancsok","CCC","csizm\u00e1k","LBC","trendek"],"articleSection":["TRENDEK"],"inLanguage":"hu","potentialAction":[{"@type":"CommentAction","name":"Comment","target":["https:\/\/blog.ccc.eu\/hu\/a-szezon-leghangosabb-trendje-lbc-tudd-meg-mit-jelent\/#respond"]}]},{"@type":"WebPage","@id":"https:\/\/blog.ccc.eu\/hu\/a-szezon-leghangosabb-trendje-lbc-tudd-meg-mit-jelent\/","url":"https:\/\/blog.ccc.eu\/hu\/a-szezon-leghangosabb-trendje-lbc-tudd-meg-mit-jelent\/","name":"A szezon leghangosabb trendje? LBC! Tudd meg, mit jelent!\u00a0 - CCC Fashion blog","isPartOf":{"@id":"https:\/\/blog.ccc.eu\/hu\/#website"},"primaryImageOfPage":{"@id":"https:\/\/blog.ccc.eu\/hu\/a-szezon-leghangosabb-trendje-lbc-tudd-meg-mit-jelent\/#primaryimage"},"image":{"@id":"https:\/\/blog.ccc.eu\/hu\/a-szezon-leghangosabb-trendje-lbc-tudd-meg-mit-jelent\/#primaryimage"},"thumbnailUrl":"https:\/\/blog.ccc.eu\/hu\/wp-content\/uploads\/2023\/11\/GettyImages-1131806222-1.jpg","datePublished":"2023-11-02T14:04:43+00:00","dateModified":"2023-11-03T14:22:13+00:00","description":"Ismerd meg az idei szezon legn\u00e9pszer\u0171bb trendj\u00e9t, az LBC-t! Fedezd fel a trendhez ill\u0151 st\u00edlusos cip\u0151ket a CCC-ben!","breadcrumb":{"@id":"https:\/\/blog.ccc.eu\/hu\/a-szezon-leghangosabb-trendje-lbc-tudd-meg-mit-jelent\/#breadcrumb"},"inLanguage":"hu","potentialAction":[{"@type":"ReadAction","target":["https:\/\/blog.ccc.eu\/hu\/a-szezon-leghangosabb-trendje-lbc-tudd-meg-mit-jelent\/"]}]},{"@type":"ImageObject","inLanguage":"hu","@id":"https:\/\/blog.ccc.eu\/hu\/a-szezon-leghangosabb-trendje-lbc-tudd-meg-mit-jelent\/#primaryimage","url":"https:\/\/blog.ccc.eu\/hu\/wp-content\/uploads\/2023\/11\/GettyImages-1131806222-1.jpg","contentUrl":"https:\/\/blog.ccc.eu\/hu\/wp-content\/uploads\/2023\/11\/GettyImages-1131806222-1.jpg","width":1500,"height":1000,"caption":"Portrait of a fashionable girl dressed in black with sunglasses and a hat on the city streets."},{"@type":"BreadcrumbList","@id":"https:\/\/blog.ccc.eu\/hu\/a-szezon-leghangosabb-trendje-lbc-tudd-meg-mit-jelent\/#breadcrumb","itemListElement":[{"@type":"ListItem","position":1,"name":"Strona g\u0142\u00f3wna","item":"https:\/\/blog.ccc.eu\/hu\/"},{"@type":"ListItem","position":2,"name":"A szezon leghangosabb trendje? LBC! Tudd meg, mit jelent!\u00a0"}]},{"@type":"WebSite","@id":"https:\/\/blog.ccc.eu\/hu\/#website","url":"https:\/\/blog.ccc.eu\/hu\/","name":"CCC Fashion blog","description":"Az \u00d6n helye tele van divatihletekkel","publisher":{"@id":"https:\/\/blog.ccc.eu\/hu\/#organization"},"potentialAction":[{"@type":"SearchAction","target":{"@type":"EntryPoint","urlTemplate":"https:\/\/blog.ccc.eu\/hu\/?s={search_term_string}"},"query-input":{"@type":"PropertyValueSpecification","valueRequired":true,"valueName":"search_term_string"}}],"inLanguage":"hu"},{"@type":"Organization","@id":"https:\/\/blog.ccc.eu\/hu\/#organization","name":"CCC S.A.","url":"https:\/\/blog.ccc.eu\/hu\/","logo":{"@type":"ImageObject","inLanguage":"hu","@id":"https:\/\/blog.ccc.eu\/hu\/#\/schema\/logo\/image\/","url":"https:\/\/blog.ccc.eu\/hu\/wp-content\/uploads\/2021\/11\/logo_ccc.png","contentUrl":"https:\/\/blog.ccc.eu\/hu\/wp-content\/uploads\/2021\/11\/logo_ccc.png","width":730,"height":270,"caption":"CCC S.A."},"image":{"@id":"https:\/\/blog.ccc.eu\/hu\/#\/schema\/logo\/image\/"}},{"@type":"Person","@id":"https:\/\/blog.ccc.eu\/hu\/#\/schema\/person\/b37d4e58a15b8cc6b1339218cfeb7c10","name":"Beatrix Korosi","image":{"@type":"ImageObject","inLanguage":"hu","@id":"https:\/\/blog.ccc.eu\/hu\/#\/schema\/person\/image\/","url":"https:\/\/blog.ccc.eu\/hu\/wp-content\/uploads\/2022\/11\/Bea-150x150.jpg","contentUrl":"https:\/\/blog.ccc.eu\/hu\/wp-content\/uploads\/2022\/11\/Bea-150x150.jpg","caption":"Beatrix Korosi"},"url":"https:\/\/blog.ccc.eu\/hu\/author\/beatrix-korosi\/"}]}},"_links":{"self":[{"href":"https:\/\/blog.ccc.eu\/hu\/wp-json\/wp\/v2\/posts\/9297","targetHints":{"allow":["GET"]}}],"collection":[{"href":"https:\/\/blog.ccc.eu\/hu\/wp-json\/wp\/v2\/posts"}],"about":[{"href":"https:\/\/blog.ccc.eu\/hu\/wp-json\/wp\/v2\/types\/post"}],"author":[{"embeddable":true,"href":"https:\/\/blog.ccc.eu\/hu\/wp-json\/wp\/v2\/users\/22"}],"replies":[{"embeddable":true,"href":"https:\/\/blog.ccc.eu\/hu\/wp-json\/wp\/v2\/comments?post=9297"}],"version-history":[{"count":2,"href":"https:\/\/blog.ccc.eu\/hu\/wp-json\/wp\/v2\/posts\/9297\/revisions"}],"predecessor-version":[{"id":9308,"href":"https:\/\/blog.ccc.eu\/hu\/wp-json\/wp\/v2\/posts\/9297\/revisions\/9308"}],"wp:featuredmedia":[{"embeddable":true,"href":"https:\/\/blog.ccc.eu\/hu\/wp-json\/wp\/v2\/media\/9299"}],"wp:attachment":[{"href":"https:\/\/blog.ccc.eu\/hu\/wp-json\/wp\/v2\/media?parent=9297"}],"wp:term":[{"taxonomy":"category","embeddable":true,"href":"https:\/\/blog.ccc.eu\/hu\/wp-json\/wp\/v2\/categories?post=9297"},{"taxonomy":"post_tag","embeddable":true,"href":"https:\/\/blog.ccc.eu\/hu\/wp-json\/wp\/v2\/tags?post=9297"}],"curies":[{"name":"wp","href":"https:\/\/api.w.org\/{rel}","templated":true}]}}