{"id":9309,"date":"2023-11-03T15:40:46","date_gmt":"2023-11-03T14:40:46","guid":{"rendered":"https:\/\/blog.ccc.eu\/hu\/?p=9309"},"modified":"2023-11-03T15:40:47","modified_gmt":"2023-11-03T14:40:47","slug":"hogyan-viseljuk-a-hosszu-szaru-csizmakat-stilusok-kulonfele-alkalmakra","status":"publish","type":"post","link":"https:\/\/blog.ccc.eu\/hu\/hogyan-viseljuk-a-hosszu-szaru-csizmakat-stilusok-kulonfele-alkalmakra\/","title":{"rendered":"Hogyan viselj\u00fck a hossz\u00fa sz\u00e1r\u00fa csizm\u00e1kat? St\u00edlusok k\u00fcl\u00f6nf\u00e9le alkalmakra\u00a0"},"content":{"rendered":"\n<p><b>A hossz\u00fa sz\u00e1r\u00fa csizm\u00e1k harmonikus egys\u00e9get alkotnak ruh\u00e1kkal, szokny\u00e1kkal, r\u00f6vidnadr\u00e1gokkal \u00e9s hossz\u00fa sz\u00e1r\u00fa nadr\u00e1gokkal egyar\u00e1nt. Ha egyedi megjelen\u00e9sre v\u00e1gyunk, tudnunk kell, hogy hogyan \u00e9s mivel viselj\u00fck ezeket a modelleket. El\u00e1ruljuk, mivel p\u00e1ros\u00edtsd ezeket a st\u00edlusos l\u00e1bbeliket \u00e9s milyen alkalmakon viseld \u0151ket.&nbsp;<\/b><\/p>\n\n\n\n<figure class=\"wp-block-gallery has-nested-images columns-default is-cropped wp-block-gallery-1 is-layout-flex wp-block-gallery-is-layout-flex\">\n<figure class=\"wp-block-image size-large\"><img loading=\"lazy\" decoding=\"async\" width=\"819\" height=\"1024\" data-id=\"9310\" src=\"https:\/\/blog.ccc.eu\/hu\/wp-content\/uploads\/2023\/11\/damskie-muszkieterki-819x1024.jpg\" alt=\"\" class=\"wp-image-9310\" srcset=\"https:\/\/blog.ccc.eu\/hu\/wp-content\/uploads\/2023\/11\/damskie-muszkieterki-819x1024.jpg 819w, https:\/\/blog.ccc.eu\/hu\/wp-content\/uploads\/2023\/11\/damskie-muszkieterki-240x300.jpg 240w, https:\/\/blog.ccc.eu\/hu\/wp-content\/uploads\/2023\/11\/damskie-muszkieterki-768x960.jpg 768w, https:\/\/blog.ccc.eu\/hu\/wp-content\/uploads\/2023\/11\/damskie-muszkieterki-100x125.jpg 100w, https:\/\/blog.ccc.eu\/hu\/wp-content\/uploads\/2023\/11\/damskie-muszkieterki.jpg 1080w\" sizes=\"auto, (max-width: 819px) 100vw, 819px\" \/><\/figure>\n<\/figure>\n\n\n\n<h2 class=\"wp-block-heading\">Hossz\u00fa sz\u00e1r\u00fa csizma &#8211; milyen t\u00edpus\u00fa l\u00e1bbeli ez?\u00a0<\/h2>\n\n\n\n<p>Ezek a l\u00e1bbelik hossz\u00fa fels\u0151r\u00e9sszel rendelkeznek, \u00e1ltal\u00e1ban t\u00e9rd f\u00f6l\u00e9, de van, hogy combk\u00f6z\u00e9pig \u00e9rnek. V\u00e1laszthatjuk \u0151ket lapos talp\u00fa \u00e9s magassark\u00fa v\u00e1ltozatban, mindkett\u0151vel rendk\u00edv\u00fcl \u00edzl\u00e9ses \u00e9s eleg\u00e1ns megjelen\u00e9st tudunk el\u00e9rni. T\u00f6bbf\u00e9le anyagb\u00f3l is k\u00e9sz\u00fclhetnek, p\u00e9ld\u00e1ul term\u00e9szetes b\u0151rb\u0151l, vel\u00farb\u00f3l, m\u0171b\u0151rb\u0151l \u00e9s textilanyagb\u00f3l egyar\u00e1nt.&nbsp;&nbsp;<\/p>\n\n\n\n<figure class=\"wp-block-gallery has-nested-images columns-default is-cropped wp-block-gallery-2 is-layout-flex wp-block-gallery-is-layout-flex\">\n<figure class=\"wp-block-image size-large\"><img loading=\"lazy\" decoding=\"async\" width=\"683\" height=\"1024\" data-id=\"9311\" src=\"https:\/\/blog.ccc.eu\/hu\/wp-content\/uploads\/2023\/11\/CCC_5903698928784_05_LR-1-683x1024.jpg\" alt=\"\" class=\"wp-image-9311\" srcset=\"https:\/\/blog.ccc.eu\/hu\/wp-content\/uploads\/2023\/11\/CCC_5903698928784_05_LR-1-683x1024.jpg 683w, https:\/\/blog.ccc.eu\/hu\/wp-content\/uploads\/2023\/11\/CCC_5903698928784_05_LR-1-200x300.jpg 200w, https:\/\/blog.ccc.eu\/hu\/wp-content\/uploads\/2023\/11\/CCC_5903698928784_05_LR-1-768x1152.jpg 768w, https:\/\/blog.ccc.eu\/hu\/wp-content\/uploads\/2023\/11\/CCC_5903698928784_05_LR-1-100x150.jpg 100w, https:\/\/blog.ccc.eu\/hu\/wp-content\/uploads\/2023\/11\/CCC_5903698928784_05_LR-1.jpg 876w\" sizes=\"auto, (max-width: 683px) 100vw, 683px\" \/><\/figure>\n\n\n\n<figure class=\"wp-block-image size-large\"><img loading=\"lazy\" decoding=\"async\" width=\"683\" height=\"1024\" data-id=\"9312\" src=\"https:\/\/blog.ccc.eu\/hu\/wp-content\/uploads\/2023\/11\/CCC_5904248123697_02M-1-683x1024.jpg\" alt=\"\" class=\"wp-image-9312\" srcset=\"https:\/\/blog.ccc.eu\/hu\/wp-content\/uploads\/2023\/11\/CCC_5904248123697_02M-1-683x1024.jpg 683w, https:\/\/blog.ccc.eu\/hu\/wp-content\/uploads\/2023\/11\/CCC_5904248123697_02M-1-200x300.jpg 200w, https:\/\/blog.ccc.eu\/hu\/wp-content\/uploads\/2023\/11\/CCC_5904248123697_02M-1-768x1152.jpg 768w, https:\/\/blog.ccc.eu\/hu\/wp-content\/uploads\/2023\/11\/CCC_5904248123697_02M-1-100x150.jpg 100w, https:\/\/blog.ccc.eu\/hu\/wp-content\/uploads\/2023\/11\/CCC_5904248123697_02M-1.jpg 876w\" sizes=\"auto, (max-width: 683px) 100vw, 683px\" \/><\/figure>\n<\/figure>\n\n\n\n<h2 class=\"wp-block-heading\">St\u00edlusos hossz\u00fa sz\u00e1r\u00fa csizm\u00e1k nadr\u00e1ggal\u00a0<\/h2>\n\n\n\n<p>\u0150sszel \u00e9s t\u00e9len, amikor es\u0151s \u00e9s havas id\u0151 uralkodik, ez a l\u00e1bbeli ide\u00e1lis v\u00e1laszt\u00e1s lesz. V\u00e1lasszunk lapos talp\u00fa \u00e9s b\u00e9lelt modelleket, melyek meg\u00f3vj\u00e1k a l\u00e1bunkat a zord id\u0151j\u00e1r\u00e1st\u00f3l. P\u00e1ros\u00edtsuk ezeket a modelleket sz\u0171k nadr\u00e1ggal vagy leggingsszel, v\u00e1lasszunk hozz\u00e1juk inget \u00e9s bl\u00e9zert, amivel eleg\u00e1ns megjelen\u00e9st tudunk el\u00e9rni.&nbsp;<\/p>\n\n\n\n<figure class=\"wp-block-gallery has-nested-images columns-default is-cropped wp-block-gallery-3 is-layout-flex wp-block-gallery-is-layout-flex\">\n<figure class=\"wp-block-image size-large\"><img loading=\"lazy\" decoding=\"async\" width=\"667\" height=\"1000\" data-id=\"9317\" src=\"https:\/\/blog.ccc.eu\/hu\/wp-content\/uploads\/2023\/11\/CCC_5904862885322_01.jpg\" alt=\"\" class=\"wp-image-9317\" srcset=\"https:\/\/blog.ccc.eu\/hu\/wp-content\/uploads\/2023\/11\/CCC_5904862885322_01.jpg 667w, https:\/\/blog.ccc.eu\/hu\/wp-content\/uploads\/2023\/11\/CCC_5904862885322_01-200x300.jpg 200w, https:\/\/blog.ccc.eu\/hu\/wp-content\/uploads\/2023\/11\/CCC_5904862885322_01-100x150.jpg 100w\" sizes=\"auto, (max-width: 667px) 100vw, 667px\" \/><\/figure>\n\n\n\n<figure class=\"wp-block-image size-large\"><img loading=\"lazy\" decoding=\"async\" width=\"667\" height=\"1000\" data-id=\"9318\" src=\"https:\/\/blog.ccc.eu\/hu\/wp-content\/uploads\/2023\/11\/CCC_5904862885322_04.jpg\" alt=\"\" class=\"wp-image-9318\" srcset=\"https:\/\/blog.ccc.eu\/hu\/wp-content\/uploads\/2023\/11\/CCC_5904862885322_04.jpg 667w, https:\/\/blog.ccc.eu\/hu\/wp-content\/uploads\/2023\/11\/CCC_5904862885322_04-200x300.jpg 200w, https:\/\/blog.ccc.eu\/hu\/wp-content\/uploads\/2023\/11\/CCC_5904862885322_04-100x150.jpg 100w\" sizes=\"auto, (max-width: 667px) 100vw, 667px\" \/><\/figure>\n<\/figure>\n\n\n\n<h2 class=\"wp-block-heading\">Trendi csizm\u00e1k midi ruh\u00e1kkal\u00a0<\/h2>\n\n\n\n<p>Ha ruh\u00e1r\u00f3l van sz\u00f3, ehhez a modellhez legjobban a midi szab\u00e1s\u00fa ruhadarabok illenek. Ez a kombin\u00e1ci\u00f3 remek\u00fcl mutat egy\u00fctt, hiszen optikailag meghosszabb\u00edtj\u00e1k a l\u00e1bunkat \u00e9s karcs\u00fas\u00edt\u00f3 hat\u00e1ssal is b\u00edrnak.&nbsp;&nbsp;<\/p>\n\n\n\n<p>A midi ruh\u00e1k t\u00f6k\u00e9letes alternat\u00edv\u00e1ja a v\u00e1dli k\u00f6zep\u00e9ig \u00e9r\u0151 szoknya, melyet p\u00e1ros\u00edtsunk inggel, garb\u00f3val vagy m\u00e1s eleg\u00e1ns st\u00edlus\u00fa pul\u00f3verrel.&nbsp;&nbsp;<\/p>\n\n\n\n<figure class=\"wp-block-gallery has-nested-images columns-default is-cropped wp-block-gallery-4 is-layout-flex wp-block-gallery-is-layout-flex\">\n<figure class=\"wp-block-image size-large\"><img loading=\"lazy\" decoding=\"async\" width=\"683\" height=\"1024\" data-id=\"9314\" src=\"https:\/\/blog.ccc.eu\/hu\/wp-content\/uploads\/2023\/11\/CCC_5904862218267_02M-683x1024-1.jpg\" alt=\"\" class=\"wp-image-9314\" srcset=\"https:\/\/blog.ccc.eu\/hu\/wp-content\/uploads\/2023\/11\/CCC_5904862218267_02M-683x1024-1.jpg 683w, https:\/\/blog.ccc.eu\/hu\/wp-content\/uploads\/2023\/11\/CCC_5904862218267_02M-683x1024-1-200x300.jpg 200w, https:\/\/blog.ccc.eu\/hu\/wp-content\/uploads\/2023\/11\/CCC_5904862218267_02M-683x1024-1-100x150.jpg 100w\" sizes=\"auto, (max-width: 683px) 100vw, 683px\" \/><\/figure>\n\n\n\n<figure class=\"wp-block-image size-large\"><img loading=\"lazy\" decoding=\"async\" width=\"683\" height=\"1024\" data-id=\"9313\" src=\"https:\/\/blog.ccc.eu\/hu\/wp-content\/uploads\/2023\/11\/CCC_5904862218274_02M-683x1024-1.jpg\" alt=\"\" class=\"wp-image-9313\" srcset=\"https:\/\/blog.ccc.eu\/hu\/wp-content\/uploads\/2023\/11\/CCC_5904862218274_02M-683x1024-1.jpg 683w, https:\/\/blog.ccc.eu\/hu\/wp-content\/uploads\/2023\/11\/CCC_5904862218274_02M-683x1024-1-200x300.jpg 200w, https:\/\/blog.ccc.eu\/hu\/wp-content\/uploads\/2023\/11\/CCC_5904862218274_02M-683x1024-1-100x150.jpg 100w\" sizes=\"auto, (max-width: 683px) 100vw, 683px\" \/><\/figure>\n<\/figure>\n\n\n\n<h2 class=\"wp-block-heading\">Hossz\u00fa sz\u00e1r\u00fa csizma \u2013 ruh\u00e1kkal \u00e9s r\u00f6vidnadr\u00e1gokkal\u00a0<\/h2>\n\n\n\n<p>Tavasszal \u00e9s ny\u00e1ron viselj\u00fcnk r\u00f6vid fazon\u00fa szokny\u00e1t vagy nadr\u00e1got hossz\u00fa sz\u00e1r\u00fa l\u00e1bbelivel, amivel egy kontrasztos, m\u00e9gis st\u00edlusos megjelen\u00e9st tudunk el\u00e9rni. Annak \u00e9rdek\u00e9ben, hogy az \u00f6lt\u00f6z\u00e9k\u00fcnk \u00edzl\u00e9ses legyen, ezekhez a r\u00f6vid szab\u00e1s\u00fa szokny\u00e1khoz \u00e9s nadr\u00e1gokhoz v\u00e1lasszunk egy visszafogottabb st\u00edlus\u00fa fels\u0151t \u00e9s \u00e9kszereket.&nbsp;<\/p>\n\n\n\n<figure class=\"wp-block-gallery has-nested-images columns-default is-cropped wp-block-gallery-5 is-layout-flex wp-block-gallery-is-layout-flex\">\n<figure class=\"wp-block-image size-large\"><img loading=\"lazy\" decoding=\"async\" width=\"683\" height=\"1024\" data-id=\"9316\" src=\"https:\/\/blog.ccc.eu\/hu\/wp-content\/uploads\/2023\/11\/CCC_5904248007676_05_LR-683x1024-1.jpg\" alt=\"\" class=\"wp-image-9316\" srcset=\"https:\/\/blog.ccc.eu\/hu\/wp-content\/uploads\/2023\/11\/CCC_5904248007676_05_LR-683x1024-1.jpg 683w, https:\/\/blog.ccc.eu\/hu\/wp-content\/uploads\/2023\/11\/CCC_5904248007676_05_LR-683x1024-1-200x300.jpg 200w, https:\/\/blog.ccc.eu\/hu\/wp-content\/uploads\/2023\/11\/CCC_5904248007676_05_LR-683x1024-1-100x150.jpg 100w\" sizes=\"auto, (max-width: 683px) 100vw, 683px\" \/><\/figure>\n\n\n\n<figure class=\"wp-block-image size-large\"><img loading=\"lazy\" decoding=\"async\" width=\"683\" height=\"1024\" data-id=\"9315\" src=\"https:\/\/blog.ccc.eu\/hu\/wp-content\/uploads\/2023\/11\/CCC_5904862184920_02_02M-683x1024-1.jpg\" alt=\"\" class=\"wp-image-9315\" srcset=\"https:\/\/blog.ccc.eu\/hu\/wp-content\/uploads\/2023\/11\/CCC_5904862184920_02_02M-683x1024-1.jpg 683w, https:\/\/blog.ccc.eu\/hu\/wp-content\/uploads\/2023\/11\/CCC_5904862184920_02_02M-683x1024-1-200x300.jpg 200w, https:\/\/blog.ccc.eu\/hu\/wp-content\/uploads\/2023\/11\/CCC_5904862184920_02_02M-683x1024-1-100x150.jpg 100w\" sizes=\"auto, (max-width: 683px) 100vw, 683px\" \/><\/figure>\n<\/figure>\n\n\n\n<h2 class=\"wp-block-heading\">Feh\u00e9r, barna \u00e9s fekete sz\u00edn\u0171 hossz\u00fa sz\u00e1r\u00fa csizm\u00e1k &#8211; univerz\u00e1lis st\u00edlusok\u00a0<\/h2>\n\n\n\n<p>A legn\u00e9pszer\u0171bb modelleket fekete, feh\u00e9r, barna, s\u00f6t\u00e9tz\u00f6ld \u00e9s sz\u00fcrke sz\u00ednben tal\u00e1ljuk meg, melyek kiv\u00e1l\u00f3 min\u0151s\u00e9g\u00fcknek k\u00f6sz\u00f6nhet\u0151en \u00e9vekig szolg\u00e1lni fognak minket. Sokoldal\u00fas\u00e1guknak k\u00f6sz\u00f6nhet\u0151en minden st\u00edlusban meg\u00e1llj\u00e1k a hely\u00fcket.\u00a0\u00a0<\/p>\n\n\n\n<p>Tal\u00e1ld meg az \u00edzl\u00e9sednek megfelel\u0151 hossz\u00fa sz\u00e1r\u00fa csizm\u00e1t <a href=\"https:\/\/ccc.eu\/hu\/sklepy\" target=\"_blank\" rel=\"noreferrer noopener\">CCC \u00fczleteinkben<\/a>, <a href=\"https:\/\/ccc.eu\/hu\/\" target=\"_blank\" rel=\"noreferrer noopener\">webshopunkban<\/a>, \u00e9s az <a href=\"https:\/\/ccc.eu\/hu\/mobile-app\" target=\"_blank\" rel=\"noreferrer noopener\">alkalmaz\u00e1sban<\/a>. Legy\u00e9l <a href=\"https:\/\/ccc.eu\/hu\/klub-ccc\" target=\"_blank\" rel=\"noreferrer noopener\">CCC klubtag<\/a> is, \u00e9s \u00e9lvezd a k\u00e9nyelmes \u00e9s kedvezm\u00e9nyes v\u00e1s\u00e1rl\u00e1si lehet\u0151s\u00e9geket! K\u00f6vesd vel\u00fcnk a divatot <a href=\"https:\/\/www.facebook.com\/CCC.Hungary\/\" target=\"_blank\" rel=\"noreferrer noopener\">Facebookon,<\/a> \u00e9s inspir\u00e1l\u00f3dj vel\u00fcnk az <a href=\"https:\/\/www.instagram.com\/cccshoesbags\/\" target=\"_blank\" rel=\"noreferrer noopener\">Instagramon<\/a> is!&nbsp;&nbsp;&nbsp;&nbsp;&nbsp;<\/p>\n","protected":false},"excerpt":{"rendered":"<p>A hossz\u00fa sz\u00e1r\u00fa csizm\u00e1k harmonikus egys\u00e9get alkotnak ruh\u00e1kkal, szokny\u00e1kkal, r\u00f6vidnadr\u00e1gokkal \u00e9s hossz\u00fa sz\u00e1r\u00fa nadr\u00e1gokkal egyar\u00e1nt. Ha egyedi megjelen\u00e9sre v\u00e1gyunk, tudnunk kell, hogy hogyan \u00e9s mivel viselj\u00fck ezeket a modelleket. El\u00e1ruljuk, mivel p\u00e1ros\u00edtsd ezeket a st\u00edlusos l\u00e1bbeliket \u00e9s milyen alkalmakon viseld \u0151ket.&nbsp; Hossz\u00fa sz\u00e1r\u00fa csizma &#8211; milyen t\u00edpus\u00fa l\u00e1bbeli ez?\u00a0 Ezek a l\u00e1bbelik hossz\u00fa fels\u0151r\u00e9sszel rendelkeznek, [&hellip;]<\/p>\n","protected":false},"author":22,"featured_media":9310,"comment_status":"open","ping_status":"open","sticky":false,"template":"","format":"standard","meta":{"_acf_changed":false,"footnotes":""},"categories":[4],"tags":[560,821,1133,1134],"class_list":["post-9309","post","type-post","status-publish","format-standard","has-post-thumbnail","hentry","category-divat-tippek","tag-ccc","tag-divat-tippek","tag-hosszu-szaru-csizmak","tag-oszi-trendek-2"],"acf":[],"yoast_head":"<!-- This site is optimized with the Yoast SEO plugin v26.9 - https:\/\/yoast.com\/product\/yoast-seo-wordpress\/ -->\n<title>Hogyan viselj\u00fck a hossz\u00fa sz\u00e1r\u00fa csizm\u00e1kat? St\u00edlusok k\u00fcl\u00f6nf\u00e9le alkalmakra\u00a0 - CCC Fashion blog<\/title>\n<meta name=\"description\" content=\"A hossz\u00fa sz\u00e1r\u00fa csizm\u00e1k \u00e9vek \u00f3ta a trendek \u00e9l\u00e9n \u00e1llnak! Rengeteg st\u00edlus\u00fa ruh\u00e1val viselhetj\u00fck \u0151ket \u00e9s garant\u00e1ltan feldobj\u00e1k a megjelen\u00e9s\u00fcnket. 2026\" \/>\n<meta name=\"robots\" content=\"index, follow, max-snippet:-1, max-image-preview:large, max-video-preview:-1\" \/>\n<link rel=\"canonical\" href=\"https:\/\/blog.ccc.eu\/hu\/hogyan-viseljuk-a-hosszu-szaru-csizmakat-stilusok-kulonfele-alkalmakra\/\" \/>\n<meta property=\"og:locale\" content=\"hu_HU\" \/>\n<meta property=\"og:type\" content=\"article\" \/>\n<meta property=\"og:title\" content=\"Hogyan viselj\u00fck a hossz\u00fa sz\u00e1r\u00fa csizm\u00e1kat? St\u00edlusok k\u00fcl\u00f6nf\u00e9le alkalmakra\u00a0 - CCC Fashion blog\" \/>\n<meta property=\"og:description\" content=\"A hossz\u00fa sz\u00e1r\u00fa csizm\u00e1k \u00e9vek \u00f3ta a trendek \u00e9l\u00e9n \u00e1llnak! Rengeteg st\u00edlus\u00fa ruh\u00e1val viselhetj\u00fck \u0151ket \u00e9s garant\u00e1ltan feldobj\u00e1k a megjelen\u00e9s\u00fcnket.\" \/>\n<meta property=\"og:url\" content=\"https:\/\/blog.ccc.eu\/hu\/hogyan-viseljuk-a-hosszu-szaru-csizmakat-stilusok-kulonfele-alkalmakra\/\" \/>\n<meta property=\"og:site_name\" content=\"CCC Fashion blog\" \/>\n<meta property=\"article:published_time\" content=\"2023-11-03T14:40:46+00:00\" \/>\n<meta property=\"article:modified_time\" content=\"2023-11-03T14:40:47+00:00\" \/>\n<meta property=\"og:image\" content=\"https:\/\/blog.ccc.eu\/hu\/wp-content\/uploads\/2023\/11\/damskie-muszkieterki.jpg\" \/>\n\t<meta property=\"og:image:width\" content=\"1080\" \/>\n\t<meta property=\"og:image:height\" content=\"1350\" \/>\n\t<meta property=\"og:image:type\" content=\"image\/jpeg\" \/>\n<meta name=\"author\" content=\"Beatrix Korosi\" \/>\n<meta name=\"twitter:card\" content=\"summary_large_image\" \/>\n<meta name=\"twitter:label1\" content=\"Szerz\u0151:\" \/>\n\t<meta name=\"twitter:data1\" content=\"Beatrix Korosi\" \/>\n\t<meta name=\"twitter:label2\" content=\"Becs\u00fclt olvas\u00e1si id\u0151\" \/>\n\t<meta name=\"twitter:data2\" content=\"3 perc\" \/>\n<script type=\"application\/ld+json\" class=\"yoast-schema-graph\">{\"@context\":\"https:\/\/schema.org\",\"@graph\":[{\"@type\":\"Article\",\"@id\":\"https:\/\/blog.ccc.eu\/hu\/hogyan-viseljuk-a-hosszu-szaru-csizmakat-stilusok-kulonfele-alkalmakra\/#article\",\"isPartOf\":{\"@id\":\"https:\/\/blog.ccc.eu\/hu\/hogyan-viseljuk-a-hosszu-szaru-csizmakat-stilusok-kulonfele-alkalmakra\/\"},\"author\":{\"name\":\"Beatrix Korosi\",\"@id\":\"https:\/\/blog.ccc.eu\/hu\/#\/schema\/person\/b37d4e58a15b8cc6b1339218cfeb7c10\"},\"headline\":\"Hogyan viselj\u00fck a hossz\u00fa sz\u00e1r\u00fa csizm\u00e1kat? St\u00edlusok k\u00fcl\u00f6nf\u00e9le alkalmakra\u00a0\",\"datePublished\":\"2023-11-03T14:40:46+00:00\",\"dateModified\":\"2023-11-03T14:40:47+00:00\",\"mainEntityOfPage\":{\"@id\":\"https:\/\/blog.ccc.eu\/hu\/hogyan-viseljuk-a-hosszu-szaru-csizmakat-stilusok-kulonfele-alkalmakra\/\"},\"wordCount\":536,\"commentCount\":0,\"publisher\":{\"@id\":\"https:\/\/blog.ccc.eu\/hu\/#organization\"},\"image\":{\"@id\":\"https:\/\/blog.ccc.eu\/hu\/hogyan-viseljuk-a-hosszu-szaru-csizmakat-stilusok-kulonfele-alkalmakra\/#primaryimage\"},\"thumbnailUrl\":\"https:\/\/blog.ccc.eu\/hu\/wp-content\/uploads\/2023\/11\/damskie-muszkieterki.jpg\",\"keywords\":[\"CCC\",\"divat tippek\",\"Hossz\u00fa sz\u00e1r\u00fa csizm\u00e1k\",\"\u0150szi trendek\"],\"articleSection\":[\"DIVAT TIPPEK\"],\"inLanguage\":\"hu\",\"potentialAction\":[{\"@type\":\"CommentAction\",\"name\":\"Comment\",\"target\":[\"https:\/\/blog.ccc.eu\/hu\/hogyan-viseljuk-a-hosszu-szaru-csizmakat-stilusok-kulonfele-alkalmakra\/#respond\"]}]},{\"@type\":\"WebPage\",\"@id\":\"https:\/\/blog.ccc.eu\/hu\/hogyan-viseljuk-a-hosszu-szaru-csizmakat-stilusok-kulonfele-alkalmakra\/\",\"url\":\"https:\/\/blog.ccc.eu\/hu\/hogyan-viseljuk-a-hosszu-szaru-csizmakat-stilusok-kulonfele-alkalmakra\/\",\"name\":\"Hogyan viselj\u00fck a hossz\u00fa sz\u00e1r\u00fa csizm\u00e1kat? St\u00edlusok k\u00fcl\u00f6nf\u00e9le alkalmakra\u00a0 - CCC Fashion blog\",\"isPartOf\":{\"@id\":\"https:\/\/blog.ccc.eu\/hu\/#website\"},\"primaryImageOfPage\":{\"@id\":\"https:\/\/blog.ccc.eu\/hu\/hogyan-viseljuk-a-hosszu-szaru-csizmakat-stilusok-kulonfele-alkalmakra\/#primaryimage\"},\"image\":{\"@id\":\"https:\/\/blog.ccc.eu\/hu\/hogyan-viseljuk-a-hosszu-szaru-csizmakat-stilusok-kulonfele-alkalmakra\/#primaryimage\"},\"thumbnailUrl\":\"https:\/\/blog.ccc.eu\/hu\/wp-content\/uploads\/2023\/11\/damskie-muszkieterki.jpg\",\"datePublished\":\"2023-11-03T14:40:46+00:00\",\"dateModified\":\"2023-11-03T14:40:47+00:00\",\"description\":\"A hossz\u00fa sz\u00e1r\u00fa csizm\u00e1k \u00e9vek \u00f3ta a trendek \u00e9l\u00e9n \u00e1llnak! Rengeteg st\u00edlus\u00fa ruh\u00e1val viselhetj\u00fck \u0151ket \u00e9s garant\u00e1ltan feldobj\u00e1k a megjelen\u00e9s\u00fcnket.\",\"breadcrumb\":{\"@id\":\"https:\/\/blog.ccc.eu\/hu\/hogyan-viseljuk-a-hosszu-szaru-csizmakat-stilusok-kulonfele-alkalmakra\/#breadcrumb\"},\"inLanguage\":\"hu\",\"potentialAction\":[{\"@type\":\"ReadAction\",\"target\":[\"https:\/\/blog.ccc.eu\/hu\/hogyan-viseljuk-a-hosszu-szaru-csizmakat-stilusok-kulonfele-alkalmakra\/\"]}]},{\"@type\":\"ImageObject\",\"inLanguage\":\"hu\",\"@id\":\"https:\/\/blog.ccc.eu\/hu\/hogyan-viseljuk-a-hosszu-szaru-csizmakat-stilusok-kulonfele-alkalmakra\/#primaryimage\",\"url\":\"https:\/\/blog.ccc.eu\/hu\/wp-content\/uploads\/2023\/11\/damskie-muszkieterki.jpg\",\"contentUrl\":\"https:\/\/blog.ccc.eu\/hu\/wp-content\/uploads\/2023\/11\/damskie-muszkieterki.jpg\",\"width\":1080,\"height\":1350,\"caption\":\"hossz\u00fa sz\u00e1r\u00fa csizm\u00e1k\"},{\"@type\":\"BreadcrumbList\",\"@id\":\"https:\/\/blog.ccc.eu\/hu\/hogyan-viseljuk-a-hosszu-szaru-csizmakat-stilusok-kulonfele-alkalmakra\/#breadcrumb\",\"itemListElement\":[{\"@type\":\"ListItem\",\"position\":1,\"name\":\"Strona g\u0142\u00f3wna\",\"item\":\"https:\/\/blog.ccc.eu\/hu\/\"},{\"@type\":\"ListItem\",\"position\":2,\"name\":\"Hogyan viselj\u00fck a hossz\u00fa sz\u00e1r\u00fa csizm\u00e1kat? St\u00edlusok k\u00fcl\u00f6nf\u00e9le alkalmakra\u00a0\"}]},{\"@type\":\"WebSite\",\"@id\":\"https:\/\/blog.ccc.eu\/hu\/#website\",\"url\":\"https:\/\/blog.ccc.eu\/hu\/\",\"name\":\"CCC Fashion blog\",\"description\":\"Az \u00d6n helye tele van divatihletekkel\",\"publisher\":{\"@id\":\"https:\/\/blog.ccc.eu\/hu\/#organization\"},\"potentialAction\":[{\"@type\":\"SearchAction\",\"target\":{\"@type\":\"EntryPoint\",\"urlTemplate\":\"https:\/\/blog.ccc.eu\/hu\/?s={search_term_string}\"},\"query-input\":{\"@type\":\"PropertyValueSpecification\",\"valueRequired\":true,\"valueName\":\"search_term_string\"}}],\"inLanguage\":\"hu\"},{\"@type\":\"Organization\",\"@id\":\"https:\/\/blog.ccc.eu\/hu\/#organization\",\"name\":\"CCC S.A.\",\"url\":\"https:\/\/blog.ccc.eu\/hu\/\",\"logo\":{\"@type\":\"ImageObject\",\"inLanguage\":\"hu\",\"@id\":\"https:\/\/blog.ccc.eu\/hu\/#\/schema\/logo\/image\/\",\"url\":\"https:\/\/blog.ccc.eu\/hu\/wp-content\/uploads\/2021\/11\/logo_ccc.png\",\"contentUrl\":\"https:\/\/blog.ccc.eu\/hu\/wp-content\/uploads\/2021\/11\/logo_ccc.png\",\"width\":730,\"height\":270,\"caption\":\"CCC S.A.\"},\"image\":{\"@id\":\"https:\/\/blog.ccc.eu\/hu\/#\/schema\/logo\/image\/\"}},{\"@type\":\"Person\",\"@id\":\"https:\/\/blog.ccc.eu\/hu\/#\/schema\/person\/b37d4e58a15b8cc6b1339218cfeb7c10\",\"name\":\"Beatrix Korosi\",\"image\":{\"@type\":\"ImageObject\",\"inLanguage\":\"hu\",\"@id\":\"https:\/\/blog.ccc.eu\/hu\/#\/schema\/person\/image\/\",\"url\":\"https:\/\/blog.ccc.eu\/hu\/wp-content\/uploads\/2022\/11\/Bea-150x150.jpg\",\"contentUrl\":\"https:\/\/blog.ccc.eu\/hu\/wp-content\/uploads\/2022\/11\/Bea-150x150.jpg\",\"caption\":\"Beatrix Korosi\"},\"url\":\"https:\/\/blog.ccc.eu\/hu\/author\/beatrix-korosi\/\"}]}<\/script>\n<!-- \/ Yoast SEO plugin. -->","yoast_head_json":{"title":"Hogyan viselj\u00fck a hossz\u00fa sz\u00e1r\u00fa csizm\u00e1kat? St\u00edlusok k\u00fcl\u00f6nf\u00e9le alkalmakra\u00a0 - CCC Fashion blog","description":"A hossz\u00fa sz\u00e1r\u00fa csizm\u00e1k \u00e9vek \u00f3ta a trendek \u00e9l\u00e9n \u00e1llnak! Rengeteg st\u00edlus\u00fa ruh\u00e1val viselhetj\u00fck \u0151ket \u00e9s garant\u00e1ltan feldobj\u00e1k a megjelen\u00e9s\u00fcnket. 2026","robots":{"index":"index","follow":"follow","max-snippet":"max-snippet:-1","max-image-preview":"max-image-preview:large","max-video-preview":"max-video-preview:-1"},"canonical":"https:\/\/blog.ccc.eu\/hu\/hogyan-viseljuk-a-hosszu-szaru-csizmakat-stilusok-kulonfele-alkalmakra\/","og_locale":"hu_HU","og_type":"article","og_title":"Hogyan viselj\u00fck a hossz\u00fa sz\u00e1r\u00fa csizm\u00e1kat? St\u00edlusok k\u00fcl\u00f6nf\u00e9le alkalmakra\u00a0 - CCC Fashion blog","og_description":"A hossz\u00fa sz\u00e1r\u00fa csizm\u00e1k \u00e9vek \u00f3ta a trendek \u00e9l\u00e9n \u00e1llnak! Rengeteg st\u00edlus\u00fa ruh\u00e1val viselhetj\u00fck \u0151ket \u00e9s garant\u00e1ltan feldobj\u00e1k a megjelen\u00e9s\u00fcnket.","og_url":"https:\/\/blog.ccc.eu\/hu\/hogyan-viseljuk-a-hosszu-szaru-csizmakat-stilusok-kulonfele-alkalmakra\/","og_site_name":"CCC Fashion blog","article_published_time":"2023-11-03T14:40:46+00:00","article_modified_time":"2023-11-03T14:40:47+00:00","og_image":[{"width":1080,"height":1350,"url":"https:\/\/blog.ccc.eu\/hu\/wp-content\/uploads\/2023\/11\/damskie-muszkieterki.jpg","type":"image\/jpeg"}],"author":"Beatrix Korosi","twitter_card":"summary_large_image","twitter_misc":{"Szerz\u0151:":"Beatrix Korosi","Becs\u00fclt olvas\u00e1si id\u0151":"3 perc"},"schema":{"@context":"https:\/\/schema.org","@graph":[{"@type":"Article","@id":"https:\/\/blog.ccc.eu\/hu\/hogyan-viseljuk-a-hosszu-szaru-csizmakat-stilusok-kulonfele-alkalmakra\/#article","isPartOf":{"@id":"https:\/\/blog.ccc.eu\/hu\/hogyan-viseljuk-a-hosszu-szaru-csizmakat-stilusok-kulonfele-alkalmakra\/"},"author":{"name":"Beatrix Korosi","@id":"https:\/\/blog.ccc.eu\/hu\/#\/schema\/person\/b37d4e58a15b8cc6b1339218cfeb7c10"},"headline":"Hogyan viselj\u00fck a hossz\u00fa sz\u00e1r\u00fa csizm\u00e1kat? St\u00edlusok k\u00fcl\u00f6nf\u00e9le alkalmakra\u00a0","datePublished":"2023-11-03T14:40:46+00:00","dateModified":"2023-11-03T14:40:47+00:00","mainEntityOfPage":{"@id":"https:\/\/blog.ccc.eu\/hu\/hogyan-viseljuk-a-hosszu-szaru-csizmakat-stilusok-kulonfele-alkalmakra\/"},"wordCount":536,"commentCount":0,"publisher":{"@id":"https:\/\/blog.ccc.eu\/hu\/#organization"},"image":{"@id":"https:\/\/blog.ccc.eu\/hu\/hogyan-viseljuk-a-hosszu-szaru-csizmakat-stilusok-kulonfele-alkalmakra\/#primaryimage"},"thumbnailUrl":"https:\/\/blog.ccc.eu\/hu\/wp-content\/uploads\/2023\/11\/damskie-muszkieterki.jpg","keywords":["CCC","divat tippek","Hossz\u00fa sz\u00e1r\u00fa csizm\u00e1k","\u0150szi trendek"],"articleSection":["DIVAT TIPPEK"],"inLanguage":"hu","potentialAction":[{"@type":"CommentAction","name":"Comment","target":["https:\/\/blog.ccc.eu\/hu\/hogyan-viseljuk-a-hosszu-szaru-csizmakat-stilusok-kulonfele-alkalmakra\/#respond"]}]},{"@type":"WebPage","@id":"https:\/\/blog.ccc.eu\/hu\/hogyan-viseljuk-a-hosszu-szaru-csizmakat-stilusok-kulonfele-alkalmakra\/","url":"https:\/\/blog.ccc.eu\/hu\/hogyan-viseljuk-a-hosszu-szaru-csizmakat-stilusok-kulonfele-alkalmakra\/","name":"Hogyan viselj\u00fck a hossz\u00fa sz\u00e1r\u00fa csizm\u00e1kat? St\u00edlusok k\u00fcl\u00f6nf\u00e9le alkalmakra\u00a0 - CCC Fashion blog","isPartOf":{"@id":"https:\/\/blog.ccc.eu\/hu\/#website"},"primaryImageOfPage":{"@id":"https:\/\/blog.ccc.eu\/hu\/hogyan-viseljuk-a-hosszu-szaru-csizmakat-stilusok-kulonfele-alkalmakra\/#primaryimage"},"image":{"@id":"https:\/\/blog.ccc.eu\/hu\/hogyan-viseljuk-a-hosszu-szaru-csizmakat-stilusok-kulonfele-alkalmakra\/#primaryimage"},"thumbnailUrl":"https:\/\/blog.ccc.eu\/hu\/wp-content\/uploads\/2023\/11\/damskie-muszkieterki.jpg","datePublished":"2023-11-03T14:40:46+00:00","dateModified":"2023-11-03T14:40:47+00:00","description":"A hossz\u00fa sz\u00e1r\u00fa csizm\u00e1k \u00e9vek \u00f3ta a trendek \u00e9l\u00e9n \u00e1llnak! Rengeteg st\u00edlus\u00fa ruh\u00e1val viselhetj\u00fck \u0151ket \u00e9s garant\u00e1ltan feldobj\u00e1k a megjelen\u00e9s\u00fcnket.","breadcrumb":{"@id":"https:\/\/blog.ccc.eu\/hu\/hogyan-viseljuk-a-hosszu-szaru-csizmakat-stilusok-kulonfele-alkalmakra\/#breadcrumb"},"inLanguage":"hu","potentialAction":[{"@type":"ReadAction","target":["https:\/\/blog.ccc.eu\/hu\/hogyan-viseljuk-a-hosszu-szaru-csizmakat-stilusok-kulonfele-alkalmakra\/"]}]},{"@type":"ImageObject","inLanguage":"hu","@id":"https:\/\/blog.ccc.eu\/hu\/hogyan-viseljuk-a-hosszu-szaru-csizmakat-stilusok-kulonfele-alkalmakra\/#primaryimage","url":"https:\/\/blog.ccc.eu\/hu\/wp-content\/uploads\/2023\/11\/damskie-muszkieterki.jpg","contentUrl":"https:\/\/blog.ccc.eu\/hu\/wp-content\/uploads\/2023\/11\/damskie-muszkieterki.jpg","width":1080,"height":1350,"caption":"hossz\u00fa sz\u00e1r\u00fa csizm\u00e1k"},{"@type":"BreadcrumbList","@id":"https:\/\/blog.ccc.eu\/hu\/hogyan-viseljuk-a-hosszu-szaru-csizmakat-stilusok-kulonfele-alkalmakra\/#breadcrumb","itemListElement":[{"@type":"ListItem","position":1,"name":"Strona g\u0142\u00f3wna","item":"https:\/\/blog.ccc.eu\/hu\/"},{"@type":"ListItem","position":2,"name":"Hogyan viselj\u00fck a hossz\u00fa sz\u00e1r\u00fa csizm\u00e1kat? St\u00edlusok k\u00fcl\u00f6nf\u00e9le alkalmakra\u00a0"}]},{"@type":"WebSite","@id":"https:\/\/blog.ccc.eu\/hu\/#website","url":"https:\/\/blog.ccc.eu\/hu\/","name":"CCC Fashion blog","description":"Az \u00d6n helye tele van divatihletekkel","publisher":{"@id":"https:\/\/blog.ccc.eu\/hu\/#organization"},"potentialAction":[{"@type":"SearchAction","target":{"@type":"EntryPoint","urlTemplate":"https:\/\/blog.ccc.eu\/hu\/?s={search_term_string}"},"query-input":{"@type":"PropertyValueSpecification","valueRequired":true,"valueName":"search_term_string"}}],"inLanguage":"hu"},{"@type":"Organization","@id":"https:\/\/blog.ccc.eu\/hu\/#organization","name":"CCC S.A.","url":"https:\/\/blog.ccc.eu\/hu\/","logo":{"@type":"ImageObject","inLanguage":"hu","@id":"https:\/\/blog.ccc.eu\/hu\/#\/schema\/logo\/image\/","url":"https:\/\/blog.ccc.eu\/hu\/wp-content\/uploads\/2021\/11\/logo_ccc.png","contentUrl":"https:\/\/blog.ccc.eu\/hu\/wp-content\/uploads\/2021\/11\/logo_ccc.png","width":730,"height":270,"caption":"CCC S.A."},"image":{"@id":"https:\/\/blog.ccc.eu\/hu\/#\/schema\/logo\/image\/"}},{"@type":"Person","@id":"https:\/\/blog.ccc.eu\/hu\/#\/schema\/person\/b37d4e58a15b8cc6b1339218cfeb7c10","name":"Beatrix Korosi","image":{"@type":"ImageObject","inLanguage":"hu","@id":"https:\/\/blog.ccc.eu\/hu\/#\/schema\/person\/image\/","url":"https:\/\/blog.ccc.eu\/hu\/wp-content\/uploads\/2022\/11\/Bea-150x150.jpg","contentUrl":"https:\/\/blog.ccc.eu\/hu\/wp-content\/uploads\/2022\/11\/Bea-150x150.jpg","caption":"Beatrix Korosi"},"url":"https:\/\/blog.ccc.eu\/hu\/author\/beatrix-korosi\/"}]}},"_links":{"self":[{"href":"https:\/\/blog.ccc.eu\/hu\/wp-json\/wp\/v2\/posts\/9309","targetHints":{"allow":["GET"]}}],"collection":[{"href":"https:\/\/blog.ccc.eu\/hu\/wp-json\/wp\/v2\/posts"}],"about":[{"href":"https:\/\/blog.ccc.eu\/hu\/wp-json\/wp\/v2\/types\/post"}],"author":[{"embeddable":true,"href":"https:\/\/blog.ccc.eu\/hu\/wp-json\/wp\/v2\/users\/22"}],"replies":[{"embeddable":true,"href":"https:\/\/blog.ccc.eu\/hu\/wp-json\/wp\/v2\/comments?post=9309"}],"version-history":[{"count":1,"href":"https:\/\/blog.ccc.eu\/hu\/wp-json\/wp\/v2\/posts\/9309\/revisions"}],"predecessor-version":[{"id":9319,"href":"https:\/\/blog.ccc.eu\/hu\/wp-json\/wp\/v2\/posts\/9309\/revisions\/9319"}],"wp:featuredmedia":[{"embeddable":true,"href":"https:\/\/blog.ccc.eu\/hu\/wp-json\/wp\/v2\/media\/9310"}],"wp:attachment":[{"href":"https:\/\/blog.ccc.eu\/hu\/wp-json\/wp\/v2\/media?parent=9309"}],"wp:term":[{"taxonomy":"category","embeddable":true,"href":"https:\/\/blog.ccc.eu\/hu\/wp-json\/wp\/v2\/categories?post=9309"},{"taxonomy":"post_tag","embeddable":true,"href":"https:\/\/blog.ccc.eu\/hu\/wp-json\/wp\/v2\/tags?post=9309"}],"curies":[{"name":"wp","href":"https:\/\/api.w.org\/{rel}","templated":true}]}}