{"id":9363,"date":"2023-11-24T14:45:27","date_gmt":"2023-11-24T13:45:27","guid":{"rendered":"https:\/\/blog.ccc.eu\/hu\/?p=9363"},"modified":"2023-11-24T14:45:28","modified_gmt":"2023-11-24T13:45:28","slug":"black-week-a-ccc-nel-a-tokeletes-cipok-es-taskak-az-egesz-csaladnak","status":"publish","type":"post","link":"https:\/\/blog.ccc.eu\/hu\/black-week-a-ccc-nel-a-tokeletes-cipok-es-taskak-az-egesz-csaladnak\/","title":{"rendered":"Black Week a CCC-n\u00e9l!-A t\u00f6k\u00e9letes cip\u0151k \u00e9s t\u00e1sk\u00e1k az eg\u00e9sz csal\u00e1dnak"},"content":{"rendered":"\n<p><b>Mutasd a legjobb form\u00e1d ezen a t\u00e9len! Ehhez nincs m\u00e1sra sz\u00fcks\u00e9ged, mint a legdivatosabb cip\u0151kre \u00e9s kieg\u00e9sz\u00edt\u0151kre. A CCC Black Week akci\u00f3j\u00e1nak keret\u00e9ben november 22 &#8211; 27. k\u00f6z\u00f6tt r\u00e1ad\u00e1sul \u00f3ri\u00e1si kedvezm\u00e9nnyel szerezheted be ezeket!<\/b><\/p>\n\n\n\n<figure class=\"wp-block-gallery has-nested-images columns-default is-cropped wp-block-gallery-1 is-layout-flex wp-block-gallery-is-layout-flex\">\n<figure class=\"wp-block-image size-large\"><img loading=\"lazy\" decoding=\"async\" width=\"1024\" height=\"1024\" data-id=\"9365\" src=\"https:\/\/blog.ccc.eu\/hu\/wp-content\/uploads\/2023\/11\/MicrosoftTeams-image-16-1024x1024.jpg\" alt=\"\" class=\"wp-image-9365\" srcset=\"https:\/\/blog.ccc.eu\/hu\/wp-content\/uploads\/2023\/11\/MicrosoftTeams-image-16-1024x1024.jpg 1024w, https:\/\/blog.ccc.eu\/hu\/wp-content\/uploads\/2023\/11\/MicrosoftTeams-image-16-300x300.jpg 300w, https:\/\/blog.ccc.eu\/hu\/wp-content\/uploads\/2023\/11\/MicrosoftTeams-image-16-150x150.jpg 150w, https:\/\/blog.ccc.eu\/hu\/wp-content\/uploads\/2023\/11\/MicrosoftTeams-image-16-768x768.jpg 768w, https:\/\/blog.ccc.eu\/hu\/wp-content\/uploads\/2023\/11\/MicrosoftTeams-image-16-100x100.jpg 100w, https:\/\/blog.ccc.eu\/hu\/wp-content\/uploads\/2023\/11\/MicrosoftTeams-image-16.jpg 1080w\" sizes=\"auto, (max-width: 1024px) 100vw, 1024px\" \/><\/figure>\n\n\n\n<figure class=\"wp-block-image size-large\"><img loading=\"lazy\" decoding=\"async\" width=\"1024\" height=\"1024\" data-id=\"9364\" src=\"https:\/\/blog.ccc.eu\/hu\/wp-content\/uploads\/2023\/11\/MicrosoftTeams-image-15-1024x1024.jpg\" alt=\"\" class=\"wp-image-9364\" srcset=\"https:\/\/blog.ccc.eu\/hu\/wp-content\/uploads\/2023\/11\/MicrosoftTeams-image-15-1024x1024.jpg 1024w, https:\/\/blog.ccc.eu\/hu\/wp-content\/uploads\/2023\/11\/MicrosoftTeams-image-15-300x300.jpg 300w, https:\/\/blog.ccc.eu\/hu\/wp-content\/uploads\/2023\/11\/MicrosoftTeams-image-15-150x150.jpg 150w, https:\/\/blog.ccc.eu\/hu\/wp-content\/uploads\/2023\/11\/MicrosoftTeams-image-15-768x768.jpg 768w, https:\/\/blog.ccc.eu\/hu\/wp-content\/uploads\/2023\/11\/MicrosoftTeams-image-15-100x100.jpg 100w, https:\/\/blog.ccc.eu\/hu\/wp-content\/uploads\/2023\/11\/MicrosoftTeams-image-15.jpg 1080w\" sizes=\"auto, (max-width: 1024px) 100vw, 1024px\" \/><\/figure>\n<\/figure>\n\n\n\n<p>A CCC kedvezm\u00e9nye ebben az id\u0151szakban a teljes \u00e1ruk\u00e9szletre \u00e9rv\u00e9nyes &#8211; m\u00e9g a le\u00e1razott darabokra is -, \u00edgy a f\u00e9rfi \u00e9s gyermek kollekci\u00f3ban is biztosan tal\u00e1lsz kedvedre val\u00f3t, ak\u00e1r a csal\u00e1d minden tagj\u00e1nak! A Black Week keret\u00e9ben t\u00f6bb napon kereszt\u00fcl \u00e9lvezheted a kedvez\u0151 aj\u00e1nlatokat, de az akci\u00f3 csak a k\u00e9szlet erej\u00e9ig \u00e9rv\u00e9nyes, sz\u00f3val siess, nehogy elkapkodj\u00e1k el\u0151led \u00e9s a csal\u00e1dod el\u0151l a kiszemelt darabokat.<\/p>\n\n\n\n<p>\u00c9s, ha m\u00e1r itt tartunk, seg\u00edt\u00fcnk kiv\u00e1lasztani a szezon must-have term\u00e9keit!<\/p>\n\n\n\n<h2 class=\"wp-block-heading\">N\u0151i cip\u0151k<\/h2>\n\n\n\n<p>Eleg\u00e1ns, sikkes \u00e9s st\u00edlusos design &#8211; a Gino Rossi a cip\u0151k\u00e9sz\u00edt\u00e9s esszenci\u00e1ja; cip\u0151it a leg\u00fajabb divattrendek \u00e9s a klasszikusok kreat\u00edv megk\u00f6zel\u00edt\u00e9se jellemzi.<\/p>\n\n\n\n<p>Ha a zord, sz\u00fcrke t\u00e9li mindennapokban kit\u0171nn\u00e9l a t\u00f6megb\u0151l, elengedhetetlen egy Gino Rossi csizma a szekr\u00e9nyedben. Ez AZ a l\u00e1bbeli, ami m\u00e9g fekete sz\u00ednben is t\u00fcnd\u00f6k\u00f6lni fog a l\u00e1badon, r\u00e1ad\u00e1sul min\u0151s\u00e9gi b\u0151r anyag\u00e1nak k\u00f6sz\u00f6nhet\u0151en ki\u00e1llja az \u00e9vszak pr\u00f3b\u00e1j\u00e1t.<\/p>\n\n\n\n<figure class=\"wp-block-gallery has-nested-images columns-default is-cropped wp-block-gallery-2 is-layout-flex wp-block-gallery-is-layout-flex\">\n<figure class=\"wp-block-image size-large\"><img loading=\"lazy\" decoding=\"async\" width=\"683\" height=\"1024\" data-id=\"9366\" src=\"https:\/\/blog.ccc.eu\/hu\/wp-content\/uploads\/2023\/11\/CCC_5905588029915_01-683x1024.jpg\" alt=\"\" class=\"wp-image-9366\" srcset=\"https:\/\/blog.ccc.eu\/hu\/wp-content\/uploads\/2023\/11\/CCC_5905588029915_01-683x1024.jpg 683w, https:\/\/blog.ccc.eu\/hu\/wp-content\/uploads\/2023\/11\/CCC_5905588029915_01-200x300.jpg 200w, https:\/\/blog.ccc.eu\/hu\/wp-content\/uploads\/2023\/11\/CCC_5905588029915_01-768x1152.jpg 768w, https:\/\/blog.ccc.eu\/hu\/wp-content\/uploads\/2023\/11\/CCC_5905588029915_01-100x150.jpg 100w, https:\/\/blog.ccc.eu\/hu\/wp-content\/uploads\/2023\/11\/CCC_5905588029915_01.jpg 876w\" sizes=\"auto, (max-width: 683px) 100vw, 683px\" \/><\/figure>\n\n\n\n<figure class=\"wp-block-image size-large\"><img loading=\"lazy\" decoding=\"async\" width=\"683\" height=\"1024\" data-id=\"9367\" src=\"https:\/\/blog.ccc.eu\/hu\/wp-content\/uploads\/2023\/11\/CCC_5905588029915_02M-683x1024.jpg\" alt=\"\" class=\"wp-image-9367\" srcset=\"https:\/\/blog.ccc.eu\/hu\/wp-content\/uploads\/2023\/11\/CCC_5905588029915_02M-683x1024.jpg 683w, https:\/\/blog.ccc.eu\/hu\/wp-content\/uploads\/2023\/11\/CCC_5905588029915_02M-200x300.jpg 200w, https:\/\/blog.ccc.eu\/hu\/wp-content\/uploads\/2023\/11\/CCC_5905588029915_02M-768x1152.jpg 768w, https:\/\/blog.ccc.eu\/hu\/wp-content\/uploads\/2023\/11\/CCC_5905588029915_02M-100x150.jpg 100w, https:\/\/blog.ccc.eu\/hu\/wp-content\/uploads\/2023\/11\/CCC_5905588029915_02M.jpg 876w\" sizes=\"auto, (max-width: 683px) 100vw, 683px\" \/><\/figure>\n<\/figure>\n\n\n\n<h2 class=\"wp-block-heading\">N\u0151i t\u00e1sk\u00e1k<\/h2>\n\n\n\n<p>Egy exkluz\u00edv t\u00e1ska remek\u00fcl kieg\u00e9sz\u00edtheti az \u00f6lt\u00f6z\u00e9ket, ezzel a Gino Rossi t\u00e1sk\u00e1val pedig a min\u0151s\u00e9gi b\u0151r el\u0151nyeit sz\u00f3 szerint a kezeid k\u00f6z\u00f6tt is \u00e9rezheted. Ez a shopper t\u00e9len is a legjobb \u00fatit\u00e1rsad lehet &#8211; hiszen k\u00f6nnyed\u00e9n elrejthetsz benne m\u00e9g egy pulcsit az esti haza\u00fatra, vagy a v\u00e1lladra akasztva, k\u00e9nyelmesen magaddal viheted a csal\u00e1dnak sz\u00e1nt meglepet\u00e9seket, melyeket sikeresen beszerezt\u00e9l az adventi v\u00e1s\u00e1ron.<\/p>\n\n\n\n<figure class=\"wp-block-gallery has-nested-images columns-default is-cropped wp-block-gallery-3 is-layout-flex wp-block-gallery-is-layout-flex\">\n<figure class=\"wp-block-image size-large\"><img loading=\"lazy\" decoding=\"async\" width=\"683\" height=\"1024\" data-id=\"9368\" src=\"https:\/\/blog.ccc.eu\/hu\/wp-content\/uploads\/2023\/11\/CCC_5905588135968_02-683x1024.jpg\" alt=\"\" class=\"wp-image-9368\" srcset=\"https:\/\/blog.ccc.eu\/hu\/wp-content\/uploads\/2023\/11\/CCC_5905588135968_02-683x1024.jpg 683w, https:\/\/blog.ccc.eu\/hu\/wp-content\/uploads\/2023\/11\/CCC_5905588135968_02-200x300.jpg 200w, https:\/\/blog.ccc.eu\/hu\/wp-content\/uploads\/2023\/11\/CCC_5905588135968_02-768x1152.jpg 768w, https:\/\/blog.ccc.eu\/hu\/wp-content\/uploads\/2023\/11\/CCC_5905588135968_02-100x150.jpg 100w, https:\/\/blog.ccc.eu\/hu\/wp-content\/uploads\/2023\/11\/CCC_5905588135968_02.jpg 876w\" sizes=\"auto, (max-width: 683px) 100vw, 683px\" \/><\/figure>\n\n\n\n<figure class=\"wp-block-image size-large\"><img loading=\"lazy\" decoding=\"async\" width=\"683\" height=\"1024\" data-id=\"9369\" src=\"https:\/\/blog.ccc.eu\/hu\/wp-content\/uploads\/2023\/11\/CCC_5905588135968_02M-683x1024.jpg\" alt=\"\" class=\"wp-image-9369\" srcset=\"https:\/\/blog.ccc.eu\/hu\/wp-content\/uploads\/2023\/11\/CCC_5905588135968_02M-683x1024.jpg 683w, https:\/\/blog.ccc.eu\/hu\/wp-content\/uploads\/2023\/11\/CCC_5905588135968_02M-200x300.jpg 200w, https:\/\/blog.ccc.eu\/hu\/wp-content\/uploads\/2023\/11\/CCC_5905588135968_02M-768x1152.jpg 768w, https:\/\/blog.ccc.eu\/hu\/wp-content\/uploads\/2023\/11\/CCC_5905588135968_02M-100x150.jpg 100w, https:\/\/blog.ccc.eu\/hu\/wp-content\/uploads\/2023\/11\/CCC_5905588135968_02M.jpg 876w\" sizes=\"auto, (max-width: 683px) 100vw, 683px\" \/><\/figure>\n<\/figure>\n\n\n\n<h2 class=\"wp-block-heading\">F\u00e9rfi cip\u0151k<\/h2>\n\n\n\n<p>A Lasocki m\u00e1rka term\u00e9kei az id\u0151tlen eleganci\u00e1t k\u00e9pviselik, de a leg\u00fajabb trendeknek is megfelelnek.<\/p>\n\n\n\n<p>Legyen sz\u00f3 egy hossz\u00fa s\u00e9t\u00e1r\u00f3l az \u00fcnnepi f\u00e9ny\u00e1rban \u00fasz\u00f3 v\u00e1rosban, vagy egy k\u00fclt\u00e9ri randev\u00far\u00f3l a kedvessel &#8211; a lengyel gy\u00e1rt\u00e1s garant\u00e1lja a legmagasabb visel\u00e9si k\u00e9nyelmet. Ker\u00fcld el, hogy a l\u00e1bf\u00e1j\u00e1sra hivatkozva p\u00e1rod v\u00e9get vessen a k\u00f6z\u00f6s programoknak, aj\u00e1nd\u00e9kozz k\u00e9nyelmet!<\/p>\n\n\n\n<figure class=\"wp-block-gallery has-nested-images columns-default is-cropped wp-block-gallery-4 is-layout-flex wp-block-gallery-is-layout-flex\">\n<figure class=\"wp-block-image size-large\"><img loading=\"lazy\" decoding=\"async\" width=\"683\" height=\"1024\" data-id=\"9370\" src=\"https:\/\/blog.ccc.eu\/hu\/wp-content\/uploads\/2023\/11\/CCC_5905588054252_01-683x1024.jpg\" alt=\"\" class=\"wp-image-9370\" srcset=\"https:\/\/blog.ccc.eu\/hu\/wp-content\/uploads\/2023\/11\/CCC_5905588054252_01-683x1024.jpg 683w, https:\/\/blog.ccc.eu\/hu\/wp-content\/uploads\/2023\/11\/CCC_5905588054252_01-200x300.jpg 200w, https:\/\/blog.ccc.eu\/hu\/wp-content\/uploads\/2023\/11\/CCC_5905588054252_01-768x1152.jpg 768w, https:\/\/blog.ccc.eu\/hu\/wp-content\/uploads\/2023\/11\/CCC_5905588054252_01-100x150.jpg 100w, https:\/\/blog.ccc.eu\/hu\/wp-content\/uploads\/2023\/11\/CCC_5905588054252_01.jpg 876w\" sizes=\"auto, (max-width: 683px) 100vw, 683px\" \/><\/figure>\n\n\n\n<figure class=\"wp-block-image size-large\"><img loading=\"lazy\" decoding=\"async\" width=\"683\" height=\"1024\" data-id=\"9371\" src=\"https:\/\/blog.ccc.eu\/hu\/wp-content\/uploads\/2023\/11\/CCC_5905588054252_04-683x1024.jpg\" alt=\"\" class=\"wp-image-9371\" srcset=\"https:\/\/blog.ccc.eu\/hu\/wp-content\/uploads\/2023\/11\/CCC_5905588054252_04-683x1024.jpg 683w, https:\/\/blog.ccc.eu\/hu\/wp-content\/uploads\/2023\/11\/CCC_5905588054252_04-200x300.jpg 200w, https:\/\/blog.ccc.eu\/hu\/wp-content\/uploads\/2023\/11\/CCC_5905588054252_04-768x1152.jpg 768w, https:\/\/blog.ccc.eu\/hu\/wp-content\/uploads\/2023\/11\/CCC_5905588054252_04-100x150.jpg 100w, https:\/\/blog.ccc.eu\/hu\/wp-content\/uploads\/2023\/11\/CCC_5905588054252_04.jpg 876w\" sizes=\"auto, (max-width: 683px) 100vw, 683px\" \/><\/figure>\n<\/figure>\n\n\n\n<h2 class=\"wp-block-heading\">F\u00e9rfi t\u00e1sk\u00e1k<\/h2>\n\n\n\n<p>A t\u00e9li wellness h\u00e9tv\u00e9g\u00e9n\u00e9l aligha van kellemesebb &#8211; el\u00e9g csak elk\u00e9pzelni, hogy az erdei h\u00e1zik\u00f3 ablak\u00e1b\u00f3l n\u00e9zitek a sz\u00e1lling\u00f3z\u00f3 h\u00f3pelyheket, vagy ahogy a hideg el\u0151l egy d\u00e9zsa forr\u00f3 viz\u00e9be mer\u00fclt\u00f6k. Egy ilyen Lasocki f\u00e9rfi t\u00e1sk\u00e1ban szinte b\u00e1rmi k\u00e9nyelmesen bef\u00e9r egy r\u00f6vid kiruccan\u00e1shoz. R\u00e1ad\u00e1sul akkor is j\u00f3l j\u00f6n majd, amikor az \u00faj\u00e9vi fogadalom hat\u00e1s\u00e1ra p\u00e1rod ism\u00e9t konditeremben kezdi a janu\u00e1rt.<\/p>\n\n\n\n<figure class=\"wp-block-gallery has-nested-images columns-default is-cropped wp-block-gallery-5 is-layout-flex wp-block-gallery-is-layout-flex\">\n<figure class=\"wp-block-image size-large\"><img loading=\"lazy\" decoding=\"async\" width=\"683\" height=\"1024\" data-id=\"9373\" src=\"https:\/\/blog.ccc.eu\/hu\/wp-content\/uploads\/2023\/11\/CCC_5905588104681_01-683x1024.jpg\" alt=\"\" class=\"wp-image-9373\" srcset=\"https:\/\/blog.ccc.eu\/hu\/wp-content\/uploads\/2023\/11\/CCC_5905588104681_01-683x1024.jpg 683w, https:\/\/blog.ccc.eu\/hu\/wp-content\/uploads\/2023\/11\/CCC_5905588104681_01-200x300.jpg 200w, https:\/\/blog.ccc.eu\/hu\/wp-content\/uploads\/2023\/11\/CCC_5905588104681_01-768x1152.jpg 768w, https:\/\/blog.ccc.eu\/hu\/wp-content\/uploads\/2023\/11\/CCC_5905588104681_01-100x150.jpg 100w, https:\/\/blog.ccc.eu\/hu\/wp-content\/uploads\/2023\/11\/CCC_5905588104681_01.jpg 876w\" sizes=\"auto, (max-width: 683px) 100vw, 683px\" \/><\/figure>\n\n\n\n<figure class=\"wp-block-image size-large\"><img loading=\"lazy\" decoding=\"async\" width=\"683\" height=\"1024\" data-id=\"9372\" src=\"https:\/\/blog.ccc.eu\/hu\/wp-content\/uploads\/2023\/11\/CCC_5905588104681_02-683x1024.jpg\" alt=\"\" class=\"wp-image-9372\" srcset=\"https:\/\/blog.ccc.eu\/hu\/wp-content\/uploads\/2023\/11\/CCC_5905588104681_02-683x1024.jpg 683w, https:\/\/blog.ccc.eu\/hu\/wp-content\/uploads\/2023\/11\/CCC_5905588104681_02-200x300.jpg 200w, https:\/\/blog.ccc.eu\/hu\/wp-content\/uploads\/2023\/11\/CCC_5905588104681_02-768x1152.jpg 768w, https:\/\/blog.ccc.eu\/hu\/wp-content\/uploads\/2023\/11\/CCC_5905588104681_02-100x150.jpg 100w, https:\/\/blog.ccc.eu\/hu\/wp-content\/uploads\/2023\/11\/CCC_5905588104681_02.jpg 876w\" sizes=\"auto, (max-width: 683px) 100vw, 683px\" \/><\/figure>\n<\/figure>\n\n\n\n<h2 class=\"wp-block-heading\">Gyermek cip\u0151k<\/h2>\n\n\n\n<p>A Lasocki Kids term\u00e9kcsal\u00e1d a legkisebbek sz\u00e1m\u00e1ra biztos\u00edtja a legnagyobb k\u00e9nyelmet. A kiv\u00e1l\u00f3 min\u0151s\u00e9g\u0171 b\u0151r nem csak a v\u00e1ltoz\u00e9kony t\u00e9li id\u0151j\u00e1r\u00e1ssal veszi fel a ritmust, hanem gyermeked temp\u00f3j\u00e1val is! J\u00e1rjatok egy l\u00e9p\u00e9ssel az \u00f6lt\u00f6zk\u00f6d\u00e9ssel j\u00e1r\u00f3 hiszti el\u0151tt &#8211; a Lasocki bakancsait egyedi designj\u00e1nak \u00e9s \u00e9l\u00e9nk sz\u00edneinek k\u00f6sz\u00f6nhet\u0151en minden gyermek \u00f6r\u00f6mmel h\u00fazza a l\u00e1b\u00e1ra.<\/p>\n\n\n\n<figure class=\"wp-block-gallery has-nested-images columns-default is-cropped wp-block-gallery-6 is-layout-flex wp-block-gallery-is-layout-flex\">\n<figure class=\"wp-block-image size-large\"><img loading=\"lazy\" decoding=\"async\" width=\"683\" height=\"1024\" data-id=\"9375\" src=\"https:\/\/blog.ccc.eu\/hu\/wp-content\/uploads\/2023\/11\/CCC_5905588186236_02M_01-683x1024.jpg\" alt=\"\" class=\"wp-image-9375\" srcset=\"https:\/\/blog.ccc.eu\/hu\/wp-content\/uploads\/2023\/11\/CCC_5905588186236_02M_01-683x1024.jpg 683w, https:\/\/blog.ccc.eu\/hu\/wp-content\/uploads\/2023\/11\/CCC_5905588186236_02M_01-200x300.jpg 200w, https:\/\/blog.ccc.eu\/hu\/wp-content\/uploads\/2023\/11\/CCC_5905588186236_02M_01-768x1152.jpg 768w, https:\/\/blog.ccc.eu\/hu\/wp-content\/uploads\/2023\/11\/CCC_5905588186236_02M_01-100x150.jpg 100w, https:\/\/blog.ccc.eu\/hu\/wp-content\/uploads\/2023\/11\/CCC_5905588186236_02M_01.jpg 876w\" sizes=\"auto, (max-width: 683px) 100vw, 683px\" \/><\/figure>\n\n\n\n<figure class=\"wp-block-image size-large\"><img loading=\"lazy\" decoding=\"async\" width=\"683\" height=\"1024\" data-id=\"9374\" src=\"https:\/\/blog.ccc.eu\/hu\/wp-content\/uploads\/2023\/11\/CCC_5905588186243_02M-683x1024.jpg\" alt=\"\" class=\"wp-image-9374\" srcset=\"https:\/\/blog.ccc.eu\/hu\/wp-content\/uploads\/2023\/11\/CCC_5905588186243_02M-683x1024.jpg 683w, https:\/\/blog.ccc.eu\/hu\/wp-content\/uploads\/2023\/11\/CCC_5905588186243_02M-200x300.jpg 200w, https:\/\/blog.ccc.eu\/hu\/wp-content\/uploads\/2023\/11\/CCC_5905588186243_02M-768x1152.jpg 768w, https:\/\/blog.ccc.eu\/hu\/wp-content\/uploads\/2023\/11\/CCC_5905588186243_02M-100x150.jpg 100w, https:\/\/blog.ccc.eu\/hu\/wp-content\/uploads\/2023\/11\/CCC_5905588186243_02M.jpg 876w\" sizes=\"auto, (max-width: 683px) 100vw, 683px\" \/><\/figure>\n<\/figure>\n\n\n\n<p>Fedezd fel a Black Week csod\u00e1latos aj\u00e1nlatait\u00a0<a href=\"https:\/\/ccc.eu\/hu\/sklepy\" target=\"_blank\" rel=\"noreferrer noopener\">CCC \u00fczleteinkben<\/a>,\u00a0<a href=\"https:\/\/ccc.eu\/hu\/\" target=\"_blank\" rel=\"noreferrer noopener\">webshopunkban<\/a>, \u00e9s az\u00a0<a href=\"https:\/\/ccc.eu\/hu\/mobile-app\" target=\"_blank\" rel=\"noreferrer noopener\">alkalmaz\u00e1sban<\/a>. Legy\u00e9l\u00a0<a href=\"https:\/\/ccc.eu\/hu\/klub-ccc\" target=\"_blank\" rel=\"noreferrer noopener\">CCC klubtag<\/a>\u00a0is, \u00e9s \u00e9lvezd a k\u00e9nyelmes \u00e9s kedvezm\u00e9nyes v\u00e1s\u00e1rl\u00e1si lehet\u0151s\u00e9geket! K\u00f6vesd vel\u00fcnk a divatot\u00a0<a href=\"https:\/\/www.facebook.com\/CCC.Hungary\/\" target=\"_blank\" rel=\"noreferrer noopener\">Facebookon,<\/a>\u00a0\u00e9s inspir\u00e1l\u00f3dj vel\u00fcnk az\u00a0<a href=\"https:\/\/www.instagram.com\/cccshoesbags\/\" target=\"_blank\" rel=\"noreferrer noopener\">Instagramon<\/a>\u00a0is!\u00a0\u00a0\u00a0 \u00a0<\/p>\n","protected":false},"excerpt":{"rendered":"<p>Mutasd a legjobb form\u00e1d ezen a t\u00e9len! Ehhez nincs m\u00e1sra sz\u00fcks\u00e9ged, mint a legdivatosabb cip\u0151kre \u00e9s kieg\u00e9sz\u00edt\u0151kre. A CCC Black Week akci\u00f3j\u00e1nak keret\u00e9ben november 22 &#8211; 27. k\u00f6z\u00f6tt r\u00e1ad\u00e1sul \u00f3ri\u00e1si kedvezm\u00e9nnyel szerezheted be ezeket! A CCC kedvezm\u00e9nye ebben az id\u0151szakban a teljes \u00e1ruk\u00e9szletre \u00e9rv\u00e9nyes &#8211; m\u00e9g a le\u00e1razott darabokra is -, \u00edgy a f\u00e9rfi \u00e9s [&hellip;]<\/p>\n","protected":false},"author":22,"featured_media":9364,"comment_status":"open","ping_status":"open","sticky":false,"template":"","format":"standard","meta":{"_acf_changed":false,"footnotes":""},"categories":[432],"tags":[1138,560,707,1080,1122],"class_list":["post-9363","post","type-post","status-publish","format-standard","has-post-thumbnail","hentry","category-ujdonsagok","tag-black-week","tag-ccc","tag-cipok","tag-taskak","tag-ujdonsag-3"],"acf":[],"yoast_head":"<!-- This site is optimized with the Yoast SEO plugin v26.9 - https:\/\/yoast.com\/product\/yoast-seo-wordpress\/ -->\n<title>Black Week a CCC-n\u00e9l!-A t\u00f6k\u00e9letes cip\u0151k \u00e9s t\u00e1sk\u00e1k az eg\u00e9sz csal\u00e1dnak - CCC Fashion blog<\/title>\n<meta name=\"description\" content=\"Fedezd fel a Black Week aj\u00e1nlatait \u00e9s tal\u00e1ld meg az \u00edzl\u00e9sednek megfelel\u0151 cip\u0151ket \u00e9s t\u00e1sk\u00e1kat a CCC-ben az eg\u00e9sz csal\u00e1d sz\u00e1m\u00e1ra! 2026\" \/>\n<meta name=\"robots\" content=\"index, follow, max-snippet:-1, max-image-preview:large, max-video-preview:-1\" \/>\n<link rel=\"canonical\" href=\"https:\/\/blog.ccc.eu\/hu\/black-week-a-ccc-nel-a-tokeletes-cipok-es-taskak-az-egesz-csaladnak\/\" \/>\n<meta property=\"og:locale\" content=\"hu_HU\" \/>\n<meta property=\"og:type\" content=\"article\" \/>\n<meta property=\"og:title\" content=\"Black Week a CCC-n\u00e9l!-A t\u00f6k\u00e9letes cip\u0151k \u00e9s t\u00e1sk\u00e1k az eg\u00e9sz csal\u00e1dnak - CCC Fashion blog\" \/>\n<meta property=\"og:description\" content=\"Fedezd fel a Black Week aj\u00e1nlatait \u00e9s tal\u00e1ld meg az \u00edzl\u00e9sednek megfelel\u0151 cip\u0151ket \u00e9s t\u00e1sk\u00e1kat a CCC-ben az eg\u00e9sz csal\u00e1d sz\u00e1m\u00e1ra!\" \/>\n<meta property=\"og:url\" content=\"https:\/\/blog.ccc.eu\/hu\/black-week-a-ccc-nel-a-tokeletes-cipok-es-taskak-az-egesz-csaladnak\/\" \/>\n<meta property=\"og:site_name\" content=\"CCC Fashion blog\" \/>\n<meta property=\"article:published_time\" content=\"2023-11-24T13:45:27+00:00\" \/>\n<meta property=\"article:modified_time\" content=\"2023-11-24T13:45:28+00:00\" \/>\n<meta property=\"og:image\" content=\"https:\/\/blog.ccc.eu\/hu\/wp-content\/uploads\/2023\/11\/MicrosoftTeams-image-15.jpg\" \/>\n\t<meta property=\"og:image:width\" content=\"1080\" \/>\n\t<meta property=\"og:image:height\" content=\"1080\" \/>\n\t<meta property=\"og:image:type\" content=\"image\/jpeg\" \/>\n<meta name=\"author\" content=\"Beatrix Korosi\" \/>\n<meta name=\"twitter:card\" content=\"summary_large_image\" \/>\n<meta name=\"twitter:label1\" content=\"Szerz\u0151:\" \/>\n\t<meta name=\"twitter:data1\" content=\"Beatrix Korosi\" \/>\n\t<meta name=\"twitter:label2\" content=\"Becs\u00fclt olvas\u00e1si id\u0151\" \/>\n\t<meta name=\"twitter:data2\" content=\"3 perc\" \/>\n<script type=\"application\/ld+json\" class=\"yoast-schema-graph\">{\"@context\":\"https:\/\/schema.org\",\"@graph\":[{\"@type\":\"Article\",\"@id\":\"https:\/\/blog.ccc.eu\/hu\/black-week-a-ccc-nel-a-tokeletes-cipok-es-taskak-az-egesz-csaladnak\/#article\",\"isPartOf\":{\"@id\":\"https:\/\/blog.ccc.eu\/hu\/black-week-a-ccc-nel-a-tokeletes-cipok-es-taskak-az-egesz-csaladnak\/\"},\"author\":{\"name\":\"Beatrix Korosi\",\"@id\":\"https:\/\/blog.ccc.eu\/hu\/#\/schema\/person\/b37d4e58a15b8cc6b1339218cfeb7c10\"},\"headline\":\"Black Week a CCC-n\u00e9l!-A t\u00f6k\u00e9letes cip\u0151k \u00e9s t\u00e1sk\u00e1k az eg\u00e9sz csal\u00e1dnak\",\"datePublished\":\"2023-11-24T13:45:27+00:00\",\"dateModified\":\"2023-11-24T13:45:28+00:00\",\"mainEntityOfPage\":{\"@id\":\"https:\/\/blog.ccc.eu\/hu\/black-week-a-ccc-nel-a-tokeletes-cipok-es-taskak-az-egesz-csaladnak\/\"},\"wordCount\":708,\"commentCount\":0,\"publisher\":{\"@id\":\"https:\/\/blog.ccc.eu\/hu\/#organization\"},\"image\":{\"@id\":\"https:\/\/blog.ccc.eu\/hu\/black-week-a-ccc-nel-a-tokeletes-cipok-es-taskak-az-egesz-csaladnak\/#primaryimage\"},\"thumbnailUrl\":\"https:\/\/blog.ccc.eu\/hu\/wp-content\/uploads\/2023\/11\/MicrosoftTeams-image-15.jpg\",\"keywords\":[\"Black Week\",\"CCC\",\"cip\u0151k\",\"T\u00e1sk\u00e1k\",\"\u00dajdons\u00e1g\"],\"articleSection\":[\"\u00daJDONS\u00c1GOK\"],\"inLanguage\":\"hu\",\"potentialAction\":[{\"@type\":\"CommentAction\",\"name\":\"Comment\",\"target\":[\"https:\/\/blog.ccc.eu\/hu\/black-week-a-ccc-nel-a-tokeletes-cipok-es-taskak-az-egesz-csaladnak\/#respond\"]}]},{\"@type\":\"WebPage\",\"@id\":\"https:\/\/blog.ccc.eu\/hu\/black-week-a-ccc-nel-a-tokeletes-cipok-es-taskak-az-egesz-csaladnak\/\",\"url\":\"https:\/\/blog.ccc.eu\/hu\/black-week-a-ccc-nel-a-tokeletes-cipok-es-taskak-az-egesz-csaladnak\/\",\"name\":\"Black Week a CCC-n\u00e9l!-A t\u00f6k\u00e9letes cip\u0151k \u00e9s t\u00e1sk\u00e1k az eg\u00e9sz csal\u00e1dnak - CCC Fashion blog\",\"isPartOf\":{\"@id\":\"https:\/\/blog.ccc.eu\/hu\/#website\"},\"primaryImageOfPage\":{\"@id\":\"https:\/\/blog.ccc.eu\/hu\/black-week-a-ccc-nel-a-tokeletes-cipok-es-taskak-az-egesz-csaladnak\/#primaryimage\"},\"image\":{\"@id\":\"https:\/\/blog.ccc.eu\/hu\/black-week-a-ccc-nel-a-tokeletes-cipok-es-taskak-az-egesz-csaladnak\/#primaryimage\"},\"thumbnailUrl\":\"https:\/\/blog.ccc.eu\/hu\/wp-content\/uploads\/2023\/11\/MicrosoftTeams-image-15.jpg\",\"datePublished\":\"2023-11-24T13:45:27+00:00\",\"dateModified\":\"2023-11-24T13:45:28+00:00\",\"description\":\"Fedezd fel a Black Week aj\u00e1nlatait \u00e9s tal\u00e1ld meg az \u00edzl\u00e9sednek megfelel\u0151 cip\u0151ket \u00e9s t\u00e1sk\u00e1kat a CCC-ben az eg\u00e9sz csal\u00e1d sz\u00e1m\u00e1ra!\",\"breadcrumb\":{\"@id\":\"https:\/\/blog.ccc.eu\/hu\/black-week-a-ccc-nel-a-tokeletes-cipok-es-taskak-az-egesz-csaladnak\/#breadcrumb\"},\"inLanguage\":\"hu\",\"potentialAction\":[{\"@type\":\"ReadAction\",\"target\":[\"https:\/\/blog.ccc.eu\/hu\/black-week-a-ccc-nel-a-tokeletes-cipok-es-taskak-az-egesz-csaladnak\/\"]}]},{\"@type\":\"ImageObject\",\"inLanguage\":\"hu\",\"@id\":\"https:\/\/blog.ccc.eu\/hu\/black-week-a-ccc-nel-a-tokeletes-cipok-es-taskak-az-egesz-csaladnak\/#primaryimage\",\"url\":\"https:\/\/blog.ccc.eu\/hu\/wp-content\/uploads\/2023\/11\/MicrosoftTeams-image-15.jpg\",\"contentUrl\":\"https:\/\/blog.ccc.eu\/hu\/wp-content\/uploads\/2023\/11\/MicrosoftTeams-image-15.jpg\",\"width\":1080,\"height\":1080,\"caption\":\"Black Week\"},{\"@type\":\"BreadcrumbList\",\"@id\":\"https:\/\/blog.ccc.eu\/hu\/black-week-a-ccc-nel-a-tokeletes-cipok-es-taskak-az-egesz-csaladnak\/#breadcrumb\",\"itemListElement\":[{\"@type\":\"ListItem\",\"position\":1,\"name\":\"Strona g\u0142\u00f3wna\",\"item\":\"https:\/\/blog.ccc.eu\/hu\/\"},{\"@type\":\"ListItem\",\"position\":2,\"name\":\"Black Week a CCC-n\u00e9l!-A t\u00f6k\u00e9letes cip\u0151k \u00e9s t\u00e1sk\u00e1k az eg\u00e9sz csal\u00e1dnak\"}]},{\"@type\":\"WebSite\",\"@id\":\"https:\/\/blog.ccc.eu\/hu\/#website\",\"url\":\"https:\/\/blog.ccc.eu\/hu\/\",\"name\":\"CCC Fashion blog\",\"description\":\"Az \u00d6n helye tele van divatihletekkel\",\"publisher\":{\"@id\":\"https:\/\/blog.ccc.eu\/hu\/#organization\"},\"potentialAction\":[{\"@type\":\"SearchAction\",\"target\":{\"@type\":\"EntryPoint\",\"urlTemplate\":\"https:\/\/blog.ccc.eu\/hu\/?s={search_term_string}\"},\"query-input\":{\"@type\":\"PropertyValueSpecification\",\"valueRequired\":true,\"valueName\":\"search_term_string\"}}],\"inLanguage\":\"hu\"},{\"@type\":\"Organization\",\"@id\":\"https:\/\/blog.ccc.eu\/hu\/#organization\",\"name\":\"CCC S.A.\",\"url\":\"https:\/\/blog.ccc.eu\/hu\/\",\"logo\":{\"@type\":\"ImageObject\",\"inLanguage\":\"hu\",\"@id\":\"https:\/\/blog.ccc.eu\/hu\/#\/schema\/logo\/image\/\",\"url\":\"https:\/\/blog.ccc.eu\/hu\/wp-content\/uploads\/2021\/11\/logo_ccc.png\",\"contentUrl\":\"https:\/\/blog.ccc.eu\/hu\/wp-content\/uploads\/2021\/11\/logo_ccc.png\",\"width\":730,\"height\":270,\"caption\":\"CCC S.A.\"},\"image\":{\"@id\":\"https:\/\/blog.ccc.eu\/hu\/#\/schema\/logo\/image\/\"}},{\"@type\":\"Person\",\"@id\":\"https:\/\/blog.ccc.eu\/hu\/#\/schema\/person\/b37d4e58a15b8cc6b1339218cfeb7c10\",\"name\":\"Beatrix Korosi\",\"image\":{\"@type\":\"ImageObject\",\"inLanguage\":\"hu\",\"@id\":\"https:\/\/blog.ccc.eu\/hu\/#\/schema\/person\/image\/\",\"url\":\"https:\/\/blog.ccc.eu\/hu\/wp-content\/uploads\/2022\/11\/Bea-150x150.jpg\",\"contentUrl\":\"https:\/\/blog.ccc.eu\/hu\/wp-content\/uploads\/2022\/11\/Bea-150x150.jpg\",\"caption\":\"Beatrix Korosi\"},\"url\":\"https:\/\/blog.ccc.eu\/hu\/author\/beatrix-korosi\/\"}]}<\/script>\n<!-- \/ Yoast SEO plugin. -->","yoast_head_json":{"title":"Black Week a CCC-n\u00e9l!-A t\u00f6k\u00e9letes cip\u0151k \u00e9s t\u00e1sk\u00e1k az eg\u00e9sz csal\u00e1dnak - CCC Fashion blog","description":"Fedezd fel a Black Week aj\u00e1nlatait \u00e9s tal\u00e1ld meg az \u00edzl\u00e9sednek megfelel\u0151 cip\u0151ket \u00e9s t\u00e1sk\u00e1kat a CCC-ben az eg\u00e9sz csal\u00e1d sz\u00e1m\u00e1ra! 2026","robots":{"index":"index","follow":"follow","max-snippet":"max-snippet:-1","max-image-preview":"max-image-preview:large","max-video-preview":"max-video-preview:-1"},"canonical":"https:\/\/blog.ccc.eu\/hu\/black-week-a-ccc-nel-a-tokeletes-cipok-es-taskak-az-egesz-csaladnak\/","og_locale":"hu_HU","og_type":"article","og_title":"Black Week a CCC-n\u00e9l!-A t\u00f6k\u00e9letes cip\u0151k \u00e9s t\u00e1sk\u00e1k az eg\u00e9sz csal\u00e1dnak - CCC Fashion blog","og_description":"Fedezd fel a Black Week aj\u00e1nlatait \u00e9s tal\u00e1ld meg az \u00edzl\u00e9sednek megfelel\u0151 cip\u0151ket \u00e9s t\u00e1sk\u00e1kat a CCC-ben az eg\u00e9sz csal\u00e1d sz\u00e1m\u00e1ra!","og_url":"https:\/\/blog.ccc.eu\/hu\/black-week-a-ccc-nel-a-tokeletes-cipok-es-taskak-az-egesz-csaladnak\/","og_site_name":"CCC Fashion blog","article_published_time":"2023-11-24T13:45:27+00:00","article_modified_time":"2023-11-24T13:45:28+00:00","og_image":[{"width":1080,"height":1080,"url":"https:\/\/blog.ccc.eu\/hu\/wp-content\/uploads\/2023\/11\/MicrosoftTeams-image-15.jpg","type":"image\/jpeg"}],"author":"Beatrix Korosi","twitter_card":"summary_large_image","twitter_misc":{"Szerz\u0151:":"Beatrix Korosi","Becs\u00fclt olvas\u00e1si id\u0151":"3 perc"},"schema":{"@context":"https:\/\/schema.org","@graph":[{"@type":"Article","@id":"https:\/\/blog.ccc.eu\/hu\/black-week-a-ccc-nel-a-tokeletes-cipok-es-taskak-az-egesz-csaladnak\/#article","isPartOf":{"@id":"https:\/\/blog.ccc.eu\/hu\/black-week-a-ccc-nel-a-tokeletes-cipok-es-taskak-az-egesz-csaladnak\/"},"author":{"name":"Beatrix Korosi","@id":"https:\/\/blog.ccc.eu\/hu\/#\/schema\/person\/b37d4e58a15b8cc6b1339218cfeb7c10"},"headline":"Black Week a CCC-n\u00e9l!-A t\u00f6k\u00e9letes cip\u0151k \u00e9s t\u00e1sk\u00e1k az eg\u00e9sz csal\u00e1dnak","datePublished":"2023-11-24T13:45:27+00:00","dateModified":"2023-11-24T13:45:28+00:00","mainEntityOfPage":{"@id":"https:\/\/blog.ccc.eu\/hu\/black-week-a-ccc-nel-a-tokeletes-cipok-es-taskak-az-egesz-csaladnak\/"},"wordCount":708,"commentCount":0,"publisher":{"@id":"https:\/\/blog.ccc.eu\/hu\/#organization"},"image":{"@id":"https:\/\/blog.ccc.eu\/hu\/black-week-a-ccc-nel-a-tokeletes-cipok-es-taskak-az-egesz-csaladnak\/#primaryimage"},"thumbnailUrl":"https:\/\/blog.ccc.eu\/hu\/wp-content\/uploads\/2023\/11\/MicrosoftTeams-image-15.jpg","keywords":["Black Week","CCC","cip\u0151k","T\u00e1sk\u00e1k","\u00dajdons\u00e1g"],"articleSection":["\u00daJDONS\u00c1GOK"],"inLanguage":"hu","potentialAction":[{"@type":"CommentAction","name":"Comment","target":["https:\/\/blog.ccc.eu\/hu\/black-week-a-ccc-nel-a-tokeletes-cipok-es-taskak-az-egesz-csaladnak\/#respond"]}]},{"@type":"WebPage","@id":"https:\/\/blog.ccc.eu\/hu\/black-week-a-ccc-nel-a-tokeletes-cipok-es-taskak-az-egesz-csaladnak\/","url":"https:\/\/blog.ccc.eu\/hu\/black-week-a-ccc-nel-a-tokeletes-cipok-es-taskak-az-egesz-csaladnak\/","name":"Black Week a CCC-n\u00e9l!-A t\u00f6k\u00e9letes cip\u0151k \u00e9s t\u00e1sk\u00e1k az eg\u00e9sz csal\u00e1dnak - CCC Fashion blog","isPartOf":{"@id":"https:\/\/blog.ccc.eu\/hu\/#website"},"primaryImageOfPage":{"@id":"https:\/\/blog.ccc.eu\/hu\/black-week-a-ccc-nel-a-tokeletes-cipok-es-taskak-az-egesz-csaladnak\/#primaryimage"},"image":{"@id":"https:\/\/blog.ccc.eu\/hu\/black-week-a-ccc-nel-a-tokeletes-cipok-es-taskak-az-egesz-csaladnak\/#primaryimage"},"thumbnailUrl":"https:\/\/blog.ccc.eu\/hu\/wp-content\/uploads\/2023\/11\/MicrosoftTeams-image-15.jpg","datePublished":"2023-11-24T13:45:27+00:00","dateModified":"2023-11-24T13:45:28+00:00","description":"Fedezd fel a Black Week aj\u00e1nlatait \u00e9s tal\u00e1ld meg az \u00edzl\u00e9sednek megfelel\u0151 cip\u0151ket \u00e9s t\u00e1sk\u00e1kat a CCC-ben az eg\u00e9sz csal\u00e1d sz\u00e1m\u00e1ra!","breadcrumb":{"@id":"https:\/\/blog.ccc.eu\/hu\/black-week-a-ccc-nel-a-tokeletes-cipok-es-taskak-az-egesz-csaladnak\/#breadcrumb"},"inLanguage":"hu","potentialAction":[{"@type":"ReadAction","target":["https:\/\/blog.ccc.eu\/hu\/black-week-a-ccc-nel-a-tokeletes-cipok-es-taskak-az-egesz-csaladnak\/"]}]},{"@type":"ImageObject","inLanguage":"hu","@id":"https:\/\/blog.ccc.eu\/hu\/black-week-a-ccc-nel-a-tokeletes-cipok-es-taskak-az-egesz-csaladnak\/#primaryimage","url":"https:\/\/blog.ccc.eu\/hu\/wp-content\/uploads\/2023\/11\/MicrosoftTeams-image-15.jpg","contentUrl":"https:\/\/blog.ccc.eu\/hu\/wp-content\/uploads\/2023\/11\/MicrosoftTeams-image-15.jpg","width":1080,"height":1080,"caption":"Black Week"},{"@type":"BreadcrumbList","@id":"https:\/\/blog.ccc.eu\/hu\/black-week-a-ccc-nel-a-tokeletes-cipok-es-taskak-az-egesz-csaladnak\/#breadcrumb","itemListElement":[{"@type":"ListItem","position":1,"name":"Strona g\u0142\u00f3wna","item":"https:\/\/blog.ccc.eu\/hu\/"},{"@type":"ListItem","position":2,"name":"Black Week a CCC-n\u00e9l!-A t\u00f6k\u00e9letes cip\u0151k \u00e9s t\u00e1sk\u00e1k az eg\u00e9sz csal\u00e1dnak"}]},{"@type":"WebSite","@id":"https:\/\/blog.ccc.eu\/hu\/#website","url":"https:\/\/blog.ccc.eu\/hu\/","name":"CCC Fashion blog","description":"Az \u00d6n helye tele van divatihletekkel","publisher":{"@id":"https:\/\/blog.ccc.eu\/hu\/#organization"},"potentialAction":[{"@type":"SearchAction","target":{"@type":"EntryPoint","urlTemplate":"https:\/\/blog.ccc.eu\/hu\/?s={search_term_string}"},"query-input":{"@type":"PropertyValueSpecification","valueRequired":true,"valueName":"search_term_string"}}],"inLanguage":"hu"},{"@type":"Organization","@id":"https:\/\/blog.ccc.eu\/hu\/#organization","name":"CCC S.A.","url":"https:\/\/blog.ccc.eu\/hu\/","logo":{"@type":"ImageObject","inLanguage":"hu","@id":"https:\/\/blog.ccc.eu\/hu\/#\/schema\/logo\/image\/","url":"https:\/\/blog.ccc.eu\/hu\/wp-content\/uploads\/2021\/11\/logo_ccc.png","contentUrl":"https:\/\/blog.ccc.eu\/hu\/wp-content\/uploads\/2021\/11\/logo_ccc.png","width":730,"height":270,"caption":"CCC S.A."},"image":{"@id":"https:\/\/blog.ccc.eu\/hu\/#\/schema\/logo\/image\/"}},{"@type":"Person","@id":"https:\/\/blog.ccc.eu\/hu\/#\/schema\/person\/b37d4e58a15b8cc6b1339218cfeb7c10","name":"Beatrix Korosi","image":{"@type":"ImageObject","inLanguage":"hu","@id":"https:\/\/blog.ccc.eu\/hu\/#\/schema\/person\/image\/","url":"https:\/\/blog.ccc.eu\/hu\/wp-content\/uploads\/2022\/11\/Bea-150x150.jpg","contentUrl":"https:\/\/blog.ccc.eu\/hu\/wp-content\/uploads\/2022\/11\/Bea-150x150.jpg","caption":"Beatrix Korosi"},"url":"https:\/\/blog.ccc.eu\/hu\/author\/beatrix-korosi\/"}]}},"_links":{"self":[{"href":"https:\/\/blog.ccc.eu\/hu\/wp-json\/wp\/v2\/posts\/9363","targetHints":{"allow":["GET"]}}],"collection":[{"href":"https:\/\/blog.ccc.eu\/hu\/wp-json\/wp\/v2\/posts"}],"about":[{"href":"https:\/\/blog.ccc.eu\/hu\/wp-json\/wp\/v2\/types\/post"}],"author":[{"embeddable":true,"href":"https:\/\/blog.ccc.eu\/hu\/wp-json\/wp\/v2\/users\/22"}],"replies":[{"embeddable":true,"href":"https:\/\/blog.ccc.eu\/hu\/wp-json\/wp\/v2\/comments?post=9363"}],"version-history":[{"count":1,"href":"https:\/\/blog.ccc.eu\/hu\/wp-json\/wp\/v2\/posts\/9363\/revisions"}],"predecessor-version":[{"id":9376,"href":"https:\/\/blog.ccc.eu\/hu\/wp-json\/wp\/v2\/posts\/9363\/revisions\/9376"}],"wp:featuredmedia":[{"embeddable":true,"href":"https:\/\/blog.ccc.eu\/hu\/wp-json\/wp\/v2\/media\/9364"}],"wp:attachment":[{"href":"https:\/\/blog.ccc.eu\/hu\/wp-json\/wp\/v2\/media?parent=9363"}],"wp:term":[{"taxonomy":"category","embeddable":true,"href":"https:\/\/blog.ccc.eu\/hu\/wp-json\/wp\/v2\/categories?post=9363"},{"taxonomy":"post_tag","embeddable":true,"href":"https:\/\/blog.ccc.eu\/hu\/wp-json\/wp\/v2\/tags?post=9363"}],"curies":[{"name":"wp","href":"https:\/\/api.w.org\/{rel}","templated":true}]}}