{"id":9392,"date":"2023-12-01T14:56:24","date_gmt":"2023-12-01T13:56:24","guid":{"rendered":"https:\/\/blog.ccc.eu\/hu\/?p=9392"},"modified":"2023-12-01T14:56:25","modified_gmt":"2023-12-01T13:56:25","slug":"hogyan-viseljuk-a-salat-ugy-hogy-divatos-kiegeszitoje-legyen-az-oltozekunknek","status":"publish","type":"post","link":"https:\/\/blog.ccc.eu\/hu\/hogyan-viseljuk-a-salat-ugy-hogy-divatos-kiegeszitoje-legyen-az-oltozekunknek\/","title":{"rendered":"Hogyan viselj\u00fck a s\u00e1lat \u00fagy, hogy divatos kieg\u00e9sz\u00edt\u0151je legyen az \u00f6lt\u00f6z\u00e9k\u00fcnknek?"},"content":{"rendered":"\n<p><b>A s\u00e1lak t\u00f6bb mint meleg kieg\u00e9sz\u00edt\u0151k a hideg napokon. Gondoljunk r\u00e1juk olyan kieg\u00e9sz\u00edt\u0151k\u00e9nt, amelyek nagyban feldobhatj\u00e1k a mindennapi megjelen\u00e9s\u00fcnket! Nemcsak arra \u00e9rdemes odafigyeln\u00fcnk, hogy a kab\u00e1tunkhoz illik-e a s\u00e1l vagy sem, hanem arra is, hogy hogyan k\u00f6ss\u00fck meg. Hogyan viselj\u00fck teh\u00e1t a s\u00e1lat \u00fagy, hogy divatosan n\u00e9zz\u00fcnk ki \u00e9s m\u00e9gis hat\u00e9konyan v\u00e9dje a nyakunkat a hideg ellen? \u00cdme n\u00e9h\u00e1ny javaslat!&nbsp;<\/b><\/p>\n\n\n\n<figure class=\"wp-block-gallery has-nested-images columns-default is-cropped wp-block-gallery-1 is-layout-flex wp-block-gallery-is-layout-flex\">\n<figure class=\"wp-block-image size-large\"><img loading=\"lazy\" decoding=\"async\" width=\"1024\" height=\"682\" data-id=\"9394\" src=\"https:\/\/blog.ccc.eu\/hu\/wp-content\/uploads\/2023\/11\/imgonline-com-ua-compressed-8yFAaYxQ2vc-1536x1023-1-1024x682.jpg\" alt=\"\" class=\"wp-image-9394\" srcset=\"https:\/\/blog.ccc.eu\/hu\/wp-content\/uploads\/2023\/11\/imgonline-com-ua-compressed-8yFAaYxQ2vc-1536x1023-1-1024x682.jpg 1024w, https:\/\/blog.ccc.eu\/hu\/wp-content\/uploads\/2023\/11\/imgonline-com-ua-compressed-8yFAaYxQ2vc-1536x1023-1-300x200.jpg 300w, https:\/\/blog.ccc.eu\/hu\/wp-content\/uploads\/2023\/11\/imgonline-com-ua-compressed-8yFAaYxQ2vc-1536x1023-1-768x512.jpg 768w, https:\/\/blog.ccc.eu\/hu\/wp-content\/uploads\/2023\/11\/imgonline-com-ua-compressed-8yFAaYxQ2vc-1536x1023-1-100x67.jpg 100w, https:\/\/blog.ccc.eu\/hu\/wp-content\/uploads\/2023\/11\/imgonline-com-ua-compressed-8yFAaYxQ2vc-1536x1023-1.jpg 1536w\" sizes=\"auto, (max-width: 1024px) 100vw, 1024px\" \/><\/figure>\n<\/figure>\n\n\n\n<h2 class=\"wp-block-heading\">Hogyan k\u00f6ss\u00fcnk s\u00e1lat a st\u00edlusos megjelen\u00e9s \u00e9rdek\u00e9ben? Tippek h\u00f6lgyeknek&nbsp;<\/h2>\n\n\n\n<p>Att\u00f3l f\u00fcgg, hogy milyen hat\u00e1st szeretn\u00e9nk el\u00e9rni vele. Szeretn\u00e9nk eleg\u00e1nsan kin\u00e9zni? V\u00e1lasszuk az egyszer\u0171, minimalista k\u00f6t\u00e9st\u00edpust. K\u00fcl\u00f6nleges alkalomra k\u00e9sz\u00fcl\u00fcnk? K\u00f6ss\u00fck meg a kieg\u00e9sz\u00edt\u0151nket k\u00fcl\u00f6nlegesen, amivel k\u00f6nnyed\u00e9n kit\u0171nhet\u00fcnk a t\u00f6megb\u0151l. Az al\u00e1bbiakban \u00f6sszeszedt\u00fck a s\u00e1l megk\u00f6t\u00e9s\u00e9nek m\u00f3djait:&nbsp;<\/p>\n\n\n\n<ul class=\"wp-block-list\">\n<li>Klasszikus megk\u00f6t\u00e9s \u2013 \u00e9rdemes ezt a k\u00f6t\u00e9st elsaj\u00e1t\u00edtanunk, mert ezzel a m\u00f3dszerrel k\u00f6nnyen feldobhatjuk a megjelen\u00e9s\u00fcnket. El\u0151sz\u00f6r is vegy\u00fcnk egy nagy s\u00e1lat, \u00e9s hajtsuk f\u00e9lbe. Ezut\u00e1n tekerj\u00fck a s\u00e1lat a nyakunk k\u00f6r\u00e9 \u00fagy, hogy az egyik kez\u00fcnkben a behajtott oldala, a m\u00e1sikban pedig mindk\u00e9t v\u00e9ge van. Fogjuk a s\u00e1l egyik v\u00e9g\u00e9t \u00e9s h\u00fazzuk \u00e1t a hurkon, majd a m\u00e1sik v\u00e9g\u00e9vel is ism\u00e9telj\u00fck meg. Bonyolultan hangzik? Amint a kez\u00fcnkbe vessz\u00fck a s\u00e1lat, \u00e9s l\u00e9p\u00e9sr\u0151l l\u00e9p\u00e9sre k\u00f6vetj\u00fck az utas\u00edt\u00e1sokat, ez a m\u00f3dszer nagyon egyszer\u0171nek fog bizonyulni!\u00a0<\/li>\n\n\n\n<li>Divatos masni \u2013 a masnik jelenleg nagyon nagy n\u00e9pszer\u0171s\u00e9gnek \u00f6rvendenek. Megjelennek ingeken, kab\u00e1tokon \u00e9s m\u00e9g cip\u0151k\u00f6n is! Hogyan k\u00f6ss\u00fcnk masnit a s\u00e1lb\u00f3l \u00fagy, hogy ne gyermetegnek t\u0171nj\u00fcnk, hanem eleg\u00e1nsnak \u00e9s el\u0151kel\u0151nek? Tekerj\u00fck a s\u00e1lat a nyakunk k\u00f6r\u00e9, majd k\u00f6ss\u00fcnk egy laza csom\u00f3t a kulcscsontunkn\u00e1l. A cip\u0151f\u0171z\u0151h\u00f6z hasonl\u00f3an a s\u00e1l v\u00e9geit k\u00f6ss\u00fck masniba, majd a masnikat a f\u00fcl\u00e9n\u00e9l fogva h\u00fazzuk sz\u00e9t tetsz\u00e9s szerint, hogy el\u00e9rj\u00fck a k\u00edv\u00e1nt form\u00e1j\u00e1t \u00e9s m\u00e9ret\u00e9t. H\u00e1t nem egyszer\u0171?&nbsp;<\/li>\n<\/ul>\n\n\n\n<figure class=\"wp-block-gallery has-nested-images columns-default is-cropped wp-block-gallery-2 is-layout-flex wp-block-gallery-is-layout-flex\">\n<figure class=\"wp-block-image size-large\"><img loading=\"lazy\" decoding=\"async\" width=\"1024\" height=\"683\" data-id=\"9395\" src=\"https:\/\/blog.ccc.eu\/hu\/wp-content\/uploads\/2023\/11\/imgonline-com-ua-compressed-XZ6DjrjXn9LjF-1536x1024-1-1024x683.jpg\" alt=\"\" class=\"wp-image-9395\" srcset=\"https:\/\/blog.ccc.eu\/hu\/wp-content\/uploads\/2023\/11\/imgonline-com-ua-compressed-XZ6DjrjXn9LjF-1536x1024-1-1024x683.jpg 1024w, https:\/\/blog.ccc.eu\/hu\/wp-content\/uploads\/2023\/11\/imgonline-com-ua-compressed-XZ6DjrjXn9LjF-1536x1024-1-300x200.jpg 300w, https:\/\/blog.ccc.eu\/hu\/wp-content\/uploads\/2023\/11\/imgonline-com-ua-compressed-XZ6DjrjXn9LjF-1536x1024-1-768x512.jpg 768w, https:\/\/blog.ccc.eu\/hu\/wp-content\/uploads\/2023\/11\/imgonline-com-ua-compressed-XZ6DjrjXn9LjF-1536x1024-1-100x67.jpg 100w, https:\/\/blog.ccc.eu\/hu\/wp-content\/uploads\/2023\/11\/imgonline-com-ua-compressed-XZ6DjrjXn9LjF-1536x1024-1.jpg 1536w\" sizes=\"auto, (max-width: 1024px) 100vw, 1024px\" \/><\/figure>\n<\/figure>\n\n\n\n<h2 class=\"wp-block-heading\">Hogyan k\u00f6ss\u00fcnk s\u00e1lat a st\u00edlusos megjelen\u00e9s \u00e9rdek\u00e9ben? Tippek f\u00e9rfiaknak&nbsp;<\/h2>\n\n\n\n<p>Hogyan k\u00f6ss\u00e9k meg a f\u00e9rfiak a s\u00e1lukat annak \u00e9rdek\u00e9ben, hogy st\u00edlusos megjelen\u00e9st tudjanak vel\u00fck el\u00e9rni? \u00cdme a legn\u00e9pszer\u0171bbek k\u00f6z\u00fcl\u00fck&#8230; \u00e9s egyben a leghat\u00e9konyabbak is!&nbsp;<\/p>\n\n\n\n<ul class=\"wp-block-list\">\n<li>Klasszikus megk\u00f6t\u00e9s \u2013 tekerj\u00fck a s\u00e1lat a nyakunk k\u00f6r\u00e9, \u00e9s h\u00fazzuk meg az egyik v\u00e9g\u00e9t \u00fagy, hogy az l\u00e1that\u00f3an hosszabb legyen, mint a m\u00e1sik v\u00e9ge, majd tekerj\u00fck a hosszabb v\u00e9g\u00e9t egyszer a nyakunk k\u00f6r\u00e9. Ezzel a m\u00f3dszerrel klasszikus k\u00f6t\u00e9st tudunk k\u00e9sz\u00edteni, amely meleget \u00e9s&#8230; eleganci\u00e1t ny\u00fajt majd!&nbsp;<\/li>\n\n\n\n<li>P\u00e1rizsi csom\u00f3- az egyik legn\u00e9pszer\u0171bb m\u00f3dja a f\u00e9rfi s\u00e1lak megk\u00f6t\u00e9s\u00e9nek, \u00e9s egyben az egyik legeleg\u00e1nsabb is. Hajtsuk f\u00e9lbe a s\u00e1lat \u00e9s tegy\u00fcnk a nyakunk k\u00f6r\u00e9. Vezess\u00fck \u00e1t a s\u00e1l k\u00e9t v\u00e9g\u00e9t az ellenkez\u0151 oldalon l\u00e9v\u0151 lyukon, amely a s\u00e1l \u00f6sszehajt\u00e1sa ut\u00e1n keletkezett. Ezut\u00e1n h\u00fazzuk meg a s\u00e1l v\u00e9geit. K\u00e9sz!&nbsp;<\/li>\n<\/ul>\n\n\n\n<figure class=\"wp-block-gallery has-nested-images columns-default is-cropped wp-block-gallery-3 is-layout-flex wp-block-gallery-is-layout-flex\">\n<figure class=\"wp-block-image size-large\"><img loading=\"lazy\" decoding=\"async\" width=\"1024\" height=\"683\" data-id=\"9396\" src=\"https:\/\/blog.ccc.eu\/hu\/wp-content\/uploads\/2023\/11\/imgonline-com-ua-compressed-rJikeeCftc-1536x1025-1-1024x683.jpg\" alt=\"\" class=\"wp-image-9396\" srcset=\"https:\/\/blog.ccc.eu\/hu\/wp-content\/uploads\/2023\/11\/imgonline-com-ua-compressed-rJikeeCftc-1536x1025-1-1024x683.jpg 1024w, https:\/\/blog.ccc.eu\/hu\/wp-content\/uploads\/2023\/11\/imgonline-com-ua-compressed-rJikeeCftc-1536x1025-1-300x200.jpg 300w, https:\/\/blog.ccc.eu\/hu\/wp-content\/uploads\/2023\/11\/imgonline-com-ua-compressed-rJikeeCftc-1536x1025-1-768x513.jpg 768w, https:\/\/blog.ccc.eu\/hu\/wp-content\/uploads\/2023\/11\/imgonline-com-ua-compressed-rJikeeCftc-1536x1025-1-100x67.jpg 100w, https:\/\/blog.ccc.eu\/hu\/wp-content\/uploads\/2023\/11\/imgonline-com-ua-compressed-rJikeeCftc-1536x1025-1.jpg 1536w\" sizes=\"auto, (max-width: 1024px) 100vw, 1024px\" \/><\/figure>\n<\/figure>\n\n\n\n<p>N\u00e9zd meg tippjeinket, hogy hogyan tudsz megtrendi k\u00f6t\u00e9seket alkotni a s\u00e1laddal \u00e9s fedezd fel a k\u00fcl\u00f6nb\u00f6z\u0151 st\u00edlus\u00fa kieg\u00e9sz\u00edt\u0151ket <a href=\"https:\/\/ccc.eu\/hu\/sklepy\" target=\"_blank\" rel=\"noreferrer noopener\">CCC \u00fczleteinkben<\/a>, <a href=\"https:\/\/ccc.eu\/hu\/\" target=\"_blank\" rel=\"noreferrer noopener\">webshopunkban<\/a>, \u00e9s az <a href=\"https:\/\/ccc.eu\/hu\/mobile-app\" target=\"_blank\" rel=\"noreferrer noopener\">alkalmaz\u00e1sban<\/a>. Legy\u00e9l <a href=\"https:\/\/ccc.eu\/hu\/klub-ccc\" target=\"_blank\" rel=\"noreferrer noopener\">CCC klubtag<\/a> is, \u00e9s \u00e9lvezd a k\u00e9nyelmes \u00e9s kedvezm\u00e9nyes v\u00e1s\u00e1rl\u00e1si lehet\u0151s\u00e9geket! K\u00f6vesd vel\u00fcnk a divatot <a href=\"https:\/\/www.facebook.com\/CCC.Hungary\/\" target=\"_blank\" rel=\"noreferrer noopener\">Facebookon,<\/a> \u00e9s inspir\u00e1l\u00f3dj vel\u00fcnk az <a href=\"https:\/\/www.instagram.com\/cccshoesbags\/\" target=\"_blank\" rel=\"noreferrer noopener\">Instagramon<\/a> is!&nbsp;&nbsp;&nbsp;<\/p>\n","protected":false},"excerpt":{"rendered":"<p>A s\u00e1lak t\u00f6bb mint meleg kieg\u00e9sz\u00edt\u0151k a hideg napokon. Gondoljunk r\u00e1juk olyan kieg\u00e9sz\u00edt\u0151k\u00e9nt, amelyek nagyban feldobhatj\u00e1k a mindennapi megjelen\u00e9s\u00fcnket! Nemcsak arra \u00e9rdemes odafigyeln\u00fcnk, hogy a kab\u00e1tunkhoz illik-e a s\u00e1l vagy sem, hanem arra is, hogy hogyan k\u00f6ss\u00fck meg. Hogyan viselj\u00fck teh\u00e1t a s\u00e1lat \u00fagy, hogy divatosan n\u00e9zz\u00fcnk ki \u00e9s m\u00e9gis hat\u00e9konyan v\u00e9dje a nyakunkat a [&hellip;]<\/p>\n","protected":false},"author":22,"featured_media":9394,"comment_status":"open","ping_status":"open","sticky":false,"template":"","format":"standard","meta":{"_acf_changed":false,"footnotes":""},"categories":[4,432],"tags":[560,821,1090],"class_list":["post-9392","post","type-post","status-publish","format-standard","has-post-thumbnail","hentry","category-divat-tippek","category-ujdonsagok","tag-ccc","tag-divat-tippek","tag-ujdonsagok-2"],"acf":[],"yoast_head":"<!-- This site is optimized with the Yoast SEO plugin v26.9 - https:\/\/yoast.com\/product\/yoast-seo-wordpress\/ -->\n<title>Hogyan viselj\u00fck a s\u00e1lat \u00fagy, hogy divatos kieg\u00e9sz\u00edt\u0151je legyen az \u00f6lt\u00f6z\u00e9k\u00fcnknek? - CCC Fashion blog<\/title>\n<meta name=\"description\" content=\"A s\u00e1lak t\u00f6bb, mint meleg kieg\u00e9sz\u00edt\u0151k. K\u00fcl\u00f6nf\u00e9le k\u00f6t\u00e9st\u00edpusokkal nagyszer\u0171en feldobhatjuk a megjelen\u00e9s\u00fcnket. Olvasd el tippjeinket! 2026\" \/>\n<meta name=\"robots\" content=\"index, follow, max-snippet:-1, max-image-preview:large, max-video-preview:-1\" \/>\n<link rel=\"canonical\" href=\"https:\/\/blog.ccc.eu\/hu\/hogyan-viseljuk-a-salat-ugy-hogy-divatos-kiegeszitoje-legyen-az-oltozekunknek\/\" \/>\n<meta property=\"og:locale\" content=\"hu_HU\" \/>\n<meta property=\"og:type\" content=\"article\" \/>\n<meta property=\"og:title\" content=\"Hogyan viselj\u00fck a s\u00e1lat \u00fagy, hogy divatos kieg\u00e9sz\u00edt\u0151je legyen az \u00f6lt\u00f6z\u00e9k\u00fcnknek? - CCC Fashion blog\" \/>\n<meta property=\"og:description\" content=\"A s\u00e1lak t\u00f6bb, mint meleg kieg\u00e9sz\u00edt\u0151k. K\u00fcl\u00f6nf\u00e9le k\u00f6t\u00e9st\u00edpusokkal nagyszer\u0171en feldobhatjuk a megjelen\u00e9s\u00fcnket. Olvasd el tippjeinket!\" \/>\n<meta property=\"og:url\" content=\"https:\/\/blog.ccc.eu\/hu\/hogyan-viseljuk-a-salat-ugy-hogy-divatos-kiegeszitoje-legyen-az-oltozekunknek\/\" \/>\n<meta property=\"og:site_name\" content=\"CCC Fashion blog\" \/>\n<meta property=\"article:published_time\" content=\"2023-12-01T13:56:24+00:00\" \/>\n<meta property=\"article:modified_time\" content=\"2023-12-01T13:56:25+00:00\" \/>\n<meta property=\"og:image\" content=\"https:\/\/blog.ccc.eu\/hu\/wp-content\/uploads\/2023\/11\/imgonline-com-ua-compressed-8yFAaYxQ2vc-1536x1023-1.jpg\" \/>\n\t<meta property=\"og:image:width\" content=\"1536\" \/>\n\t<meta property=\"og:image:height\" content=\"1023\" \/>\n\t<meta property=\"og:image:type\" content=\"image\/jpeg\" \/>\n<meta name=\"author\" content=\"Beatrix Korosi\" \/>\n<meta name=\"twitter:card\" content=\"summary_large_image\" \/>\n<meta name=\"twitter:label1\" content=\"Szerz\u0151:\" \/>\n\t<meta name=\"twitter:data1\" content=\"Beatrix Korosi\" \/>\n\t<meta name=\"twitter:label2\" content=\"Becs\u00fclt olvas\u00e1si id\u0151\" \/>\n\t<meta name=\"twitter:data2\" content=\"4 perc\" \/>\n<script type=\"application\/ld+json\" class=\"yoast-schema-graph\">{\"@context\":\"https:\/\/schema.org\",\"@graph\":[{\"@type\":\"Article\",\"@id\":\"https:\/\/blog.ccc.eu\/hu\/hogyan-viseljuk-a-salat-ugy-hogy-divatos-kiegeszitoje-legyen-az-oltozekunknek\/#article\",\"isPartOf\":{\"@id\":\"https:\/\/blog.ccc.eu\/hu\/hogyan-viseljuk-a-salat-ugy-hogy-divatos-kiegeszitoje-legyen-az-oltozekunknek\/\"},\"author\":{\"name\":\"Beatrix Korosi\",\"@id\":\"https:\/\/blog.ccc.eu\/hu\/#\/schema\/person\/b37d4e58a15b8cc6b1339218cfeb7c10\"},\"headline\":\"Hogyan viselj\u00fck a s\u00e1lat \u00fagy, hogy divatos kieg\u00e9sz\u00edt\u0151je legyen az \u00f6lt\u00f6z\u00e9k\u00fcnknek?\",\"datePublished\":\"2023-12-01T13:56:24+00:00\",\"dateModified\":\"2023-12-01T13:56:25+00:00\",\"mainEntityOfPage\":{\"@id\":\"https:\/\/blog.ccc.eu\/hu\/hogyan-viseljuk-a-salat-ugy-hogy-divatos-kiegeszitoje-legyen-az-oltozekunknek\/\"},\"wordCount\":728,\"commentCount\":0,\"publisher\":{\"@id\":\"https:\/\/blog.ccc.eu\/hu\/#organization\"},\"image\":{\"@id\":\"https:\/\/blog.ccc.eu\/hu\/hogyan-viseljuk-a-salat-ugy-hogy-divatos-kiegeszitoje-legyen-az-oltozekunknek\/#primaryimage\"},\"thumbnailUrl\":\"https:\/\/blog.ccc.eu\/hu\/wp-content\/uploads\/2023\/11\/imgonline-com-ua-compressed-8yFAaYxQ2vc-1536x1023-1.jpg\",\"keywords\":[\"CCC\",\"divat tippek\",\"\u00dajdons\u00e1gok\"],\"articleSection\":[\"DIVAT TIPPEK\",\"\u00daJDONS\u00c1GOK\"],\"inLanguage\":\"hu\",\"potentialAction\":[{\"@type\":\"CommentAction\",\"name\":\"Comment\",\"target\":[\"https:\/\/blog.ccc.eu\/hu\/hogyan-viseljuk-a-salat-ugy-hogy-divatos-kiegeszitoje-legyen-az-oltozekunknek\/#respond\"]}]},{\"@type\":\"WebPage\",\"@id\":\"https:\/\/blog.ccc.eu\/hu\/hogyan-viseljuk-a-salat-ugy-hogy-divatos-kiegeszitoje-legyen-az-oltozekunknek\/\",\"url\":\"https:\/\/blog.ccc.eu\/hu\/hogyan-viseljuk-a-salat-ugy-hogy-divatos-kiegeszitoje-legyen-az-oltozekunknek\/\",\"name\":\"Hogyan viselj\u00fck a s\u00e1lat \u00fagy, hogy divatos kieg\u00e9sz\u00edt\u0151je legyen az \u00f6lt\u00f6z\u00e9k\u00fcnknek? - CCC Fashion blog\",\"isPartOf\":{\"@id\":\"https:\/\/blog.ccc.eu\/hu\/#website\"},\"primaryImageOfPage\":{\"@id\":\"https:\/\/blog.ccc.eu\/hu\/hogyan-viseljuk-a-salat-ugy-hogy-divatos-kiegeszitoje-legyen-az-oltozekunknek\/#primaryimage\"},\"image\":{\"@id\":\"https:\/\/blog.ccc.eu\/hu\/hogyan-viseljuk-a-salat-ugy-hogy-divatos-kiegeszitoje-legyen-az-oltozekunknek\/#primaryimage\"},\"thumbnailUrl\":\"https:\/\/blog.ccc.eu\/hu\/wp-content\/uploads\/2023\/11\/imgonline-com-ua-compressed-8yFAaYxQ2vc-1536x1023-1.jpg\",\"datePublished\":\"2023-12-01T13:56:24+00:00\",\"dateModified\":\"2023-12-01T13:56:25+00:00\",\"description\":\"A s\u00e1lak t\u00f6bb, mint meleg kieg\u00e9sz\u00edt\u0151k. K\u00fcl\u00f6nf\u00e9le k\u00f6t\u00e9st\u00edpusokkal nagyszer\u0171en feldobhatjuk a megjelen\u00e9s\u00fcnket. Olvasd el tippjeinket!\",\"breadcrumb\":{\"@id\":\"https:\/\/blog.ccc.eu\/hu\/hogyan-viseljuk-a-salat-ugy-hogy-divatos-kiegeszitoje-legyen-az-oltozekunknek\/#breadcrumb\"},\"inLanguage\":\"hu\",\"potentialAction\":[{\"@type\":\"ReadAction\",\"target\":[\"https:\/\/blog.ccc.eu\/hu\/hogyan-viseljuk-a-salat-ugy-hogy-divatos-kiegeszitoje-legyen-az-oltozekunknek\/\"]}]},{\"@type\":\"ImageObject\",\"inLanguage\":\"hu\",\"@id\":\"https:\/\/blog.ccc.eu\/hu\/hogyan-viseljuk-a-salat-ugy-hogy-divatos-kiegeszitoje-legyen-az-oltozekunknek\/#primaryimage\",\"url\":\"https:\/\/blog.ccc.eu\/hu\/wp-content\/uploads\/2023\/11\/imgonline-com-ua-compressed-8yFAaYxQ2vc-1536x1023-1.jpg\",\"contentUrl\":\"https:\/\/blog.ccc.eu\/hu\/wp-content\/uploads\/2023\/11\/imgonline-com-ua-compressed-8yFAaYxQ2vc-1536x1023-1.jpg\",\"width\":1536,\"height\":1023,\"caption\":\"s\u00e1lak\"},{\"@type\":\"BreadcrumbList\",\"@id\":\"https:\/\/blog.ccc.eu\/hu\/hogyan-viseljuk-a-salat-ugy-hogy-divatos-kiegeszitoje-legyen-az-oltozekunknek\/#breadcrumb\",\"itemListElement\":[{\"@type\":\"ListItem\",\"position\":1,\"name\":\"Strona g\u0142\u00f3wna\",\"item\":\"https:\/\/blog.ccc.eu\/hu\/\"},{\"@type\":\"ListItem\",\"position\":2,\"name\":\"Hogyan viselj\u00fck a s\u00e1lat \u00fagy, hogy divatos kieg\u00e9sz\u00edt\u0151je legyen az \u00f6lt\u00f6z\u00e9k\u00fcnknek?\"}]},{\"@type\":\"WebSite\",\"@id\":\"https:\/\/blog.ccc.eu\/hu\/#website\",\"url\":\"https:\/\/blog.ccc.eu\/hu\/\",\"name\":\"CCC Fashion blog\",\"description\":\"Az \u00d6n helye tele van divatihletekkel\",\"publisher\":{\"@id\":\"https:\/\/blog.ccc.eu\/hu\/#organization\"},\"potentialAction\":[{\"@type\":\"SearchAction\",\"target\":{\"@type\":\"EntryPoint\",\"urlTemplate\":\"https:\/\/blog.ccc.eu\/hu\/?s={search_term_string}\"},\"query-input\":{\"@type\":\"PropertyValueSpecification\",\"valueRequired\":true,\"valueName\":\"search_term_string\"}}],\"inLanguage\":\"hu\"},{\"@type\":\"Organization\",\"@id\":\"https:\/\/blog.ccc.eu\/hu\/#organization\",\"name\":\"CCC S.A.\",\"url\":\"https:\/\/blog.ccc.eu\/hu\/\",\"logo\":{\"@type\":\"ImageObject\",\"inLanguage\":\"hu\",\"@id\":\"https:\/\/blog.ccc.eu\/hu\/#\/schema\/logo\/image\/\",\"url\":\"https:\/\/blog.ccc.eu\/hu\/wp-content\/uploads\/2021\/11\/logo_ccc.png\",\"contentUrl\":\"https:\/\/blog.ccc.eu\/hu\/wp-content\/uploads\/2021\/11\/logo_ccc.png\",\"width\":730,\"height\":270,\"caption\":\"CCC S.A.\"},\"image\":{\"@id\":\"https:\/\/blog.ccc.eu\/hu\/#\/schema\/logo\/image\/\"}},{\"@type\":\"Person\",\"@id\":\"https:\/\/blog.ccc.eu\/hu\/#\/schema\/person\/b37d4e58a15b8cc6b1339218cfeb7c10\",\"name\":\"Beatrix Korosi\",\"image\":{\"@type\":\"ImageObject\",\"inLanguage\":\"hu\",\"@id\":\"https:\/\/blog.ccc.eu\/hu\/#\/schema\/person\/image\/\",\"url\":\"https:\/\/blog.ccc.eu\/hu\/wp-content\/uploads\/2022\/11\/Bea-150x150.jpg\",\"contentUrl\":\"https:\/\/blog.ccc.eu\/hu\/wp-content\/uploads\/2022\/11\/Bea-150x150.jpg\",\"caption\":\"Beatrix Korosi\"},\"url\":\"https:\/\/blog.ccc.eu\/hu\/author\/beatrix-korosi\/\"}]}<\/script>\n<!-- \/ Yoast SEO plugin. -->","yoast_head_json":{"title":"Hogyan viselj\u00fck a s\u00e1lat \u00fagy, hogy divatos kieg\u00e9sz\u00edt\u0151je legyen az \u00f6lt\u00f6z\u00e9k\u00fcnknek? - CCC Fashion blog","description":"A s\u00e1lak t\u00f6bb, mint meleg kieg\u00e9sz\u00edt\u0151k. K\u00fcl\u00f6nf\u00e9le k\u00f6t\u00e9st\u00edpusokkal nagyszer\u0171en feldobhatjuk a megjelen\u00e9s\u00fcnket. Olvasd el tippjeinket! 2026","robots":{"index":"index","follow":"follow","max-snippet":"max-snippet:-1","max-image-preview":"max-image-preview:large","max-video-preview":"max-video-preview:-1"},"canonical":"https:\/\/blog.ccc.eu\/hu\/hogyan-viseljuk-a-salat-ugy-hogy-divatos-kiegeszitoje-legyen-az-oltozekunknek\/","og_locale":"hu_HU","og_type":"article","og_title":"Hogyan viselj\u00fck a s\u00e1lat \u00fagy, hogy divatos kieg\u00e9sz\u00edt\u0151je legyen az \u00f6lt\u00f6z\u00e9k\u00fcnknek? - CCC Fashion blog","og_description":"A s\u00e1lak t\u00f6bb, mint meleg kieg\u00e9sz\u00edt\u0151k. K\u00fcl\u00f6nf\u00e9le k\u00f6t\u00e9st\u00edpusokkal nagyszer\u0171en feldobhatjuk a megjelen\u00e9s\u00fcnket. Olvasd el tippjeinket!","og_url":"https:\/\/blog.ccc.eu\/hu\/hogyan-viseljuk-a-salat-ugy-hogy-divatos-kiegeszitoje-legyen-az-oltozekunknek\/","og_site_name":"CCC Fashion blog","article_published_time":"2023-12-01T13:56:24+00:00","article_modified_time":"2023-12-01T13:56:25+00:00","og_image":[{"width":1536,"height":1023,"url":"https:\/\/blog.ccc.eu\/hu\/wp-content\/uploads\/2023\/11\/imgonline-com-ua-compressed-8yFAaYxQ2vc-1536x1023-1.jpg","type":"image\/jpeg"}],"author":"Beatrix Korosi","twitter_card":"summary_large_image","twitter_misc":{"Szerz\u0151:":"Beatrix Korosi","Becs\u00fclt olvas\u00e1si id\u0151":"4 perc"},"schema":{"@context":"https:\/\/schema.org","@graph":[{"@type":"Article","@id":"https:\/\/blog.ccc.eu\/hu\/hogyan-viseljuk-a-salat-ugy-hogy-divatos-kiegeszitoje-legyen-az-oltozekunknek\/#article","isPartOf":{"@id":"https:\/\/blog.ccc.eu\/hu\/hogyan-viseljuk-a-salat-ugy-hogy-divatos-kiegeszitoje-legyen-az-oltozekunknek\/"},"author":{"name":"Beatrix Korosi","@id":"https:\/\/blog.ccc.eu\/hu\/#\/schema\/person\/b37d4e58a15b8cc6b1339218cfeb7c10"},"headline":"Hogyan viselj\u00fck a s\u00e1lat \u00fagy, hogy divatos kieg\u00e9sz\u00edt\u0151je legyen az \u00f6lt\u00f6z\u00e9k\u00fcnknek?","datePublished":"2023-12-01T13:56:24+00:00","dateModified":"2023-12-01T13:56:25+00:00","mainEntityOfPage":{"@id":"https:\/\/blog.ccc.eu\/hu\/hogyan-viseljuk-a-salat-ugy-hogy-divatos-kiegeszitoje-legyen-az-oltozekunknek\/"},"wordCount":728,"commentCount":0,"publisher":{"@id":"https:\/\/blog.ccc.eu\/hu\/#organization"},"image":{"@id":"https:\/\/blog.ccc.eu\/hu\/hogyan-viseljuk-a-salat-ugy-hogy-divatos-kiegeszitoje-legyen-az-oltozekunknek\/#primaryimage"},"thumbnailUrl":"https:\/\/blog.ccc.eu\/hu\/wp-content\/uploads\/2023\/11\/imgonline-com-ua-compressed-8yFAaYxQ2vc-1536x1023-1.jpg","keywords":["CCC","divat tippek","\u00dajdons\u00e1gok"],"articleSection":["DIVAT TIPPEK","\u00daJDONS\u00c1GOK"],"inLanguage":"hu","potentialAction":[{"@type":"CommentAction","name":"Comment","target":["https:\/\/blog.ccc.eu\/hu\/hogyan-viseljuk-a-salat-ugy-hogy-divatos-kiegeszitoje-legyen-az-oltozekunknek\/#respond"]}]},{"@type":"WebPage","@id":"https:\/\/blog.ccc.eu\/hu\/hogyan-viseljuk-a-salat-ugy-hogy-divatos-kiegeszitoje-legyen-az-oltozekunknek\/","url":"https:\/\/blog.ccc.eu\/hu\/hogyan-viseljuk-a-salat-ugy-hogy-divatos-kiegeszitoje-legyen-az-oltozekunknek\/","name":"Hogyan viselj\u00fck a s\u00e1lat \u00fagy, hogy divatos kieg\u00e9sz\u00edt\u0151je legyen az \u00f6lt\u00f6z\u00e9k\u00fcnknek? - CCC Fashion blog","isPartOf":{"@id":"https:\/\/blog.ccc.eu\/hu\/#website"},"primaryImageOfPage":{"@id":"https:\/\/blog.ccc.eu\/hu\/hogyan-viseljuk-a-salat-ugy-hogy-divatos-kiegeszitoje-legyen-az-oltozekunknek\/#primaryimage"},"image":{"@id":"https:\/\/blog.ccc.eu\/hu\/hogyan-viseljuk-a-salat-ugy-hogy-divatos-kiegeszitoje-legyen-az-oltozekunknek\/#primaryimage"},"thumbnailUrl":"https:\/\/blog.ccc.eu\/hu\/wp-content\/uploads\/2023\/11\/imgonline-com-ua-compressed-8yFAaYxQ2vc-1536x1023-1.jpg","datePublished":"2023-12-01T13:56:24+00:00","dateModified":"2023-12-01T13:56:25+00:00","description":"A s\u00e1lak t\u00f6bb, mint meleg kieg\u00e9sz\u00edt\u0151k. K\u00fcl\u00f6nf\u00e9le k\u00f6t\u00e9st\u00edpusokkal nagyszer\u0171en feldobhatjuk a megjelen\u00e9s\u00fcnket. Olvasd el tippjeinket!","breadcrumb":{"@id":"https:\/\/blog.ccc.eu\/hu\/hogyan-viseljuk-a-salat-ugy-hogy-divatos-kiegeszitoje-legyen-az-oltozekunknek\/#breadcrumb"},"inLanguage":"hu","potentialAction":[{"@type":"ReadAction","target":["https:\/\/blog.ccc.eu\/hu\/hogyan-viseljuk-a-salat-ugy-hogy-divatos-kiegeszitoje-legyen-az-oltozekunknek\/"]}]},{"@type":"ImageObject","inLanguage":"hu","@id":"https:\/\/blog.ccc.eu\/hu\/hogyan-viseljuk-a-salat-ugy-hogy-divatos-kiegeszitoje-legyen-az-oltozekunknek\/#primaryimage","url":"https:\/\/blog.ccc.eu\/hu\/wp-content\/uploads\/2023\/11\/imgonline-com-ua-compressed-8yFAaYxQ2vc-1536x1023-1.jpg","contentUrl":"https:\/\/blog.ccc.eu\/hu\/wp-content\/uploads\/2023\/11\/imgonline-com-ua-compressed-8yFAaYxQ2vc-1536x1023-1.jpg","width":1536,"height":1023,"caption":"s\u00e1lak"},{"@type":"BreadcrumbList","@id":"https:\/\/blog.ccc.eu\/hu\/hogyan-viseljuk-a-salat-ugy-hogy-divatos-kiegeszitoje-legyen-az-oltozekunknek\/#breadcrumb","itemListElement":[{"@type":"ListItem","position":1,"name":"Strona g\u0142\u00f3wna","item":"https:\/\/blog.ccc.eu\/hu\/"},{"@type":"ListItem","position":2,"name":"Hogyan viselj\u00fck a s\u00e1lat \u00fagy, hogy divatos kieg\u00e9sz\u00edt\u0151je legyen az \u00f6lt\u00f6z\u00e9k\u00fcnknek?"}]},{"@type":"WebSite","@id":"https:\/\/blog.ccc.eu\/hu\/#website","url":"https:\/\/blog.ccc.eu\/hu\/","name":"CCC Fashion blog","description":"Az \u00d6n helye tele van divatihletekkel","publisher":{"@id":"https:\/\/blog.ccc.eu\/hu\/#organization"},"potentialAction":[{"@type":"SearchAction","target":{"@type":"EntryPoint","urlTemplate":"https:\/\/blog.ccc.eu\/hu\/?s={search_term_string}"},"query-input":{"@type":"PropertyValueSpecification","valueRequired":true,"valueName":"search_term_string"}}],"inLanguage":"hu"},{"@type":"Organization","@id":"https:\/\/blog.ccc.eu\/hu\/#organization","name":"CCC S.A.","url":"https:\/\/blog.ccc.eu\/hu\/","logo":{"@type":"ImageObject","inLanguage":"hu","@id":"https:\/\/blog.ccc.eu\/hu\/#\/schema\/logo\/image\/","url":"https:\/\/blog.ccc.eu\/hu\/wp-content\/uploads\/2021\/11\/logo_ccc.png","contentUrl":"https:\/\/blog.ccc.eu\/hu\/wp-content\/uploads\/2021\/11\/logo_ccc.png","width":730,"height":270,"caption":"CCC S.A."},"image":{"@id":"https:\/\/blog.ccc.eu\/hu\/#\/schema\/logo\/image\/"}},{"@type":"Person","@id":"https:\/\/blog.ccc.eu\/hu\/#\/schema\/person\/b37d4e58a15b8cc6b1339218cfeb7c10","name":"Beatrix Korosi","image":{"@type":"ImageObject","inLanguage":"hu","@id":"https:\/\/blog.ccc.eu\/hu\/#\/schema\/person\/image\/","url":"https:\/\/blog.ccc.eu\/hu\/wp-content\/uploads\/2022\/11\/Bea-150x150.jpg","contentUrl":"https:\/\/blog.ccc.eu\/hu\/wp-content\/uploads\/2022\/11\/Bea-150x150.jpg","caption":"Beatrix Korosi"},"url":"https:\/\/blog.ccc.eu\/hu\/author\/beatrix-korosi\/"}]}},"_links":{"self":[{"href":"https:\/\/blog.ccc.eu\/hu\/wp-json\/wp\/v2\/posts\/9392","targetHints":{"allow":["GET"]}}],"collection":[{"href":"https:\/\/blog.ccc.eu\/hu\/wp-json\/wp\/v2\/posts"}],"about":[{"href":"https:\/\/blog.ccc.eu\/hu\/wp-json\/wp\/v2\/types\/post"}],"author":[{"embeddable":true,"href":"https:\/\/blog.ccc.eu\/hu\/wp-json\/wp\/v2\/users\/22"}],"replies":[{"embeddable":true,"href":"https:\/\/blog.ccc.eu\/hu\/wp-json\/wp\/v2\/comments?post=9392"}],"version-history":[{"count":3,"href":"https:\/\/blog.ccc.eu\/hu\/wp-json\/wp\/v2\/posts\/9392\/revisions"}],"predecessor-version":[{"id":9398,"href":"https:\/\/blog.ccc.eu\/hu\/wp-json\/wp\/v2\/posts\/9392\/revisions\/9398"}],"wp:featuredmedia":[{"embeddable":true,"href":"https:\/\/blog.ccc.eu\/hu\/wp-json\/wp\/v2\/media\/9394"}],"wp:attachment":[{"href":"https:\/\/blog.ccc.eu\/hu\/wp-json\/wp\/v2\/media?parent=9392"}],"wp:term":[{"taxonomy":"category","embeddable":true,"href":"https:\/\/blog.ccc.eu\/hu\/wp-json\/wp\/v2\/categories?post=9392"},{"taxonomy":"post_tag","embeddable":true,"href":"https:\/\/blog.ccc.eu\/hu\/wp-json\/wp\/v2\/tags?post=9392"}],"curies":[{"name":"wp","href":"https:\/\/api.w.org\/{rel}","templated":true}]}}