{"id":9443,"date":"2023-12-19T13:57:22","date_gmt":"2023-12-19T12:57:22","guid":{"rendered":"https:\/\/blog.ccc.eu\/hu\/?p=9443"},"modified":"2023-12-19T13:57:23","modified_gmt":"2023-12-19T12:57:23","slug":"stilusos-cipok-az-unnepekre","status":"publish","type":"post","link":"https:\/\/blog.ccc.eu\/hu\/stilusos-cipok-az-unnepekre\/","title":{"rendered":"St\u00edlusos cip\u0151k az \u00fcnnepekre\u00a0"},"content":{"rendered":"\n<p><b>A kar\u00e1csonyt sok m\u00f3don \u00fcnnepelhetj\u00fck. Otthon a szeretteinkkel, egy eleg\u00e1ns \u00e9tteremben, vagy ak\u00e1r egy hangulatos \u00fcd\u00fcl\u0151helyen a csal\u00e1ddal vagy a bar\u00e1tokkal. Mindezeket figyelembe v\u00e9ve \u00f6sszev\u00e1logattuk az \u00fcnnepi id\u0151szak legdivatosabb cip\u0151it, amelyek feldobj\u00e1k a legegyszer\u0171bb szetteket is. Olvasd el javaslatainkat \u00e9s tal\u00e1ld meg az \u00edzl\u00e9sednek megfelel\u0151 l\u00e1bbeliket a CCC-ben!&nbsp;&nbsp;<\/b><\/p>\n\n\n\n<figure class=\"wp-block-gallery has-nested-images columns-default is-cropped wp-block-gallery-1 is-layout-flex wp-block-gallery-is-layout-flex\">\n<figure class=\"wp-block-image size-large\"><img loading=\"lazy\" decoding=\"async\" width=\"1024\" height=\"683\" data-id=\"9449\" src=\"https:\/\/blog.ccc.eu\/hu\/wp-content\/uploads\/2023\/12\/czarne-buty-na-swieta-1536x1024-1-1024x683.jpg\" alt=\"\" class=\"wp-image-9449\" srcset=\"https:\/\/blog.ccc.eu\/hu\/wp-content\/uploads\/2023\/12\/czarne-buty-na-swieta-1536x1024-1-1024x683.jpg 1024w, https:\/\/blog.ccc.eu\/hu\/wp-content\/uploads\/2023\/12\/czarne-buty-na-swieta-1536x1024-1-300x200.jpg 300w, https:\/\/blog.ccc.eu\/hu\/wp-content\/uploads\/2023\/12\/czarne-buty-na-swieta-1536x1024-1-768x512.jpg 768w, https:\/\/blog.ccc.eu\/hu\/wp-content\/uploads\/2023\/12\/czarne-buty-na-swieta-1536x1024-1-100x67.jpg 100w, https:\/\/blog.ccc.eu\/hu\/wp-content\/uploads\/2023\/12\/czarne-buty-na-swieta-1536x1024-1.jpg 1536w\" sizes=\"auto, (max-width: 1024px) 100vw, 1024px\" \/><\/figure>\n<\/figure>\n\n\n\n<h2 class=\"wp-block-heading\">Ez\u00fcst cip\u0151k az \u00fcnnepi szezonra &#8211; egy trend, ami a t\u00e9l legn\u00e9pszer\u0171bb v\u00e1laszt\u00e1sa!\u00a0<\/h2>\n\n\n\n<p>Az ez\u00fcstsz\u00edn\u0171 l\u00e1bbelik nagyon j\u00f3l meg\u00e1llj\u00e1k a hely\u00fcket kar\u00e1csonykor \u00e9s szilveszterkor egyar\u00e1nt. Kombin\u00e1ljuk \u0151ket flitteres ruh\u00e1val vagy egyszer\u0171bb, fekete sz\u00edn\u0171 darabokkal.&nbsp; A tervez\u0151k t\u00f6bb st\u00edlusban is megalkott\u00e1k ezeket a cip\u0151ket, csizma, balerina \u00e9s magassark\u00fa v\u00e1ltozatban.&nbsp;&nbsp;<\/p>\n\n\n\n<p>Ezek a l\u00e1bbelik t\u00f6k\u00e9letes kieg\u00e9sz\u00edt\u0151k, amelyek b\u00e1rmilyen \u00f6lt\u00f6z\u00e9ket feldobnak. J\u00f3l passzolnak eleg\u00e1ns ruh\u00e1hoz, nadr\u00e1ghoz \u00e9s \u00f6lt\u00f6ny\u00f6kh\u00f6z is. A CCC-ben a Jenny Fairy \u00e9s a Nine West m\u00e1rka kollekci\u00f3iban tal\u00e1ljuk meg ezeket a l\u00e9legzetel\u00e1ll\u00edt\u00f3 darabokat.\u00a0<\/p>\n\n\n\n<figure class=\"wp-block-gallery has-nested-images columns-default is-cropped wp-block-gallery-2 is-layout-flex wp-block-gallery-is-layout-flex\">\n<figure class=\"wp-block-image size-large\"><img loading=\"lazy\" decoding=\"async\" width=\"683\" height=\"1024\" data-id=\"9447\" src=\"https:\/\/blog.ccc.eu\/hu\/wp-content\/uploads\/2023\/12\/CCC_2230044307003_01-683x1024.jpg\" alt=\"\" class=\"wp-image-9447\" srcset=\"https:\/\/blog.ccc.eu\/hu\/wp-content\/uploads\/2023\/12\/CCC_2230044307003_01-683x1024.jpg 683w, https:\/\/blog.ccc.eu\/hu\/wp-content\/uploads\/2023\/12\/CCC_2230044307003_01-200x300.jpg 200w, https:\/\/blog.ccc.eu\/hu\/wp-content\/uploads\/2023\/12\/CCC_2230044307003_01-768x1152.jpg 768w, https:\/\/blog.ccc.eu\/hu\/wp-content\/uploads\/2023\/12\/CCC_2230044307003_01-100x150.jpg 100w, https:\/\/blog.ccc.eu\/hu\/wp-content\/uploads\/2023\/12\/CCC_2230044307003_01.jpg 876w\" sizes=\"auto, (max-width: 683px) 100vw, 683px\" \/><\/figure>\n\n\n\n<figure class=\"wp-block-image size-large\"><img loading=\"lazy\" decoding=\"async\" width=\"683\" height=\"1024\" data-id=\"9448\" src=\"https:\/\/blog.ccc.eu\/hu\/wp-content\/uploads\/2023\/12\/CCC_5904862443683_01_LR-683x1024.jpg\" alt=\"\" class=\"wp-image-9448\" srcset=\"https:\/\/blog.ccc.eu\/hu\/wp-content\/uploads\/2023\/12\/CCC_5904862443683_01_LR-683x1024.jpg 683w, https:\/\/blog.ccc.eu\/hu\/wp-content\/uploads\/2023\/12\/CCC_5904862443683_01_LR-200x300.jpg 200w, https:\/\/blog.ccc.eu\/hu\/wp-content\/uploads\/2023\/12\/CCC_5904862443683_01_LR-768x1152.jpg 768w, https:\/\/blog.ccc.eu\/hu\/wp-content\/uploads\/2023\/12\/CCC_5904862443683_01_LR-100x150.jpg 100w, https:\/\/blog.ccc.eu\/hu\/wp-content\/uploads\/2023\/12\/CCC_5904862443683_01_LR.jpg 876w\" sizes=\"auto, (max-width: 683px) 100vw, 683px\" \/><\/figure>\n<\/figure>\n\n\n\n<h2 class=\"wp-block-heading\">Lakkozott fels\u0151r\u00e9sszel ell\u00e1tott cip\u0151k &#8211; az idei trendek esszenci\u00e1ja\u00a0<\/h2>\n\n\n\n<p>Az idei \u00e9vben a lakkozott fels\u0151r\u00e9sszel ell\u00e1tott l\u00e1bbelik hatalmas n\u00e9pszer\u0171s\u00e9gnek \u00f6rvendenek. A balerina cip\u0151kt\u0151l kezdve, a magassark\u00fakon \u00e1t a csizm\u00e1kig mindegyik modellt sz\u00edvesen v\u00e1lasztj\u00e1k a h\u00f6lgyek.&nbsp;&nbsp;<\/p>\n\n\n\n<p>A legtrendibb cip\u0151ket k\u00e9ts\u00e9gk\u00edv\u00fcl a Jenny Fairy \u00e9s DeeZee m\u00e1rka k\u00edn\u00e1lat\u00e1ban tal\u00e1ljuk meg, valamint a Nine West m\u00e1rka kollekci\u00f3ban is \u00e9rdemes k\u00f6r\u00fcln\u00e9zn\u00fcnk, ha st\u00edlusos modelleket keres\u00fcnk.\u00a0<\/p>\n\n\n\n<figure class=\"wp-block-gallery has-nested-images columns-default is-cropped wp-block-gallery-3 is-layout-flex wp-block-gallery-is-layout-flex\">\n<figure class=\"wp-block-image size-large\"><img loading=\"lazy\" decoding=\"async\" width=\"683\" height=\"1024\" data-id=\"9450\" src=\"https:\/\/blog.ccc.eu\/hu\/wp-content\/uploads\/2023\/12\/CCC_5905588148982_01-683x1024.jpg\" alt=\"\" class=\"wp-image-9450\" srcset=\"https:\/\/blog.ccc.eu\/hu\/wp-content\/uploads\/2023\/12\/CCC_5905588148982_01-683x1024.jpg 683w, https:\/\/blog.ccc.eu\/hu\/wp-content\/uploads\/2023\/12\/CCC_5905588148982_01-200x300.jpg 200w, https:\/\/blog.ccc.eu\/hu\/wp-content\/uploads\/2023\/12\/CCC_5905588148982_01-768x1152.jpg 768w, https:\/\/blog.ccc.eu\/hu\/wp-content\/uploads\/2023\/12\/CCC_5905588148982_01-100x150.jpg 100w, https:\/\/blog.ccc.eu\/hu\/wp-content\/uploads\/2023\/12\/CCC_5905588148982_01.jpg 876w\" sizes=\"auto, (max-width: 683px) 100vw, 683px\" \/><\/figure>\n\n\n\n<figure class=\"wp-block-image size-large\"><img loading=\"lazy\" decoding=\"async\" width=\"683\" height=\"1024\" data-id=\"9451\" src=\"https:\/\/blog.ccc.eu\/hu\/wp-content\/uploads\/2023\/12\/CCC_5905588149002_01-683x1024.jpg\" alt=\"\" class=\"wp-image-9451\" srcset=\"https:\/\/blog.ccc.eu\/hu\/wp-content\/uploads\/2023\/12\/CCC_5905588149002_01-683x1024.jpg 683w, https:\/\/blog.ccc.eu\/hu\/wp-content\/uploads\/2023\/12\/CCC_5905588149002_01-200x300.jpg 200w, https:\/\/blog.ccc.eu\/hu\/wp-content\/uploads\/2023\/12\/CCC_5905588149002_01-768x1152.jpg 768w, https:\/\/blog.ccc.eu\/hu\/wp-content\/uploads\/2023\/12\/CCC_5905588149002_01-100x150.jpg 100w, https:\/\/blog.ccc.eu\/hu\/wp-content\/uploads\/2023\/12\/CCC_5905588149002_01.jpg 876w\" sizes=\"auto, (max-width: 683px) 100vw, 683px\" \/><\/figure>\n<\/figure>\n\n\n\n<h2 class=\"wp-block-heading\">Mary Jane balerin\u00e1k csillog\u00f3 d\u00edsz\u00edt\u00e9ssel\u00a0<\/h2>\n\n\n\n<p>Ezek a cip\u0151k t\u00f6k\u00e9letesek az \u00fcnnepi szezonban, k\u00fcl\u00f6n\u00f6sen, hogy elk\u00e9peszt\u0151 csillog\u00e1sukkal rabul ejtik mindenki sz\u00edv\u00e9t. V\u00e1laszthatunk lapos talp\u00fa \u00e9s magasabb sarokkal ell\u00e1tott modelleket, melyek nemcsak k\u00e9nyelmesek, hanem figyelemfelkelt\u0151ek is. Mind a klasszikusok, mind az extravag\u00e1ns l\u00e1bbelik rajong\u00f3i megtal\u00e1lj\u00e1k a CCC-ben az \u00edzl\u00e9s\u00fcknek megfelel\u0151 p\u00e1rat.\u00a0\u00a0<\/p>\n\n\n\n<figure class=\"wp-block-gallery has-nested-images columns-default is-cropped wp-block-gallery-4 is-layout-flex wp-block-gallery-is-layout-flex\">\n<figure class=\"wp-block-image size-large\"><img loading=\"lazy\" decoding=\"async\" width=\"683\" height=\"1024\" data-id=\"9453\" src=\"https:\/\/blog.ccc.eu\/hu\/wp-content\/uploads\/2023\/12\/CCC_5905588211082_01-683x1024.jpg\" alt=\"\" class=\"wp-image-9453\" srcset=\"https:\/\/blog.ccc.eu\/hu\/wp-content\/uploads\/2023\/12\/CCC_5905588211082_01-683x1024.jpg 683w, https:\/\/blog.ccc.eu\/hu\/wp-content\/uploads\/2023\/12\/CCC_5905588211082_01-200x300.jpg 200w, https:\/\/blog.ccc.eu\/hu\/wp-content\/uploads\/2023\/12\/CCC_5905588211082_01-768x1152.jpg 768w, https:\/\/blog.ccc.eu\/hu\/wp-content\/uploads\/2023\/12\/CCC_5905588211082_01-100x150.jpg 100w, https:\/\/blog.ccc.eu\/hu\/wp-content\/uploads\/2023\/12\/CCC_5905588211082_01.jpg 876w\" sizes=\"auto, (max-width: 683px) 100vw, 683px\" \/><\/figure>\n\n\n\n<figure class=\"wp-block-image size-large\"><img loading=\"lazy\" decoding=\"async\" width=\"683\" height=\"1024\" data-id=\"9452\" src=\"https:\/\/blog.ccc.eu\/hu\/wp-content\/uploads\/2023\/12\/CCC_5905588219002_01-683x1024.jpg\" alt=\"\" class=\"wp-image-9452\" srcset=\"https:\/\/blog.ccc.eu\/hu\/wp-content\/uploads\/2023\/12\/CCC_5905588219002_01-683x1024.jpg 683w, https:\/\/blog.ccc.eu\/hu\/wp-content\/uploads\/2023\/12\/CCC_5905588219002_01-200x300.jpg 200w, https:\/\/blog.ccc.eu\/hu\/wp-content\/uploads\/2023\/12\/CCC_5905588219002_01-768x1152.jpg 768w, https:\/\/blog.ccc.eu\/hu\/wp-content\/uploads\/2023\/12\/CCC_5905588219002_01-100x150.jpg 100w, https:\/\/blog.ccc.eu\/hu\/wp-content\/uploads\/2023\/12\/CCC_5905588219002_01.jpg 876w\" sizes=\"auto, (max-width: 683px) 100vw, 683px\" \/><\/figure>\n<\/figure>\n\n\n\n<p>Tal\u00e1ld meg \u00e1lmaid cip\u0151j\u00e9t az \u00fcnnepi szezonra <a href=\"https:\/\/ccc.eu\/hu\/sklepy\" target=\"_blank\" rel=\"noreferrer noopener\">CCC \u00fczleteinkben<\/a>, <a href=\"https:\/\/ccc.eu\/hu\/\" target=\"_blank\" rel=\"noreferrer noopener\">webshopunkban<\/a>, \u00e9s az <a href=\"https:\/\/ccc.eu\/hu\/mobile-app\" target=\"_blank\" rel=\"noreferrer noopener\">alkalmaz\u00e1sban<\/a>. Legy\u00e9l <a href=\"https:\/\/ccc.eu\/hu\/klub-ccc\" target=\"_blank\" rel=\"noreferrer noopener\">CCC klubtag<\/a> is, \u00e9s \u00e9lvezd a k\u00e9nyelmes \u00e9s kedvezm\u00e9nyes v\u00e1s\u00e1rl\u00e1si lehet\u0151s\u00e9geket! K\u00f6vesd vel\u00fcnk a divatot <a href=\"https:\/\/www.facebook.com\/CCC.Hungary\/\" target=\"_blank\" rel=\"noreferrer noopener\">Facebookon,<\/a> \u00e9s inspir\u00e1l\u00f3dj vel\u00fcnk az <a href=\"https:\/\/www.instagram.com\/cccshoesbags\/\" target=\"_blank\" rel=\"noreferrer noopener\">Instagramon<\/a> is!\u00a0\u00a0<\/p>\n","protected":false},"excerpt":{"rendered":"<p>A kar\u00e1csonyt sok m\u00f3don \u00fcnnepelhetj\u00fck. Otthon a szeretteinkkel, egy eleg\u00e1ns \u00e9tteremben, vagy ak\u00e1r egy hangulatos \u00fcd\u00fcl\u0151helyen a csal\u00e1ddal vagy a bar\u00e1tokkal. Mindezeket figyelembe v\u00e9ve \u00f6sszev\u00e1logattuk az \u00fcnnepi id\u0151szak legdivatosabb cip\u0151it, amelyek feldobj\u00e1k a legegyszer\u0171bb szetteket is. Olvasd el javaslatainkat \u00e9s tal\u00e1ld meg az \u00edzl\u00e9sednek megfelel\u0151 l\u00e1bbeliket a CCC-ben!&nbsp;&nbsp; Ez\u00fcst cip\u0151k az \u00fcnnepi szezonra &#8211; egy [&hellip;]<\/p>\n","protected":false},"author":22,"featured_media":9449,"comment_status":"open","ping_status":"open","sticky":false,"template":"","format":"standard","meta":{"_acf_changed":false,"footnotes":""},"categories":[6],"tags":[1053,560,1117,786],"class_list":["post-9443","post","type-post","status-publish","format-standard","has-post-thumbnail","hentry","category-trendek","tag-balerinak","tag-ccc","tag-magassarku-cipok","tag-trendek"],"acf":[],"yoast_head":"<!-- This site is optimized with the Yoast SEO plugin v26.9 - https:\/\/yoast.com\/product\/yoast-seo-wordpress\/ -->\n<title>St\u00edlusos cip\u0151k az \u00fcnnepekre\u00a0 - CCC Fashion blog<\/title>\n<meta name=\"description\" content=\"Ha m\u00e9g nem tal\u00e1ltad meg a t\u00f6k\u00e9letes l\u00e1bbelit az \u00fcnnepi id\u0151szakra, akkor olvasd el javaslatainkat \u00e9s n\u00e9zz k\u00f6r\u00fcl a weboldalon \u00e9s az \u00fczleteinkben! 2026\" \/>\n<meta name=\"robots\" content=\"index, follow, max-snippet:-1, max-image-preview:large, max-video-preview:-1\" \/>\n<link rel=\"canonical\" href=\"https:\/\/blog.ccc.eu\/hu\/stilusos-cipok-az-unnepekre\/\" \/>\n<meta property=\"og:locale\" content=\"hu_HU\" \/>\n<meta property=\"og:type\" content=\"article\" \/>\n<meta property=\"og:title\" content=\"St\u00edlusos cip\u0151k az \u00fcnnepekre\u00a0 - CCC Fashion blog\" \/>\n<meta property=\"og:description\" content=\"Ha m\u00e9g nem tal\u00e1ltad meg a t\u00f6k\u00e9letes l\u00e1bbelit az \u00fcnnepi id\u0151szakra, akkor olvasd el javaslatainkat \u00e9s n\u00e9zz k\u00f6r\u00fcl a weboldalon \u00e9s az \u00fczleteinkben!\" \/>\n<meta property=\"og:url\" content=\"https:\/\/blog.ccc.eu\/hu\/stilusos-cipok-az-unnepekre\/\" \/>\n<meta property=\"og:site_name\" content=\"CCC Fashion blog\" \/>\n<meta property=\"article:published_time\" content=\"2023-12-19T12:57:22+00:00\" \/>\n<meta property=\"article:modified_time\" content=\"2023-12-19T12:57:23+00:00\" \/>\n<meta property=\"og:image\" content=\"https:\/\/blog.ccc.eu\/hu\/wp-content\/uploads\/2023\/12\/czarne-buty-na-swieta-1536x1024-1.jpg\" \/>\n\t<meta property=\"og:image:width\" content=\"1536\" \/>\n\t<meta property=\"og:image:height\" content=\"1024\" \/>\n\t<meta property=\"og:image:type\" content=\"image\/jpeg\" \/>\n<meta name=\"author\" content=\"Beatrix Korosi\" \/>\n<meta name=\"twitter:card\" content=\"summary_large_image\" \/>\n<meta name=\"twitter:label1\" content=\"Szerz\u0151:\" \/>\n\t<meta name=\"twitter:data1\" content=\"Beatrix Korosi\" \/>\n\t<meta name=\"twitter:label2\" content=\"Becs\u00fclt olvas\u00e1si id\u0151\" \/>\n\t<meta name=\"twitter:data2\" content=\"2 perc\" \/>\n<script type=\"application\/ld+json\" class=\"yoast-schema-graph\">{\"@context\":\"https:\/\/schema.org\",\"@graph\":[{\"@type\":\"Article\",\"@id\":\"https:\/\/blog.ccc.eu\/hu\/stilusos-cipok-az-unnepekre\/#article\",\"isPartOf\":{\"@id\":\"https:\/\/blog.ccc.eu\/hu\/stilusos-cipok-az-unnepekre\/\"},\"author\":{\"name\":\"Beatrix Korosi\",\"@id\":\"https:\/\/blog.ccc.eu\/hu\/#\/schema\/person\/b37d4e58a15b8cc6b1339218cfeb7c10\"},\"headline\":\"St\u00edlusos cip\u0151k az \u00fcnnepekre\u00a0\",\"datePublished\":\"2023-12-19T12:57:22+00:00\",\"dateModified\":\"2023-12-19T12:57:23+00:00\",\"mainEntityOfPage\":{\"@id\":\"https:\/\/blog.ccc.eu\/hu\/stilusos-cipok-az-unnepekre\/\"},\"wordCount\":436,\"commentCount\":0,\"publisher\":{\"@id\":\"https:\/\/blog.ccc.eu\/hu\/#organization\"},\"image\":{\"@id\":\"https:\/\/blog.ccc.eu\/hu\/stilusos-cipok-az-unnepekre\/#primaryimage\"},\"thumbnailUrl\":\"https:\/\/blog.ccc.eu\/hu\/wp-content\/uploads\/2023\/12\/czarne-buty-na-swieta-1536x1024-1.jpg\",\"keywords\":[\"balerin\u00e1k\",\"CCC\",\"Magassark\u00fa cip\u0151k\",\"trendek\"],\"articleSection\":[\"TRENDEK\"],\"inLanguage\":\"hu\",\"potentialAction\":[{\"@type\":\"CommentAction\",\"name\":\"Comment\",\"target\":[\"https:\/\/blog.ccc.eu\/hu\/stilusos-cipok-az-unnepekre\/#respond\"]}]},{\"@type\":\"WebPage\",\"@id\":\"https:\/\/blog.ccc.eu\/hu\/stilusos-cipok-az-unnepekre\/\",\"url\":\"https:\/\/blog.ccc.eu\/hu\/stilusos-cipok-az-unnepekre\/\",\"name\":\"St\u00edlusos cip\u0151k az \u00fcnnepekre\u00a0 - CCC Fashion blog\",\"isPartOf\":{\"@id\":\"https:\/\/blog.ccc.eu\/hu\/#website\"},\"primaryImageOfPage\":{\"@id\":\"https:\/\/blog.ccc.eu\/hu\/stilusos-cipok-az-unnepekre\/#primaryimage\"},\"image\":{\"@id\":\"https:\/\/blog.ccc.eu\/hu\/stilusos-cipok-az-unnepekre\/#primaryimage\"},\"thumbnailUrl\":\"https:\/\/blog.ccc.eu\/hu\/wp-content\/uploads\/2023\/12\/czarne-buty-na-swieta-1536x1024-1.jpg\",\"datePublished\":\"2023-12-19T12:57:22+00:00\",\"dateModified\":\"2023-12-19T12:57:23+00:00\",\"description\":\"Ha m\u00e9g nem tal\u00e1ltad meg a t\u00f6k\u00e9letes l\u00e1bbelit az \u00fcnnepi id\u0151szakra, akkor olvasd el javaslatainkat \u00e9s n\u00e9zz k\u00f6r\u00fcl a weboldalon \u00e9s az \u00fczleteinkben!\",\"breadcrumb\":{\"@id\":\"https:\/\/blog.ccc.eu\/hu\/stilusos-cipok-az-unnepekre\/#breadcrumb\"},\"inLanguage\":\"hu\",\"potentialAction\":[{\"@type\":\"ReadAction\",\"target\":[\"https:\/\/blog.ccc.eu\/hu\/stilusos-cipok-az-unnepekre\/\"]}]},{\"@type\":\"ImageObject\",\"inLanguage\":\"hu\",\"@id\":\"https:\/\/blog.ccc.eu\/hu\/stilusos-cipok-az-unnepekre\/#primaryimage\",\"url\":\"https:\/\/blog.ccc.eu\/hu\/wp-content\/uploads\/2023\/12\/czarne-buty-na-swieta-1536x1024-1.jpg\",\"contentUrl\":\"https:\/\/blog.ccc.eu\/hu\/wp-content\/uploads\/2023\/12\/czarne-buty-na-swieta-1536x1024-1.jpg\",\"width\":1536,\"height\":1024,\"caption\":\"cip\u0151k \u00fcnnepekre\"},{\"@type\":\"BreadcrumbList\",\"@id\":\"https:\/\/blog.ccc.eu\/hu\/stilusos-cipok-az-unnepekre\/#breadcrumb\",\"itemListElement\":[{\"@type\":\"ListItem\",\"position\":1,\"name\":\"Strona g\u0142\u00f3wna\",\"item\":\"https:\/\/blog.ccc.eu\/hu\/\"},{\"@type\":\"ListItem\",\"position\":2,\"name\":\"St\u00edlusos cip\u0151k az \u00fcnnepekre\u00a0\"}]},{\"@type\":\"WebSite\",\"@id\":\"https:\/\/blog.ccc.eu\/hu\/#website\",\"url\":\"https:\/\/blog.ccc.eu\/hu\/\",\"name\":\"CCC Fashion blog\",\"description\":\"Az \u00d6n helye tele van divatihletekkel\",\"publisher\":{\"@id\":\"https:\/\/blog.ccc.eu\/hu\/#organization\"},\"potentialAction\":[{\"@type\":\"SearchAction\",\"target\":{\"@type\":\"EntryPoint\",\"urlTemplate\":\"https:\/\/blog.ccc.eu\/hu\/?s={search_term_string}\"},\"query-input\":{\"@type\":\"PropertyValueSpecification\",\"valueRequired\":true,\"valueName\":\"search_term_string\"}}],\"inLanguage\":\"hu\"},{\"@type\":\"Organization\",\"@id\":\"https:\/\/blog.ccc.eu\/hu\/#organization\",\"name\":\"CCC S.A.\",\"url\":\"https:\/\/blog.ccc.eu\/hu\/\",\"logo\":{\"@type\":\"ImageObject\",\"inLanguage\":\"hu\",\"@id\":\"https:\/\/blog.ccc.eu\/hu\/#\/schema\/logo\/image\/\",\"url\":\"https:\/\/blog.ccc.eu\/hu\/wp-content\/uploads\/2021\/11\/logo_ccc.png\",\"contentUrl\":\"https:\/\/blog.ccc.eu\/hu\/wp-content\/uploads\/2021\/11\/logo_ccc.png\",\"width\":730,\"height\":270,\"caption\":\"CCC S.A.\"},\"image\":{\"@id\":\"https:\/\/blog.ccc.eu\/hu\/#\/schema\/logo\/image\/\"}},{\"@type\":\"Person\",\"@id\":\"https:\/\/blog.ccc.eu\/hu\/#\/schema\/person\/b37d4e58a15b8cc6b1339218cfeb7c10\",\"name\":\"Beatrix Korosi\",\"image\":{\"@type\":\"ImageObject\",\"inLanguage\":\"hu\",\"@id\":\"https:\/\/blog.ccc.eu\/hu\/#\/schema\/person\/image\/\",\"url\":\"https:\/\/blog.ccc.eu\/hu\/wp-content\/uploads\/2022\/11\/Bea-150x150.jpg\",\"contentUrl\":\"https:\/\/blog.ccc.eu\/hu\/wp-content\/uploads\/2022\/11\/Bea-150x150.jpg\",\"caption\":\"Beatrix Korosi\"},\"url\":\"https:\/\/blog.ccc.eu\/hu\/author\/beatrix-korosi\/\"}]}<\/script>\n<!-- \/ Yoast SEO plugin. -->","yoast_head_json":{"title":"St\u00edlusos cip\u0151k az \u00fcnnepekre\u00a0 - CCC Fashion blog","description":"Ha m\u00e9g nem tal\u00e1ltad meg a t\u00f6k\u00e9letes l\u00e1bbelit az \u00fcnnepi id\u0151szakra, akkor olvasd el javaslatainkat \u00e9s n\u00e9zz k\u00f6r\u00fcl a weboldalon \u00e9s az \u00fczleteinkben! 2026","robots":{"index":"index","follow":"follow","max-snippet":"max-snippet:-1","max-image-preview":"max-image-preview:large","max-video-preview":"max-video-preview:-1"},"canonical":"https:\/\/blog.ccc.eu\/hu\/stilusos-cipok-az-unnepekre\/","og_locale":"hu_HU","og_type":"article","og_title":"St\u00edlusos cip\u0151k az \u00fcnnepekre\u00a0 - CCC Fashion blog","og_description":"Ha m\u00e9g nem tal\u00e1ltad meg a t\u00f6k\u00e9letes l\u00e1bbelit az \u00fcnnepi id\u0151szakra, akkor olvasd el javaslatainkat \u00e9s n\u00e9zz k\u00f6r\u00fcl a weboldalon \u00e9s az \u00fczleteinkben!","og_url":"https:\/\/blog.ccc.eu\/hu\/stilusos-cipok-az-unnepekre\/","og_site_name":"CCC Fashion blog","article_published_time":"2023-12-19T12:57:22+00:00","article_modified_time":"2023-12-19T12:57:23+00:00","og_image":[{"width":1536,"height":1024,"url":"https:\/\/blog.ccc.eu\/hu\/wp-content\/uploads\/2023\/12\/czarne-buty-na-swieta-1536x1024-1.jpg","type":"image\/jpeg"}],"author":"Beatrix Korosi","twitter_card":"summary_large_image","twitter_misc":{"Szerz\u0151:":"Beatrix Korosi","Becs\u00fclt olvas\u00e1si id\u0151":"2 perc"},"schema":{"@context":"https:\/\/schema.org","@graph":[{"@type":"Article","@id":"https:\/\/blog.ccc.eu\/hu\/stilusos-cipok-az-unnepekre\/#article","isPartOf":{"@id":"https:\/\/blog.ccc.eu\/hu\/stilusos-cipok-az-unnepekre\/"},"author":{"name":"Beatrix Korosi","@id":"https:\/\/blog.ccc.eu\/hu\/#\/schema\/person\/b37d4e58a15b8cc6b1339218cfeb7c10"},"headline":"St\u00edlusos cip\u0151k az \u00fcnnepekre\u00a0","datePublished":"2023-12-19T12:57:22+00:00","dateModified":"2023-12-19T12:57:23+00:00","mainEntityOfPage":{"@id":"https:\/\/blog.ccc.eu\/hu\/stilusos-cipok-az-unnepekre\/"},"wordCount":436,"commentCount":0,"publisher":{"@id":"https:\/\/blog.ccc.eu\/hu\/#organization"},"image":{"@id":"https:\/\/blog.ccc.eu\/hu\/stilusos-cipok-az-unnepekre\/#primaryimage"},"thumbnailUrl":"https:\/\/blog.ccc.eu\/hu\/wp-content\/uploads\/2023\/12\/czarne-buty-na-swieta-1536x1024-1.jpg","keywords":["balerin\u00e1k","CCC","Magassark\u00fa cip\u0151k","trendek"],"articleSection":["TRENDEK"],"inLanguage":"hu","potentialAction":[{"@type":"CommentAction","name":"Comment","target":["https:\/\/blog.ccc.eu\/hu\/stilusos-cipok-az-unnepekre\/#respond"]}]},{"@type":"WebPage","@id":"https:\/\/blog.ccc.eu\/hu\/stilusos-cipok-az-unnepekre\/","url":"https:\/\/blog.ccc.eu\/hu\/stilusos-cipok-az-unnepekre\/","name":"St\u00edlusos cip\u0151k az \u00fcnnepekre\u00a0 - CCC Fashion blog","isPartOf":{"@id":"https:\/\/blog.ccc.eu\/hu\/#website"},"primaryImageOfPage":{"@id":"https:\/\/blog.ccc.eu\/hu\/stilusos-cipok-az-unnepekre\/#primaryimage"},"image":{"@id":"https:\/\/blog.ccc.eu\/hu\/stilusos-cipok-az-unnepekre\/#primaryimage"},"thumbnailUrl":"https:\/\/blog.ccc.eu\/hu\/wp-content\/uploads\/2023\/12\/czarne-buty-na-swieta-1536x1024-1.jpg","datePublished":"2023-12-19T12:57:22+00:00","dateModified":"2023-12-19T12:57:23+00:00","description":"Ha m\u00e9g nem tal\u00e1ltad meg a t\u00f6k\u00e9letes l\u00e1bbelit az \u00fcnnepi id\u0151szakra, akkor olvasd el javaslatainkat \u00e9s n\u00e9zz k\u00f6r\u00fcl a weboldalon \u00e9s az \u00fczleteinkben!","breadcrumb":{"@id":"https:\/\/blog.ccc.eu\/hu\/stilusos-cipok-az-unnepekre\/#breadcrumb"},"inLanguage":"hu","potentialAction":[{"@type":"ReadAction","target":["https:\/\/blog.ccc.eu\/hu\/stilusos-cipok-az-unnepekre\/"]}]},{"@type":"ImageObject","inLanguage":"hu","@id":"https:\/\/blog.ccc.eu\/hu\/stilusos-cipok-az-unnepekre\/#primaryimage","url":"https:\/\/blog.ccc.eu\/hu\/wp-content\/uploads\/2023\/12\/czarne-buty-na-swieta-1536x1024-1.jpg","contentUrl":"https:\/\/blog.ccc.eu\/hu\/wp-content\/uploads\/2023\/12\/czarne-buty-na-swieta-1536x1024-1.jpg","width":1536,"height":1024,"caption":"cip\u0151k \u00fcnnepekre"},{"@type":"BreadcrumbList","@id":"https:\/\/blog.ccc.eu\/hu\/stilusos-cipok-az-unnepekre\/#breadcrumb","itemListElement":[{"@type":"ListItem","position":1,"name":"Strona g\u0142\u00f3wna","item":"https:\/\/blog.ccc.eu\/hu\/"},{"@type":"ListItem","position":2,"name":"St\u00edlusos cip\u0151k az \u00fcnnepekre\u00a0"}]},{"@type":"WebSite","@id":"https:\/\/blog.ccc.eu\/hu\/#website","url":"https:\/\/blog.ccc.eu\/hu\/","name":"CCC Fashion blog","description":"Az \u00d6n helye tele van divatihletekkel","publisher":{"@id":"https:\/\/blog.ccc.eu\/hu\/#organization"},"potentialAction":[{"@type":"SearchAction","target":{"@type":"EntryPoint","urlTemplate":"https:\/\/blog.ccc.eu\/hu\/?s={search_term_string}"},"query-input":{"@type":"PropertyValueSpecification","valueRequired":true,"valueName":"search_term_string"}}],"inLanguage":"hu"},{"@type":"Organization","@id":"https:\/\/blog.ccc.eu\/hu\/#organization","name":"CCC S.A.","url":"https:\/\/blog.ccc.eu\/hu\/","logo":{"@type":"ImageObject","inLanguage":"hu","@id":"https:\/\/blog.ccc.eu\/hu\/#\/schema\/logo\/image\/","url":"https:\/\/blog.ccc.eu\/hu\/wp-content\/uploads\/2021\/11\/logo_ccc.png","contentUrl":"https:\/\/blog.ccc.eu\/hu\/wp-content\/uploads\/2021\/11\/logo_ccc.png","width":730,"height":270,"caption":"CCC S.A."},"image":{"@id":"https:\/\/blog.ccc.eu\/hu\/#\/schema\/logo\/image\/"}},{"@type":"Person","@id":"https:\/\/blog.ccc.eu\/hu\/#\/schema\/person\/b37d4e58a15b8cc6b1339218cfeb7c10","name":"Beatrix Korosi","image":{"@type":"ImageObject","inLanguage":"hu","@id":"https:\/\/blog.ccc.eu\/hu\/#\/schema\/person\/image\/","url":"https:\/\/blog.ccc.eu\/hu\/wp-content\/uploads\/2022\/11\/Bea-150x150.jpg","contentUrl":"https:\/\/blog.ccc.eu\/hu\/wp-content\/uploads\/2022\/11\/Bea-150x150.jpg","caption":"Beatrix Korosi"},"url":"https:\/\/blog.ccc.eu\/hu\/author\/beatrix-korosi\/"}]}},"_links":{"self":[{"href":"https:\/\/blog.ccc.eu\/hu\/wp-json\/wp\/v2\/posts\/9443","targetHints":{"allow":["GET"]}}],"collection":[{"href":"https:\/\/blog.ccc.eu\/hu\/wp-json\/wp\/v2\/posts"}],"about":[{"href":"https:\/\/blog.ccc.eu\/hu\/wp-json\/wp\/v2\/types\/post"}],"author":[{"embeddable":true,"href":"https:\/\/blog.ccc.eu\/hu\/wp-json\/wp\/v2\/users\/22"}],"replies":[{"embeddable":true,"href":"https:\/\/blog.ccc.eu\/hu\/wp-json\/wp\/v2\/comments?post=9443"}],"version-history":[{"count":3,"href":"https:\/\/blog.ccc.eu\/hu\/wp-json\/wp\/v2\/posts\/9443\/revisions"}],"predecessor-version":[{"id":9455,"href":"https:\/\/blog.ccc.eu\/hu\/wp-json\/wp\/v2\/posts\/9443\/revisions\/9455"}],"wp:featuredmedia":[{"embeddable":true,"href":"https:\/\/blog.ccc.eu\/hu\/wp-json\/wp\/v2\/media\/9449"}],"wp:attachment":[{"href":"https:\/\/blog.ccc.eu\/hu\/wp-json\/wp\/v2\/media?parent=9443"}],"wp:term":[{"taxonomy":"category","embeddable":true,"href":"https:\/\/blog.ccc.eu\/hu\/wp-json\/wp\/v2\/categories?post=9443"},{"taxonomy":"post_tag","embeddable":true,"href":"https:\/\/blog.ccc.eu\/hu\/wp-json\/wp\/v2\/tags?post=9443"}],"curies":[{"name":"wp","href":"https:\/\/api.w.org\/{rel}","templated":true}]}}