{"id":9607,"date":"2024-02-23T13:27:58","date_gmt":"2024-02-23T12:27:58","guid":{"rendered":"https:\/\/blog.ccc.eu\/hu\/?p=9607"},"modified":"2024-02-23T13:27:59","modified_gmt":"2024-02-23T12:27:59","slug":"eskuvoi-cipok-a-2024-es-szezonra-tekintsd-meg-a-legszebb-modelleket","status":"publish","type":"post","link":"https:\/\/blog.ccc.eu\/hu\/eskuvoi-cipok-a-2024-es-szezonra-tekintsd-meg-a-legszebb-modelleket\/","title":{"rendered":"Esk\u00fcv\u0151i cip\u0151k a 2024-es szezonra-tekintsd meg a legszebb modelleket\u00a0"},"content":{"rendered":"\n<p><b>K\u00f6zeleg a nagy nap? Kiv\u00e1lasztottad m\u00e1r az esk\u00fcv\u0151i ruh\u00e1dat \u00e9s m\u00e1r csak a cip\u0151 hi\u00e1nyzik? Vagy tal\u00e1n csak esk\u00fcv\u0151i inspir\u00e1ci\u00f3t keresel? J\u00f3 helyre j\u00f6tt\u00e9l! Seg\u00edt\u00fcnk megtal\u00e1lni a legdivatosabb \u00e9s legk\u00e9nyelmesebb esk\u00fcv\u0151i cip\u0151t, amely t\u00f6k\u00e9letesen fog passzolni a ruh\u00e1dhoz \u00e9s az \u00edzl\u00e9sedhez. Olvasd el cikk\u00fcnket \u00e9s ismerd meg az esk\u00fcv\u0151i divat aktu\u00e1lis trendjeit.&nbsp;&nbsp;<\/b><\/p>\n\n\n\n<figure class=\"wp-block-gallery has-nested-images columns-default is-cropped wp-block-gallery-1 is-layout-flex wp-block-gallery-is-layout-flex\">\n<figure class=\"wp-block-image size-large\"><img loading=\"lazy\" decoding=\"async\" width=\"768\" height=\"511\" data-id=\"9608\" src=\"https:\/\/blog.ccc.eu\/hu\/wp-content\/uploads\/2024\/02\/buty-slubne-768x511-1.jpg\" alt=\"\" class=\"wp-image-9608\" srcset=\"https:\/\/blog.ccc.eu\/hu\/wp-content\/uploads\/2024\/02\/buty-slubne-768x511-1.jpg 768w, https:\/\/blog.ccc.eu\/hu\/wp-content\/uploads\/2024\/02\/buty-slubne-768x511-1-300x200.jpg 300w, https:\/\/blog.ccc.eu\/hu\/wp-content\/uploads\/2024\/02\/buty-slubne-768x511-1-100x67.jpg 100w\" sizes=\"auto, (max-width: 768px) 100vw, 768px\" \/><\/figure>\n<\/figure>\n\n\n\n<h2 class=\"wp-block-heading\">Milyen esk\u00fcv\u0151i cip\u0151t v\u00e1lasszunk? Gyakorlati tippek \u00e9s trendek&nbsp;<\/h2>\n\n\n\n<p>Az idei trendekben tov\u00e1bbra is a feh\u00e9r sz\u00edn domin\u00e1l, d\u00edsz\u00edtett \u00e9s minimalista st\u00edlusban egyar\u00e1nt, emellett egyre n\u00e9pszer\u0171bbek a pasztellsz\u00ednek, k\u00f6zt\u00fck a k\u00e9k \u00e9s a r\u00f3zsasz\u00edn.&nbsp;&nbsp;<\/p>\n\n\n\n<figure class=\"wp-block-gallery has-nested-images columns-default is-cropped wp-block-gallery-2 is-layout-flex wp-block-gallery-is-layout-flex\">\n<figure class=\"wp-block-image size-large\"><img loading=\"lazy\" decoding=\"async\" width=\"768\" height=\"512\" data-id=\"9609\" src=\"https:\/\/blog.ccc.eu\/hu\/wp-content\/uploads\/2024\/02\/imgonline-com-ua-compressed-qGArO62t9nE7-768x512-1.jpg\" alt=\"\" class=\"wp-image-9609\" srcset=\"https:\/\/blog.ccc.eu\/hu\/wp-content\/uploads\/2024\/02\/imgonline-com-ua-compressed-qGArO62t9nE7-768x512-1.jpg 768w, https:\/\/blog.ccc.eu\/hu\/wp-content\/uploads\/2024\/02\/imgonline-com-ua-compressed-qGArO62t9nE7-768x512-1-300x200.jpg 300w, https:\/\/blog.ccc.eu\/hu\/wp-content\/uploads\/2024\/02\/imgonline-com-ua-compressed-qGArO62t9nE7-768x512-1-100x67.jpg 100w\" sizes=\"auto, (max-width: 768px) 100vw, 768px\" \/><\/figure>\n<\/figure>\n\n\n\n<h2 class=\"wp-block-heading\">Magassark\u00fa l\u00e1bbeli&nbsp;&nbsp;<\/h2>\n\n\n\n<p>Egy\u00e9rtelm\u0171en ez az egyik legn\u00e9pszer\u0171bb v\u00e1laszt\u00e1s, amely t\u00f6k\u00e9letesen beleillik az id\u0151tlen esk\u00fcv\u0151i eszt\u00e9tik\u00e1ba. A CCC-ben egyszer\u0171 feh\u00e9r modelleket tal\u00e1lsz, amelyek b\u00e1rmilyen st\u00edlus\u00fa ruh\u00e1hoz illenek. Szemet gy\u00f6ny\u00f6rk\u00f6dtet\u0151 babar\u00f3zsasz\u00edn \u00e9s k\u00e9k sz\u00edn\u0171 darabokb\u00f3l sincs hi\u00e1ny, amelyek t\u00f6k\u00e9letesen kiemelik a megjelen\u00e9sed.&nbsp;&nbsp;<\/p>\n\n\n\n<figure class=\"wp-block-gallery has-nested-images columns-default is-cropped wp-block-gallery-3 is-layout-flex wp-block-gallery-is-layout-flex\">\n<figure class=\"wp-block-image size-large\"><img loading=\"lazy\" decoding=\"async\" width=\"683\" height=\"1024\" data-id=\"9610\" src=\"https:\/\/blog.ccc.eu\/hu\/wp-content\/uploads\/2024\/02\/CCC_5904862471174_01_LR-683x1024.jpg\" alt=\"\" class=\"wp-image-9610\" srcset=\"https:\/\/blog.ccc.eu\/hu\/wp-content\/uploads\/2024\/02\/CCC_5904862471174_01_LR-683x1024.jpg 683w, https:\/\/blog.ccc.eu\/hu\/wp-content\/uploads\/2024\/02\/CCC_5904862471174_01_LR-200x300.jpg 200w, https:\/\/blog.ccc.eu\/hu\/wp-content\/uploads\/2024\/02\/CCC_5904862471174_01_LR-768x1152.jpg 768w, https:\/\/blog.ccc.eu\/hu\/wp-content\/uploads\/2024\/02\/CCC_5904862471174_01_LR-100x150.jpg 100w, https:\/\/blog.ccc.eu\/hu\/wp-content\/uploads\/2024\/02\/CCC_5904862471174_01_LR.jpg 876w\" sizes=\"auto, (max-width: 683px) 100vw, 683px\" \/><\/figure>\n\n\n\n<figure class=\"wp-block-image size-large\"><img loading=\"lazy\" decoding=\"async\" width=\"683\" height=\"1024\" data-id=\"9611\" src=\"https:\/\/blog.ccc.eu\/hu\/wp-content\/uploads\/2024\/02\/CCC_5904862486291_01-683x1024.jpg\" alt=\"\" class=\"wp-image-9611\" srcset=\"https:\/\/blog.ccc.eu\/hu\/wp-content\/uploads\/2024\/02\/CCC_5904862486291_01-683x1024.jpg 683w, https:\/\/blog.ccc.eu\/hu\/wp-content\/uploads\/2024\/02\/CCC_5904862486291_01-200x300.jpg 200w, https:\/\/blog.ccc.eu\/hu\/wp-content\/uploads\/2024\/02\/CCC_5904862486291_01-768x1152.jpg 768w, https:\/\/blog.ccc.eu\/hu\/wp-content\/uploads\/2024\/02\/CCC_5904862486291_01-100x150.jpg 100w, https:\/\/blog.ccc.eu\/hu\/wp-content\/uploads\/2024\/02\/CCC_5904862486291_01.jpg 876w\" sizes=\"auto, (max-width: 683px) 100vw, 683px\" \/><\/figure>\n<\/figure>\n\n\n\n<h2 class=\"wp-block-heading\">Esk\u00fcv\u0151i szand\u00e1l&nbsp;<\/h2>\n\n\n\n<p>A szand\u00e1lok ide\u00e1lisak a ny\u00e1ri szezonra. Erre az alkalomra v\u00e1lassz krist\u00e1lyokkal \u00e9s p\u00e1ntokkal kieg\u00e9sz\u00edtett magassark\u00fa modelleket feh\u00e9r, b\u00e9zs vagy pasztellsz\u00ednben. A pasztell \u00e1rnyalatok remek\u00fcl harmoniz\u00e1lnak az esk\u00fcv\u0151i csokorban megtal\u00e1lhat\u00f3 vir\u00e1gokkal!&nbsp;<\/p>\n\n\n\n<figure class=\"wp-block-gallery has-nested-images columns-default is-cropped wp-block-gallery-4 is-layout-flex wp-block-gallery-is-layout-flex\">\n<figure class=\"wp-block-image size-large\"><img loading=\"lazy\" decoding=\"async\" width=\"683\" height=\"1024\" data-id=\"9612\" src=\"https:\/\/blog.ccc.eu\/hu\/wp-content\/uploads\/2024\/02\/CCC_5904862699387_01_LR-683x1024.jpg\" alt=\"\" class=\"wp-image-9612\" srcset=\"https:\/\/blog.ccc.eu\/hu\/wp-content\/uploads\/2024\/02\/CCC_5904862699387_01_LR-683x1024.jpg 683w, https:\/\/blog.ccc.eu\/hu\/wp-content\/uploads\/2024\/02\/CCC_5904862699387_01_LR-200x300.jpg 200w, https:\/\/blog.ccc.eu\/hu\/wp-content\/uploads\/2024\/02\/CCC_5904862699387_01_LR-768x1152.jpg 768w, https:\/\/blog.ccc.eu\/hu\/wp-content\/uploads\/2024\/02\/CCC_5904862699387_01_LR-100x150.jpg 100w, https:\/\/blog.ccc.eu\/hu\/wp-content\/uploads\/2024\/02\/CCC_5904862699387_01_LR.jpg 876w\" sizes=\"auto, (max-width: 683px) 100vw, 683px\" \/><\/figure>\n\n\n\n<figure class=\"wp-block-image size-large\"><img loading=\"lazy\" decoding=\"async\" width=\"683\" height=\"1024\" data-id=\"9613\" src=\"https:\/\/blog.ccc.eu\/hu\/wp-content\/uploads\/2024\/02\/CCC_5904862699394_01_LR-683x1024.jpg\" alt=\"\" class=\"wp-image-9613\" srcset=\"https:\/\/blog.ccc.eu\/hu\/wp-content\/uploads\/2024\/02\/CCC_5904862699394_01_LR-683x1024.jpg 683w, https:\/\/blog.ccc.eu\/hu\/wp-content\/uploads\/2024\/02\/CCC_5904862699394_01_LR-200x300.jpg 200w, https:\/\/blog.ccc.eu\/hu\/wp-content\/uploads\/2024\/02\/CCC_5904862699394_01_LR-768x1152.jpg 768w, https:\/\/blog.ccc.eu\/hu\/wp-content\/uploads\/2024\/02\/CCC_5904862699394_01_LR-100x150.jpg 100w, https:\/\/blog.ccc.eu\/hu\/wp-content\/uploads\/2024\/02\/CCC_5904862699394_01_LR.jpg 876w\" sizes=\"auto, (max-width: 683px) 100vw, 683px\" \/><\/figure>\n<\/figure>\n\n\n\n<h2 class=\"wp-block-heading\">Esk\u00fcv\u0151i balerina l\u00e1bbelik&nbsp;<\/h2>\n\n\n\n<p>A Mary Jane st\u00edlus\u00fa cip\u0151k jelenleg is rendk\u00edv\u00fcl divatosak, ez\u00e9rt, ha lapos talp\u00fa cip\u0151t v\u00e1lasztasz, akkor ez lehet a legjobb v\u00e1laszt\u00e1s sz\u00e1modra. A balerin\u00e1k is remek\u00fcl mutatnak feh\u00e9r, r\u00f3zsasz\u00edn \u00e9s piszt\u00e1cia sz\u00ednben is, melyek garant\u00e1ltan feldobj\u00e1k a megjelen\u00e9sed!&nbsp;<\/p>\n\n\n\n<figure class=\"wp-block-gallery has-nested-images columns-default is-cropped wp-block-gallery-5 is-layout-flex wp-block-gallery-is-layout-flex\">\n<figure class=\"wp-block-image size-large\"><img loading=\"lazy\" decoding=\"async\" width=\"683\" height=\"1024\" data-id=\"9614\" src=\"https:\/\/blog.ccc.eu\/hu\/wp-content\/uploads\/2024\/02\/CCC_5904862528939_01_LR-683x1024.jpg\" alt=\"\" class=\"wp-image-9614\" srcset=\"https:\/\/blog.ccc.eu\/hu\/wp-content\/uploads\/2024\/02\/CCC_5904862528939_01_LR-683x1024.jpg 683w, https:\/\/blog.ccc.eu\/hu\/wp-content\/uploads\/2024\/02\/CCC_5904862528939_01_LR-200x300.jpg 200w, https:\/\/blog.ccc.eu\/hu\/wp-content\/uploads\/2024\/02\/CCC_5904862528939_01_LR-768x1152.jpg 768w, https:\/\/blog.ccc.eu\/hu\/wp-content\/uploads\/2024\/02\/CCC_5904862528939_01_LR-100x150.jpg 100w, https:\/\/blog.ccc.eu\/hu\/wp-content\/uploads\/2024\/02\/CCC_5904862528939_01_LR.jpg 876w\" sizes=\"auto, (max-width: 683px) 100vw, 683px\" \/><\/figure>\n\n\n\n<figure class=\"wp-block-image size-large\"><img loading=\"lazy\" decoding=\"async\" width=\"683\" height=\"1024\" data-id=\"9615\" src=\"https:\/\/blog.ccc.eu\/hu\/wp-content\/uploads\/2024\/02\/CCC_5904862563787_01_LR-683x1024.jpg\" alt=\"\" class=\"wp-image-9615\" srcset=\"https:\/\/blog.ccc.eu\/hu\/wp-content\/uploads\/2024\/02\/CCC_5904862563787_01_LR-683x1024.jpg 683w, https:\/\/blog.ccc.eu\/hu\/wp-content\/uploads\/2024\/02\/CCC_5904862563787_01_LR-200x300.jpg 200w, https:\/\/blog.ccc.eu\/hu\/wp-content\/uploads\/2024\/02\/CCC_5904862563787_01_LR-768x1152.jpg 768w, https:\/\/blog.ccc.eu\/hu\/wp-content\/uploads\/2024\/02\/CCC_5904862563787_01_LR-100x150.jpg 100w, https:\/\/blog.ccc.eu\/hu\/wp-content\/uploads\/2024\/02\/CCC_5904862563787_01_LR.jpg 876w\" sizes=\"auto, (max-width: 683px) 100vw, 683px\" \/><\/figure>\n<\/figure>\n\n\n\n<p>Fedezd fel az idei \u00e9v legszebb esk\u00fcv\u0151i cip\u0151it <a href=\"https:\/\/ccc.eu\/hu\/sklepy\" target=\"_blank\" rel=\"noreferrer noopener\">CCC \u00fczleteinkben<\/a>, <a href=\"https:\/\/ccc.eu\/hu\/\" target=\"_blank\" rel=\"noreferrer noopener\">webshopunkban<\/a>, \u00e9s az <a href=\"https:\/\/ccc.eu\/hu\/mobile-app\" target=\"_blank\" rel=\"noreferrer noopener\">alkalmaz\u00e1sban<\/a>. Legy\u00e9l <a href=\"https:\/\/ccc.eu\/hu\/klub-ccc\" target=\"_blank\" rel=\"noreferrer noopener\">CCC klubtag<\/a> is, \u00e9s \u00e9lvezd a k\u00e9nyelmes \u00e9s kedvezm\u00e9nyes v\u00e1s\u00e1rl\u00e1si lehet\u0151s\u00e9geket! K\u00f6vesd vel\u00fcnk a divatot <a href=\"https:\/\/www.facebook.com\/CCC.Hungary\/\" target=\"_blank\" rel=\"noreferrer noopener\">Facebookon,<\/a> \u00e9s inspir\u00e1l\u00f3dj vel\u00fcnk az <a href=\"https:\/\/www.instagram.com\/cccshoesbags\/\" target=\"_blank\" rel=\"noreferrer noopener\">Instagramon<\/a> is!\u00a0\u00a0\u00a0<\/p>\n","protected":false},"excerpt":{"rendered":"<p>K\u00f6zeleg a nagy nap? Kiv\u00e1lasztottad m\u00e1r az esk\u00fcv\u0151i ruh\u00e1dat \u00e9s m\u00e1r csak a cip\u0151 hi\u00e1nyzik? Vagy tal\u00e1n csak esk\u00fcv\u0151i inspir\u00e1ci\u00f3t keresel? J\u00f3 helyre j\u00f6tt\u00e9l! Seg\u00edt\u00fcnk megtal\u00e1lni a legdivatosabb \u00e9s legk\u00e9nyelmesebb esk\u00fcv\u0151i cip\u0151t, amely t\u00f6k\u00e9letesen fog passzolni a ruh\u00e1dhoz \u00e9s az \u00edzl\u00e9sedhez. Olvasd el cikk\u00fcnket \u00e9s ismerd meg az esk\u00fcv\u0151i divat aktu\u00e1lis trendjeit.&nbsp;&nbsp; Milyen esk\u00fcv\u0151i cip\u0151t [&hellip;]<\/p>\n","protected":false},"author":22,"featured_media":9609,"comment_status":"open","ping_status":"open","sticky":false,"template":"","format":"standard","meta":{"_acf_changed":false,"footnotes":""},"categories":[4,6],"tags":[560,821,1095,786],"class_list":["post-9607","post","type-post","status-publish","format-standard","has-post-thumbnail","hentry","category-divat-tippek","category-trendek","tag-ccc","tag-divat-tippek","tag-eskuvoi-cipok","tag-trendek"],"acf":[],"yoast_head":"<!-- This site is optimized with the Yoast SEO plugin v26.9 - https:\/\/yoast.com\/product\/yoast-seo-wordpress\/ -->\n<title>Esk\u00fcv\u0151i cip\u0151k a 2024-es szezonra-tekintsd meg a legszebb modelleket\u00a0 - CCC Fashion blog<\/title>\n<meta name=\"description\" content=\"Nem tal\u00e1ltad m\u00e9g meg a t\u00f6k\u00e9letes esk\u00fcv\u0151i cip\u0151t a nagy napra? N\u00e9zz sz\u00e9t a CCC-ben \u00e9s tal\u00e1ld meg az \u00edzl\u00e9sednek megfelel\u0151 p\u00e1rat! 2026\" \/>\n<meta name=\"robots\" content=\"index, follow, max-snippet:-1, max-image-preview:large, max-video-preview:-1\" \/>\n<link rel=\"canonical\" href=\"https:\/\/blog.ccc.eu\/hu\/eskuvoi-cipok-a-2024-es-szezonra-tekintsd-meg-a-legszebb-modelleket\/\" \/>\n<meta property=\"og:locale\" content=\"hu_HU\" \/>\n<meta property=\"og:type\" content=\"article\" \/>\n<meta property=\"og:title\" content=\"Esk\u00fcv\u0151i cip\u0151k a 2024-es szezonra-tekintsd meg a legszebb modelleket\u00a0 - CCC Fashion blog\" \/>\n<meta property=\"og:description\" content=\"Nem tal\u00e1ltad m\u00e9g meg a t\u00f6k\u00e9letes esk\u00fcv\u0151i cip\u0151t a nagy napra? N\u00e9zz sz\u00e9t a CCC-ben \u00e9s tal\u00e1ld meg az \u00edzl\u00e9sednek megfelel\u0151 p\u00e1rat!\" \/>\n<meta property=\"og:url\" content=\"https:\/\/blog.ccc.eu\/hu\/eskuvoi-cipok-a-2024-es-szezonra-tekintsd-meg-a-legszebb-modelleket\/\" \/>\n<meta property=\"og:site_name\" content=\"CCC Fashion blog\" \/>\n<meta property=\"article:published_time\" content=\"2024-02-23T12:27:58+00:00\" \/>\n<meta property=\"article:modified_time\" content=\"2024-02-23T12:27:59+00:00\" \/>\n<meta property=\"og:image\" content=\"https:\/\/blog.ccc.eu\/hu\/wp-content\/uploads\/2024\/02\/imgonline-com-ua-compressed-qGArO62t9nE7-768x512-1.jpg\" \/>\n\t<meta property=\"og:image:width\" content=\"768\" \/>\n\t<meta property=\"og:image:height\" content=\"512\" \/>\n\t<meta property=\"og:image:type\" content=\"image\/jpeg\" \/>\n<meta name=\"author\" content=\"Beatrix Korosi\" \/>\n<meta name=\"twitter:card\" content=\"summary_large_image\" \/>\n<meta name=\"twitter:label1\" content=\"Szerz\u0151:\" \/>\n\t<meta name=\"twitter:data1\" content=\"Beatrix Korosi\" \/>\n\t<meta name=\"twitter:label2\" content=\"Becs\u00fclt olvas\u00e1si id\u0151\" \/>\n\t<meta name=\"twitter:data2\" content=\"2 perc\" \/>\n<script type=\"application\/ld+json\" class=\"yoast-schema-graph\">{\"@context\":\"https:\/\/schema.org\",\"@graph\":[{\"@type\":\"Article\",\"@id\":\"https:\/\/blog.ccc.eu\/hu\/eskuvoi-cipok-a-2024-es-szezonra-tekintsd-meg-a-legszebb-modelleket\/#article\",\"isPartOf\":{\"@id\":\"https:\/\/blog.ccc.eu\/hu\/eskuvoi-cipok-a-2024-es-szezonra-tekintsd-meg-a-legszebb-modelleket\/\"},\"author\":{\"name\":\"Beatrix Korosi\",\"@id\":\"https:\/\/blog.ccc.eu\/hu\/#\/schema\/person\/b37d4e58a15b8cc6b1339218cfeb7c10\"},\"headline\":\"Esk\u00fcv\u0151i cip\u0151k a 2024-es szezonra-tekintsd meg a legszebb modelleket\u00a0\",\"datePublished\":\"2024-02-23T12:27:58+00:00\",\"dateModified\":\"2024-02-23T12:27:59+00:00\",\"mainEntityOfPage\":{\"@id\":\"https:\/\/blog.ccc.eu\/hu\/eskuvoi-cipok-a-2024-es-szezonra-tekintsd-meg-a-legszebb-modelleket\/\"},\"wordCount\":401,\"commentCount\":0,\"publisher\":{\"@id\":\"https:\/\/blog.ccc.eu\/hu\/#organization\"},\"image\":{\"@id\":\"https:\/\/blog.ccc.eu\/hu\/eskuvoi-cipok-a-2024-es-szezonra-tekintsd-meg-a-legszebb-modelleket\/#primaryimage\"},\"thumbnailUrl\":\"https:\/\/blog.ccc.eu\/hu\/wp-content\/uploads\/2024\/02\/imgonline-com-ua-compressed-qGArO62t9nE7-768x512-1.jpg\",\"keywords\":[\"CCC\",\"divat tippek\",\"esk\u00fcv\u0151i cip\u0151k\",\"trendek\"],\"articleSection\":[\"DIVAT TIPPEK\",\"TRENDEK\"],\"inLanguage\":\"hu\",\"potentialAction\":[{\"@type\":\"CommentAction\",\"name\":\"Comment\",\"target\":[\"https:\/\/blog.ccc.eu\/hu\/eskuvoi-cipok-a-2024-es-szezonra-tekintsd-meg-a-legszebb-modelleket\/#respond\"]}]},{\"@type\":\"WebPage\",\"@id\":\"https:\/\/blog.ccc.eu\/hu\/eskuvoi-cipok-a-2024-es-szezonra-tekintsd-meg-a-legszebb-modelleket\/\",\"url\":\"https:\/\/blog.ccc.eu\/hu\/eskuvoi-cipok-a-2024-es-szezonra-tekintsd-meg-a-legszebb-modelleket\/\",\"name\":\"Esk\u00fcv\u0151i cip\u0151k a 2024-es szezonra-tekintsd meg a legszebb modelleket\u00a0 - CCC Fashion blog\",\"isPartOf\":{\"@id\":\"https:\/\/blog.ccc.eu\/hu\/#website\"},\"primaryImageOfPage\":{\"@id\":\"https:\/\/blog.ccc.eu\/hu\/eskuvoi-cipok-a-2024-es-szezonra-tekintsd-meg-a-legszebb-modelleket\/#primaryimage\"},\"image\":{\"@id\":\"https:\/\/blog.ccc.eu\/hu\/eskuvoi-cipok-a-2024-es-szezonra-tekintsd-meg-a-legszebb-modelleket\/#primaryimage\"},\"thumbnailUrl\":\"https:\/\/blog.ccc.eu\/hu\/wp-content\/uploads\/2024\/02\/imgonline-com-ua-compressed-qGArO62t9nE7-768x512-1.jpg\",\"datePublished\":\"2024-02-23T12:27:58+00:00\",\"dateModified\":\"2024-02-23T12:27:59+00:00\",\"description\":\"Nem tal\u00e1ltad m\u00e9g meg a t\u00f6k\u00e9letes esk\u00fcv\u0151i cip\u0151t a nagy napra? N\u00e9zz sz\u00e9t a CCC-ben \u00e9s tal\u00e1ld meg az \u00edzl\u00e9sednek megfelel\u0151 p\u00e1rat!\",\"breadcrumb\":{\"@id\":\"https:\/\/blog.ccc.eu\/hu\/eskuvoi-cipok-a-2024-es-szezonra-tekintsd-meg-a-legszebb-modelleket\/#breadcrumb\"},\"inLanguage\":\"hu\",\"potentialAction\":[{\"@type\":\"ReadAction\",\"target\":[\"https:\/\/blog.ccc.eu\/hu\/eskuvoi-cipok-a-2024-es-szezonra-tekintsd-meg-a-legszebb-modelleket\/\"]}]},{\"@type\":\"ImageObject\",\"inLanguage\":\"hu\",\"@id\":\"https:\/\/blog.ccc.eu\/hu\/eskuvoi-cipok-a-2024-es-szezonra-tekintsd-meg-a-legszebb-modelleket\/#primaryimage\",\"url\":\"https:\/\/blog.ccc.eu\/hu\/wp-content\/uploads\/2024\/02\/imgonline-com-ua-compressed-qGArO62t9nE7-768x512-1.jpg\",\"contentUrl\":\"https:\/\/blog.ccc.eu\/hu\/wp-content\/uploads\/2024\/02\/imgonline-com-ua-compressed-qGArO62t9nE7-768x512-1.jpg\",\"width\":768,\"height\":512},{\"@type\":\"BreadcrumbList\",\"@id\":\"https:\/\/blog.ccc.eu\/hu\/eskuvoi-cipok-a-2024-es-szezonra-tekintsd-meg-a-legszebb-modelleket\/#breadcrumb\",\"itemListElement\":[{\"@type\":\"ListItem\",\"position\":1,\"name\":\"Strona g\u0142\u00f3wna\",\"item\":\"https:\/\/blog.ccc.eu\/hu\/\"},{\"@type\":\"ListItem\",\"position\":2,\"name\":\"Esk\u00fcv\u0151i cip\u0151k a 2024-es szezonra-tekintsd meg a legszebb modelleket\u00a0\"}]},{\"@type\":\"WebSite\",\"@id\":\"https:\/\/blog.ccc.eu\/hu\/#website\",\"url\":\"https:\/\/blog.ccc.eu\/hu\/\",\"name\":\"CCC Fashion blog\",\"description\":\"Az \u00d6n helye tele van divatihletekkel\",\"publisher\":{\"@id\":\"https:\/\/blog.ccc.eu\/hu\/#organization\"},\"potentialAction\":[{\"@type\":\"SearchAction\",\"target\":{\"@type\":\"EntryPoint\",\"urlTemplate\":\"https:\/\/blog.ccc.eu\/hu\/?s={search_term_string}\"},\"query-input\":{\"@type\":\"PropertyValueSpecification\",\"valueRequired\":true,\"valueName\":\"search_term_string\"}}],\"inLanguage\":\"hu\"},{\"@type\":\"Organization\",\"@id\":\"https:\/\/blog.ccc.eu\/hu\/#organization\",\"name\":\"CCC S.A.\",\"url\":\"https:\/\/blog.ccc.eu\/hu\/\",\"logo\":{\"@type\":\"ImageObject\",\"inLanguage\":\"hu\",\"@id\":\"https:\/\/blog.ccc.eu\/hu\/#\/schema\/logo\/image\/\",\"url\":\"https:\/\/blog.ccc.eu\/hu\/wp-content\/uploads\/2021\/11\/logo_ccc.png\",\"contentUrl\":\"https:\/\/blog.ccc.eu\/hu\/wp-content\/uploads\/2021\/11\/logo_ccc.png\",\"width\":730,\"height\":270,\"caption\":\"CCC S.A.\"},\"image\":{\"@id\":\"https:\/\/blog.ccc.eu\/hu\/#\/schema\/logo\/image\/\"}},{\"@type\":\"Person\",\"@id\":\"https:\/\/blog.ccc.eu\/hu\/#\/schema\/person\/b37d4e58a15b8cc6b1339218cfeb7c10\",\"name\":\"Beatrix Korosi\",\"image\":{\"@type\":\"ImageObject\",\"inLanguage\":\"hu\",\"@id\":\"https:\/\/blog.ccc.eu\/hu\/#\/schema\/person\/image\/\",\"url\":\"https:\/\/blog.ccc.eu\/hu\/wp-content\/uploads\/2022\/11\/Bea-150x150.jpg\",\"contentUrl\":\"https:\/\/blog.ccc.eu\/hu\/wp-content\/uploads\/2022\/11\/Bea-150x150.jpg\",\"caption\":\"Beatrix Korosi\"},\"url\":\"https:\/\/blog.ccc.eu\/hu\/author\/beatrix-korosi\/\"}]}<\/script>\n<!-- \/ Yoast SEO plugin. -->","yoast_head_json":{"title":"Esk\u00fcv\u0151i cip\u0151k a 2024-es szezonra-tekintsd meg a legszebb modelleket\u00a0 - CCC Fashion blog","description":"Nem tal\u00e1ltad m\u00e9g meg a t\u00f6k\u00e9letes esk\u00fcv\u0151i cip\u0151t a nagy napra? N\u00e9zz sz\u00e9t a CCC-ben \u00e9s tal\u00e1ld meg az \u00edzl\u00e9sednek megfelel\u0151 p\u00e1rat! 2026","robots":{"index":"index","follow":"follow","max-snippet":"max-snippet:-1","max-image-preview":"max-image-preview:large","max-video-preview":"max-video-preview:-1"},"canonical":"https:\/\/blog.ccc.eu\/hu\/eskuvoi-cipok-a-2024-es-szezonra-tekintsd-meg-a-legszebb-modelleket\/","og_locale":"hu_HU","og_type":"article","og_title":"Esk\u00fcv\u0151i cip\u0151k a 2024-es szezonra-tekintsd meg a legszebb modelleket\u00a0 - CCC Fashion blog","og_description":"Nem tal\u00e1ltad m\u00e9g meg a t\u00f6k\u00e9letes esk\u00fcv\u0151i cip\u0151t a nagy napra? N\u00e9zz sz\u00e9t a CCC-ben \u00e9s tal\u00e1ld meg az \u00edzl\u00e9sednek megfelel\u0151 p\u00e1rat!","og_url":"https:\/\/blog.ccc.eu\/hu\/eskuvoi-cipok-a-2024-es-szezonra-tekintsd-meg-a-legszebb-modelleket\/","og_site_name":"CCC Fashion blog","article_published_time":"2024-02-23T12:27:58+00:00","article_modified_time":"2024-02-23T12:27:59+00:00","og_image":[{"width":768,"height":512,"url":"https:\/\/blog.ccc.eu\/hu\/wp-content\/uploads\/2024\/02\/imgonline-com-ua-compressed-qGArO62t9nE7-768x512-1.jpg","type":"image\/jpeg"}],"author":"Beatrix Korosi","twitter_card":"summary_large_image","twitter_misc":{"Szerz\u0151:":"Beatrix Korosi","Becs\u00fclt olvas\u00e1si id\u0151":"2 perc"},"schema":{"@context":"https:\/\/schema.org","@graph":[{"@type":"Article","@id":"https:\/\/blog.ccc.eu\/hu\/eskuvoi-cipok-a-2024-es-szezonra-tekintsd-meg-a-legszebb-modelleket\/#article","isPartOf":{"@id":"https:\/\/blog.ccc.eu\/hu\/eskuvoi-cipok-a-2024-es-szezonra-tekintsd-meg-a-legszebb-modelleket\/"},"author":{"name":"Beatrix Korosi","@id":"https:\/\/blog.ccc.eu\/hu\/#\/schema\/person\/b37d4e58a15b8cc6b1339218cfeb7c10"},"headline":"Esk\u00fcv\u0151i cip\u0151k a 2024-es szezonra-tekintsd meg a legszebb modelleket\u00a0","datePublished":"2024-02-23T12:27:58+00:00","dateModified":"2024-02-23T12:27:59+00:00","mainEntityOfPage":{"@id":"https:\/\/blog.ccc.eu\/hu\/eskuvoi-cipok-a-2024-es-szezonra-tekintsd-meg-a-legszebb-modelleket\/"},"wordCount":401,"commentCount":0,"publisher":{"@id":"https:\/\/blog.ccc.eu\/hu\/#organization"},"image":{"@id":"https:\/\/blog.ccc.eu\/hu\/eskuvoi-cipok-a-2024-es-szezonra-tekintsd-meg-a-legszebb-modelleket\/#primaryimage"},"thumbnailUrl":"https:\/\/blog.ccc.eu\/hu\/wp-content\/uploads\/2024\/02\/imgonline-com-ua-compressed-qGArO62t9nE7-768x512-1.jpg","keywords":["CCC","divat tippek","esk\u00fcv\u0151i cip\u0151k","trendek"],"articleSection":["DIVAT TIPPEK","TRENDEK"],"inLanguage":"hu","potentialAction":[{"@type":"CommentAction","name":"Comment","target":["https:\/\/blog.ccc.eu\/hu\/eskuvoi-cipok-a-2024-es-szezonra-tekintsd-meg-a-legszebb-modelleket\/#respond"]}]},{"@type":"WebPage","@id":"https:\/\/blog.ccc.eu\/hu\/eskuvoi-cipok-a-2024-es-szezonra-tekintsd-meg-a-legszebb-modelleket\/","url":"https:\/\/blog.ccc.eu\/hu\/eskuvoi-cipok-a-2024-es-szezonra-tekintsd-meg-a-legszebb-modelleket\/","name":"Esk\u00fcv\u0151i cip\u0151k a 2024-es szezonra-tekintsd meg a legszebb modelleket\u00a0 - CCC Fashion blog","isPartOf":{"@id":"https:\/\/blog.ccc.eu\/hu\/#website"},"primaryImageOfPage":{"@id":"https:\/\/blog.ccc.eu\/hu\/eskuvoi-cipok-a-2024-es-szezonra-tekintsd-meg-a-legszebb-modelleket\/#primaryimage"},"image":{"@id":"https:\/\/blog.ccc.eu\/hu\/eskuvoi-cipok-a-2024-es-szezonra-tekintsd-meg-a-legszebb-modelleket\/#primaryimage"},"thumbnailUrl":"https:\/\/blog.ccc.eu\/hu\/wp-content\/uploads\/2024\/02\/imgonline-com-ua-compressed-qGArO62t9nE7-768x512-1.jpg","datePublished":"2024-02-23T12:27:58+00:00","dateModified":"2024-02-23T12:27:59+00:00","description":"Nem tal\u00e1ltad m\u00e9g meg a t\u00f6k\u00e9letes esk\u00fcv\u0151i cip\u0151t a nagy napra? N\u00e9zz sz\u00e9t a CCC-ben \u00e9s tal\u00e1ld meg az \u00edzl\u00e9sednek megfelel\u0151 p\u00e1rat!","breadcrumb":{"@id":"https:\/\/blog.ccc.eu\/hu\/eskuvoi-cipok-a-2024-es-szezonra-tekintsd-meg-a-legszebb-modelleket\/#breadcrumb"},"inLanguage":"hu","potentialAction":[{"@type":"ReadAction","target":["https:\/\/blog.ccc.eu\/hu\/eskuvoi-cipok-a-2024-es-szezonra-tekintsd-meg-a-legszebb-modelleket\/"]}]},{"@type":"ImageObject","inLanguage":"hu","@id":"https:\/\/blog.ccc.eu\/hu\/eskuvoi-cipok-a-2024-es-szezonra-tekintsd-meg-a-legszebb-modelleket\/#primaryimage","url":"https:\/\/blog.ccc.eu\/hu\/wp-content\/uploads\/2024\/02\/imgonline-com-ua-compressed-qGArO62t9nE7-768x512-1.jpg","contentUrl":"https:\/\/blog.ccc.eu\/hu\/wp-content\/uploads\/2024\/02\/imgonline-com-ua-compressed-qGArO62t9nE7-768x512-1.jpg","width":768,"height":512},{"@type":"BreadcrumbList","@id":"https:\/\/blog.ccc.eu\/hu\/eskuvoi-cipok-a-2024-es-szezonra-tekintsd-meg-a-legszebb-modelleket\/#breadcrumb","itemListElement":[{"@type":"ListItem","position":1,"name":"Strona g\u0142\u00f3wna","item":"https:\/\/blog.ccc.eu\/hu\/"},{"@type":"ListItem","position":2,"name":"Esk\u00fcv\u0151i cip\u0151k a 2024-es szezonra-tekintsd meg a legszebb modelleket\u00a0"}]},{"@type":"WebSite","@id":"https:\/\/blog.ccc.eu\/hu\/#website","url":"https:\/\/blog.ccc.eu\/hu\/","name":"CCC Fashion blog","description":"Az \u00d6n helye tele van divatihletekkel","publisher":{"@id":"https:\/\/blog.ccc.eu\/hu\/#organization"},"potentialAction":[{"@type":"SearchAction","target":{"@type":"EntryPoint","urlTemplate":"https:\/\/blog.ccc.eu\/hu\/?s={search_term_string}"},"query-input":{"@type":"PropertyValueSpecification","valueRequired":true,"valueName":"search_term_string"}}],"inLanguage":"hu"},{"@type":"Organization","@id":"https:\/\/blog.ccc.eu\/hu\/#organization","name":"CCC S.A.","url":"https:\/\/blog.ccc.eu\/hu\/","logo":{"@type":"ImageObject","inLanguage":"hu","@id":"https:\/\/blog.ccc.eu\/hu\/#\/schema\/logo\/image\/","url":"https:\/\/blog.ccc.eu\/hu\/wp-content\/uploads\/2021\/11\/logo_ccc.png","contentUrl":"https:\/\/blog.ccc.eu\/hu\/wp-content\/uploads\/2021\/11\/logo_ccc.png","width":730,"height":270,"caption":"CCC S.A."},"image":{"@id":"https:\/\/blog.ccc.eu\/hu\/#\/schema\/logo\/image\/"}},{"@type":"Person","@id":"https:\/\/blog.ccc.eu\/hu\/#\/schema\/person\/b37d4e58a15b8cc6b1339218cfeb7c10","name":"Beatrix Korosi","image":{"@type":"ImageObject","inLanguage":"hu","@id":"https:\/\/blog.ccc.eu\/hu\/#\/schema\/person\/image\/","url":"https:\/\/blog.ccc.eu\/hu\/wp-content\/uploads\/2022\/11\/Bea-150x150.jpg","contentUrl":"https:\/\/blog.ccc.eu\/hu\/wp-content\/uploads\/2022\/11\/Bea-150x150.jpg","caption":"Beatrix Korosi"},"url":"https:\/\/blog.ccc.eu\/hu\/author\/beatrix-korosi\/"}]}},"_links":{"self":[{"href":"https:\/\/blog.ccc.eu\/hu\/wp-json\/wp\/v2\/posts\/9607","targetHints":{"allow":["GET"]}}],"collection":[{"href":"https:\/\/blog.ccc.eu\/hu\/wp-json\/wp\/v2\/posts"}],"about":[{"href":"https:\/\/blog.ccc.eu\/hu\/wp-json\/wp\/v2\/types\/post"}],"author":[{"embeddable":true,"href":"https:\/\/blog.ccc.eu\/hu\/wp-json\/wp\/v2\/users\/22"}],"replies":[{"embeddable":true,"href":"https:\/\/blog.ccc.eu\/hu\/wp-json\/wp\/v2\/comments?post=9607"}],"version-history":[{"count":3,"href":"https:\/\/blog.ccc.eu\/hu\/wp-json\/wp\/v2\/posts\/9607\/revisions"}],"predecessor-version":[{"id":9620,"href":"https:\/\/blog.ccc.eu\/hu\/wp-json\/wp\/v2\/posts\/9607\/revisions\/9620"}],"wp:featuredmedia":[{"embeddable":true,"href":"https:\/\/blog.ccc.eu\/hu\/wp-json\/wp\/v2\/media\/9609"}],"wp:attachment":[{"href":"https:\/\/blog.ccc.eu\/hu\/wp-json\/wp\/v2\/media?parent=9607"}],"wp:term":[{"taxonomy":"category","embeddable":true,"href":"https:\/\/blog.ccc.eu\/hu\/wp-json\/wp\/v2\/categories?post=9607"},{"taxonomy":"post_tag","embeddable":true,"href":"https:\/\/blog.ccc.eu\/hu\/wp-json\/wp\/v2\/tags?post=9607"}],"curies":[{"name":"wp","href":"https:\/\/api.w.org\/{rel}","templated":true}]}}