{"id":9976,"date":"2024-06-06T11:48:18","date_gmt":"2024-06-06T09:48:18","guid":{"rendered":"https:\/\/blog.ccc.eu\/hu\/?p=9976"},"modified":"2024-06-07T11:49:18","modified_gmt":"2024-06-07T09:49:18","slug":"lancos-diszitessel-ellatott-utcai-papucsok","status":"publish","type":"post","link":"https:\/\/blog.ccc.eu\/hu\/lancos-diszitessel-ellatott-utcai-papucsok\/","title":{"rendered":"L\u00e1ncos d\u00edsz\u00edt\u00e9ssel ell\u00e1tott utcai papucsok\u00a0"},"content":{"rendered":"\n<p><b>M\u00e1r a tavalyi ny\u00e1ri szezont is uralt\u00e1k ezek a k\u00fcl\u00f6nleges modellek, id\u00e9n a tervez\u0151k pedig tov\u00e1bb fejlesztett\u00e9k \u0151ket, \u00edgy k\u00fcl\u00f6nf\u00e9le st\u00edlus\u00fa \u00e9s sz\u00edn\u0171 papucsok k\u00f6z\u00fcl v\u00e1logathatunk. A l\u00e1ncos d\u00edsz\u00edt\u00e9sek t\u00f6k\u00e9letes alternat\u00edv\u00e1i lesznek az \u00e9kszereknek! L\u00e1togass el hozz\u00e1nk \u00e9s tal\u00e1ld meg az \u00edzl\u00e9sednek megfelel\u0151 p\u00e1rat a ny\u00e1ri szezonra!&nbsp;<\/b><\/p>\n\n\n\n<figure class=\"wp-block-gallery has-nested-images columns-default is-cropped wp-block-gallery-1 is-layout-flex wp-block-gallery-is-layout-flex\">\n<figure class=\"wp-block-image size-large\"><img loading=\"lazy\" decoding=\"async\" width=\"683\" height=\"1024\" data-id=\"9977\" src=\"https:\/\/blog.ccc.eu\/hu\/wp-content\/uploads\/2024\/06\/CCC_5905588573104_02M-1-683x1024.jpg\" alt=\"\" class=\"wp-image-9977\" srcset=\"https:\/\/blog.ccc.eu\/hu\/wp-content\/uploads\/2024\/06\/CCC_5905588573104_02M-1-683x1024.jpg 683w, https:\/\/blog.ccc.eu\/hu\/wp-content\/uploads\/2024\/06\/CCC_5905588573104_02M-1-200x300.jpg 200w, https:\/\/blog.ccc.eu\/hu\/wp-content\/uploads\/2024\/06\/CCC_5905588573104_02M-1-768x1152.jpg 768w, https:\/\/blog.ccc.eu\/hu\/wp-content\/uploads\/2024\/06\/CCC_5905588573104_02M-1-100x150.jpg 100w, https:\/\/blog.ccc.eu\/hu\/wp-content\/uploads\/2024\/06\/CCC_5905588573104_02M-1.jpg 876w\" sizes=\"auto, (max-width: 683px) 100vw, 683px\" \/><\/figure>\n<\/figure>\n\n\n\n<h2 class=\"wp-block-heading\">L\u00e1ncos papucsok \u2013 a legdivatosabb ny\u00e1ri l\u00e1bbelik!\u00a0<\/h2>\n\n\n\n<p>Id\u00e9n ny\u00e1ron a l\u00e1ncokkal d\u00edsz\u00edtett utcai papucsok a sl\u00e1gerlista \u00e9l\u00e9n \u00e1llnak. Az \u00e9kszerek hely\u00e9t \u00e1tvett\u00e9k ezek a finom d\u00edsz\u00edt\u00e9sek, \u00edgy k\u00f6nnyed\u00e9n meg\u00e1llj\u00e1k a hely\u00fcket sz\u00e1mos st\u00edlusban.&nbsp;A h\u00e9tk\u00f6znapi modellekt\u0151l az eleg\u00e1nsabb darabokig sz\u00e1mos papucs k\u00f6z\u00fcl v\u00e1logathatunk! &nbsp;<\/p>\n\n\n\n<h2 class=\"wp-block-heading\">L\u00e1ncos magassark\u00fa papucsok\u00a0<\/h2>\n\n\n\n<p>A l\u00e9legzetel\u00e1ll\u00edt\u00f3, st\u00edlusos l\u00e1ncok nagyszer\u0171en kieg\u00e9sz\u00edtik a ny\u00e1ri megjelen\u00e9s\u00fcnket!\u00a0A r\u00f3zsasz\u00edn sz\u00ednben pomp\u00e1z\u00f3 modellek t\u00f6k\u00e9letes v\u00e1laszt\u00e1snak bizonyulnak minden olyan h\u00f6lgy sz\u00e1m\u00e1ra, aki ki szeretne t\u0171nni a t\u00f6megb\u0151l. B\u00e9zs \u00e9s fekete sz\u00ednben is v\u00e1laszthatjuk ezeket a szemet gy\u00f6ny\u00f6rk\u00f6dtet\u0151 l\u00e1bbeliket, melyeket k\u00f6nnyed\u00e9n kombin\u00e1lhatunk sz\u00e1mos ruhadarabbal. \u00a0\u00a0<\/p>\n\n\n\n<p>A legszebb darabok a Nine West m\u00e1rka k\u00edn\u00e1lat\u00e1ban v\u00e1rj\u00e1k a minimalista \u00e9s extravag\u00e1ns modellek szerelmeseit!&nbsp;<\/p>\n\n\n\n<figure class=\"wp-block-gallery has-nested-images columns-default is-cropped wp-block-gallery-2 is-layout-flex wp-block-gallery-is-layout-flex\">\n<figure class=\"wp-block-image size-large\"><img loading=\"lazy\" decoding=\"async\" width=\"683\" height=\"1024\" data-id=\"9978\" src=\"https:\/\/blog.ccc.eu\/hu\/wp-content\/uploads\/2024\/06\/CCC_5905588564034_02-683x1024-1.jpg\" alt=\"\" class=\"wp-image-9978\" srcset=\"https:\/\/blog.ccc.eu\/hu\/wp-content\/uploads\/2024\/06\/CCC_5905588564034_02-683x1024-1.jpg 683w, https:\/\/blog.ccc.eu\/hu\/wp-content\/uploads\/2024\/06\/CCC_5905588564034_02-683x1024-1-200x300.jpg 200w, https:\/\/blog.ccc.eu\/hu\/wp-content\/uploads\/2024\/06\/CCC_5905588564034_02-683x1024-1-100x150.jpg 100w\" sizes=\"auto, (max-width: 683px) 100vw, 683px\" \/><\/figure>\n\n\n\n<figure class=\"wp-block-image size-large\"><img loading=\"lazy\" decoding=\"async\" width=\"683\" height=\"1024\" data-id=\"9979\" src=\"https:\/\/blog.ccc.eu\/hu\/wp-content\/uploads\/2024\/06\/CCC_5905588564034_04-683x1024-1.jpg\" alt=\"\" class=\"wp-image-9979\" srcset=\"https:\/\/blog.ccc.eu\/hu\/wp-content\/uploads\/2024\/06\/CCC_5905588564034_04-683x1024-1.jpg 683w, https:\/\/blog.ccc.eu\/hu\/wp-content\/uploads\/2024\/06\/CCC_5905588564034_04-683x1024-1-200x300.jpg 200w, https:\/\/blog.ccc.eu\/hu\/wp-content\/uploads\/2024\/06\/CCC_5905588564034_04-683x1024-1-100x150.jpg 100w\" sizes=\"auto, (max-width: 683px) 100vw, 683px\" \/><\/figure>\n<\/figure>\n\n\n\n<h2 class=\"wp-block-heading\">Lapos talp\u00fa l\u00e1ncos papucsok\u00a0<\/h2>\n\n\n\n<p>Az apr\u00f3, finom l\u00e1ncok mellett a nagyobb m\u00e9ret\u0171, sz\u00e9les l\u00e1ncok is nagyszer\u0171en kieg\u00e9sz\u00edtik ezeket a l\u00e1bbeli modelleket. N\u00e9pszer\u0171s\u00e9g\u00fcket annak k\u00f6sz\u00f6nhetik, hogy a fels\u0151r\u00e9szhez passzol\u00f3 arany vagy ez\u00fcstl\u00e1ncokkal vannak d\u00edsz\u00edtve.<\/p>\n\n\n\n<p>A Jenny Fairy m\u00e1rka kollekci\u00f3j\u00e1ban gy\u00f6ny\u00f6r\u0171 darabok k\u00f6z\u00fcl v\u00e1logathatunk- a feh\u00e9r fels\u0151r\u00e9sz \u00e9s az arany l\u00e1nc kombin\u00e1ci\u00f3ja telital\u00e1ltat lesz a ny\u00e1ri megjelen\u00e9s\u00fcnkben! \u00a0<\/p>\n\n\n\n<figure class=\"wp-block-gallery has-nested-images columns-default is-cropped wp-block-gallery-3 is-layout-flex wp-block-gallery-is-layout-flex\">\n<figure class=\"wp-block-image size-large\"><img loading=\"lazy\" decoding=\"async\" width=\"683\" height=\"1024\" data-id=\"9980\" src=\"https:\/\/blog.ccc.eu\/hu\/wp-content\/uploads\/2024\/06\/CCC_5905588639824_02pop-683x1024-1.jpg\" alt=\"\" class=\"wp-image-9980\" srcset=\"https:\/\/blog.ccc.eu\/hu\/wp-content\/uploads\/2024\/06\/CCC_5905588639824_02pop-683x1024-1.jpg 683w, https:\/\/blog.ccc.eu\/hu\/wp-content\/uploads\/2024\/06\/CCC_5905588639824_02pop-683x1024-1-200x300.jpg 200w, https:\/\/blog.ccc.eu\/hu\/wp-content\/uploads\/2024\/06\/CCC_5905588639824_02pop-683x1024-1-100x150.jpg 100w\" sizes=\"auto, (max-width: 683px) 100vw, 683px\" \/><\/figure>\n\n\n\n<figure class=\"wp-block-image size-large\"><img loading=\"lazy\" decoding=\"async\" width=\"683\" height=\"1024\" data-id=\"9981\" src=\"https:\/\/blog.ccc.eu\/hu\/wp-content\/uploads\/2024\/06\/CCC_5905588639824_04pop-683x1024-1.jpg\" alt=\"\" class=\"wp-image-9981\" srcset=\"https:\/\/blog.ccc.eu\/hu\/wp-content\/uploads\/2024\/06\/CCC_5905588639824_04pop-683x1024-1.jpg 683w, https:\/\/blog.ccc.eu\/hu\/wp-content\/uploads\/2024\/06\/CCC_5905588639824_04pop-683x1024-1-200x300.jpg 200w, https:\/\/blog.ccc.eu\/hu\/wp-content\/uploads\/2024\/06\/CCC_5905588639824_04pop-683x1024-1-100x150.jpg 100w\" sizes=\"auto, (max-width: 683px) 100vw, 683px\" \/><\/figure>\n<\/figure>\n\n\n\n<h2 class=\"wp-block-heading\">B\u0151rb\u0151l k\u00e9sz\u00fclt l\u00e1ncos papucsok\u00a0<\/h2>\n\n\n\n<p>M\u00e1rk\u00e1ink kollekci\u00f3j\u00e1ban tal\u00e1lunk val\u00f3di b\u0151rb\u0151l k\u00e9sz\u00fclt l\u00e1ncos modelleket is, melyek nemcsak l\u00e9legzetel\u00e1ll\u00edt\u00f3ak, hanem kiv\u00e1l\u00f3 min\u0151s\u00e9g\u0171ek is egyar\u00e1nt, \u00edgy \u00e9vekig is viselhetj\u00fck \u0151ket!\u00a0<\/p>\n\n\n\n<p>\u00c9rdemes megtekinteni a Lasocki m\u00e1rka kollekci\u00f3j\u00e1t, ahol eleg\u00e1ns \u00e9s minimalista st\u00edlus\u00fa utcai papucsokat tal\u00e1lunk gy\u00f6ny\u00f6r\u0171 arany sz\u00edn\u0171 l\u00e1ncokkal kieg\u00e9sz\u00edtve.&nbsp;<\/p>\n\n\n\n<figure class=\"wp-block-gallery has-nested-images columns-default is-cropped wp-block-gallery-4 is-layout-flex wp-block-gallery-is-layout-flex\">\n<figure class=\"wp-block-image size-large\"><img loading=\"lazy\" decoding=\"async\" width=\"683\" height=\"1024\" data-id=\"9983\" src=\"https:\/\/blog.ccc.eu\/hu\/wp-content\/uploads\/2024\/06\/CCC_5904862742793_05_LR-683x1024-1.jpg\" alt=\"\" class=\"wp-image-9983\" srcset=\"https:\/\/blog.ccc.eu\/hu\/wp-content\/uploads\/2024\/06\/CCC_5904862742793_05_LR-683x1024-1.jpg 683w, https:\/\/blog.ccc.eu\/hu\/wp-content\/uploads\/2024\/06\/CCC_5904862742793_05_LR-683x1024-1-200x300.jpg 200w, https:\/\/blog.ccc.eu\/hu\/wp-content\/uploads\/2024\/06\/CCC_5904862742793_05_LR-683x1024-1-100x150.jpg 100w\" sizes=\"auto, (max-width: 683px) 100vw, 683px\" \/><\/figure>\n\n\n\n<figure class=\"wp-block-image size-large\"><img loading=\"lazy\" decoding=\"async\" width=\"683\" height=\"1024\" data-id=\"9982\" src=\"https:\/\/blog.ccc.eu\/hu\/wp-content\/uploads\/2024\/06\/CCC_5904862742793_07_LR-683x1024-1.jpg\" alt=\"\" class=\"wp-image-9982\" srcset=\"https:\/\/blog.ccc.eu\/hu\/wp-content\/uploads\/2024\/06\/CCC_5904862742793_07_LR-683x1024-1.jpg 683w, https:\/\/blog.ccc.eu\/hu\/wp-content\/uploads\/2024\/06\/CCC_5904862742793_07_LR-683x1024-1-200x300.jpg 200w, https:\/\/blog.ccc.eu\/hu\/wp-content\/uploads\/2024\/06\/CCC_5904862742793_07_LR-683x1024-1-100x150.jpg 100w\" sizes=\"auto, (max-width: 683px) 100vw, 683px\" \/><\/figure>\n<\/figure>\n\n\n\n<p>N\u00e9zd meg a trendi l\u00e1ncos papucsokat&nbsp;<a href=\"https:\/\/ccc.eu\/hu\/sklepy\" target=\"_blank\" rel=\"noreferrer noopener\">CCC \u00fczleteinkben<\/a>,&nbsp;<a href=\"https:\/\/ccc.eu\/hu\/\" target=\"_blank\" rel=\"noreferrer noopener\">webshopunkban<\/a>, \u00e9s az&nbsp;<a href=\"https:\/\/ccc.eu\/hu\/mobile-app\" target=\"_blank\" rel=\"noreferrer noopener\">alkalmaz\u00e1sban<\/a>. Legy\u00e9l&nbsp;<a href=\"https:\/\/ccc.eu\/hu\/klub-ccc\" target=\"_blank\" rel=\"noreferrer noopener\">CCC klubtag<\/a>&nbsp;is, \u00e9s \u00e9lvezd a k\u00e9nyelmes \u00e9s kedvezm\u00e9nyes v\u00e1s\u00e1rl\u00e1si lehet\u0151s\u00e9geket! K\u00f6vesd vel\u00fcnk a divatot&nbsp;<a href=\"https:\/\/www.facebook.com\/CCC.Hungary\/\" target=\"_blank\" rel=\"noreferrer noopener\">Facebookon,<\/a>&nbsp;\u00e9s inspir\u00e1l\u00f3dj vel\u00fcnk az&nbsp;<a href=\"https:\/\/www.instagram.com\/cccshoesbags\/\" target=\"_blank\" rel=\"noreferrer noopener\">Instagramon<\/a>&nbsp;is!&nbsp;&nbsp;&nbsp;&nbsp;&nbsp; &nbsp;<\/p>\n","protected":false},"excerpt":{"rendered":"<p>M\u00e1r a tavalyi ny\u00e1ri szezont is uralt\u00e1k ezek a k\u00fcl\u00f6nleges modellek, id\u00e9n a tervez\u0151k pedig tov\u00e1bb fejlesztett\u00e9k \u0151ket, \u00edgy k\u00fcl\u00f6nf\u00e9le st\u00edlus\u00fa \u00e9s sz\u00edn\u0171 papucsok k\u00f6z\u00fcl v\u00e1logathatunk. A l\u00e1ncos d\u00edsz\u00edt\u00e9sek t\u00f6k\u00e9letes alternat\u00edv\u00e1i lesznek az \u00e9kszereknek! L\u00e1togass el hozz\u00e1nk \u00e9s tal\u00e1ld meg az \u00edzl\u00e9sednek megfelel\u0151 p\u00e1rat a ny\u00e1ri szezonra!&nbsp; L\u00e1ncos papucsok \u2013 a legdivatosabb ny\u00e1ri l\u00e1bbelik!\u00a0 Id\u00e9n [&hellip;]<\/p>\n","protected":false},"author":22,"featured_media":9977,"comment_status":"open","ping_status":"open","sticky":false,"template":"","format":"standard","meta":{"_acf_changed":false,"footnotes":""},"categories":[6],"tags":[560,1174,817,786],"class_list":["post-9976","post","type-post","status-publish","format-standard","has-post-thumbnail","hentry","category-trendek","tag-ccc","tag-lancos-papucsok","tag-papucsok","tag-trendek"],"acf":[],"yoast_head":"<!-- This site is optimized with the Yoast SEO plugin v26.9 - https:\/\/yoast.com\/product\/yoast-seo-wordpress\/ -->\n<title>L\u00e1ncos d\u00edsz\u00edt\u00e9ssel ell\u00e1tott utcai papucsok\u00a0 - CCC Fashion blog<\/title>\n<meta name=\"description\" content=\"A l\u00e1ncos d\u00edsz\u00edt\u00e9ssel ell\u00e1tott utcai papucsok id\u00e9n ny\u00e1ron is a trendek \u00e9l\u00e9n \u00e1llnak. L\u00e1togass el hozz\u00e1nk \u00e9s tal\u00e1ld meg \u00e1lmaid papucs\u00e1t! 2026\" \/>\n<meta name=\"robots\" content=\"index, follow, max-snippet:-1, max-image-preview:large, max-video-preview:-1\" \/>\n<link rel=\"canonical\" href=\"https:\/\/blog.ccc.eu\/hu\/lancos-diszitessel-ellatott-utcai-papucsok\/\" \/>\n<meta property=\"og:locale\" content=\"hu_HU\" \/>\n<meta property=\"og:type\" content=\"article\" \/>\n<meta property=\"og:title\" content=\"L\u00e1ncos d\u00edsz\u00edt\u00e9ssel ell\u00e1tott utcai papucsok\u00a0 - CCC Fashion blog\" \/>\n<meta property=\"og:description\" content=\"A l\u00e1ncos d\u00edsz\u00edt\u00e9ssel ell\u00e1tott utcai papucsok id\u00e9n ny\u00e1ron is a trendek \u00e9l\u00e9n \u00e1llnak. L\u00e1togass el hozz\u00e1nk \u00e9s tal\u00e1ld meg \u00e1lmaid papucs\u00e1t!\" \/>\n<meta property=\"og:url\" content=\"https:\/\/blog.ccc.eu\/hu\/lancos-diszitessel-ellatott-utcai-papucsok\/\" \/>\n<meta property=\"og:site_name\" content=\"CCC Fashion blog\" \/>\n<meta property=\"article:published_time\" content=\"2024-06-06T09:48:18+00:00\" \/>\n<meta property=\"article:modified_time\" content=\"2024-06-07T09:49:18+00:00\" \/>\n<meta property=\"og:image\" content=\"https:\/\/blog.ccc.eu\/hu\/wp-content\/uploads\/2024\/06\/CCC_5905588573104_02M-1.jpg\" \/>\n\t<meta property=\"og:image:width\" content=\"876\" \/>\n\t<meta property=\"og:image:height\" content=\"1314\" \/>\n\t<meta property=\"og:image:type\" content=\"image\/jpeg\" \/>\n<meta name=\"author\" content=\"Beatrix Korosi\" \/>\n<meta name=\"twitter:card\" content=\"summary_large_image\" \/>\n<meta name=\"twitter:label1\" content=\"Szerz\u0151:\" \/>\n\t<meta name=\"twitter:data1\" content=\"Beatrix Korosi\" \/>\n\t<meta name=\"twitter:label2\" content=\"Becs\u00fclt olvas\u00e1si id\u0151\" \/>\n\t<meta name=\"twitter:data2\" content=\"3 perc\" \/>\n<script type=\"application\/ld+json\" class=\"yoast-schema-graph\">{\"@context\":\"https:\/\/schema.org\",\"@graph\":[{\"@type\":\"Article\",\"@id\":\"https:\/\/blog.ccc.eu\/hu\/lancos-diszitessel-ellatott-utcai-papucsok\/#article\",\"isPartOf\":{\"@id\":\"https:\/\/blog.ccc.eu\/hu\/lancos-diszitessel-ellatott-utcai-papucsok\/\"},\"author\":{\"name\":\"Beatrix Korosi\",\"@id\":\"https:\/\/blog.ccc.eu\/hu\/#\/schema\/person\/b37d4e58a15b8cc6b1339218cfeb7c10\"},\"headline\":\"L\u00e1ncos d\u00edsz\u00edt\u00e9ssel ell\u00e1tott utcai papucsok\u00a0\",\"datePublished\":\"2024-06-06T09:48:18+00:00\",\"dateModified\":\"2024-06-07T09:49:18+00:00\",\"mainEntityOfPage\":{\"@id\":\"https:\/\/blog.ccc.eu\/hu\/lancos-diszitessel-ellatott-utcai-papucsok\/\"},\"wordCount\":513,\"commentCount\":0,\"publisher\":{\"@id\":\"https:\/\/blog.ccc.eu\/hu\/#organization\"},\"image\":{\"@id\":\"https:\/\/blog.ccc.eu\/hu\/lancos-diszitessel-ellatott-utcai-papucsok\/#primaryimage\"},\"thumbnailUrl\":\"https:\/\/blog.ccc.eu\/hu\/wp-content\/uploads\/2024\/06\/CCC_5905588573104_02M-1.jpg\",\"keywords\":[\"CCC\",\"L\u00e1ncos papucsok\",\"papucsok\",\"trendek\"],\"articleSection\":[\"TRENDEK\"],\"inLanguage\":\"hu\",\"potentialAction\":[{\"@type\":\"CommentAction\",\"name\":\"Comment\",\"target\":[\"https:\/\/blog.ccc.eu\/hu\/lancos-diszitessel-ellatott-utcai-papucsok\/#respond\"]}]},{\"@type\":\"WebPage\",\"@id\":\"https:\/\/blog.ccc.eu\/hu\/lancos-diszitessel-ellatott-utcai-papucsok\/\",\"url\":\"https:\/\/blog.ccc.eu\/hu\/lancos-diszitessel-ellatott-utcai-papucsok\/\",\"name\":\"L\u00e1ncos d\u00edsz\u00edt\u00e9ssel ell\u00e1tott utcai papucsok\u00a0 - CCC Fashion blog\",\"isPartOf\":{\"@id\":\"https:\/\/blog.ccc.eu\/hu\/#website\"},\"primaryImageOfPage\":{\"@id\":\"https:\/\/blog.ccc.eu\/hu\/lancos-diszitessel-ellatott-utcai-papucsok\/#primaryimage\"},\"image\":{\"@id\":\"https:\/\/blog.ccc.eu\/hu\/lancos-diszitessel-ellatott-utcai-papucsok\/#primaryimage\"},\"thumbnailUrl\":\"https:\/\/blog.ccc.eu\/hu\/wp-content\/uploads\/2024\/06\/CCC_5905588573104_02M-1.jpg\",\"datePublished\":\"2024-06-06T09:48:18+00:00\",\"dateModified\":\"2024-06-07T09:49:18+00:00\",\"description\":\"A l\u00e1ncos d\u00edsz\u00edt\u00e9ssel ell\u00e1tott utcai papucsok id\u00e9n ny\u00e1ron is a trendek \u00e9l\u00e9n \u00e1llnak. L\u00e1togass el hozz\u00e1nk \u00e9s tal\u00e1ld meg \u00e1lmaid papucs\u00e1t!\",\"breadcrumb\":{\"@id\":\"https:\/\/blog.ccc.eu\/hu\/lancos-diszitessel-ellatott-utcai-papucsok\/#breadcrumb\"},\"inLanguage\":\"hu\",\"potentialAction\":[{\"@type\":\"ReadAction\",\"target\":[\"https:\/\/blog.ccc.eu\/hu\/lancos-diszitessel-ellatott-utcai-papucsok\/\"]}]},{\"@type\":\"ImageObject\",\"inLanguage\":\"hu\",\"@id\":\"https:\/\/blog.ccc.eu\/hu\/lancos-diszitessel-ellatott-utcai-papucsok\/#primaryimage\",\"url\":\"https:\/\/blog.ccc.eu\/hu\/wp-content\/uploads\/2024\/06\/CCC_5905588573104_02M-1.jpg\",\"contentUrl\":\"https:\/\/blog.ccc.eu\/hu\/wp-content\/uploads\/2024\/06\/CCC_5905588573104_02M-1.jpg\",\"width\":876,\"height\":1314},{\"@type\":\"BreadcrumbList\",\"@id\":\"https:\/\/blog.ccc.eu\/hu\/lancos-diszitessel-ellatott-utcai-papucsok\/#breadcrumb\",\"itemListElement\":[{\"@type\":\"ListItem\",\"position\":1,\"name\":\"Strona g\u0142\u00f3wna\",\"item\":\"https:\/\/blog.ccc.eu\/hu\/\"},{\"@type\":\"ListItem\",\"position\":2,\"name\":\"L\u00e1ncos d\u00edsz\u00edt\u00e9ssel ell\u00e1tott utcai papucsok\u00a0\"}]},{\"@type\":\"WebSite\",\"@id\":\"https:\/\/blog.ccc.eu\/hu\/#website\",\"url\":\"https:\/\/blog.ccc.eu\/hu\/\",\"name\":\"CCC Fashion blog\",\"description\":\"Az \u00d6n helye tele van divatihletekkel\",\"publisher\":{\"@id\":\"https:\/\/blog.ccc.eu\/hu\/#organization\"},\"potentialAction\":[{\"@type\":\"SearchAction\",\"target\":{\"@type\":\"EntryPoint\",\"urlTemplate\":\"https:\/\/blog.ccc.eu\/hu\/?s={search_term_string}\"},\"query-input\":{\"@type\":\"PropertyValueSpecification\",\"valueRequired\":true,\"valueName\":\"search_term_string\"}}],\"inLanguage\":\"hu\"},{\"@type\":\"Organization\",\"@id\":\"https:\/\/blog.ccc.eu\/hu\/#organization\",\"name\":\"CCC S.A.\",\"url\":\"https:\/\/blog.ccc.eu\/hu\/\",\"logo\":{\"@type\":\"ImageObject\",\"inLanguage\":\"hu\",\"@id\":\"https:\/\/blog.ccc.eu\/hu\/#\/schema\/logo\/image\/\",\"url\":\"https:\/\/blog.ccc.eu\/hu\/wp-content\/uploads\/2021\/11\/logo_ccc.png\",\"contentUrl\":\"https:\/\/blog.ccc.eu\/hu\/wp-content\/uploads\/2021\/11\/logo_ccc.png\",\"width\":730,\"height\":270,\"caption\":\"CCC S.A.\"},\"image\":{\"@id\":\"https:\/\/blog.ccc.eu\/hu\/#\/schema\/logo\/image\/\"}},{\"@type\":\"Person\",\"@id\":\"https:\/\/blog.ccc.eu\/hu\/#\/schema\/person\/b37d4e58a15b8cc6b1339218cfeb7c10\",\"name\":\"Beatrix Korosi\",\"image\":{\"@type\":\"ImageObject\",\"inLanguage\":\"hu\",\"@id\":\"https:\/\/blog.ccc.eu\/hu\/#\/schema\/person\/image\/\",\"url\":\"https:\/\/blog.ccc.eu\/hu\/wp-content\/uploads\/2022\/11\/Bea-150x150.jpg\",\"contentUrl\":\"https:\/\/blog.ccc.eu\/hu\/wp-content\/uploads\/2022\/11\/Bea-150x150.jpg\",\"caption\":\"Beatrix Korosi\"},\"url\":\"https:\/\/blog.ccc.eu\/hu\/author\/beatrix-korosi\/\"}]}<\/script>\n<!-- \/ Yoast SEO plugin. -->","yoast_head_json":{"title":"L\u00e1ncos d\u00edsz\u00edt\u00e9ssel ell\u00e1tott utcai papucsok\u00a0 - CCC Fashion blog","description":"A l\u00e1ncos d\u00edsz\u00edt\u00e9ssel ell\u00e1tott utcai papucsok id\u00e9n ny\u00e1ron is a trendek \u00e9l\u00e9n \u00e1llnak. L\u00e1togass el hozz\u00e1nk \u00e9s tal\u00e1ld meg \u00e1lmaid papucs\u00e1t! 2026","robots":{"index":"index","follow":"follow","max-snippet":"max-snippet:-1","max-image-preview":"max-image-preview:large","max-video-preview":"max-video-preview:-1"},"canonical":"https:\/\/blog.ccc.eu\/hu\/lancos-diszitessel-ellatott-utcai-papucsok\/","og_locale":"hu_HU","og_type":"article","og_title":"L\u00e1ncos d\u00edsz\u00edt\u00e9ssel ell\u00e1tott utcai papucsok\u00a0 - CCC Fashion blog","og_description":"A l\u00e1ncos d\u00edsz\u00edt\u00e9ssel ell\u00e1tott utcai papucsok id\u00e9n ny\u00e1ron is a trendek \u00e9l\u00e9n \u00e1llnak. L\u00e1togass el hozz\u00e1nk \u00e9s tal\u00e1ld meg \u00e1lmaid papucs\u00e1t!","og_url":"https:\/\/blog.ccc.eu\/hu\/lancos-diszitessel-ellatott-utcai-papucsok\/","og_site_name":"CCC Fashion blog","article_published_time":"2024-06-06T09:48:18+00:00","article_modified_time":"2024-06-07T09:49:18+00:00","og_image":[{"width":876,"height":1314,"url":"https:\/\/blog.ccc.eu\/hu\/wp-content\/uploads\/2024\/06\/CCC_5905588573104_02M-1.jpg","type":"image\/jpeg"}],"author":"Beatrix Korosi","twitter_card":"summary_large_image","twitter_misc":{"Szerz\u0151:":"Beatrix Korosi","Becs\u00fclt olvas\u00e1si id\u0151":"3 perc"},"schema":{"@context":"https:\/\/schema.org","@graph":[{"@type":"Article","@id":"https:\/\/blog.ccc.eu\/hu\/lancos-diszitessel-ellatott-utcai-papucsok\/#article","isPartOf":{"@id":"https:\/\/blog.ccc.eu\/hu\/lancos-diszitessel-ellatott-utcai-papucsok\/"},"author":{"name":"Beatrix Korosi","@id":"https:\/\/blog.ccc.eu\/hu\/#\/schema\/person\/b37d4e58a15b8cc6b1339218cfeb7c10"},"headline":"L\u00e1ncos d\u00edsz\u00edt\u00e9ssel ell\u00e1tott utcai papucsok\u00a0","datePublished":"2024-06-06T09:48:18+00:00","dateModified":"2024-06-07T09:49:18+00:00","mainEntityOfPage":{"@id":"https:\/\/blog.ccc.eu\/hu\/lancos-diszitessel-ellatott-utcai-papucsok\/"},"wordCount":513,"commentCount":0,"publisher":{"@id":"https:\/\/blog.ccc.eu\/hu\/#organization"},"image":{"@id":"https:\/\/blog.ccc.eu\/hu\/lancos-diszitessel-ellatott-utcai-papucsok\/#primaryimage"},"thumbnailUrl":"https:\/\/blog.ccc.eu\/hu\/wp-content\/uploads\/2024\/06\/CCC_5905588573104_02M-1.jpg","keywords":["CCC","L\u00e1ncos papucsok","papucsok","trendek"],"articleSection":["TRENDEK"],"inLanguage":"hu","potentialAction":[{"@type":"CommentAction","name":"Comment","target":["https:\/\/blog.ccc.eu\/hu\/lancos-diszitessel-ellatott-utcai-papucsok\/#respond"]}]},{"@type":"WebPage","@id":"https:\/\/blog.ccc.eu\/hu\/lancos-diszitessel-ellatott-utcai-papucsok\/","url":"https:\/\/blog.ccc.eu\/hu\/lancos-diszitessel-ellatott-utcai-papucsok\/","name":"L\u00e1ncos d\u00edsz\u00edt\u00e9ssel ell\u00e1tott utcai papucsok\u00a0 - CCC Fashion blog","isPartOf":{"@id":"https:\/\/blog.ccc.eu\/hu\/#website"},"primaryImageOfPage":{"@id":"https:\/\/blog.ccc.eu\/hu\/lancos-diszitessel-ellatott-utcai-papucsok\/#primaryimage"},"image":{"@id":"https:\/\/blog.ccc.eu\/hu\/lancos-diszitessel-ellatott-utcai-papucsok\/#primaryimage"},"thumbnailUrl":"https:\/\/blog.ccc.eu\/hu\/wp-content\/uploads\/2024\/06\/CCC_5905588573104_02M-1.jpg","datePublished":"2024-06-06T09:48:18+00:00","dateModified":"2024-06-07T09:49:18+00:00","description":"A l\u00e1ncos d\u00edsz\u00edt\u00e9ssel ell\u00e1tott utcai papucsok id\u00e9n ny\u00e1ron is a trendek \u00e9l\u00e9n \u00e1llnak. L\u00e1togass el hozz\u00e1nk \u00e9s tal\u00e1ld meg \u00e1lmaid papucs\u00e1t!","breadcrumb":{"@id":"https:\/\/blog.ccc.eu\/hu\/lancos-diszitessel-ellatott-utcai-papucsok\/#breadcrumb"},"inLanguage":"hu","potentialAction":[{"@type":"ReadAction","target":["https:\/\/blog.ccc.eu\/hu\/lancos-diszitessel-ellatott-utcai-papucsok\/"]}]},{"@type":"ImageObject","inLanguage":"hu","@id":"https:\/\/blog.ccc.eu\/hu\/lancos-diszitessel-ellatott-utcai-papucsok\/#primaryimage","url":"https:\/\/blog.ccc.eu\/hu\/wp-content\/uploads\/2024\/06\/CCC_5905588573104_02M-1.jpg","contentUrl":"https:\/\/blog.ccc.eu\/hu\/wp-content\/uploads\/2024\/06\/CCC_5905588573104_02M-1.jpg","width":876,"height":1314},{"@type":"BreadcrumbList","@id":"https:\/\/blog.ccc.eu\/hu\/lancos-diszitessel-ellatott-utcai-papucsok\/#breadcrumb","itemListElement":[{"@type":"ListItem","position":1,"name":"Strona g\u0142\u00f3wna","item":"https:\/\/blog.ccc.eu\/hu\/"},{"@type":"ListItem","position":2,"name":"L\u00e1ncos d\u00edsz\u00edt\u00e9ssel ell\u00e1tott utcai papucsok\u00a0"}]},{"@type":"WebSite","@id":"https:\/\/blog.ccc.eu\/hu\/#website","url":"https:\/\/blog.ccc.eu\/hu\/","name":"CCC Fashion blog","description":"Az \u00d6n helye tele van divatihletekkel","publisher":{"@id":"https:\/\/blog.ccc.eu\/hu\/#organization"},"potentialAction":[{"@type":"SearchAction","target":{"@type":"EntryPoint","urlTemplate":"https:\/\/blog.ccc.eu\/hu\/?s={search_term_string}"},"query-input":{"@type":"PropertyValueSpecification","valueRequired":true,"valueName":"search_term_string"}}],"inLanguage":"hu"},{"@type":"Organization","@id":"https:\/\/blog.ccc.eu\/hu\/#organization","name":"CCC S.A.","url":"https:\/\/blog.ccc.eu\/hu\/","logo":{"@type":"ImageObject","inLanguage":"hu","@id":"https:\/\/blog.ccc.eu\/hu\/#\/schema\/logo\/image\/","url":"https:\/\/blog.ccc.eu\/hu\/wp-content\/uploads\/2021\/11\/logo_ccc.png","contentUrl":"https:\/\/blog.ccc.eu\/hu\/wp-content\/uploads\/2021\/11\/logo_ccc.png","width":730,"height":270,"caption":"CCC S.A."},"image":{"@id":"https:\/\/blog.ccc.eu\/hu\/#\/schema\/logo\/image\/"}},{"@type":"Person","@id":"https:\/\/blog.ccc.eu\/hu\/#\/schema\/person\/b37d4e58a15b8cc6b1339218cfeb7c10","name":"Beatrix Korosi","image":{"@type":"ImageObject","inLanguage":"hu","@id":"https:\/\/blog.ccc.eu\/hu\/#\/schema\/person\/image\/","url":"https:\/\/blog.ccc.eu\/hu\/wp-content\/uploads\/2022\/11\/Bea-150x150.jpg","contentUrl":"https:\/\/blog.ccc.eu\/hu\/wp-content\/uploads\/2022\/11\/Bea-150x150.jpg","caption":"Beatrix Korosi"},"url":"https:\/\/blog.ccc.eu\/hu\/author\/beatrix-korosi\/"}]}},"_links":{"self":[{"href":"https:\/\/blog.ccc.eu\/hu\/wp-json\/wp\/v2\/posts\/9976","targetHints":{"allow":["GET"]}}],"collection":[{"href":"https:\/\/blog.ccc.eu\/hu\/wp-json\/wp\/v2\/posts"}],"about":[{"href":"https:\/\/blog.ccc.eu\/hu\/wp-json\/wp\/v2\/types\/post"}],"author":[{"embeddable":true,"href":"https:\/\/blog.ccc.eu\/hu\/wp-json\/wp\/v2\/users\/22"}],"replies":[{"embeddable":true,"href":"https:\/\/blog.ccc.eu\/hu\/wp-json\/wp\/v2\/comments?post=9976"}],"version-history":[{"count":5,"href":"https:\/\/blog.ccc.eu\/hu\/wp-json\/wp\/v2\/posts\/9976\/revisions"}],"predecessor-version":[{"id":9988,"href":"https:\/\/blog.ccc.eu\/hu\/wp-json\/wp\/v2\/posts\/9976\/revisions\/9988"}],"wp:featuredmedia":[{"embeddable":true,"href":"https:\/\/blog.ccc.eu\/hu\/wp-json\/wp\/v2\/media\/9977"}],"wp:attachment":[{"href":"https:\/\/blog.ccc.eu\/hu\/wp-json\/wp\/v2\/media?parent=9976"}],"wp:term":[{"taxonomy":"category","embeddable":true,"href":"https:\/\/blog.ccc.eu\/hu\/wp-json\/wp\/v2\/categories?post=9976"},{"taxonomy":"post_tag","embeddable":true,"href":"https:\/\/blog.ccc.eu\/hu\/wp-json\/wp\/v2\/tags?post=9976"}],"curies":[{"name":"wp","href":"https:\/\/api.w.org\/{rel}","templated":true}]}}