{"id":9989,"date":"2024-06-07T12:35:16","date_gmt":"2024-06-07T10:35:16","guid":{"rendered":"https:\/\/blog.ccc.eu\/hu\/?p=9989"},"modified":"2024-06-07T14:15:57","modified_gmt":"2024-06-07T12:15:57","slug":"milyen-cipo-illik-feher-ruhakhoz-mutatjuk","status":"publish","type":"post","link":"https:\/\/blog.ccc.eu\/hu\/milyen-cipo-illik-feher-ruhakhoz-mutatjuk\/","title":{"rendered":"Milyen cip\u0151k illenek feh\u00e9r ruh\u00e1khoz? Mutatjuk!"},"content":{"rendered":"\n<p><b>A feh\u00e9r sz\u00edn sok st\u00edlus alapja, \u00e9vszakt\u00f3l f\u00fcggetlen\u00fcl. A f\u0151 sz\u00ednek k\u00f6z\u00e9 tartozik \u00e9s minden ruhadarabbal k\u00f6nnyed\u00e9n kombin\u00e1lhat\u00f3, ez\u00e9rt is szeretik olyannyira a tervez\u0151k \u00e9s a minimalista st\u00edlus rajong\u00f3i. Tudd meg, milyen cip\u0151k passzolnak ehhez a sz\u00ednhez \u00e9s hozz l\u00e9tre egy egyedi megjelen\u00e9st!&nbsp;&nbsp;<\/b><\/p>\n\n\n\n<figure class=\"wp-block-gallery has-nested-images columns-default is-cropped wp-block-gallery-1 is-layout-flex wp-block-gallery-is-layout-flex\">\n<figure class=\"wp-block-image size-large\"><img loading=\"lazy\" decoding=\"async\" width=\"641\" height=\"961\" data-id=\"9991\" src=\"https:\/\/blog.ccc.eu\/hu\/wp-content\/uploads\/2024\/06\/IMG_1034.jpeg\" alt=\"\" class=\"wp-image-9991\" srcset=\"https:\/\/blog.ccc.eu\/hu\/wp-content\/uploads\/2024\/06\/IMG_1034.jpeg 641w, https:\/\/blog.ccc.eu\/hu\/wp-content\/uploads\/2024\/06\/IMG_1034-200x300.jpeg 200w, https:\/\/blog.ccc.eu\/hu\/wp-content\/uploads\/2024\/06\/IMG_1034-100x150.jpeg 100w\" sizes=\"auto, (max-width: 641px) 100vw, 641px\" \/><\/figure>\n\n\n\n<figure class=\"wp-block-image size-large\"><img loading=\"lazy\" decoding=\"async\" width=\"750\" height=\"1024\" data-id=\"9990\" src=\"https:\/\/blog.ccc.eu\/hu\/wp-content\/uploads\/2024\/06\/IMG_1044-750x1024-1.jpeg\" alt=\"\" class=\"wp-image-9990\" srcset=\"https:\/\/blog.ccc.eu\/hu\/wp-content\/uploads\/2024\/06\/IMG_1044-750x1024-1.jpeg 750w, https:\/\/blog.ccc.eu\/hu\/wp-content\/uploads\/2024\/06\/IMG_1044-750x1024-1-220x300.jpeg 220w, https:\/\/blog.ccc.eu\/hu\/wp-content\/uploads\/2024\/06\/IMG_1044-750x1024-1-100x137.jpeg 100w\" sizes=\"auto, (max-width: 750px) 100vw, 750px\" \/><\/figure>\n<\/figure>\n\n\n\n<h2 class=\"wp-block-heading\">Feh\u00e9r sz\u00edn &#8211; mindig a trendek \u00e9l\u00e9n<\/h2>\n\n\n\n<p>A trendekt\u0151l f\u00fcggetlen\u00fcl a feh\u00e9r sz\u00edn mindig a sl\u00e1gerlista \u00e9l\u00e9n \u00e1ll. A tervez\u0151k el\u0151szeretettel haszn\u00e1lj\u00e1k a feh\u00e9ret a kollekci\u00f3ikba, bizony\u00edtva, hogy ez a sz\u00edn mindig j\u00f3 megold\u00e1s. Ny\u00e1ron ruha, v\u00e1szoning vagy \u00f6lt\u00f6ny form\u00e1j\u00e1ban viselj\u00fck a legsz\u00edvesebben.&nbsp;<\/p>\n\n\n\n<figure class=\"wp-block-gallery has-nested-images columns-default is-cropped wp-block-gallery-2 is-layout-flex wp-block-gallery-is-layout-flex\">\n<figure class=\"wp-block-image size-large\"><img loading=\"lazy\" decoding=\"async\" width=\"682\" height=\"1024\" data-id=\"9992\" src=\"https:\/\/blog.ccc.eu\/hu\/wp-content\/uploads\/2024\/06\/IMG_0745-682x1024-1.jpeg\" alt=\"\" class=\"wp-image-9992\" srcset=\"https:\/\/blog.ccc.eu\/hu\/wp-content\/uploads\/2024\/06\/IMG_0745-682x1024-1.jpeg 682w, https:\/\/blog.ccc.eu\/hu\/wp-content\/uploads\/2024\/06\/IMG_0745-682x1024-1-200x300.jpeg 200w, https:\/\/blog.ccc.eu\/hu\/wp-content\/uploads\/2024\/06\/IMG_0745-682x1024-1-100x150.jpeg 100w\" sizes=\"auto, (max-width: 682px) 100vw, 682px\" \/><\/figure>\n\n\n\n<figure class=\"wp-block-image size-large\"><img loading=\"lazy\" decoding=\"async\" width=\"683\" height=\"1024\" data-id=\"9993\" src=\"https:\/\/blog.ccc.eu\/hu\/wp-content\/uploads\/2024\/06\/IMG_0749-683x1024-1.jpeg\" alt=\"\" class=\"wp-image-9993\" srcset=\"https:\/\/blog.ccc.eu\/hu\/wp-content\/uploads\/2024\/06\/IMG_0749-683x1024-1.jpeg 683w, https:\/\/blog.ccc.eu\/hu\/wp-content\/uploads\/2024\/06\/IMG_0749-683x1024-1-200x300.jpeg 200w, https:\/\/blog.ccc.eu\/hu\/wp-content\/uploads\/2024\/06\/IMG_0749-683x1024-1-100x150.jpeg 100w\" sizes=\"auto, (max-width: 683px) 100vw, 683px\" \/><\/figure>\n<\/figure>\n\n\n\n<h2 class=\"wp-block-heading\">Magassark\u00fa cip\u0151k<\/h2>\n\n\n\n<p>A magassark\u00fa cip\u0151k elengedhetetlennek sz\u00e1m\u00edtanak az eleg\u00e1ns megjelen\u00e9sn\u00e9l, f\u0151leg fekete, piros vagy arany sz\u00ednben. Ezek a l\u00e1bbelik n\u00e9pszer\u0171 v\u00e1laszt\u00e1snak bizonyulnak \u00fczleti tal\u00e1lkoz\u00f3kon, a munkahelyen vagy k\u00fcl\u00f6nleges esem\u00e9nyeken. Ha igaz\u00e1n ki szeretn\u00e9nk t\u0171nni a t\u00f6megb\u0151l, v\u00e1lasszunk s\u00e1rga vagy neonsz\u00edn\u0171 modelleket.&nbsp;&nbsp;<\/p>\n\n\n\n<figure class=\"wp-block-gallery has-nested-images columns-default is-cropped wp-block-gallery-3 is-layout-flex wp-block-gallery-is-layout-flex\">\n<figure class=\"wp-block-image size-large\"><img loading=\"lazy\" decoding=\"async\" width=\"683\" height=\"1024\" data-id=\"9995\" src=\"https:\/\/blog.ccc.eu\/hu\/wp-content\/uploads\/2024\/06\/CCC_5905588580591_01-683x1024.jpg\" alt=\"\" class=\"wp-image-9995\" srcset=\"https:\/\/blog.ccc.eu\/hu\/wp-content\/uploads\/2024\/06\/CCC_5905588580591_01-683x1024.jpg 683w, https:\/\/blog.ccc.eu\/hu\/wp-content\/uploads\/2024\/06\/CCC_5905588580591_01-200x300.jpg 200w, https:\/\/blog.ccc.eu\/hu\/wp-content\/uploads\/2024\/06\/CCC_5905588580591_01-768x1152.jpg 768w, https:\/\/blog.ccc.eu\/hu\/wp-content\/uploads\/2024\/06\/CCC_5905588580591_01-100x150.jpg 100w, https:\/\/blog.ccc.eu\/hu\/wp-content\/uploads\/2024\/06\/CCC_5905588580591_01.jpg 876w\" sizes=\"auto, (max-width: 683px) 100vw, 683px\" \/><\/figure>\n\n\n\n<figure class=\"wp-block-image size-large\"><img loading=\"lazy\" decoding=\"async\" width=\"683\" height=\"1024\" data-id=\"9994\" src=\"https:\/\/blog.ccc.eu\/hu\/wp-content\/uploads\/2024\/06\/CCC_5905588605423_01-683x1024.jpg\" alt=\"\" class=\"wp-image-9994\" srcset=\"https:\/\/blog.ccc.eu\/hu\/wp-content\/uploads\/2024\/06\/CCC_5905588605423_01-683x1024.jpg 683w, https:\/\/blog.ccc.eu\/hu\/wp-content\/uploads\/2024\/06\/CCC_5905588605423_01-200x300.jpg 200w, https:\/\/blog.ccc.eu\/hu\/wp-content\/uploads\/2024\/06\/CCC_5905588605423_01-768x1152.jpg 768w, https:\/\/blog.ccc.eu\/hu\/wp-content\/uploads\/2024\/06\/CCC_5905588605423_01-100x150.jpg 100w, https:\/\/blog.ccc.eu\/hu\/wp-content\/uploads\/2024\/06\/CCC_5905588605423_01.jpg 876w\" sizes=\"auto, (max-width: 683px) 100vw, 683px\" \/><\/figure>\n<\/figure>\n\n\n\n<h2 class=\"wp-block-heading\">Szand\u00e1lok<\/h2>\n\n\n\n<p>A lapos talp\u00fa \u00e9s magassark\u00fa szand\u00e1lok nagyon j\u00f3l p\u00e1ros\u00edthat\u00f3ak feh\u00e9r ruh\u00e1val, amellyel k\u00f6nnyed, ny\u00e1rias \u00e9s friss megjelen\u00e9st hozhatunk l\u00e9tre. Remek v\u00e1laszt\u00e1s, ha egy \u00e9ktalp\u00fa szand\u00e1lt feh\u00e9r, l\u00e9gies ruh\u00e1val kombin\u00e1lunk, valamint egy szalmakalappal \u00e9s egy fonott k\u00e9zit\u00e1sk\u00e1val, amivel remek nyaral\u00f3s szettet hozhatunk l\u00e9tre. <\/p>\n\n\n\n<figure class=\"wp-block-gallery has-nested-images columns-default is-cropped wp-block-gallery-4 is-layout-flex wp-block-gallery-is-layout-flex\">\n<figure class=\"wp-block-image size-large\"><img loading=\"lazy\" decoding=\"async\" width=\"683\" height=\"1024\" data-id=\"9996\" src=\"https:\/\/blog.ccc.eu\/hu\/wp-content\/uploads\/2024\/06\/CCC_5905588576952_01-683x1024.jpg\" alt=\"\" class=\"wp-image-9996\" srcset=\"https:\/\/blog.ccc.eu\/hu\/wp-content\/uploads\/2024\/06\/CCC_5905588576952_01-683x1024.jpg 683w, https:\/\/blog.ccc.eu\/hu\/wp-content\/uploads\/2024\/06\/CCC_5905588576952_01-200x300.jpg 200w, https:\/\/blog.ccc.eu\/hu\/wp-content\/uploads\/2024\/06\/CCC_5905588576952_01-768x1152.jpg 768w, https:\/\/blog.ccc.eu\/hu\/wp-content\/uploads\/2024\/06\/CCC_5905588576952_01-100x150.jpg 100w, https:\/\/blog.ccc.eu\/hu\/wp-content\/uploads\/2024\/06\/CCC_5905588576952_01.jpg 876w\" sizes=\"auto, (max-width: 683px) 100vw, 683px\" \/><\/figure>\n\n\n\n<figure class=\"wp-block-image size-large\"><img loading=\"lazy\" decoding=\"async\" width=\"683\" height=\"1024\" data-id=\"9997\" src=\"https:\/\/blog.ccc.eu\/hu\/wp-content\/uploads\/2024\/06\/CCC_5905588576969_01-683x1024.jpg\" alt=\"\" class=\"wp-image-9997\" srcset=\"https:\/\/blog.ccc.eu\/hu\/wp-content\/uploads\/2024\/06\/CCC_5905588576969_01-683x1024.jpg 683w, https:\/\/blog.ccc.eu\/hu\/wp-content\/uploads\/2024\/06\/CCC_5905588576969_01-200x300.jpg 200w, https:\/\/blog.ccc.eu\/hu\/wp-content\/uploads\/2024\/06\/CCC_5905588576969_01-768x1152.jpg 768w, https:\/\/blog.ccc.eu\/hu\/wp-content\/uploads\/2024\/06\/CCC_5905588576969_01-100x150.jpg 100w, https:\/\/blog.ccc.eu\/hu\/wp-content\/uploads\/2024\/06\/CCC_5905588576969_01.jpg 876w\" sizes=\"auto, (max-width: 683px) 100vw, 683px\" \/><\/figure>\n<\/figure>\n\n\n\n<h2 class=\"wp-block-heading\">Sneakerek<\/h2>\n\n\n\n<p>A sneakerek nagyon j\u00f3l mutatnak h\u00e9tk\u00f6znapi st\u00edlusban. A legjobb, ha \u00e9l\u00e9nk, szemet gy\u00f6ny\u00f6rk\u00f6dtet\u0151 sz\u00edn\u0171 l\u00e1bbelit v\u00e1lasztunk, amivel biztosan kit\u0171n\u00fcnk a t\u00f6megb\u0151l.\u00a0<\/p>\n\n\n\n<p>Ezek a modellek pamutb\u00f3l vagy m\u00e1s, rugalmasabb anyagb\u00f3l k\u00e9sz\u00fclt feh\u00e9r ruh\u00e1hoz passzolnak a legjobban.\u00a0\u00a0\u00a0<\/p>\n\n\n\n<figure class=\"wp-block-gallery has-nested-images columns-default is-cropped wp-block-gallery-5 is-layout-flex wp-block-gallery-is-layout-flex\">\n<figure class=\"wp-block-image size-large\"><img loading=\"lazy\" decoding=\"async\" width=\"683\" height=\"1024\" data-id=\"9998\" src=\"https:\/\/blog.ccc.eu\/hu\/wp-content\/uploads\/2024\/06\/CCC_5905588234258_01pop-683x1024.jpg\" alt=\"\" class=\"wp-image-9998\" srcset=\"https:\/\/blog.ccc.eu\/hu\/wp-content\/uploads\/2024\/06\/CCC_5905588234258_01pop-683x1024.jpg 683w, https:\/\/blog.ccc.eu\/hu\/wp-content\/uploads\/2024\/06\/CCC_5905588234258_01pop-200x300.jpg 200w, https:\/\/blog.ccc.eu\/hu\/wp-content\/uploads\/2024\/06\/CCC_5905588234258_01pop-768x1152.jpg 768w, https:\/\/blog.ccc.eu\/hu\/wp-content\/uploads\/2024\/06\/CCC_5905588234258_01pop-100x150.jpg 100w, https:\/\/blog.ccc.eu\/hu\/wp-content\/uploads\/2024\/06\/CCC_5905588234258_01pop.jpg 876w\" sizes=\"auto, (max-width: 683px) 100vw, 683px\" \/><\/figure>\n\n\n\n<figure class=\"wp-block-image size-large\"><img loading=\"lazy\" decoding=\"async\" width=\"683\" height=\"1024\" data-id=\"9999\" src=\"https:\/\/blog.ccc.eu\/hu\/wp-content\/uploads\/2024\/06\/CCC_5905588234258_04pop-683x1024.jpg\" alt=\"\" class=\"wp-image-9999\" srcset=\"https:\/\/blog.ccc.eu\/hu\/wp-content\/uploads\/2024\/06\/CCC_5905588234258_04pop-683x1024.jpg 683w, https:\/\/blog.ccc.eu\/hu\/wp-content\/uploads\/2024\/06\/CCC_5905588234258_04pop-200x300.jpg 200w, https:\/\/blog.ccc.eu\/hu\/wp-content\/uploads\/2024\/06\/CCC_5905588234258_04pop-768x1152.jpg 768w, https:\/\/blog.ccc.eu\/hu\/wp-content\/uploads\/2024\/06\/CCC_5905588234258_04pop-100x150.jpg 100w, https:\/\/blog.ccc.eu\/hu\/wp-content\/uploads\/2024\/06\/CCC_5905588234258_04pop.jpg 876w\" sizes=\"auto, (max-width: 683px) 100vw, 683px\" \/><\/figure>\n<\/figure>\n\n\n\n<p>Fedezd fel a feh\u00e9r ruh\u00e1khoz passzol\u00f3 elb\u0171v\u00f6l\u0151 l\u00e1bbeliket <a href=\"https:\/\/ccc.eu\/hu\/sklepy\" target=\"_blank\" rel=\"noreferrer noopener\">CCC \u00fczleteinkben<\/a>, <a href=\"https:\/\/ccc.eu\/hu\/\" target=\"_blank\" rel=\"noreferrer noopener\">webshopunkban<\/a>, \u00e9s az <a href=\"https:\/\/ccc.eu\/hu\/mobile-app\" target=\"_blank\" rel=\"noreferrer noopener\">alkalmaz\u00e1sban<\/a>. Legy\u00e9l <a href=\"https:\/\/ccc.eu\/hu\/klub-ccc\" target=\"_blank\" rel=\"noreferrer noopener\">CCC klubtag<\/a> is, \u00e9s \u00e9lvezd a k\u00e9nyelmes \u00e9s kedvezm\u00e9nyes v\u00e1s\u00e1rl\u00e1si lehet\u0151s\u00e9geket! K\u00f6vesd vel\u00fcnk a divatot <a href=\"https:\/\/www.facebook.com\/CCC.Hungary\/\" target=\"_blank\" rel=\"noreferrer noopener\">Facebookon,<\/a> \u00e9s inspir\u00e1l\u00f3dj vel\u00fcnk az <a href=\"https:\/\/www.instagram.com\/cccshoesbags\/\" target=\"_blank\" rel=\"noreferrer noopener\">Instagramon<\/a> is!&nbsp;&nbsp;<\/p>\n","protected":false},"excerpt":{"rendered":"<p>A feh\u00e9r sz\u00edn sok st\u00edlus alapja, \u00e9vszakt\u00f3l f\u00fcggetlen\u00fcl. A f\u0151 sz\u00ednek k\u00f6z\u00e9 tartozik \u00e9s minden ruhadarabbal k\u00f6nnyed\u00e9n kombin\u00e1lhat\u00f3, ez\u00e9rt is szeretik olyannyira a tervez\u0151k \u00e9s a minimalista st\u00edlus rajong\u00f3i. Tudd meg, milyen cip\u0151k passzolnak ehhez a sz\u00ednhez \u00e9s hozz l\u00e9tre egy egyedi megjelen\u00e9st!&nbsp;&nbsp; Feh\u00e9r sz\u00edn &#8211; mindig a trendek \u00e9l\u00e9n A trendekt\u0151l f\u00fcggetlen\u00fcl a feh\u00e9r [&hellip;]<\/p>\n","protected":false},"author":22,"featured_media":9990,"comment_status":"open","ping_status":"open","sticky":false,"template":"","format":"standard","meta":{"_acf_changed":false,"footnotes":""},"categories":[4],"tags":[560,707,821,812],"class_list":["post-9989","post","type-post","status-publish","format-standard","has-post-thumbnail","hentry","category-divat-tippek","tag-ccc","tag-cipok","tag-divat-tippek","tag-noi-cipok"],"acf":[],"yoast_head":"<!-- This site is optimized with the Yoast SEO plugin v26.9 - https:\/\/yoast.com\/product\/yoast-seo-wordpress\/ -->\n<title>Milyen cip\u0151k illenek feh\u00e9r ruh\u00e1khoz? Mutatjuk! - CCC Fashion blog<\/title>\n<meta name=\"description\" content=\"Sz\u00e1mos st\u00edlus\u00fa \u00e9s sz\u00edn\u0171 cip\u0151vel tudjuk p\u00e1ros\u00edtani a feh\u00e9r sz\u00edn\u0171 ruhadarabokat. Olvasd el javaslatainkat \u00e9s tal\u00e1ld meg a t\u00f6k\u00e9letes l\u00e1bbelit! 2026\" \/>\n<meta name=\"robots\" content=\"index, follow, max-snippet:-1, max-image-preview:large, max-video-preview:-1\" \/>\n<link rel=\"canonical\" href=\"https:\/\/blog.ccc.eu\/hu\/milyen-cipo-illik-feher-ruhakhoz-mutatjuk\/\" \/>\n<meta property=\"og:locale\" content=\"hu_HU\" \/>\n<meta property=\"og:type\" content=\"article\" \/>\n<meta property=\"og:title\" content=\"Milyen cip\u0151k illenek feh\u00e9r ruh\u00e1khoz? Mutatjuk! - CCC Fashion blog\" \/>\n<meta property=\"og:description\" content=\"Sz\u00e1mos st\u00edlus\u00fa \u00e9s sz\u00edn\u0171 cip\u0151vel tudjuk p\u00e1ros\u00edtani a feh\u00e9r sz\u00edn\u0171 ruhadarabokat. Olvasd el javaslatainkat \u00e9s tal\u00e1ld meg a t\u00f6k\u00e9letes l\u00e1bbelit!\" \/>\n<meta property=\"og:url\" content=\"https:\/\/blog.ccc.eu\/hu\/milyen-cipo-illik-feher-ruhakhoz-mutatjuk\/\" \/>\n<meta property=\"og:site_name\" content=\"CCC Fashion blog\" \/>\n<meta property=\"article:published_time\" content=\"2024-06-07T10:35:16+00:00\" \/>\n<meta property=\"article:modified_time\" content=\"2024-06-07T12:15:57+00:00\" \/>\n<meta property=\"og:image\" content=\"https:\/\/blog.ccc.eu\/hu\/wp-content\/uploads\/2024\/06\/IMG_1044-750x1024-1.jpeg\" \/>\n\t<meta property=\"og:image:width\" content=\"750\" \/>\n\t<meta property=\"og:image:height\" content=\"1024\" \/>\n\t<meta property=\"og:image:type\" content=\"image\/jpeg\" \/>\n<meta name=\"author\" content=\"Beatrix Korosi\" \/>\n<meta name=\"twitter:card\" content=\"summary_large_image\" \/>\n<meta name=\"twitter:label1\" content=\"Szerz\u0151:\" \/>\n\t<meta name=\"twitter:data1\" content=\"Beatrix Korosi\" \/>\n\t<meta name=\"twitter:label2\" content=\"Becs\u00fclt olvas\u00e1si id\u0151\" \/>\n\t<meta name=\"twitter:data2\" content=\"2 perc\" \/>\n<script type=\"application\/ld+json\" class=\"yoast-schema-graph\">{\"@context\":\"https:\/\/schema.org\",\"@graph\":[{\"@type\":\"Article\",\"@id\":\"https:\/\/blog.ccc.eu\/hu\/milyen-cipo-illik-feher-ruhakhoz-mutatjuk\/#article\",\"isPartOf\":{\"@id\":\"https:\/\/blog.ccc.eu\/hu\/milyen-cipo-illik-feher-ruhakhoz-mutatjuk\/\"},\"author\":{\"name\":\"Beatrix Korosi\",\"@id\":\"https:\/\/blog.ccc.eu\/hu\/#\/schema\/person\/b37d4e58a15b8cc6b1339218cfeb7c10\"},\"headline\":\"Milyen cip\u0151k illenek feh\u00e9r ruh\u00e1khoz? Mutatjuk!\",\"datePublished\":\"2024-06-07T10:35:16+00:00\",\"dateModified\":\"2024-06-07T12:15:57+00:00\",\"mainEntityOfPage\":{\"@id\":\"https:\/\/blog.ccc.eu\/hu\/milyen-cipo-illik-feher-ruhakhoz-mutatjuk\/\"},\"wordCount\":395,\"commentCount\":0,\"publisher\":{\"@id\":\"https:\/\/blog.ccc.eu\/hu\/#organization\"},\"image\":{\"@id\":\"https:\/\/blog.ccc.eu\/hu\/milyen-cipo-illik-feher-ruhakhoz-mutatjuk\/#primaryimage\"},\"thumbnailUrl\":\"https:\/\/blog.ccc.eu\/hu\/wp-content\/uploads\/2024\/06\/IMG_1044-750x1024-1.jpeg\",\"keywords\":[\"CCC\",\"cip\u0151k\",\"divat tippek\",\"n\u0151i cip\u0151k\"],\"articleSection\":[\"DIVAT TIPPEK\"],\"inLanguage\":\"hu\",\"potentialAction\":[{\"@type\":\"CommentAction\",\"name\":\"Comment\",\"target\":[\"https:\/\/blog.ccc.eu\/hu\/milyen-cipo-illik-feher-ruhakhoz-mutatjuk\/#respond\"]}]},{\"@type\":\"WebPage\",\"@id\":\"https:\/\/blog.ccc.eu\/hu\/milyen-cipo-illik-feher-ruhakhoz-mutatjuk\/\",\"url\":\"https:\/\/blog.ccc.eu\/hu\/milyen-cipo-illik-feher-ruhakhoz-mutatjuk\/\",\"name\":\"Milyen cip\u0151k illenek feh\u00e9r ruh\u00e1khoz? Mutatjuk! - CCC Fashion blog\",\"isPartOf\":{\"@id\":\"https:\/\/blog.ccc.eu\/hu\/#website\"},\"primaryImageOfPage\":{\"@id\":\"https:\/\/blog.ccc.eu\/hu\/milyen-cipo-illik-feher-ruhakhoz-mutatjuk\/#primaryimage\"},\"image\":{\"@id\":\"https:\/\/blog.ccc.eu\/hu\/milyen-cipo-illik-feher-ruhakhoz-mutatjuk\/#primaryimage\"},\"thumbnailUrl\":\"https:\/\/blog.ccc.eu\/hu\/wp-content\/uploads\/2024\/06\/IMG_1044-750x1024-1.jpeg\",\"datePublished\":\"2024-06-07T10:35:16+00:00\",\"dateModified\":\"2024-06-07T12:15:57+00:00\",\"description\":\"Sz\u00e1mos st\u00edlus\u00fa \u00e9s sz\u00edn\u0171 cip\u0151vel tudjuk p\u00e1ros\u00edtani a feh\u00e9r sz\u00edn\u0171 ruhadarabokat. Olvasd el javaslatainkat \u00e9s tal\u00e1ld meg a t\u00f6k\u00e9letes l\u00e1bbelit!\",\"breadcrumb\":{\"@id\":\"https:\/\/blog.ccc.eu\/hu\/milyen-cipo-illik-feher-ruhakhoz-mutatjuk\/#breadcrumb\"},\"inLanguage\":\"hu\",\"potentialAction\":[{\"@type\":\"ReadAction\",\"target\":[\"https:\/\/blog.ccc.eu\/hu\/milyen-cipo-illik-feher-ruhakhoz-mutatjuk\/\"]}]},{\"@type\":\"ImageObject\",\"inLanguage\":\"hu\",\"@id\":\"https:\/\/blog.ccc.eu\/hu\/milyen-cipo-illik-feher-ruhakhoz-mutatjuk\/#primaryimage\",\"url\":\"https:\/\/blog.ccc.eu\/hu\/wp-content\/uploads\/2024\/06\/IMG_1044-750x1024-1.jpeg\",\"contentUrl\":\"https:\/\/blog.ccc.eu\/hu\/wp-content\/uploads\/2024\/06\/IMG_1044-750x1024-1.jpeg\",\"width\":750,\"height\":1024},{\"@type\":\"BreadcrumbList\",\"@id\":\"https:\/\/blog.ccc.eu\/hu\/milyen-cipo-illik-feher-ruhakhoz-mutatjuk\/#breadcrumb\",\"itemListElement\":[{\"@type\":\"ListItem\",\"position\":1,\"name\":\"Strona g\u0142\u00f3wna\",\"item\":\"https:\/\/blog.ccc.eu\/hu\/\"},{\"@type\":\"ListItem\",\"position\":2,\"name\":\"Milyen cip\u0151k illenek feh\u00e9r ruh\u00e1khoz? Mutatjuk!\"}]},{\"@type\":\"WebSite\",\"@id\":\"https:\/\/blog.ccc.eu\/hu\/#website\",\"url\":\"https:\/\/blog.ccc.eu\/hu\/\",\"name\":\"CCC Fashion blog\",\"description\":\"Az \u00d6n helye tele van divatihletekkel\",\"publisher\":{\"@id\":\"https:\/\/blog.ccc.eu\/hu\/#organization\"},\"potentialAction\":[{\"@type\":\"SearchAction\",\"target\":{\"@type\":\"EntryPoint\",\"urlTemplate\":\"https:\/\/blog.ccc.eu\/hu\/?s={search_term_string}\"},\"query-input\":{\"@type\":\"PropertyValueSpecification\",\"valueRequired\":true,\"valueName\":\"search_term_string\"}}],\"inLanguage\":\"hu\"},{\"@type\":\"Organization\",\"@id\":\"https:\/\/blog.ccc.eu\/hu\/#organization\",\"name\":\"CCC S.A.\",\"url\":\"https:\/\/blog.ccc.eu\/hu\/\",\"logo\":{\"@type\":\"ImageObject\",\"inLanguage\":\"hu\",\"@id\":\"https:\/\/blog.ccc.eu\/hu\/#\/schema\/logo\/image\/\",\"url\":\"https:\/\/blog.ccc.eu\/hu\/wp-content\/uploads\/2021\/11\/logo_ccc.png\",\"contentUrl\":\"https:\/\/blog.ccc.eu\/hu\/wp-content\/uploads\/2021\/11\/logo_ccc.png\",\"width\":730,\"height\":270,\"caption\":\"CCC S.A.\"},\"image\":{\"@id\":\"https:\/\/blog.ccc.eu\/hu\/#\/schema\/logo\/image\/\"}},{\"@type\":\"Person\",\"@id\":\"https:\/\/blog.ccc.eu\/hu\/#\/schema\/person\/b37d4e58a15b8cc6b1339218cfeb7c10\",\"name\":\"Beatrix Korosi\",\"image\":{\"@type\":\"ImageObject\",\"inLanguage\":\"hu\",\"@id\":\"https:\/\/blog.ccc.eu\/hu\/#\/schema\/person\/image\/\",\"url\":\"https:\/\/blog.ccc.eu\/hu\/wp-content\/uploads\/2022\/11\/Bea-150x150.jpg\",\"contentUrl\":\"https:\/\/blog.ccc.eu\/hu\/wp-content\/uploads\/2022\/11\/Bea-150x150.jpg\",\"caption\":\"Beatrix Korosi\"},\"url\":\"https:\/\/blog.ccc.eu\/hu\/author\/beatrix-korosi\/\"}]}<\/script>\n<!-- \/ Yoast SEO plugin. -->","yoast_head_json":{"title":"Milyen cip\u0151k illenek feh\u00e9r ruh\u00e1khoz? Mutatjuk! - CCC Fashion blog","description":"Sz\u00e1mos st\u00edlus\u00fa \u00e9s sz\u00edn\u0171 cip\u0151vel tudjuk p\u00e1ros\u00edtani a feh\u00e9r sz\u00edn\u0171 ruhadarabokat. Olvasd el javaslatainkat \u00e9s tal\u00e1ld meg a t\u00f6k\u00e9letes l\u00e1bbelit! 2026","robots":{"index":"index","follow":"follow","max-snippet":"max-snippet:-1","max-image-preview":"max-image-preview:large","max-video-preview":"max-video-preview:-1"},"canonical":"https:\/\/blog.ccc.eu\/hu\/milyen-cipo-illik-feher-ruhakhoz-mutatjuk\/","og_locale":"hu_HU","og_type":"article","og_title":"Milyen cip\u0151k illenek feh\u00e9r ruh\u00e1khoz? Mutatjuk! - CCC Fashion blog","og_description":"Sz\u00e1mos st\u00edlus\u00fa \u00e9s sz\u00edn\u0171 cip\u0151vel tudjuk p\u00e1ros\u00edtani a feh\u00e9r sz\u00edn\u0171 ruhadarabokat. Olvasd el javaslatainkat \u00e9s tal\u00e1ld meg a t\u00f6k\u00e9letes l\u00e1bbelit!","og_url":"https:\/\/blog.ccc.eu\/hu\/milyen-cipo-illik-feher-ruhakhoz-mutatjuk\/","og_site_name":"CCC Fashion blog","article_published_time":"2024-06-07T10:35:16+00:00","article_modified_time":"2024-06-07T12:15:57+00:00","og_image":[{"width":750,"height":1024,"url":"https:\/\/blog.ccc.eu\/hu\/wp-content\/uploads\/2024\/06\/IMG_1044-750x1024-1.jpeg","type":"image\/jpeg"}],"author":"Beatrix Korosi","twitter_card":"summary_large_image","twitter_misc":{"Szerz\u0151:":"Beatrix Korosi","Becs\u00fclt olvas\u00e1si id\u0151":"2 perc"},"schema":{"@context":"https:\/\/schema.org","@graph":[{"@type":"Article","@id":"https:\/\/blog.ccc.eu\/hu\/milyen-cipo-illik-feher-ruhakhoz-mutatjuk\/#article","isPartOf":{"@id":"https:\/\/blog.ccc.eu\/hu\/milyen-cipo-illik-feher-ruhakhoz-mutatjuk\/"},"author":{"name":"Beatrix Korosi","@id":"https:\/\/blog.ccc.eu\/hu\/#\/schema\/person\/b37d4e58a15b8cc6b1339218cfeb7c10"},"headline":"Milyen cip\u0151k illenek feh\u00e9r ruh\u00e1khoz? Mutatjuk!","datePublished":"2024-06-07T10:35:16+00:00","dateModified":"2024-06-07T12:15:57+00:00","mainEntityOfPage":{"@id":"https:\/\/blog.ccc.eu\/hu\/milyen-cipo-illik-feher-ruhakhoz-mutatjuk\/"},"wordCount":395,"commentCount":0,"publisher":{"@id":"https:\/\/blog.ccc.eu\/hu\/#organization"},"image":{"@id":"https:\/\/blog.ccc.eu\/hu\/milyen-cipo-illik-feher-ruhakhoz-mutatjuk\/#primaryimage"},"thumbnailUrl":"https:\/\/blog.ccc.eu\/hu\/wp-content\/uploads\/2024\/06\/IMG_1044-750x1024-1.jpeg","keywords":["CCC","cip\u0151k","divat tippek","n\u0151i cip\u0151k"],"articleSection":["DIVAT TIPPEK"],"inLanguage":"hu","potentialAction":[{"@type":"CommentAction","name":"Comment","target":["https:\/\/blog.ccc.eu\/hu\/milyen-cipo-illik-feher-ruhakhoz-mutatjuk\/#respond"]}]},{"@type":"WebPage","@id":"https:\/\/blog.ccc.eu\/hu\/milyen-cipo-illik-feher-ruhakhoz-mutatjuk\/","url":"https:\/\/blog.ccc.eu\/hu\/milyen-cipo-illik-feher-ruhakhoz-mutatjuk\/","name":"Milyen cip\u0151k illenek feh\u00e9r ruh\u00e1khoz? Mutatjuk! - CCC Fashion blog","isPartOf":{"@id":"https:\/\/blog.ccc.eu\/hu\/#website"},"primaryImageOfPage":{"@id":"https:\/\/blog.ccc.eu\/hu\/milyen-cipo-illik-feher-ruhakhoz-mutatjuk\/#primaryimage"},"image":{"@id":"https:\/\/blog.ccc.eu\/hu\/milyen-cipo-illik-feher-ruhakhoz-mutatjuk\/#primaryimage"},"thumbnailUrl":"https:\/\/blog.ccc.eu\/hu\/wp-content\/uploads\/2024\/06\/IMG_1044-750x1024-1.jpeg","datePublished":"2024-06-07T10:35:16+00:00","dateModified":"2024-06-07T12:15:57+00:00","description":"Sz\u00e1mos st\u00edlus\u00fa \u00e9s sz\u00edn\u0171 cip\u0151vel tudjuk p\u00e1ros\u00edtani a feh\u00e9r sz\u00edn\u0171 ruhadarabokat. Olvasd el javaslatainkat \u00e9s tal\u00e1ld meg a t\u00f6k\u00e9letes l\u00e1bbelit!","breadcrumb":{"@id":"https:\/\/blog.ccc.eu\/hu\/milyen-cipo-illik-feher-ruhakhoz-mutatjuk\/#breadcrumb"},"inLanguage":"hu","potentialAction":[{"@type":"ReadAction","target":["https:\/\/blog.ccc.eu\/hu\/milyen-cipo-illik-feher-ruhakhoz-mutatjuk\/"]}]},{"@type":"ImageObject","inLanguage":"hu","@id":"https:\/\/blog.ccc.eu\/hu\/milyen-cipo-illik-feher-ruhakhoz-mutatjuk\/#primaryimage","url":"https:\/\/blog.ccc.eu\/hu\/wp-content\/uploads\/2024\/06\/IMG_1044-750x1024-1.jpeg","contentUrl":"https:\/\/blog.ccc.eu\/hu\/wp-content\/uploads\/2024\/06\/IMG_1044-750x1024-1.jpeg","width":750,"height":1024},{"@type":"BreadcrumbList","@id":"https:\/\/blog.ccc.eu\/hu\/milyen-cipo-illik-feher-ruhakhoz-mutatjuk\/#breadcrumb","itemListElement":[{"@type":"ListItem","position":1,"name":"Strona g\u0142\u00f3wna","item":"https:\/\/blog.ccc.eu\/hu\/"},{"@type":"ListItem","position":2,"name":"Milyen cip\u0151k illenek feh\u00e9r ruh\u00e1khoz? Mutatjuk!"}]},{"@type":"WebSite","@id":"https:\/\/blog.ccc.eu\/hu\/#website","url":"https:\/\/blog.ccc.eu\/hu\/","name":"CCC Fashion blog","description":"Az \u00d6n helye tele van divatihletekkel","publisher":{"@id":"https:\/\/blog.ccc.eu\/hu\/#organization"},"potentialAction":[{"@type":"SearchAction","target":{"@type":"EntryPoint","urlTemplate":"https:\/\/blog.ccc.eu\/hu\/?s={search_term_string}"},"query-input":{"@type":"PropertyValueSpecification","valueRequired":true,"valueName":"search_term_string"}}],"inLanguage":"hu"},{"@type":"Organization","@id":"https:\/\/blog.ccc.eu\/hu\/#organization","name":"CCC S.A.","url":"https:\/\/blog.ccc.eu\/hu\/","logo":{"@type":"ImageObject","inLanguage":"hu","@id":"https:\/\/blog.ccc.eu\/hu\/#\/schema\/logo\/image\/","url":"https:\/\/blog.ccc.eu\/hu\/wp-content\/uploads\/2021\/11\/logo_ccc.png","contentUrl":"https:\/\/blog.ccc.eu\/hu\/wp-content\/uploads\/2021\/11\/logo_ccc.png","width":730,"height":270,"caption":"CCC S.A."},"image":{"@id":"https:\/\/blog.ccc.eu\/hu\/#\/schema\/logo\/image\/"}},{"@type":"Person","@id":"https:\/\/blog.ccc.eu\/hu\/#\/schema\/person\/b37d4e58a15b8cc6b1339218cfeb7c10","name":"Beatrix Korosi","image":{"@type":"ImageObject","inLanguage":"hu","@id":"https:\/\/blog.ccc.eu\/hu\/#\/schema\/person\/image\/","url":"https:\/\/blog.ccc.eu\/hu\/wp-content\/uploads\/2022\/11\/Bea-150x150.jpg","contentUrl":"https:\/\/blog.ccc.eu\/hu\/wp-content\/uploads\/2022\/11\/Bea-150x150.jpg","caption":"Beatrix Korosi"},"url":"https:\/\/blog.ccc.eu\/hu\/author\/beatrix-korosi\/"}]}},"_links":{"self":[{"href":"https:\/\/blog.ccc.eu\/hu\/wp-json\/wp\/v2\/posts\/9989","targetHints":{"allow":["GET"]}}],"collection":[{"href":"https:\/\/blog.ccc.eu\/hu\/wp-json\/wp\/v2\/posts"}],"about":[{"href":"https:\/\/blog.ccc.eu\/hu\/wp-json\/wp\/v2\/types\/post"}],"author":[{"embeddable":true,"href":"https:\/\/blog.ccc.eu\/hu\/wp-json\/wp\/v2\/users\/22"}],"replies":[{"embeddable":true,"href":"https:\/\/blog.ccc.eu\/hu\/wp-json\/wp\/v2\/comments?post=9989"}],"version-history":[{"count":3,"href":"https:\/\/blog.ccc.eu\/hu\/wp-json\/wp\/v2\/posts\/9989\/revisions"}],"predecessor-version":[{"id":10002,"href":"https:\/\/blog.ccc.eu\/hu\/wp-json\/wp\/v2\/posts\/9989\/revisions\/10002"}],"wp:featuredmedia":[{"embeddable":true,"href":"https:\/\/blog.ccc.eu\/hu\/wp-json\/wp\/v2\/media\/9990"}],"wp:attachment":[{"href":"https:\/\/blog.ccc.eu\/hu\/wp-json\/wp\/v2\/media?parent=9989"}],"wp:term":[{"taxonomy":"category","embeddable":true,"href":"https:\/\/blog.ccc.eu\/hu\/wp-json\/wp\/v2\/categories?post=9989"},{"taxonomy":"post_tag","embeddable":true,"href":"https:\/\/blog.ccc.eu\/hu\/wp-json\/wp\/v2\/tags?post=9989"}],"curies":[{"name":"wp","href":"https:\/\/api.w.org\/{rel}","templated":true}]}}