{"id":10478,"date":"2024-10-01T15:59:16","date_gmt":"2024-10-01T13:59:16","guid":{"rendered":"https:\/\/blog.ccc.eu\/pl\/?p=10478"},"modified":"2024-10-23T16:00:07","modified_gmt":"2024-10-23T14:00:07","slug":"jesienny-trend-alert-loafersy-i-skarpety","status":"publish","type":"post","link":"https:\/\/blog.ccc.eu\/pl\/jesienny-trend-alert-loafersy-i-skarpety\/","title":{"rendered":"Jesienny trend alert: loafersy i skarpety"},"content":{"rendered":"\n<p><strong>Loafersy i skarpetki. Brzmi kontrowersyjnie? Nie w 2024 roku! Mikrotrend popularny w\u015br\u00f3d celebrytek szybko zacz\u0105\u0142 pojawia\u0107 si\u0119 nie tylko w sieci, ale te\u017c i na ulicach w najmodniejszych sezonowych stylizacjach. I cho\u0107 wydawa\u0107 by si\u0119 mog\u0142o, \u017ce to moda na wczesn\u0105 wiosn\u0119, to jednak jesieni\u0105 mo\u017cemy zobaczy\u0107 jej zupe\u0142nie nowe oblicze. Czy loafersy z ka\u017cdymi skarpetkami b\u0119d\u0105 wygl\u0105da\u0142y dobrze? Jak skomponowa\u0107 idealny duet, kt\u00f3ry b\u0119dzie podstaw\u0105 udanej jesiennej stylizacji? Podpowiadamy najmodniejsze rozwi\u0105zania.<\/strong><\/p>\n\n\n\n<figure class=\"wp-block-gallery has-nested-images columns-default is-cropped wp-block-gallery-1 is-layout-flex wp-block-gallery-is-layout-flex\">\n<figure class=\"wp-block-image size-large\"><img loading=\"lazy\" decoding=\"async\" width=\"683\" height=\"1024\" data-id=\"10482\" src=\"https:\/\/blog.ccc.eu\/pl\/wp-content\/uploads\/2022\/09\/ccc_5904248267698_02i-683x1024.jpg\" alt=\"loafersy i skarpety stylizacja\" class=\"wp-image-10482\" srcset=\"https:\/\/blog.ccc.eu\/pl\/wp-content\/uploads\/2022\/09\/ccc_5904248267698_02i-683x1024.jpg 683w, https:\/\/blog.ccc.eu\/pl\/wp-content\/uploads\/2022\/09\/ccc_5904248267698_02i-200x300.jpg 200w, https:\/\/blog.ccc.eu\/pl\/wp-content\/uploads\/2022\/09\/ccc_5904248267698_02i-768x1152.jpg 768w, https:\/\/blog.ccc.eu\/pl\/wp-content\/uploads\/2022\/09\/ccc_5904248267698_02i-100x150.jpg 100w, https:\/\/blog.ccc.eu\/pl\/wp-content\/uploads\/2022\/09\/ccc_5904248267698_02i.jpg 876w\" sizes=\"auto, (max-width: 683px) 100vw, 683px\" \/><\/figure>\n\n\n\n<figure class=\"wp-block-image size-large\"><img loading=\"lazy\" decoding=\"async\" width=\"683\" height=\"1024\" data-id=\"10481\" src=\"https:\/\/blog.ccc.eu\/pl\/wp-content\/uploads\/2022\/09\/CCC_5904248267704_02M-683x1024.jpg\" alt=\"be\u017cowe loafersy stylizacja\" class=\"wp-image-10481\" srcset=\"https:\/\/blog.ccc.eu\/pl\/wp-content\/uploads\/2022\/09\/CCC_5904248267704_02M-683x1024.jpg 683w, https:\/\/blog.ccc.eu\/pl\/wp-content\/uploads\/2022\/09\/CCC_5904248267704_02M-200x300.jpg 200w, https:\/\/blog.ccc.eu\/pl\/wp-content\/uploads\/2022\/09\/CCC_5904248267704_02M-768x1152.jpg 768w, https:\/\/blog.ccc.eu\/pl\/wp-content\/uploads\/2022\/09\/CCC_5904248267704_02M-100x150.jpg 100w, https:\/\/blog.ccc.eu\/pl\/wp-content\/uploads\/2022\/09\/CCC_5904248267704_02M.jpg 876w\" sizes=\"auto, (max-width: 683px) 100vw, 683px\" \/><\/figure>\n<\/figure>\n\n\n\n<h2 class=\"wp-block-heading\">Moda na buty ze skarpetkami<\/h2>\n\n\n\n<p>Jeszcze jaki\u015b czas temu styli\u015bci z ca\u0142ego \u015bwiata zganiliby za takie po\u0142\u0105czenie i okrzykn\u0119li modowym faux pas ka\u017cdego, kto odwa\u017cy\u0142by si\u0119 za\u0142o\u017cy\u0107 do loafers\u00f3w skarpetki, co gorsza grube lub w sportowym stylu! <strong>W 2024 roku to po\u0142\u0105czenie jednych szokuje, innych zachwyca.<\/strong> My m\u00f3wimy, \u017ce jest ono bardzo trendy, szczeg\u00f3lnie, \u017ce topowe trendsetterki i it-girls ju\u017c dawno wprowadzi\u0142y buty ze skarpetkami do swojej garderoby. Po\u0142\u0105czenie skarpet i but\u00f3w w modzie nie jest te\u017c \u017cadn\u0105 nowo\u015bci\u0105, <a href=\"https:\/\/blog.ccc.eu\/pl\/styl-japonski\/\">sp\u00f3jrzmy na styl japo\u0144ski<\/a>, w kt\u00f3rym do sanda\u0142\u00f3w, but\u00f3w na obcasie czy popularnych Mary Jane obowi\u0105zkowo do\u0142\u0105cza si\u0119 skarpety! Ta moda prosto z kraju Kwitn\u0105cej Wi\u015bni szturmem wesz\u0142a na europejskie ulice!<\/p>\n\n\n\n<h2 class=\"wp-block-heading\">Jakie wybra\u0107 skarpetki a jakie loafersy?<\/h2>\n\n\n\n<p>Klasyczny model loafers\u00f3w, kt\u00f3ry wylansowa\u0142 dom mody Gucci wci\u0105\u017c jest na topie, jednak wzoruj\u0105c si\u0119 na nim projektanci zaproponowali ultratrendow\u0105 wersj\u0119. <strong>Po\u0142\u0105czenie masywnej i obszernej podeszwy z eleganck\u0105 i ponadczasow\u0105 cholewk\u0105 okaza\u0142o si\u0119 strza\u0142em w dziesi\u0105tk\u0119! <\/strong>Te buty bij\u0105 wszelkie rekordy popularno\u015bci, a najlepiej prezentuj\u0105 si\u0119 w zestawie ze\u2026 skarpetami! Ich wyb\u00f3r z kolei jest naprawd\u0119 du\u017cy. <\/p>\n\n\n\n<p>Najpopularniejszym rozwi\u0105zaniem jest po\u0142\u0105czenie z bia\u0142ymi grubszymi skarpetami, tymi zupe\u0142nie cienkimi lub warkoczowymi podkolan\u00f3wkami. Jednak, by jeszcze lepiej wstrzeli\u0107 si\u0119 w obowi\u0105zuj\u0105ce trendy do loafers\u00f3w ch\u0119tnie wybierane s\u0105 neonowe skarpety, z geometrycznymi wzorami lub bardzo grube i we\u0142niane w neutralnych barwach.<\/p>\n\n\n\n<h2 class=\"wp-block-heading\">Najmodniejsze loafersy w CCC<\/h2>\n\n\n\n<p>W naszych sklepach znajdziesz prawdziwie trendowe kr\u00f3lestwo! Marka Badura w tym sezonie jest doskona\u0142ym przyk\u0142adem tego, jak \u0142\u0105czy\u0107 klasyk\u0119 i elegancj\u0119 z mod\u0105 z 2024 roku! W ich kolekcji znajdziesz absolutnie pi\u0119kne loafersy zar\u00f3wno na platformach jak i masywnej podeszwie z obcasem, nie tylko w neutralnej kolorystyce, ale te\u017c i w odcieniach zieleni czy bordo! J<strong>e\u017celi jeste\u015b jednak wiern\u0105 fank\u0105 ponadczasowego designu z nutk\u0105 trendowych nowo\u015bci to doskona\u0142ym wyborem b\u0119d\u0105 loafersy z kolekcji marki Gino Rossi!<\/strong> Pi\u0119kne czarne, be\u017cowe i br\u0105zowe buty b\u0119d\u0105 \u015bwietn\u0105 baz\u0105 do kompozycji ze skarpetami. Ultratrendowe loafersy znajdziesz te\u017c w kolekcji marki Jenny Fairy.<\/p>\n\n\n\n\n\n\n\n<p><\/p>\n\n\n\n<h2 class=\"wp-block-heading\">Znajd\u017a skarpetki, kt\u00f3re b\u0119d\u0105 pasowa\u0142y do Twoich but\u00f3w<\/h2>\n\n\n\n<p>W CCC znajdziesz bardzo obszern\u0105 ofert\u0119 skarpetek, kt\u00f3re dobierzesz do swoich loafers\u00f3w. <strong>Do tych bardzo trendowych mo\u017cesz dobra\u0107 skarpetki w sportowym klimacie<\/strong> np. od marki Sprandi lub adidas. Obszerne bia\u0142e skarpety b\u0119d\u0105 naprawd\u0119 strza\u0142em w dziesi\u0105tk\u0119. <\/p>\n\n\n\n<p>Je\u017celi jednak stawiasz na klasyczne, p\u0142askie loafersy to zachwy\u0107 w nich w g\u0142adkich i eleganckich skarpetkach np. tych z kolekcji marki DeeZee. Bardzo dobrze te\u017c sprawdz\u0105 si\u0119 kr\u00f3tsze skarpetki ze \u015bci\u0105gaczami lub delikatne i cienkie, wystaj\u0105ce ponad kostk\u0119, mog\u0105 mie\u0107 superfajne zdobienie! Klasyk\u0119 \u0142\u0105cz te\u017c z kolorami i wzorami, kt\u00f3re zdecydowanie udowodni\u0105, ze jeste\u015b \u0142owczyni\u0105 trend\u00f3w!<\/p>\n\n\n\n<figure class=\"wp-block-gallery has-nested-images columns-default is-cropped wp-block-gallery-2 is-layout-flex wp-block-gallery-is-layout-flex\">\n<figure class=\"wp-block-image size-large\"><img loading=\"lazy\" decoding=\"async\" width=\"683\" height=\"1024\" data-id=\"26752\" src=\"https:\/\/blog.ccc.eu\/pl\/wp-content\/uploads\/2022\/09\/CCC_5903419224904_01-683x1024.jpg\" alt=\"d\u0142ugie skarpety fila\" class=\"wp-image-26752\" srcset=\"https:\/\/blog.ccc.eu\/pl\/wp-content\/uploads\/2022\/09\/CCC_5903419224904_01-683x1024.jpg 683w, https:\/\/blog.ccc.eu\/pl\/wp-content\/uploads\/2022\/09\/CCC_5903419224904_01-200x300.jpg 200w, https:\/\/blog.ccc.eu\/pl\/wp-content\/uploads\/2022\/09\/CCC_5903419224904_01-768x1152.jpg 768w, https:\/\/blog.ccc.eu\/pl\/wp-content\/uploads\/2022\/09\/CCC_5903419224904_01-100x150.jpg 100w, https:\/\/blog.ccc.eu\/pl\/wp-content\/uploads\/2022\/09\/CCC_5903419224904_01.jpg 876w\" sizes=\"auto, (max-width: 683px) 100vw, 683px\" \/><\/figure>\n\n\n\n<figure class=\"wp-block-image size-large\"><img loading=\"lazy\" decoding=\"async\" width=\"683\" height=\"1024\" data-id=\"26754\" src=\"https:\/\/blog.ccc.eu\/pl\/wp-content\/uploads\/2022\/09\/CCC_5905588820451_01-1-683x1024.jpg\" alt=\"d\u0142ugie bia\u0142e skarpetki sprandi\" class=\"wp-image-26754\" srcset=\"https:\/\/blog.ccc.eu\/pl\/wp-content\/uploads\/2022\/09\/CCC_5905588820451_01-1-683x1024.jpg 683w, https:\/\/blog.ccc.eu\/pl\/wp-content\/uploads\/2022\/09\/CCC_5905588820451_01-1-200x300.jpg 200w, https:\/\/blog.ccc.eu\/pl\/wp-content\/uploads\/2022\/09\/CCC_5905588820451_01-1-768x1152.jpg 768w, https:\/\/blog.ccc.eu\/pl\/wp-content\/uploads\/2022\/09\/CCC_5905588820451_01-1-100x150.jpg 100w, https:\/\/blog.ccc.eu\/pl\/wp-content\/uploads\/2022\/09\/CCC_5905588820451_01-1.jpg 876w\" sizes=\"auto, (max-width: 683px) 100vw, 683px\" \/><\/figure>\n<\/figure>\n\n\n\n<h2 class=\"wp-block-heading\">Stylizacje z loafersami i skarpetkami w roli g\u0142\u00f3wnej<\/h2>\n\n\n\n<p>Mog\u0105 szokowa\u0107 i zaskakiwa\u0107, mog\u0105 te\u017c by\u0107 supermodne i ekstrawaganckie. Postaw jesieni\u0105 na mikrotrend, kt\u00f3ry zrobi z Ciebie prawdziw\u0105 trendsetterk\u0119!<\/p>\n\n\n\n<p><strong>STYLIZACJA I<\/strong> \u2013 wybierz bardzo trendowe loafersy na obszernej podeszwie i dobierz do nich bia\u0142e sportowe skarpety do po\u0142owy \u0142ydki, do tego zestawu mo\u017cesz dobra\u0107 kr\u00f3tk\u0105 sp\u00f3dniczk\u0119 mini i marynark\u0119 oversize. Z racji tego, \u017ce promujemy optymistyczn\u0105 jesie\u0144 \u2013 postaw na pomara\u0144czowy!<\/p>\n\n\n\n<p><strong>SYLIZACJA II<\/strong> \u2013 bez w\u0105tpienia dla nas wymarzona. Bardzo klasyczne loafersy na p\u0142askiej podeszwie zestaw z be\u017cowymi we\u0142nianymi skarpetkami, kt\u00f3re nie s\u0105 naci\u0105gni\u0119te na nog\u0119 jak struna, a delikatnie opadaj\u0105. Mo\u017cesz do nich dobra\u0107 sukienk\u0119 midi lub szerokie spodnie do po\u0142owy \u0142ydki.<\/p>\n\n\n\n<p><strong>STYLIZACJA III<\/strong> \u2013 za\u0142\u00f3\u017c retro loafersy i dobierz do nich kolorowe kr\u00f3tkie skarpetki. Ten zestaw b\u0119dzie wygl\u0105da\u0142 bardzo dobrze z rozkloszowan\u0105 sukienk\u0105 maxi, kt\u00f3ra b\u0119dzie ko\u0144czy\u0142a si\u0119 tu\u017c nad butami. Do tego za\u0142\u00f3\u017c jeansow\u0105 kurtk\u0119 z ko\u017cuszkiem!<\/p>\n\n\n\n<p>To nie prawda \u2013 jak m\u00f3wi\u0105 niekt\u00f3rzy, \u017ce tego typu moda jest zarezerwowana tylko dla m\u0142odych os\u00f3b, kt\u00f3re \u015bwietnie rozumiej\u0105 si\u0119 z ekstrawaganckimi trendami! Bo nawet elegancki i klasyczny biurowy styl mo\u017ce mie\u0107 w sobie trendowe akcenty. Dlatego najpopularniejsze ponadczasowe loafersy \u015bwietnie po\u0142\u0105cz\u0105 si\u0119 z b\u0142yszcz\u0105cymi skarpetami do po\u0142owy \u0142ydki i be\u017cowymi cygaretkami, z kolei masywne bordowe loafersy i sportowe podkolan\u00f3wki, b\u0119d\u0105 \u015bwietn\u0105 propozycj\u0105 do kr\u00f3tkiej sukienki na spotkanie z przyjaci\u00f3\u0142mi. Najmodniejsze loafersy i pasuj\u0105ce do nich skarpety znajdziesz w naszych sklepach CCC, na ccc.eu i w aplikacji.<\/p>\n","protected":false},"excerpt":{"rendered":"<p>Loafersy i skarpetki. Brzmi kontrowersyjnie? Nie w 2024 roku! Mikrotrend popularny w\u015br\u00f3d celebrytek szybko zacz\u0105\u0142 pojawia\u0107 si\u0119 nie tylko w sieci, ale te\u017c i na ulicach w najmodniejszych sezonowych stylizacjach. I cho\u0107 wydawa\u0107 by si\u0119 mog\u0142o, \u017ce to moda na wczesn\u0105 wiosn\u0119, to jednak jesieni\u0105 mo\u017cemy zobaczy\u0107 jej zupe\u0142nie nowe oblicze. Czy loafersy z ka\u017cdymi [&hellip;]<\/p>\n","protected":false},"author":17,"featured_media":10482,"comment_status":"open","ping_status":"closed","sticky":false,"template":"","format":"standard","meta":{"_acf_changed":false,"footnotes":""},"categories":[6,1042],"tags":[962,1047,655,1071,9],"class_list":["post-10478","post","type-post","status-publish","format-standard","has-post-thumbnail","hentry","category-trendy","category-jesienne-trendy","tag-jesien-2022","tag-jesienne-trendy","tag-loafersy","tag-skarpety","tag-trendy"],"acf":[],"_links":{"self":[{"href":"https:\/\/blog.ccc.eu\/pl\/wp-json\/wp\/v2\/posts\/10478","targetHints":{"allow":["GET"]}}],"collection":[{"href":"https:\/\/blog.ccc.eu\/pl\/wp-json\/wp\/v2\/posts"}],"about":[{"href":"https:\/\/blog.ccc.eu\/pl\/wp-json\/wp\/v2\/types\/post"}],"author":[{"embeddable":true,"href":"https:\/\/blog.ccc.eu\/pl\/wp-json\/wp\/v2\/users\/17"}],"replies":[{"embeddable":true,"href":"https:\/\/blog.ccc.eu\/pl\/wp-json\/wp\/v2\/comments?post=10478"}],"version-history":[{"count":3,"href":"https:\/\/blog.ccc.eu\/pl\/wp-json\/wp\/v2\/posts\/10478\/revisions"}],"predecessor-version":[{"id":26755,"href":"https:\/\/blog.ccc.eu\/pl\/wp-json\/wp\/v2\/posts\/10478\/revisions\/26755"}],"wp:featuredmedia":[{"embeddable":true,"href":"https:\/\/blog.ccc.eu\/pl\/wp-json\/wp\/v2\/media\/10482"}],"wp:attachment":[{"href":"https:\/\/blog.ccc.eu\/pl\/wp-json\/wp\/v2\/media?parent=10478"}],"wp:term":[{"taxonomy":"category","embeddable":true,"href":"https:\/\/blog.ccc.eu\/pl\/wp-json\/wp\/v2\/categories?post=10478"},{"taxonomy":"post_tag","embeddable":true,"href":"https:\/\/blog.ccc.eu\/pl\/wp-json\/wp\/v2\/tags?post=10478"}],"curies":[{"name":"wp","href":"https:\/\/api.w.org\/{rel}","templated":true}]}}