{"id":11940,"date":"2024-06-03T11:39:43","date_gmt":"2024-06-03T09:39:43","guid":{"rendered":"https:\/\/blog.ccc.eu\/pl\/?p=11940"},"modified":"2024-06-12T11:39:59","modified_gmt":"2024-06-12T09:39:59","slug":"jak-sie-ubrac-na-rozmowe-o-prace-praktyczne-porady","status":"publish","type":"post","link":"https:\/\/blog.ccc.eu\/pl\/jak-sie-ubrac-na-rozmowe-o-prace-praktyczne-porady\/","title":{"rendered":"Jak si\u0119 ubra\u0107 na rozmow\u0119 o prac\u0119? Praktyczne porady"},"content":{"rendered":"\n<p><strong>Str\u00f3j na rozmow\u0119 kwalifikacyjn\u0105 powinien prezentowa\u0107 si\u0119 przede wszystkim profesjonalnie. Nie oznacza to jednak, \u017ce ma to by\u0107 bia\u0142a koszula i czarna, o\u0142\u00f3wkowa sp\u00f3dnica b\u0105d\u017a spodnie cygaretki. Dowiedz si\u0119, jak wypa\u015b\u0107 zawodowo, a zarazem zapa\u015b\u0107 w pami\u0119\u0107! Jak si\u0119 ubra\u0107 na rozmow\u0119 o prac\u0119? Stworzyli\u015bmy dla Ciebie praktyczny poradnik, dzi\u0119ki kt\u00f3remu stworzysz perfekcyjn\u0105 stylizacj\u0119 na t\u0119 okazj\u0119. Wszystkie zawarte w nim dodatki s\u0105 dost\u0119pne zar\u00f3wno w stacjonarnych sklepach CCC, jak i na ccc.eu oraz w aplikacji.<\/strong><\/p>\n\n\n\n<div class=\"wp-block-group is-nowrap is-layout-flex wp-container-core-group-is-layout-ad2f72ca wp-block-group-is-layout-flex\">\n<figure class=\"wp-block-gallery has-nested-images columns-default is-cropped wp-block-gallery-1 is-layout-flex wp-block-gallery-is-layout-flex\">\n<figure class=\"wp-block-image size-large\"><img loading=\"lazy\" decoding=\"async\" width=\"622\" height=\"933\" data-id=\"24667\" src=\"https:\/\/blog.ccc.eu\/pl\/wp-content\/uploads\/2024\/06\/glowne-5.jpg\" alt=\"jak si\u0119 ubra\u0107 na rozmow\u0119 o prac\u0119 stylizacja\" class=\"wp-image-24667\" srcset=\"https:\/\/blog.ccc.eu\/pl\/wp-content\/uploads\/2024\/06\/glowne-5.jpg 622w, https:\/\/blog.ccc.eu\/pl\/wp-content\/uploads\/2024\/06\/glowne-5-200x300.jpg 200w, https:\/\/blog.ccc.eu\/pl\/wp-content\/uploads\/2024\/06\/glowne-5-100x150.jpg 100w\" sizes=\"auto, (max-width: 622px) 100vw, 622px\" \/><\/figure>\n<\/figure>\n\n\n\n<figure class=\"wp-block-image size-full\"><img loading=\"lazy\" decoding=\"async\" width=\"622\" height=\"933\" src=\"https:\/\/blog.ccc.eu\/pl\/wp-content\/uploads\/2024\/06\/glowne1-3.jpg\" alt=\"buty na rozmow\u0119 o prac\u0119 \" class=\"wp-image-24669\" srcset=\"https:\/\/blog.ccc.eu\/pl\/wp-content\/uploads\/2024\/06\/glowne1-3.jpg 622w, https:\/\/blog.ccc.eu\/pl\/wp-content\/uploads\/2024\/06\/glowne1-3-200x300.jpg 200w, https:\/\/blog.ccc.eu\/pl\/wp-content\/uploads\/2024\/06\/glowne1-3-100x150.jpg 100w\" sizes=\"auto, (max-width: 622px) 100vw, 622px\" \/><\/figure>\n<\/div>\n\n\n\n<h2 class=\"wp-block-heading\">Jak si\u0119 ubra\u0107 na rozmow\u0119 o prac\u0119?<\/h2>\n\n\n\n<p>Podczas rozmowy kwalifikacyjnej wa\u017cne jest, aby wywrze\u0107 dobre pierwsze wra\u017cenie, a str\u00f3j r\u00f3wnie\u017c odgrywa w tym wa\u017cn\u0105 rol\u0119. Jednak wyb\u00f3r odpowiedniego outfitu nie nale\u017cy do najprostszych. Za\u0142\u00f3\u017cmy, \u017ce idziemy na rozmow\u0119 o prac\u0119 do firmy, w kt\u00f3rej nikt nie nosi garnituru, nawet dyrektor generalny. Czy w takim wypadku nadal powinni\u015bmy ubra\u0107 si\u0119 formalnie?<\/p>\n\n\n\n<h2 class=\"wp-block-heading\">Jak si\u0119 ubra\u0107 na rozmow\u0119 kwalifikacyjn\u0105: formalnie czy swobodnie?<\/h2>\n\n\n\n<p>Przed przyst\u0105pieniem do rozmowy kwalifikacyjnej <strong>nale\u017cy sprawdzi\u0107,<\/strong> <strong>jaki kodeks ubioru obowi\u0105zuje w danym miejscu pracy<\/strong>. Je\u015bli jest to niemo\u017cliwe, nale\u017cy dopasowa\u0107 go do stanowiska, na kt\u00f3re si\u0119 aplikuje. Na przyk\u0142ad: je\u015bli pragniemy dosta\u0107 si\u0119 do start-upu technologicznego lub redakcji magazynu modowego mo\u017cemy za\u0142o\u017cy\u0107, \u017ce powinni\u015bmy wygl\u0105da\u0107 profesjonalnie, ale nie zbyt formalnie. Raczej wypada\u0142oby postawi\u0107 tu na kreatywno\u015b\u0107 i trendy ni\u017c skostnia\u0142e, tradycyjne zasady.<\/p>\n\n\n\n<p>Inaczej wygl\u0105da sytuacja, gdy ubiegamy si\u0119 o prac\u0119 w bran\u017cy, takiej jak finanse, bankowo\u015b\u0107 lub ubezpieczenia \u2013 tutaj formalny str\u00f3j korporacyjny, oparty np. na bia\u0142ej koszuli i sp\u00f3dnicy lub spodniach w kant, sprawdzi si\u0119 idealnie.<\/p>\n\n\n\n<div class=\"wp-block-group is-nowrap is-layout-flex wp-container-core-group-is-layout-ad2f72ca wp-block-group-is-layout-flex\">\n<figure class=\"wp-block-image size-full\"><img loading=\"lazy\" decoding=\"async\" width=\"533\" height=\"800\" src=\"https:\/\/blog.ccc.eu\/pl\/wp-content\/uploads\/2024\/06\/1-1.jpg\" alt=\"elegancka stylizacja na rozmow\u0119 kwalifikacyjn\u0105\" class=\"wp-image-24670\" srcset=\"https:\/\/blog.ccc.eu\/pl\/wp-content\/uploads\/2024\/06\/1-1.jpg 533w, https:\/\/blog.ccc.eu\/pl\/wp-content\/uploads\/2024\/06\/1-1-200x300.jpg 200w, https:\/\/blog.ccc.eu\/pl\/wp-content\/uploads\/2024\/06\/1-1-100x150.jpg 100w\" sizes=\"auto, (max-width: 533px) 100vw, 533px\" \/><\/figure>\n\n\n\n<figure class=\"wp-block-image size-full\"><img loading=\"lazy\" decoding=\"async\" width=\"533\" height=\"800\" src=\"https:\/\/blog.ccc.eu\/pl\/wp-content\/uploads\/2024\/06\/2.jpg\" alt=\"ubi\u00f3r na rozmow\u0119 kwalifikacyjn\u0105\" class=\"wp-image-24671\" srcset=\"https:\/\/blog.ccc.eu\/pl\/wp-content\/uploads\/2024\/06\/2.jpg 533w, https:\/\/blog.ccc.eu\/pl\/wp-content\/uploads\/2024\/06\/2-200x300.jpg 200w, https:\/\/blog.ccc.eu\/pl\/wp-content\/uploads\/2024\/06\/2-100x150.jpg 100w\" sizes=\"auto, (max-width: 533px) 100vw, 533px\" \/><\/figure>\n<\/div>\n\n\n\n<h3 class=\"wp-block-heading\">Jak si\u0119 ubra\u0107 na rozmow\u0119 kwalifikacyjn\u0105 do pracy fizycznej?<\/h3>\n\n\n\n<p>Unikaj zbyt swobodnego ubioru, nawet je\u015bli w firmie, do kt\u00f3rej aplikujesz, obowi\u0105zuj\u0105 lu\u017ane zasady ubioru.<strong> Na rozmow\u0119 kwalifikacyjn\u0105 do pracy fizycznej nie wybieraj casualowych ubra\u0144, takich jak d\u017cinsy, szorty lub klapki. <\/strong>Poka\u017c, \u017ce powa\u017cnie podchodzisz do szansy. Nie wybieraj wyrazistych wzor\u00f3w i jaskrawych kolor\u00f3w, poniewa\u017c mog\u0105 rozprasza\u0107 Twojego rozm\u00f3wc\u0119. Mo\u017cesz postawi\u0107 na dok\u0142adnie taki sam str\u00f3j jak do biura b\u0105d\u017a p\u00f3\u0142formalny.<\/p>\n\n\n\n<h3 class=\"wp-block-heading\">Jak si\u0119 ubra\u0107 na rozmow\u0119 kwalifikacyjn\u0105 do biura?<\/h3>\n\n\n\n<p>Formalny ubi\u00f3r na rozmow\u0119 kwalifikacyjn\u0105 do biura powinien by\u0107 minimalistyczny i utrzymany w stonowanej kolorystyce. Zawsze bezpiecznym i eleganckim rozwi\u0105zaniem b\u0119dzie koszula ze sp\u00f3dnic\u0105 lub spodniami. Bia\u0142a lub b\u0142\u0119kitna koszula z ko\u0142nierzykiem w stylu smart casual lub biznes casual \u015bwietnie po\u0142\u0105czy si\u0119 z o\u0142\u00f3wkowym modelem sp\u00f3dnicy lub garniturowymi spodniami w kant b\u0105d\u017a cygaretkami. Innym, formalnym rozwi\u0105zaniem b\u0119dzie damski garnitur oraz sukienka zestawiona z marynark\u0105.<\/p>\n\n\n\n<p><strong>Je\u015bli Twoje przysz\u0142e miejsce pracy nie wymaga noszenia oficjalnych stroj\u00f3w, sukienka na rozmow\u0119 kwalifikacyjn\u0105 do biura sprawdzi si\u0119 idealnie.<\/strong> Mo\u017ce mie\u0107 nowoczesny, ale minimalistyczny kr\u00f3j. Najlepiej, gdyby mia\u0142a r\u0119kaw d\u0142ugi lub \u00be, niezale\u017cnie od pogody. Innym rozwi\u0105zaniem, kt\u00f3re si\u0119 sprawdzi, b\u0119dzie po\u0142\u0105czenie modnych spodni typu dad pants, np. w kolorze bia\u0142ym, a do tego b\u0142\u0119kitnej koszuli lub granatowego golfu. \u015awietnie sprawdzi si\u0119 tak\u017ce klasyczny d\u00f3\u0142 w po\u0142\u0105czeniu z koszul\u0105 lub marynark\u0105 o nowoczesnym kroju, np. urozmaicon\u0105 wi\u0105zaniem w talii.<\/p>\n\n\n\n<div class=\"wp-block-group is-nowrap is-layout-flex wp-container-core-group-is-layout-ad2f72ca wp-block-group-is-layout-flex\">\n<figure class=\"wp-block-image size-full is-resized\"><img loading=\"lazy\" decoding=\"async\" width=\"533\" height=\"800\" src=\"https:\/\/blog.ccc.eu\/pl\/wp-content\/uploads\/2024\/06\/3.jpg\" alt=\"damski garnitur na rozmow\u0119 o prac\u0119 stylizacja z butami slingback\" class=\"wp-image-24672\" style=\"width:622px;height:auto\" srcset=\"https:\/\/blog.ccc.eu\/pl\/wp-content\/uploads\/2024\/06\/3.jpg 533w, https:\/\/blog.ccc.eu\/pl\/wp-content\/uploads\/2024\/06\/3-200x300.jpg 200w, https:\/\/blog.ccc.eu\/pl\/wp-content\/uploads\/2024\/06\/3-100x150.jpg 100w\" sizes=\"auto, (max-width: 533px) 100vw, 533px\" \/><\/figure>\n\n\n\n<figure class=\"wp-block-image size-full\"><img loading=\"lazy\" decoding=\"async\" width=\"700\" height=\"933\" src=\"https:\/\/blog.ccc.eu\/pl\/wp-content\/uploads\/2024\/06\/4.jpg\" alt=\"buty mary jane na rozmow\u0119 o prac\u0119\" class=\"wp-image-24673\" srcset=\"https:\/\/blog.ccc.eu\/pl\/wp-content\/uploads\/2024\/06\/4.jpg 700w, https:\/\/blog.ccc.eu\/pl\/wp-content\/uploads\/2024\/06\/4-225x300.jpg 225w, https:\/\/blog.ccc.eu\/pl\/wp-content\/uploads\/2024\/06\/4-100x133.jpg 100w\" sizes=\"auto, (max-width: 700px) 100vw, 700px\" \/><\/figure>\n<\/div>\n\n\n\n<h2 class=\"wp-block-heading\">Z\u0142y str\u00f3j na rozmow\u0119 kwalifikacyjn\u0105, czyli jak nie powinien wygl\u0105da\u0107 ubi\u00f3r na rozmow\u0119 o prac\u0119<\/h2>\n\n\n\n<p>Powy\u017cej opisali\u015bmy powszechne zasady, kt\u00f3re obowi\u0105zuj\u0105 podczas kompletowania stroju na rozmow\u0119 o prac\u0119. Istnieje jednak tak\u017ce z\u0142y str\u00f3j na rozmow\u0119 kwalifikacyjn\u0105. Jest on nieodpowiednio dobrany do sytuacji, co mo\u017ce popsu\u0107 pierwsze wra\u017cenie rekrutera na nasz temat. Aby tego unikn\u0105\u0107, zrezygnuj z poszczeg\u00f3lnych kroj\u00f3w, element\u00f3w garderoby i dodatk\u00f3w, kt\u00f3re opisali\u015bmy poni\u017cej:<\/p>\n\n\n\n<p>\u2022&nbsp;<strong>Nie wybieraj ani zbyt szykownych ani zbyt casualowych tkanin<\/strong> \u2013 na rozmow\u0119 o prac\u0119 nale\u017cy si\u0119 ubra\u0107 elegancko, ale uwa\u017caj, aby z tym nie przesadzi\u0107. Nie wybieraj po\u0142yskuj\u0105cych tkanin, kojarz\u0105cych si\u0119 z wieczorowymi strojami. Nie si\u0119gaj tak\u017ce po dzianinowe elementy garderoby, kt\u00f3re z kolei maj\u0105 zbyt swobodny charakter.<\/p>\n\n\n\n<p>\u2022 <strong>Nie wybieraj zbyt obcis\u0142ych kroj\u00f3w<\/strong> \u2013 stw\u00f3rz stylizacj\u0119, kt\u00f3ra b\u0119dzie wygl\u0105da\u0107 profesjonalnie. Sk\u0142ada si\u0119 na ni\u0105 nie tylko odpowiedni wyb\u00f3r ubra\u0144, ale tak\u017ce\u2026 ich rozmiar. Za ma\u0142e ubranie lub za du\u017ce mo\u017ce zepsu\u0107 ten efekt. Miej to na uwadze.<\/p>\n\n\n\n<p>\u2022 <strong>Nie przesadzaj z dodatkami<\/strong> \u2013 nawet je\u015bli na co dzie\u0144 nosisz du\u017c\u0105 ilo\u015b\u0107 bi\u017cuterii lub torebki z du\u017cymi logotypami, na rozmow\u0119 o prac\u0119 wybierz jedynie zegarek i minimalistyczn\u0105 bi\u017cuteri\u0119, a tak\u017ce torebk\u0119 o prostym kroju i stonowanej barwie. Mniej znaczy wi\u0119cej!<\/p>\n\n\n\n<h2 class=\"wp-block-heading\">Buty na rozmow\u0119 kwalifikacyjn\u0105: jakie wybra\u0107?<\/h2>\n\n\n\n<p>Kompletuj\u0105c str\u00f3j na rozmow\u0119 kwalifikacyjn\u0105, cz\u0119sto zapomina si\u0119, jak wa\u017cn\u0105 rol\u0119 w nim odgrywaj\u0105 buty, a tak\u017ce fakt, jak bardzo zwraca si\u0119 na nie uwag\u0119. Poni\u017cej znajdziesz 4 najbardziej odpowiednie typu obuwia na rozmow\u0119 o prac\u0119. S\u0105 w\u015br\u00f3d nich buty przeznaczone na sezon wiosna-lato oraz jesie\u0144-zima. Sprawd\u017a, jakie to propozycje i wybierz par\u0119, kt\u00f3ra najlepiej pasuje do wybranego przez Ciebie stroju!<\/p>\n\n\n\n<h3 class=\"wp-block-heading\">Sk\u00f3rzane cz\u00f3\u0142enka to sprawdzony wyb\u00f3r<\/h3>\n\n\n\n<p>Zgodnie z regu\u0142ami savoir vivre\u2019u, damska moda biznesowa przyja\u017ani si\u0119 wy\u0142\u0105cznie z butami na obcasie. Do biura, w kt\u00f3rym obowi\u0105zuje dress code, nale\u017cy nosi\u0107 sk\u00f3rzane cz\u00f3\u0142enka, kt\u00f3rych obcas ma wysoko\u015b\u0107 od 5 do 8 cm. <strong>Wskazane s\u0105 buty do pracy z naturalnej sk\u00f3ry licowej lub zamszu, bez jakichkolwiek ozd\u00f3b czy aplikacji<\/strong>. Cholewka musi by\u0107 matowa, a za niezgodne z zasadami savoir-vivre uwa\u017ca si\u0119 noszenie w pracy lakierowanego obuwia. To doskona\u0142y wyb\u00f3r na rozmow\u0119 o prac\u0119, kt\u00f3ra odbywa si\u0119 wiosn\u0105 lub latem.<\/p>\n\n\n\n<!-- BEGIN - feed broker -->\n<div class=\"feedbroker\" consumer-code-id=\"wX0PceuULrYA2XhlHLtu\"><script src=https:\/\/app.feed.broker\/consumer\/feedbroker-consumer-script.umd.js?v=1.0.1 defer=\"\"><\/script><\/div>\n<!-- END - feed broker -->\n\n\n\n<p><\/p>\n\n\n\n<h3 class=\"wp-block-heading\">Sk\u00f3rzane mokasyny modow\u0105 alternatyw\u0105 dla cz\u00f3\u0142enek<\/h3>\n\n\n\n<p>Je\u015bli za\u015b w firmie, do kt\u00f3rej aplikujesz, nie obowi\u0105zuje formalny dress code, postaw na buty, kt\u00f3ry b\u0119d\u0105 \u015bwietnie pasowa\u0107 do Twojego stroju i nie wysuwa\u0107 si\u0119 na pierwszy plan, by nie odci\u0105ga\u0107 uwagi od rozmowy. Nie musz\u0105 to by\u0107 wy\u0142\u0105cznie buty na obcasie. Eleganckie mokasyny r\u00f3wnie\u017c zdadz\u0105 egzamin! Czarne modele wykorzystasz tak\u017ce p\u00f3\u017aniej, by nosi\u0107 je do biura!<\/p>\n\n\n\n<!-- BEGIN - feed broker -->\n<div class=\"feedbroker\" consumer-code-id=\"Zhu3HKN4UM6JAfA77Llr\"><script src=https:\/\/app.feed.broker\/consumer\/feedbroker-consumer-script.umd.js?v=1.0.1 defer=\"\"><\/script><\/div>\n<!-- END - feed broker -->\n\n\n\n<p><\/p>\n\n\n\n<h3 class=\"wp-block-heading\">Sk\u00f3rzane kozaki na obcasie \u2013 kiedy warto w\u0142\u0105czy\u0107 je do stroju?<\/h3>\n\n\n\n<p>Je\u015bli Twoja rozmowa o prac\u0119 odbywa si\u0119 w sezonie jesienno-zimowym, a Ty planujesz ubra\u0107 si\u0119 na ni\u0105 w sukienk\u0119 lub sp\u00f3dnic\u0119, warto postawi\u0107 na sk\u00f3rzane kozaki na obcasie. <strong>Wysoko\u015b\u0107 obcasa powinna by\u0107 ta sama, co w przypadku cz\u00f3\u0142enek.<\/strong><\/p>\n\n\n\n<p>Dlaczego kozaki na obcasie to dobry wyb\u00f3r? Bo dopasowane do sp\u00f3dniczki lub sp\u00f3dnicy, zakryj\u0105 wi\u0119ksz\u0105 cz\u0119\u015b\u0107 n\u00f3g, przez co ten element odzie\u017cy zaprezentuje si\u0119 profesjonalnie. \u015awietnie b\u0119d\u0105 wsp\u00f3\u0142gra\u0107 tak\u017ce z sukienkami o ka\u017cdej d\u0142ugo\u015bci. W odr\u00f3\u017cnieniu od botk\u00f3w, nie spowoduj\u0105 przeci\u0119cia sylwetki, kt\u00f3re zwykle tworzy si\u0119 pomi\u0119dzy kostkami a ko\u0144cem sukienki. To zawsze elegancki wyb\u00f3r!<\/p>\n\n\n\n<!-- BEGIN - feed broker -->\n<div class=\"feedbroker\" consumer-code-id=\"r7zRBUs5Ccmg42feKC8T\"><script src=https:\/\/app.feed.broker\/consumer\/feedbroker-consumer-script.umd.js?v=1.0.1 defer=\"\"><\/script><\/div>\n<!-- END - feed broker -->\n\n\n\n<p><\/p>\n\n\n\n<h3 class=\"wp-block-heading\">Botki na s\u0142upku to zawsze dobry wyb\u00f3r na rozmow\u0119 o prac\u0119<\/h3>\n\n\n\n<p><strong>Czarne botki na s\u0142upku doskonale uzupe\u0142ni\u0105 wszelkie stylizacje ze spodniami.<\/strong> Cho\u0107 s\u0105 \u015bwietnym wyborem na ch\u0142odne miesi\u0105ce roku, tak naprawd\u0119 dobrze sprawdz\u0105 si\u0119 tak\u017ce wiosn\u0105. Najcz\u0119\u015bciej wybierane s\u0105 czarne modele. Nic dziwnego, bo pasuj\u0105 do stylizacji utrzymanej w ka\u017cdym kolorze, a sama czer\u0144 kojarzy si\u0119 z elegancj\u0105.<\/p>\n\n\n\n<p>Je\u015bli zale\u017cy Ci na tym, \u017ceby \u015bwietnie wypa\u015b\u0107, pami\u0119taj o dokonaniu piel\u0119gnacji but\u00f3w tu\u017c przed rozmow\u0105. Potrzebne do tego \u015brodki tak\u017ce kupisz w CCC!<\/p>\n\n\n\n<!-- BEGIN - feed broker -->\n<div class=\"feedbroker\" consumer-code-id=\"DPaoWgqZTtydA1OtgreC\"><script src=https:\/\/app.feed.broker\/consumer\/feedbroker-consumer-script.umd.js?v=1.0.1 defer=\"\"><\/script><\/div>\n<!-- END - feed broker -->\n\n\n\n<p><\/p>\n\n\n\n<h2 class=\"wp-block-heading\">Torebka na rozmow\u0119 kwalifikacyjn\u0105: jak\u0105 wybra\u0107?<\/h2>\n\n\n\n<p>Nie istnieje jeden idealny model torebki na rozmow\u0119 o prac\u0119. Warto jednak pozna\u0107 kilka zasad, kt\u00f3rymi warto si\u0119 sugerowa\u0107, podczas jej wyboru. Dzi\u0119ki nim, Twoja stylizacja na rozmow\u0119 kwalifikacyjn\u0105 b\u0119dzie kompletna. Oto one:<\/p>\n\n\n\n<ul class=\"wp-block-list\">\n<li><strong>Unikaj torby, kt\u00f3re b\u0119dzie rozprasza\u0107 uwag\u0119.<\/strong> Wybierz model utrzymany w neutralnym kolorze, a je\u015bli chcesz, aby by\u0142 pokryty wzorami, powinny by\u0107 minimalistyczne, np. drobne geometryczne.<\/li>\n\n\n\n<li>Je\u015bli nie idziesz na rozmow\u0119 o prac\u0119 na stanowisko stylisty lub redaktora w bran\u017cy modowej lub rozrywkowej, najlepiej, je\u015bli Tw\u00f3j wyb\u00f3r padnie na prost\u0105 i skromn\u0105 torb\u0119.<\/li>\n\n\n\n<li>To jeszcze nie czas, aby nosi\u0107 ze sob\u0105 laptopa i aby Twoja torba by\u0142a przeci\u0105\u017cona. Jednak nie mo\u017ce by\u0107 r\u00f3wnie\u017c zbyt ma\u0142a, poniewa\u017c na rozmowie o prac\u0119 przyda Ci si\u0119 Twoje CV w teczce, telefon, d\u0142ugopis, notatnik. Nie zapominaj tak\u017ce o codziennych akcesoriach, typu kosmetyki.<br><\/li>\n<\/ul>\n\n\n\n<div class=\"wp-block-group is-nowrap is-layout-flex wp-container-core-group-is-layout-ad2f72ca wp-block-group-is-layout-flex\">\n<figure class=\"wp-block-image size-full\"><img loading=\"lazy\" decoding=\"async\" width=\"512\" height=\"768\" src=\"https:\/\/blog.ccc.eu\/pl\/wp-content\/uploads\/2024\/06\/5.jpg\" alt=\"torebki na rozmow\u0119 o prac\u0119\" class=\"wp-image-24674\" srcset=\"https:\/\/blog.ccc.eu\/pl\/wp-content\/uploads\/2024\/06\/5.jpg 512w, https:\/\/blog.ccc.eu\/pl\/wp-content\/uploads\/2024\/06\/5-200x300.jpg 200w, https:\/\/blog.ccc.eu\/pl\/wp-content\/uploads\/2024\/06\/5-100x150.jpg 100w\" sizes=\"auto, (max-width: 512px) 100vw, 512px\" \/><\/figure>\n\n\n\n<figure class=\"wp-block-image size-full\"><img loading=\"lazy\" decoding=\"async\" width=\"512\" height=\"768\" src=\"https:\/\/blog.ccc.eu\/pl\/wp-content\/uploads\/2024\/06\/6.jpg\" alt=\"czarna torebka na rozmow\u0119 kwalifikacyjn\u0105 stylizacja\" class=\"wp-image-24675\" srcset=\"https:\/\/blog.ccc.eu\/pl\/wp-content\/uploads\/2024\/06\/6.jpg 512w, https:\/\/blog.ccc.eu\/pl\/wp-content\/uploads\/2024\/06\/6-200x300.jpg 200w, https:\/\/blog.ccc.eu\/pl\/wp-content\/uploads\/2024\/06\/6-100x150.jpg 100w\" sizes=\"auto, (max-width: 512px) 100vw, 512px\" \/><\/figure>\n<\/div>\n\n\n\n<h2 class=\"wp-block-heading\">Buty i torebki idealne na rozmow\u0119 o prac\u0119 kupisz w CCC!<\/h2>\n\n\n\n<p>Ju\u017c wiesz, jak powinien wygl\u0105da\u0107 odpowiedni str\u00f3j na rozmow\u0119 o prac\u0119. Idealnie pasuj\u0105ce do niego buty i dodatki znajdziesz zar\u00f3wno w stacjonarnych sklepach CCC, jak i na ccc.eu oraz w aplikacji. Udanych zakup\u00f3w!<\/p>\n","protected":false},"excerpt":{"rendered":"<p>Str\u00f3j na rozmow\u0119 kwalifikacyjn\u0105 powinien prezentowa\u0107 si\u0119 przede wszystkim profesjonalnie. Nie oznacza to jednak, \u017ce ma to by\u0107 bia\u0142a koszula i czarna, o\u0142\u00f3wkowa sp\u00f3dnica b\u0105d\u017a spodnie cygaretki. Dowiedz si\u0119, jak wypa\u015b\u0107 zawodowo, a zarazem zapa\u015b\u0107 w pami\u0119\u0107! Jak si\u0119 ubra\u0107 na rozmow\u0119 o prac\u0119? Stworzyli\u015bmy dla Ciebie praktyczny poradnik, dzi\u0119ki kt\u00f3remu stworzysz perfekcyjn\u0105 stylizacj\u0119 na [&hellip;]<\/p>\n","protected":false},"author":20,"featured_media":24667,"comment_status":"open","ping_status":"closed","sticky":false,"template":"","format":"standard","meta":{"_acf_changed":false,"footnotes":""},"categories":[1583,1581,4],"tags":[96,1176,517],"class_list":["post-11940","post","type-post","status-publish","format-standard","has-post-thumbnail","hentry","category-formalne-stylizacje","category-jak-sie-ubrac","category-porady","tag-porady","tag-rozmowa-o-prace","tag-stylizacje-damskie"],"acf":[],"_links":{"self":[{"href":"https:\/\/blog.ccc.eu\/pl\/wp-json\/wp\/v2\/posts\/11940","targetHints":{"allow":["GET"]}}],"collection":[{"href":"https:\/\/blog.ccc.eu\/pl\/wp-json\/wp\/v2\/posts"}],"about":[{"href":"https:\/\/blog.ccc.eu\/pl\/wp-json\/wp\/v2\/types\/post"}],"author":[{"embeddable":true,"href":"https:\/\/blog.ccc.eu\/pl\/wp-json\/wp\/v2\/users\/20"}],"replies":[{"embeddable":true,"href":"https:\/\/blog.ccc.eu\/pl\/wp-json\/wp\/v2\/comments?post=11940"}],"version-history":[{"count":8,"href":"https:\/\/blog.ccc.eu\/pl\/wp-json\/wp\/v2\/posts\/11940\/revisions"}],"predecessor-version":[{"id":24680,"href":"https:\/\/blog.ccc.eu\/pl\/wp-json\/wp\/v2\/posts\/11940\/revisions\/24680"}],"wp:featuredmedia":[{"embeddable":true,"href":"https:\/\/blog.ccc.eu\/pl\/wp-json\/wp\/v2\/media\/24667"}],"wp:attachment":[{"href":"https:\/\/blog.ccc.eu\/pl\/wp-json\/wp\/v2\/media?parent=11940"}],"wp:term":[{"taxonomy":"category","embeddable":true,"href":"https:\/\/blog.ccc.eu\/pl\/wp-json\/wp\/v2\/categories?post=11940"},{"taxonomy":"post_tag","embeddable":true,"href":"https:\/\/blog.ccc.eu\/pl\/wp-json\/wp\/v2\/tags?post=11940"}],"curies":[{"name":"wp","href":"https:\/\/api.w.org\/{rel}","templated":true}]}}