{"id":12052,"date":"2022-11-10T14:51:18","date_gmt":"2022-11-10T13:51:18","guid":{"rendered":"https:\/\/blog.ccc.eu\/pl\/?p=12052"},"modified":"2023-03-20T14:16:52","modified_gmt":"2023-03-20T13:16:52","slug":"bikercore-w-modzie-poznaj-ten-trend","status":"publish","type":"post","link":"https:\/\/blog.ccc.eu\/pl\/bikercore-w-modzie-poznaj-ten-trend\/","title":{"rendered":"Bikercore w modzie. Nasza Stylistka opowiada o trendzie!"},"content":{"rendered":"\n<p><b>Moda motocyklowa to jeden z najwi\u0119kszych trend\u00f3w nadchodz\u0105cych sezon\u00f3w! Co prawda sk\u00f3rzane kurtki, T-shirty z nazwami rockowych zespo\u0142\u00f3w i spodnie z fr\u0119dzlami to elementy garderoby, kt\u00f3re od dawna inspiruj\u0105 projektant\u00f3w, ale ostatnio na wybiegach pojawi\u0142y si\u0119 tak\u017ce mniej oczywiste produkty, wygl\u0105daj\u0105ce jak wyj\u0119te ze sklepu motocyklowego! Masywne buty, sk\u00f3rzane r\u0119kawiczki z wyci\u0119ciami to prawdziwe niezb\u0119dniki, kt\u00f3rych nie mo\u017ce zabrakn\u0105\u0107 w garderobie mi\u0142o\u015bniczki trend\u00f3w.<\/b><\/p>\n\n\n\n<h2 class=\"wp-block-heading\">Bikercore \u2013 co oznacza i z czego si\u0119 wywodzi?<\/h2>\n\n\n\n<p>Bikercore to inaczej styl motocyklowy, kt\u00f3ry \u2013&nbsp; wed\u0142ug specjalist\u00f3w modowych, analizuj\u0105cych trendy \u2013 wywodzi &nbsp;si\u0119 z trend\u00f3w vintage i nostalgii, kt\u00f3re obecnie nap\u0119dzaj\u0105 \u015bwiat mody.<\/p>\n\n\n\n<p>Jednak ten niszowy styl rozpocz\u0105\u0142 swoj\u0105 podr\u00f3\u017c w 1928 roku, kiedy ameryka\u0144ski producent Schott NYC stworzy\u0142 sk\u00f3rzan\u0105 kurtk\u0119 z bocznym zamkiem b\u0142yskawicznym, kt\u00f3ra sta\u0142a si\u0119 cz\u0119\u015bci\u0105 historii mody i zbiorowej garderoby. Od motocyklist\u00f3w po rockman\u00f3w \u2013 wydawa\u0142o si\u0119, \u017ce wy\u0142\u0105cznie dla nich zarezerwowany b\u0119dzie ten rodzaj ubra\u0144, ale po latach powojenne gwiazdy filmowe, takie jak Marlon Brando , wy\u015bwietla\u0142y je du\u017cym ekranie.<\/p>\n\n\n\n<p>Boom na motomani\u0119 z lat 50. jest teraz aktualizowany dzi\u0119ki tym projektantom, prezentuj\u0105cym na wybiegach wybitne, motocyklowe stylizacje, a tak\u017ce dzi\u0119ki ikonom, takim jak Bella Hadid, Kourtney Kardashian Barker i innym gwiazdom, kt\u00f3re promuj\u0105 ten trend, \u0142\u0105cz\u0105c go z elementami Y2K.<\/p>\n\n\n\n<p>\u015awiat dos\u0142ownie oszala\u0142 na punkcie sk\u00f3rzanej, motocyklowej kurtki, a teraz dochodz\u0105 do tego pozosta\u0142e elementy motostroj\u00f3w, kt\u00f3rym r\u00f3wnie\u017c nie brakuje charakteru!<\/p>\n\n\n\n<h2 class=\"wp-block-heading\">Jakich element\u00f3w potrzebujesz, do stworzenia looku w stylu bikercore?<\/h2>\n\n\n\n<p>Bikercore przypad\u0142 Ci do gustu? Je\u015bli tak, poni\u017cej znajdziesz 5 element\u00f3w garderoby, za pomoc\u0105 kt\u00f3rych stworzysz stylizacj\u0119 zgodn\u0105 z jednym z najgor\u0119tszych trend\u00f3w! Oto one:<\/p>\n\n\n\n<h2 class=\"wp-block-heading\">Trapery motocyklowe od marki Badura<\/h2>\n\n\n\n<figure class=\"wp-block-gallery has-nested-images columns-default is-cropped wp-block-gallery-1 is-layout-flex wp-block-gallery-is-layout-flex\">\n<figure class=\"wp-block-image size-large\"><img loading=\"lazy\" decoding=\"async\" width=\"683\" height=\"1024\" data-id=\"12055\" src=\"https:\/\/blog.ccc.eu\/pl\/wp-content\/uploads\/2022\/11\/CCC_5904248004606_01_LR-683x1024.jpg\" alt=\"\" class=\"wp-image-12055\" srcset=\"https:\/\/blog.ccc.eu\/pl\/wp-content\/uploads\/2022\/11\/CCC_5904248004606_01_LR-683x1024.jpg 683w, https:\/\/blog.ccc.eu\/pl\/wp-content\/uploads\/2022\/11\/CCC_5904248004606_01_LR-200x300.jpg 200w, https:\/\/blog.ccc.eu\/pl\/wp-content\/uploads\/2022\/11\/CCC_5904248004606_01_LR-768x1152.jpg 768w, https:\/\/blog.ccc.eu\/pl\/wp-content\/uploads\/2022\/11\/CCC_5904248004606_01_LR-100x150.jpg 100w, https:\/\/blog.ccc.eu\/pl\/wp-content\/uploads\/2022\/11\/CCC_5904248004606_01_LR.jpg 876w\" sizes=\"auto, (max-width: 683px) 100vw, 683px\" \/><\/figure>\n\n\n\n<figure class=\"wp-block-image size-large\"><img loading=\"lazy\" decoding=\"async\" width=\"683\" height=\"1024\" data-id=\"12056\" src=\"https:\/\/blog.ccc.eu\/pl\/wp-content\/uploads\/2022\/11\/CCC_5904248004606_02M-683x1024.jpg\" alt=\"\" class=\"wp-image-12056\" srcset=\"https:\/\/blog.ccc.eu\/pl\/wp-content\/uploads\/2022\/11\/CCC_5904248004606_02M-683x1024.jpg 683w, https:\/\/blog.ccc.eu\/pl\/wp-content\/uploads\/2022\/11\/CCC_5904248004606_02M-200x300.jpg 200w, https:\/\/blog.ccc.eu\/pl\/wp-content\/uploads\/2022\/11\/CCC_5904248004606_02M-768x1152.jpg 768w, https:\/\/blog.ccc.eu\/pl\/wp-content\/uploads\/2022\/11\/CCC_5904248004606_02M-100x150.jpg 100w, https:\/\/blog.ccc.eu\/pl\/wp-content\/uploads\/2022\/11\/CCC_5904248004606_02M.jpg 876w\" sizes=\"auto, (max-width: 683px) 100vw, 683px\" \/><\/figure>\n<\/figure>\n\n\n\n<div class=\"wp-block-buttons is-content-justification-center is-layout-flex wp-container-core-buttons-is-layout-16018d1d wp-block-buttons-is-layout-flex\">\n<div class=\"wp-block-button\"><a class=\"wp-block-button__link wp-element-button\" href=\"https:\/\/ccc.eu\/pl\/damskie\/buty\/botki\/trzewiki\/trzewiki-badura-wi23-thomas-02-czarny\" target=\"_blank\" rel=\"noreferrer noopener\">Zam\u00f3w w CCC<\/a><\/div>\n<\/div>\n\n\n\n<p><\/p>\n\n\n\n<p>Jednym z niezb\u0119dnych element\u00f3w stroju w stylu bikercore s\u0105 masywne, motocyklowe buty. Idealnie wpisuj\u0105cy si\u0119 w trend model znajdziemy w ofercie marki Badura. Trzewiki zosta\u0142y wykonane z lakierowanej sk\u00f3ry. To sprawia, \u017ce ich cholewka delikatnie si\u0119 mieni przy ka\u017cdym kroku, dzi\u0119ki czemu buty zwracaj\u0105 na siebie uwag\u0119 w stylizacji! Ponadto maj\u0105 ciekawe przeszycia i zapi\u0119cia zako\u0144czone srebrnymi klamrami. \u015awietnie uzupe\u0142ni\u0105 outfity z wykorzystaniem sk\u00f3rzanej kurtki. Na \u017cywo robi\u0105 jeszcze wi\u0119ksze wra\u017cenie!<\/p>\n\n\n\n<p>Modny wygl\u0105d to nie jedyna zaleta but\u00f3w od marki Badura. Zosta\u0142y wykonane z naturalnej sk\u00f3ry, kt\u00f3ra wyr\u00f3\u017cnia si\u0119 wysok\u0105 trwa\u0142o\u015bci\u0105 i zapewnia wygod\u0119 noszenia. Aby cieszy\u0107 si\u0119 nimi przez wiele sezon\u00f3w, bo trend bikercore jest ponadczasowy, pami\u0119taj o ich regularnej piel\u0119gnacji za pomoc\u0105 dedykowanych spray\u00f3w lub krem\u00f3w do naturalnej sk\u00f3ry.<\/p>\n\n\n\n<h2 class=\"wp-block-heading\">Torebka w stylu bikercore od marki DeeZee<\/h2>\n\n\n\n<figure class=\"wp-block-gallery has-nested-images columns-default is-cropped wp-block-gallery-2 is-layout-flex wp-block-gallery-is-layout-flex\">\n<figure class=\"wp-block-image size-large\"><img loading=\"lazy\" decoding=\"async\" width=\"683\" height=\"1024\" data-id=\"12057\" src=\"https:\/\/blog.ccc.eu\/pl\/wp-content\/uploads\/2022\/11\/CCC_5904862376189_01_lr-683x1024.jpg\" alt=\"\" class=\"wp-image-12057\" srcset=\"https:\/\/blog.ccc.eu\/pl\/wp-content\/uploads\/2022\/11\/CCC_5904862376189_01_lr-683x1024.jpg 683w, https:\/\/blog.ccc.eu\/pl\/wp-content\/uploads\/2022\/11\/CCC_5904862376189_01_lr-200x300.jpg 200w, https:\/\/blog.ccc.eu\/pl\/wp-content\/uploads\/2022\/11\/CCC_5904862376189_01_lr-768x1152.jpg 768w, https:\/\/blog.ccc.eu\/pl\/wp-content\/uploads\/2022\/11\/CCC_5904862376189_01_lr-100x150.jpg 100w, https:\/\/blog.ccc.eu\/pl\/wp-content\/uploads\/2022\/11\/CCC_5904862376189_01_lr.jpg 876w\" sizes=\"auto, (max-width: 683px) 100vw, 683px\" \/><\/figure>\n\n\n\n<figure class=\"wp-block-image size-large\"><img loading=\"lazy\" decoding=\"async\" width=\"683\" height=\"1024\" data-id=\"12058\" src=\"https:\/\/blog.ccc.eu\/pl\/wp-content\/uploads\/2022\/11\/ccc_5904862376189_02M-683x1024.jpg\" alt=\"\" class=\"wp-image-12058\" srcset=\"https:\/\/blog.ccc.eu\/pl\/wp-content\/uploads\/2022\/11\/ccc_5904862376189_02M-683x1024.jpg 683w, https:\/\/blog.ccc.eu\/pl\/wp-content\/uploads\/2022\/11\/ccc_5904862376189_02M-200x300.jpg 200w, https:\/\/blog.ccc.eu\/pl\/wp-content\/uploads\/2022\/11\/ccc_5904862376189_02M-768x1152.jpg 768w, https:\/\/blog.ccc.eu\/pl\/wp-content\/uploads\/2022\/11\/ccc_5904862376189_02M-100x150.jpg 100w, https:\/\/blog.ccc.eu\/pl\/wp-content\/uploads\/2022\/11\/ccc_5904862376189_02M.jpg 876w\" sizes=\"auto, (max-width: 683px) 100vw, 683px\" \/><\/figure>\n<\/figure>\n\n\n\n<div class=\"wp-block-buttons is-content-justification-center is-layout-flex wp-container-core-buttons-is-layout-16018d1d wp-block-buttons-is-layout-flex\">\n<div class=\"wp-block-button\"><a class=\"wp-block-button__link wp-element-button\" href=\"https:\/\/ccc.eu\/pl\/torby\/torby-damskie\/torebka-deezee-mdo-c-008-02-czarny\" target=\"_blank\" rel=\"noreferrer noopener\">Zam\u00f3w w CCC<\/a><\/div>\n<\/div>\n\n\n\n<p><\/p>\n\n\n\n<p>Torebk\u0119 w motocyklowym stylu znajdziemy w ofercie marki DeeZee. Marszczony model typu pouch jest ozdob\u0105 sam\u0105 w sobie, dzi\u0119ki dekoracyjnej formy. Czarna barwa sprawia, \u017ce b\u0119dzie pasowa\u0107 do wi\u0119kszo\u015bci stylizacji, a wi\u0119c nie tylko tych o motocyklowym charakterze. Torebk\u0119 mo\u017cna nosi\u0107 na ramieniu, nadgarstku lub w d\u0142oni, wi\u0119c stylizuj j\u0105 tak jak lubisz!<\/p>\n\n\n\n<p>Torebka od marki DeeZee zosta\u0142a wykonana z solidnej imitacji sk\u00f3ry, dzi\u0119ki czemu jest sztywna i odporna na ewentualne uszkodzenia. Je\u015bli jej nie u\u017cywasz, przechowuj j\u0105 w antykurzowym worku, a do usuwania zabrudze\u0144 u\u017cywaj wilgotnej szmatki.<\/p>\n\n\n\n<h2 class=\"wp-block-heading\">Sukienka idealna do motocyklowych stylizacji od marki Sprandi<\/h2>\n\n\n\n<figure class=\"wp-block-gallery has-nested-images columns-default is-cropped wp-block-gallery-3 is-layout-flex wp-block-gallery-is-layout-flex\">\n<figure class=\"wp-block-image size-large\"><img loading=\"lazy\" decoding=\"async\" width=\"683\" height=\"1024\" data-id=\"12059\" src=\"https:\/\/blog.ccc.eu\/pl\/wp-content\/uploads\/2022\/11\/ccc_2230028549559_01-683x1024.jpg\" alt=\"\" class=\"wp-image-12059\" srcset=\"https:\/\/blog.ccc.eu\/pl\/wp-content\/uploads\/2022\/11\/ccc_2230028549559_01-683x1024.jpg 683w, https:\/\/blog.ccc.eu\/pl\/wp-content\/uploads\/2022\/11\/ccc_2230028549559_01-200x300.jpg 200w, https:\/\/blog.ccc.eu\/pl\/wp-content\/uploads\/2022\/11\/ccc_2230028549559_01-768x1152.jpg 768w, https:\/\/blog.ccc.eu\/pl\/wp-content\/uploads\/2022\/11\/ccc_2230028549559_01-100x150.jpg 100w, https:\/\/blog.ccc.eu\/pl\/wp-content\/uploads\/2022\/11\/ccc_2230028549559_01.jpg 876w\" sizes=\"auto, (max-width: 683px) 100vw, 683px\" \/><\/figure>\n\n\n\n<figure class=\"wp-block-image size-large\"><img loading=\"lazy\" decoding=\"async\" width=\"683\" height=\"1024\" data-id=\"12060\" src=\"https:\/\/blog.ccc.eu\/pl\/wp-content\/uploads\/2022\/11\/ccc_2230028549559_02i-683x1024.jpg\" alt=\"\" class=\"wp-image-12060\" srcset=\"https:\/\/blog.ccc.eu\/pl\/wp-content\/uploads\/2022\/11\/ccc_2230028549559_02i-683x1024.jpg 683w, https:\/\/blog.ccc.eu\/pl\/wp-content\/uploads\/2022\/11\/ccc_2230028549559_02i-200x300.jpg 200w, https:\/\/blog.ccc.eu\/pl\/wp-content\/uploads\/2022\/11\/ccc_2230028549559_02i-768x1152.jpg 768w, https:\/\/blog.ccc.eu\/pl\/wp-content\/uploads\/2022\/11\/ccc_2230028549559_02i-100x150.jpg 100w, https:\/\/blog.ccc.eu\/pl\/wp-content\/uploads\/2022\/11\/ccc_2230028549559_02i.jpg 876w\" sizes=\"auto, (max-width: 683px) 100vw, 683px\" \/><\/figure>\n<\/figure>\n\n\n\n<div class=\"wp-block-buttons is-content-justification-center is-layout-flex wp-container-core-buttons-is-layout-16018d1d wp-block-buttons-is-layout-flex\">\n<div class=\"wp-block-button\"><a class=\"wp-block-button__link wp-element-button\" href=\"https:\/\/ccc.eu\/pl\/damskie\/odziez\/sukienki\/sukienka-sprandi-sp22-sud520-czarny\" target=\"_blank\" rel=\"noreferrer noopener\">Zam\u00f3w w CCC<\/a><\/div>\n<\/div>\n\n\n\n<p><\/p>\n\n\n\n<p>D\u0142uga czarna? To zawsze dobry wyb\u00f3r. Dodaj kobiecy akcent motocyklowej stylizacji i wybierz czarn\u0105, dopasowan\u0105 sukienk\u0119 midi od marki Sprandi. To zabudowany model ze st\u00f3jk\u0105 i d\u0142ugim r\u0119kawem, kt\u00f3rego prostot\u0119 prze\u0142amuje boczne, pod\u0142u\u017cne rozci\u0119cie w dolnej cz\u0119\u015bci sukienki. Wow, wygl\u0105da nieziemsko! Opr\u00f3cz wygl\u0105du sukienki, zwr\u00f3\u0107 uwag\u0119 na jej sk\u0142ad. W a\u017c 98% zosta\u0142a wykonana z bawe\u0142ny!<\/p>\n\n\n\n<h2 class=\"wp-block-heading\">Sk\u00f3rzane r\u0119kawiczki od marki Lasocki<\/h2>\n\n\n\n<figure class=\"wp-block-gallery has-nested-images columns-default is-cropped wp-block-gallery-4 is-layout-flex wp-block-gallery-is-layout-flex\">\n<figure class=\"wp-block-image size-large\"><img loading=\"lazy\" decoding=\"async\" width=\"683\" height=\"1024\" data-id=\"12061\" src=\"https:\/\/blog.ccc.eu\/pl\/wp-content\/uploads\/2022\/11\/CCC_5904248876449_01_LR-683x1024.jpg\" alt=\"\" class=\"wp-image-12061\" srcset=\"https:\/\/blog.ccc.eu\/pl\/wp-content\/uploads\/2022\/11\/CCC_5904248876449_01_LR-683x1024.jpg 683w, https:\/\/blog.ccc.eu\/pl\/wp-content\/uploads\/2022\/11\/CCC_5904248876449_01_LR-200x300.jpg 200w, https:\/\/blog.ccc.eu\/pl\/wp-content\/uploads\/2022\/11\/CCC_5904248876449_01_LR-768x1152.jpg 768w, https:\/\/blog.ccc.eu\/pl\/wp-content\/uploads\/2022\/11\/CCC_5904248876449_01_LR-100x150.jpg 100w, https:\/\/blog.ccc.eu\/pl\/wp-content\/uploads\/2022\/11\/CCC_5904248876449_01_LR.jpg 876w\" sizes=\"auto, (max-width: 683px) 100vw, 683px\" \/><\/figure>\n\n\n\n<figure class=\"wp-block-image size-large\"><img loading=\"lazy\" decoding=\"async\" width=\"683\" height=\"1024\" data-id=\"12062\" src=\"https:\/\/blog.ccc.eu\/pl\/wp-content\/uploads\/2022\/11\/CCC_5904248876449_02_LR-683x1024.jpg\" alt=\"\" class=\"wp-image-12062\" srcset=\"https:\/\/blog.ccc.eu\/pl\/wp-content\/uploads\/2022\/11\/CCC_5904248876449_02_LR-683x1024.jpg 683w, https:\/\/blog.ccc.eu\/pl\/wp-content\/uploads\/2022\/11\/CCC_5904248876449_02_LR-200x300.jpg 200w, https:\/\/blog.ccc.eu\/pl\/wp-content\/uploads\/2022\/11\/CCC_5904248876449_02_LR-768x1152.jpg 768w, https:\/\/blog.ccc.eu\/pl\/wp-content\/uploads\/2022\/11\/CCC_5904248876449_02_LR-100x150.jpg 100w, https:\/\/blog.ccc.eu\/pl\/wp-content\/uploads\/2022\/11\/CCC_5904248876449_02_LR.jpg 876w\" sizes=\"auto, (max-width: 683px) 100vw, 683px\" \/><\/figure>\n<\/figure>\n\n\n\n<div class=\"wp-block-buttons is-content-justification-center is-layout-flex wp-container-core-buttons-is-layout-16018d1d wp-block-buttons-is-layout-flex\">\n<div class=\"wp-block-button\"><a class=\"wp-block-button__link wp-element-button\" href=\"https:\/\/ccc.eu\/pl\/akcesoria\/damskie\/rekawiczki\/rekawiczki-damskie-lasocki-2w6-005-aw22-czarny\" target=\"_blank\" rel=\"noreferrer noopener\">Zam\u00f3w w CCC<\/a><\/div>\n<\/div>\n\n\n\n<p><\/p>\n\n\n\n<p>Na wybiegach promuj\u0105cych trend bikercore mo\u017cna by\u0142o zauwa\u017cy\u0107 sk\u00f3rzane r\u0119kawiczki z wyci\u0119ciami. Taki model znajdziemy w ofercie marki Lasocki. Przez dziurkowanie efektownie przebija sk\u00f3ra, co doda charakteru ka\u017cdej stylizacji. W dodatku r\u0119kawiczki s\u0105 wygodne w noszeniu, bo wykonane z mi\u0119kkiej, naturalnej sk\u00f3ry. To modele o \u015bwietnej jako\u015bci, do noszenia przez wiele sezon\u00f3w.<\/p>\n\n\n\n<h2 class=\"wp-block-heading\">Naszyjnik od marki ACCCESSORIES jako kropka nad i motocyklowego outfitu<\/h2>\n\n\n\n<figure class=\"wp-block-gallery has-nested-images columns-default is-cropped wp-block-gallery-5 is-layout-flex wp-block-gallery-is-layout-flex\">\n<figure class=\"wp-block-image size-large\"><img loading=\"lazy\" decoding=\"async\" width=\"683\" height=\"1024\" data-id=\"12064\" src=\"https:\/\/blog.ccc.eu\/pl\/wp-content\/uploads\/2022\/11\/CCC_5904248990220_01_lr-683x1024.jpg\" alt=\"\" class=\"wp-image-12064\" srcset=\"https:\/\/blog.ccc.eu\/pl\/wp-content\/uploads\/2022\/11\/CCC_5904248990220_01_lr-683x1024.jpg 683w, https:\/\/blog.ccc.eu\/pl\/wp-content\/uploads\/2022\/11\/CCC_5904248990220_01_lr-200x300.jpg 200w, https:\/\/blog.ccc.eu\/pl\/wp-content\/uploads\/2022\/11\/CCC_5904248990220_01_lr-768x1152.jpg 768w, https:\/\/blog.ccc.eu\/pl\/wp-content\/uploads\/2022\/11\/CCC_5904248990220_01_lr-100x150.jpg 100w, https:\/\/blog.ccc.eu\/pl\/wp-content\/uploads\/2022\/11\/CCC_5904248990220_01_lr.jpg 876w\" sizes=\"auto, (max-width: 683px) 100vw, 683px\" \/><\/figure>\n\n\n\n<figure class=\"wp-block-image size-large\"><img loading=\"lazy\" decoding=\"async\" width=\"683\" height=\"1024\" data-id=\"12065\" src=\"https:\/\/blog.ccc.eu\/pl\/wp-content\/uploads\/2022\/11\/CCC_5904248990220_02_lr-683x1024.jpg\" alt=\"\" class=\"wp-image-12065\" srcset=\"https:\/\/blog.ccc.eu\/pl\/wp-content\/uploads\/2022\/11\/CCC_5904248990220_02_lr-683x1024.jpg 683w, https:\/\/blog.ccc.eu\/pl\/wp-content\/uploads\/2022\/11\/CCC_5904248990220_02_lr-200x300.jpg 200w, https:\/\/blog.ccc.eu\/pl\/wp-content\/uploads\/2022\/11\/CCC_5904248990220_02_lr-768x1152.jpg 768w, https:\/\/blog.ccc.eu\/pl\/wp-content\/uploads\/2022\/11\/CCC_5904248990220_02_lr-100x150.jpg 100w, https:\/\/blog.ccc.eu\/pl\/wp-content\/uploads\/2022\/11\/CCC_5904248990220_02_lr.jpg 876w\" sizes=\"auto, (max-width: 683px) 100vw, 683px\" \/><\/figure>\n<\/figure>\n\n\n\n<div class=\"wp-block-buttons is-content-justification-center is-layout-flex wp-container-core-buttons-is-layout-16018d1d wp-block-buttons-is-layout-flex\">\n<div class=\"wp-block-button\"><a class=\"wp-block-button__link wp-element-button\" href=\"https:\/\/ccc.eu\/pl\/akcesoria\/damskie\/bizuteria\/naszyjnik-acccessories-1w7-001-aw22-zloty\" target=\"_blank\" rel=\"noreferrer noopener\">Zam\u00f3w w CCC<\/a><\/div>\n<\/div>\n\n\n\n<p><\/p>\n\n\n\n<p>Kropka nad i ka\u017cdej stylizacji? Bi\u017cuteria. W tym wypadku postaw na \u0142a\u0144cuch, kt\u00f3ry od kilku sezon\u00f3w nie wychodzi z mody. Model od marki ACCCESSORIES ma z\u0142ot\u0105 barw\u0119, ciekawy splot i mo\u017cliwo\u015b\u0107 zapi\u0119cia go z przodu, co bardzo u\u0142atwia jego zak\u0142adanie i zdejmowanie. A do tego jest po prostu bardzo modny!<\/p>\n\n\n\n<p>Prezentowane buty, odzie\u017c i dodatki s\u0105 \u0142atwo dost\u0119pne w sklepach stacjonarnych CCC, na ccc.eu i w aplikacji. Mo\u017cesz je mie\u0107 nawet bez wychodzenia z domu. Udanych zakup\u00f3w!<\/p>\n","protected":false},"excerpt":{"rendered":"<p>Moda motocyklowa to jeden z najwi\u0119kszych trend\u00f3w nadchodz\u0105cych sezon\u00f3w! Co prawda sk\u00f3rzane kurtki, T-shirty z nazwami rockowych zespo\u0142\u00f3w i spodnie z fr\u0119dzlami to elementy garderoby, kt\u00f3re od dawna inspiruj\u0105 projektant\u00f3w, ale ostatnio na wybiegach pojawi\u0142y si\u0119 tak\u017ce mniej oczywiste produkty, wygl\u0105daj\u0105ce jak wyj\u0119te ze sklepu motocyklowego! Masywne buty, sk\u00f3rzane r\u0119kawiczki z wyci\u0119ciami to prawdziwe niezb\u0119dniki, [&hellip;]<\/p>\n","protected":false},"author":20,"featured_media":12058,"comment_status":"open","ping_status":"closed","sticky":false,"template":"","format":"standard","meta":{"_acf_changed":false,"footnotes":""},"categories":[6],"tags":[1179,1180,9],"class_list":["post-12052","post","type-post","status-publish","format-standard","has-post-thumbnail","hentry","category-trendy","tag-bikercore","tag-moda-motocyklowa","tag-trendy"],"acf":[],"_links":{"self":[{"href":"https:\/\/blog.ccc.eu\/pl\/wp-json\/wp\/v2\/posts\/12052","targetHints":{"allow":["GET"]}}],"collection":[{"href":"https:\/\/blog.ccc.eu\/pl\/wp-json\/wp\/v2\/posts"}],"about":[{"href":"https:\/\/blog.ccc.eu\/pl\/wp-json\/wp\/v2\/types\/post"}],"author":[{"embeddable":true,"href":"https:\/\/blog.ccc.eu\/pl\/wp-json\/wp\/v2\/users\/20"}],"replies":[{"embeddable":true,"href":"https:\/\/blog.ccc.eu\/pl\/wp-json\/wp\/v2\/comments?post=12052"}],"version-history":[{"count":5,"href":"https:\/\/blog.ccc.eu\/pl\/wp-json\/wp\/v2\/posts\/12052\/revisions"}],"predecessor-version":[{"id":15667,"href":"https:\/\/blog.ccc.eu\/pl\/wp-json\/wp\/v2\/posts\/12052\/revisions\/15667"}],"wp:featuredmedia":[{"embeddable":true,"href":"https:\/\/blog.ccc.eu\/pl\/wp-json\/wp\/v2\/media\/12058"}],"wp:attachment":[{"href":"https:\/\/blog.ccc.eu\/pl\/wp-json\/wp\/v2\/media?parent=12052"}],"wp:term":[{"taxonomy":"category","embeddable":true,"href":"https:\/\/blog.ccc.eu\/pl\/wp-json\/wp\/v2\/categories?post=12052"},{"taxonomy":"post_tag","embeddable":true,"href":"https:\/\/blog.ccc.eu\/pl\/wp-json\/wp\/v2\/tags?post=12052"}],"curies":[{"name":"wp","href":"https:\/\/api.w.org\/{rel}","templated":true}]}}