{"id":12163,"date":"2022-11-16T09:57:41","date_gmt":"2022-11-16T08:57:41","guid":{"rendered":"https:\/\/blog.ccc.eu\/pl\/?p=12163"},"modified":"2023-09-06T16:33:26","modified_gmt":"2023-09-06T14:33:26","slug":"wzor-w-kratke-mocny-trend-na-sezon-jesien-zima-2022","status":"publish","type":"post","link":"https:\/\/blog.ccc.eu\/pl\/wzor-w-kratke-mocny-trend-na-sezon-jesien-zima-2022\/","title":{"rendered":"Wz\u00f3r w kratk\u0119 \u2013 mocny trend na sezon jesie\u0144-zima 2022!"},"content":{"rendered":"\n<p><b>Ponad 400 lat temu powsta\u0142 s\u0142ynny wz\u00f3r w kratk\u0119, nazwany krat\u0105 Vichy. To w\u0142a\u015bnie ta, bardzo charakterystyczna kratka sta\u0142a si\u0119 wzorem i wielk\u0105 inspiracj\u0105 dla modowych tw\u00f3rc\u00f3w przez kilka stuleci. Wci\u0105\u017c modna, elegancka i niebywale popularna kratka, w ka\u017cdym sezonie pokazuje swoje nowe oblicze. Nieprzerwanie od wielu sezon\u00f3w w damskiej garderobie kr\u00f3luje sukienka w krat\u0119 lub dopasowana garsonka. Jednak w tym sezonie wychodzimy poza odzie\u017cowe ramy i kratk\u0119 nosimy na torebkach i dodatkach. Zobacz, jak stworzy\u0107 najmodniejsze stylizacje w tym sezonie i dowiedz si\u0119, dlaczego szalik w krat\u0119 to podstawa Twojej jesienno-zimowej garderoby!<\/b><\/p>\n\n\n\n<figure class=\"wp-block-gallery has-nested-images columns-default is-cropped wp-block-gallery-1 is-layout-flex wp-block-gallery-is-layout-flex\">\n<figure class=\"wp-block-image size-large\"><img loading=\"lazy\" decoding=\"async\" width=\"978\" height=\"1024\" data-id=\"12164\" src=\"https:\/\/blog.ccc.eu\/pl\/wp-content\/uploads\/2022\/11\/Jenny-Fairy-LB-AW22_Shot-3_587_ext-Copy-978x1024.jpg\" alt=\"\" class=\"wp-image-12164\" srcset=\"https:\/\/blog.ccc.eu\/pl\/wp-content\/uploads\/2022\/11\/Jenny-Fairy-LB-AW22_Shot-3_587_ext-Copy-978x1024.jpg 978w, https:\/\/blog.ccc.eu\/pl\/wp-content\/uploads\/2022\/11\/Jenny-Fairy-LB-AW22_Shot-3_587_ext-Copy-287x300.jpg 287w, https:\/\/blog.ccc.eu\/pl\/wp-content\/uploads\/2022\/11\/Jenny-Fairy-LB-AW22_Shot-3_587_ext-Copy-768x804.jpg 768w, https:\/\/blog.ccc.eu\/pl\/wp-content\/uploads\/2022\/11\/Jenny-Fairy-LB-AW22_Shot-3_587_ext-Copy-100x105.jpg 100w, https:\/\/blog.ccc.eu\/pl\/wp-content\/uploads\/2022\/11\/Jenny-Fairy-LB-AW22_Shot-3_587_ext-Copy.jpg 1200w\" sizes=\"auto, (max-width: 978px) 100vw, 978px\" \/><\/figure>\n\n\n\n<figure class=\"wp-block-image size-large\"><img loading=\"lazy\" decoding=\"async\" width=\"683\" height=\"1024\" data-id=\"12165\" src=\"https:\/\/blog.ccc.eu\/pl\/wp-content\/uploads\/2022\/11\/Jenny-Fairy-LB-AW22_Shot-12_2394-Copy-683x1024.jpg\" alt=\"\" class=\"wp-image-12165\" srcset=\"https:\/\/blog.ccc.eu\/pl\/wp-content\/uploads\/2022\/11\/Jenny-Fairy-LB-AW22_Shot-12_2394-Copy-683x1024.jpg 683w, https:\/\/blog.ccc.eu\/pl\/wp-content\/uploads\/2022\/11\/Jenny-Fairy-LB-AW22_Shot-12_2394-Copy-200x300.jpg 200w, https:\/\/blog.ccc.eu\/pl\/wp-content\/uploads\/2022\/11\/Jenny-Fairy-LB-AW22_Shot-12_2394-Copy-768x1152.jpg 768w, https:\/\/blog.ccc.eu\/pl\/wp-content\/uploads\/2022\/11\/Jenny-Fairy-LB-AW22_Shot-12_2394-Copy-1024x1536.jpg 1024w, https:\/\/blog.ccc.eu\/pl\/wp-content\/uploads\/2022\/11\/Jenny-Fairy-LB-AW22_Shot-12_2394-Copy-100x150.jpg 100w, https:\/\/blog.ccc.eu\/pl\/wp-content\/uploads\/2022\/11\/Jenny-Fairy-LB-AW22_Shot-12_2394-Copy.jpg 1200w\" sizes=\"auto, (max-width: 683px) 100vw, 683px\" \/><\/figure>\n<\/figure>\n\n\n\n<h2 class=\"wp-block-heading\">Krata \u2013 niezmiennie modna od dekad<\/h2>\n\n\n\n<p>Mo\u017ce by\u0107 w postaci szachownicy, drobnej <a href=\"https:\/\/blog.ccc.eu\/pl\/kratka-vichy\/\">kratki Vichy<\/a>, pepitki czy te\u017c szkockiej kraty. W XX wieku najwi\u0119kszy rozkwit mia\u0142a w latach 50., gdy popularne gwiazdy kina (np. Audrey Hepburn czy Brigitte Bardot) nosi\u0142y j\u0105 z wielkim zami\u0142owaniem. Kratka wci\u0105\u017c jest w trendach, zajmuj\u0105c na tyle wysok\u0105 pozycj\u0119, kt\u00f3rej nic nie zagra\u017ca. \u015awiatowi projektanci z czo\u0142owych dom\u00f3w mody jak Dolce&amp;Gabbana czy Michael Kors w tym sezonie r\u00f3wnie\u017c o niej nie zapomnieli. Na \u015bwiatowych wybiegach najpopularniejszych projektant\u00f3w kratka zachwyca\u0142a w najmodniejszej kolorystyce.<\/p>\n\n\n\n<h2 class=\"wp-block-heading\">Ubrania w kratk\u0119 \u2013 jakie nosimy w XXI wieku?<\/h2>\n\n\n\n<p>W tym sezonie rekordy popularno\u015bci bije klasyczna forma trencza, kt\u00f3ry wyst\u0119puje r\u00f3wnie\u017c jako p\u0142aszcz w krat\u0119, zmieniaj\u0105c swoje oblicze i dodaj\u0105c tradycji szczypt\u0119 nowoczesnego looku. W 2022 roku krat\u0119 nosimy w total looku. Doskonale sprawdzi si\u0119 tu garnitur damski w krat\u0119, kt\u00f3ry jest synonimem klasyki i elegancji. Krata wygl\u0105da te\u017c bardzo dobrze jako g\u0142\u00f3wny element stylizacji. Spodnie damskie w krat\u0119 bardzo dobrze po\u0142\u0105cz\u0105 si\u0119 z czarnym golfem, a sp\u00f3dnica w krat\u0119 stworzy idealny duet z jednokolorowym moherowym swetrem. Podstaw\u0105 damskiej garderoby s\u0105 te\u017c dodatki w krat\u0119, kt\u00f3re w tym sezonie mog\u0105 wybrzmie\u0107 jeszcze wyra\u017aniej. Krat\u0119 nosimy na szalikach, czapkach i torebkach w najmodniejszej kolorystyce w tym sezonie.<\/p>\n\n\n\n<h2 class=\"wp-block-heading\">Szalik i czapka w krat\u0119 \u2013 mocny zestaw na jesie\u0144-zim\u0119 2022<\/h2>\n\n\n\n<p>W\u015br\u00f3d najpopularniejszych wci\u0105\u017c pozostaje be\u017cowy szalik w krat\u0119, kt\u00f3ry sta\u0142 si\u0119 klasyk\u0105 gatunku, kt\u00f3ra doskonale \u0142\u0105czy si\u0119 z jednokolorowymi p\u0142aszczami. W tym sezonie b\u0119dzie r\u00f3wnie\u017c modny szalik w szkock\u0105 krat\u0119, ale te\u017c i szalik w drobn\u0105 kratk\u0119 np. pepitk\u0119. W\u015br\u00f3d czapek kr\u00f3luj\u0105 zimowe bejsbol\u00f3wki w szerok\u0105 krat\u0119 lub tradycyjny kaszkiet w krat\u0119, kt\u00f3ry zn\u00f3w cieszy si\u0119 ogromn\u0105 popularno\u015bci\u0105. Szalenie modne s\u0105 kraciaste duety, a tak\u017ce zestawy z innymi popularnymi trendami. Br\u0105zowy szalik w krat\u0119 doskonale po\u0142\u0105czy si\u0119 z futrzan\u0105 pilotk\u0105 w tym samym odcieniu, a czarny szalik w krat\u0119 stworzy udany duet z lakierowan\u0105 czapk\u0105 z daszkiem.<\/p>\n\n\n\n\n\n\n\n<p><\/p>\n\n\n\n<h2 class=\"wp-block-heading\">Torebka w krat\u0119 \u2013 must have Twojej garderoby!<\/h2>\n\n\n\n<p>Do najpopularniejszych nale\u017cy oczywi\u015bcie ta w pepitk\u0119 i tu nie mamy absolutnie \u017cadnych w\u0105tpliwo\u015bci. Klasyczn\u0105 tote bag zar\u00f3wno w wersji mini jak i maksi znajdziesz w kolekcji marki Jenny Fairy. Ale opr\u00f3cz bardzo trendowego podej\u015bcia do mody, w kolekcji tej marki mo\u017cemy odkry\u0107 zjawiskowe tote bagi w szerok\u0105 kratk\u0119, w jesiennej kolorystyce, kt\u00f3ra jest esencj\u0105 sezonu. Jenny Fairy stawia te\u017c na ultramodn\u0105 szachownic\u0119, kt\u00f3ra w tym sezonie pojawi\u0142a si\u0119 na hobo bagach! Z kolei kratk\u0119 w stylu glamour mo\u017cna znale\u017a\u0107 w kolekcji marki Quazi. Perfekcyjnie wkomponowana w najmodniejsze modele torebek, b\u0119dzie doskonale towarzyszy\u0107 Twojemu we\u0142nianemu p\u0142aszczowi.<\/p>\n\n\n\n\n\n\n\n<p><\/p>\n\n\n\n<h2 class=\"wp-block-heading\">Jak stworzy\u0107 stylizacje z kratk\u0105 w roli g\u0142\u00f3wnej<\/h2>\n\n\n\n<p>Krat\u0119 mo\u017cesz nosi\u0107 ultratrendowo, czyli zak\u0142adaj\u0105c j\u0105 od st\u00f3p do g\u0142\u00f3w. Dobrym wyborem b\u0119dzie zawsze garnitur b\u0105d\u017a garsonka, poniewa\u017c w\u0142a\u015bnie dzi\u0119ki temu zestawowi mo\u017cesz stworzy\u0107 kilka innych. Spodnie od garnituru mo\u017cesz po\u0142\u0105czy\u0107 z satynow\u0105 czarn\u0105 koszul\u0105 b\u0105d\u017a puszystym jednolitym swetrem, ca\u0142kowicie rezygnuj\u0105c z marynarki. Z kolei marynark\u0119 mo\u017cesz dobra\u0107 do ma\u0142ej czarnej lub sk\u00f3rzanych spodni! Skup si\u0119 na detalach. Kratka bardzo dobrze mo\u017ce wygl\u0105da\u0107 jako uzupe\u0142nienie stylizacji. Dlatego wybierz do jednolitego we\u0142nianego p\u0142aszcza w\u0142a\u015bnie szal z tym wzorem. Zastanawiasz jaki szalik do p\u0142aszcza w kartk\u0119 b\u0119dzie najlepiej pasowa\u0142? Postaw na szeroko plecione dzianiny w jednolitej dowolnej kolorystyce \u2013 w tym sezonie koniecznie bardzo \u017cywej lub futrzany szal, kt\u00f3ry b\u0119dzie perfekcyjnym uzupe\u0142nieniem kraciastego okrycia.<\/p>\n\n\n\n<p>Uwielbiana od pokole\u0144 krata zaczyna\u0142a swoj\u0105 karier\u0119 jako u\u017cytkowe tekstylia. Mogli\u015bmy spotka\u0107 j\u0105 pod postaci\u0105 obrusa czy zas\u0142ony, a p\u00f3\u017aniej fartuszka czy uniformu. \u015awiat mody spojrza\u0142 na ni\u0105 zupe\u0142nie innym okiem dopiero w XX wieku, mianuj\u0105c j\u0105 jednym z najmodniejszych i najpopularniejszych wzor\u00f3w. Wsp\u00f3\u0142czesna kratka, niezale\u017cnie od wielko\u015bci czy kolorystyki pojawia si\u0119 w modzie damskiej niemal\u017ce co roku. W 2022 roku nosimy j\u0105 eklektycznie, \u0142\u0105cz\u0105c si\u0119 z energetycznym wzornictwem z pocz\u0105tku trzeciej dekady XXI wieku.<\/p>\n","protected":false},"excerpt":{"rendered":"<p>Ponad 400 lat temu powsta\u0142 s\u0142ynny wz\u00f3r w kratk\u0119, nazwany krat\u0105 Vichy. To w\u0142a\u015bnie ta, bardzo charakterystyczna kratka sta\u0142a si\u0119 wzorem i wielk\u0105 inspiracj\u0105 dla modowych tw\u00f3rc\u00f3w przez kilka stuleci. Wci\u0105\u017c modna, elegancka i niebywale popularna kratka, w ka\u017cdym sezonie pokazuje swoje nowe oblicze. Nieprzerwanie od wielu sezon\u00f3w w damskiej garderobie kr\u00f3luje sukienka w krat\u0119 [&hellip;]<\/p>\n","protected":false},"author":17,"featured_media":12165,"comment_status":"open","ping_status":"closed","sticky":false,"template":"","format":"standard","meta":{"_acf_changed":false,"footnotes":""},"categories":[1042,6,1136],"tags":[1184,1008,1185],"class_list":["post-12163","post","type-post","status-publish","format-standard","has-post-thumbnail","hentry","category-jesienne-trendy","category-trendy","category-zimowe-trendy","tag-krata","tag-trendy-jesien-zima","tag-wzor-w-krate"],"acf":[],"_links":{"self":[{"href":"https:\/\/blog.ccc.eu\/pl\/wp-json\/wp\/v2\/posts\/12163","targetHints":{"allow":["GET"]}}],"collection":[{"href":"https:\/\/blog.ccc.eu\/pl\/wp-json\/wp\/v2\/posts"}],"about":[{"href":"https:\/\/blog.ccc.eu\/pl\/wp-json\/wp\/v2\/types\/post"}],"author":[{"embeddable":true,"href":"https:\/\/blog.ccc.eu\/pl\/wp-json\/wp\/v2\/users\/17"}],"replies":[{"embeddable":true,"href":"https:\/\/blog.ccc.eu\/pl\/wp-json\/wp\/v2\/comments?post=12163"}],"version-history":[{"count":4,"href":"https:\/\/blog.ccc.eu\/pl\/wp-json\/wp\/v2\/posts\/12163\/revisions"}],"predecessor-version":[{"id":19613,"href":"https:\/\/blog.ccc.eu\/pl\/wp-json\/wp\/v2\/posts\/12163\/revisions\/19613"}],"wp:featuredmedia":[{"embeddable":true,"href":"https:\/\/blog.ccc.eu\/pl\/wp-json\/wp\/v2\/media\/12165"}],"wp:attachment":[{"href":"https:\/\/blog.ccc.eu\/pl\/wp-json\/wp\/v2\/media?parent=12163"}],"wp:term":[{"taxonomy":"category","embeddable":true,"href":"https:\/\/blog.ccc.eu\/pl\/wp-json\/wp\/v2\/categories?post=12163"},{"taxonomy":"post_tag","embeddable":true,"href":"https:\/\/blog.ccc.eu\/pl\/wp-json\/wp\/v2\/tags?post=12163"}],"curies":[{"name":"wp","href":"https:\/\/api.w.org\/{rel}","templated":true}]}}