{"id":12177,"date":"2024-11-28T16:27:46","date_gmt":"2024-11-28T15:27:46","guid":{"rendered":"https:\/\/blog.ccc.eu\/pl\/?p=12177"},"modified":"2024-11-28T16:29:29","modified_gmt":"2024-11-28T15:29:29","slug":"okulary-przeciwsloneczne-na-zime-jakie-wybrac","status":"publish","type":"post","link":"https:\/\/blog.ccc.eu\/pl\/okulary-przeciwsloneczne-na-zime-jakie-wybrac\/","title":{"rendered":"Okulary przeciws\u0142oneczne na zim\u0119 \u2013 jakie wybra\u0107?"},"content":{"rendered":"\n<p><b>Okulary przeciws\u0142oneczne niew\u0105tpliwie kojarz\u0105 si\u0119 z latem i wakacyjnym sezonem, ale r\u00f3wnie\u017c zim\u0105 Twoje oczy potrzebuj\u0105 ochrony, kt\u00f3ra mo\u017ce by\u0107 te\u017c modnym uzupe\u0142nieniem stylizacji. Grudniowe czy styczniowe s\u0142o\u0144ce mo\u017ce by\u0107 na tyle intensywne, \u017ce skutecznie doprowadzi nas do \u0142ez, a odbijaj\u0105ce si\u0119 promienie w \u015bniegu mog\u0105 powodowa\u0107 dyskomfort, kt\u00f3ry b\u0119dzie zak\u0142\u00f3ca\u0142 nawet najprzyjemniejszy spacer. Dowiedz si\u0119, jakie okulary przeciws\u0142oneczne na zim\u0119 wybra\u0107 i jak stworzy\u0107 z nimi najmodniejsze stylizacje.<\/b><\/p>\n\n\n\n<figure class=\"wp-block-gallery has-nested-images columns-default is-cropped wp-block-gallery-1 is-layout-flex wp-block-gallery-is-layout-flex\">\n<figure class=\"wp-block-image size-full\"><img loading=\"lazy\" decoding=\"async\" width=\"622\" height=\"933\" data-id=\"27093\" src=\"https:\/\/blog.ccc.eu\/pl\/wp-content\/uploads\/2022\/11\/622x933_OKULARY-PRZECIWSLONECZNE-NA-ZIME\u0328_DAMSKIE.jpg\" alt=\"damskie okulary przeciws\u0142oneczne na zim\u0119\" class=\"wp-image-27093\" srcset=\"https:\/\/blog.ccc.eu\/pl\/wp-content\/uploads\/2022\/11\/622x933_OKULARY-PRZECIWSLONECZNE-NA-ZIME\u0328_DAMSKIE.jpg 622w, https:\/\/blog.ccc.eu\/pl\/wp-content\/uploads\/2022\/11\/622x933_OKULARY-PRZECIWSLONECZNE-NA-ZIME\u0328_DAMSKIE-200x300.jpg 200w, https:\/\/blog.ccc.eu\/pl\/wp-content\/uploads\/2022\/11\/622x933_OKULARY-PRZECIWSLONECZNE-NA-ZIME\u0328_DAMSKIE-100x150.jpg 100w\" sizes=\"auto, (max-width: 622px) 100vw, 622px\" \/><\/figure>\n\n\n\n<figure class=\"wp-block-image size-full\"><img loading=\"lazy\" decoding=\"async\" width=\"622\" height=\"933\" data-id=\"27094\" src=\"https:\/\/blog.ccc.eu\/pl\/wp-content\/uploads\/2022\/11\/622x933_OKULARY-PRZECIWSLONECZNE-NA-ZIME\u0328_ME\u0328SKIE.jpg\" alt=\"m\u0119skie okulary przeciws\u0142oneczne na zim\u0119\" class=\"wp-image-27094\" srcset=\"https:\/\/blog.ccc.eu\/pl\/wp-content\/uploads\/2022\/11\/622x933_OKULARY-PRZECIWSLONECZNE-NA-ZIME\u0328_ME\u0328SKIE.jpg 622w, https:\/\/blog.ccc.eu\/pl\/wp-content\/uploads\/2022\/11\/622x933_OKULARY-PRZECIWSLONECZNE-NA-ZIME\u0328_ME\u0328SKIE-200x300.jpg 200w, https:\/\/blog.ccc.eu\/pl\/wp-content\/uploads\/2022\/11\/622x933_OKULARY-PRZECIWSLONECZNE-NA-ZIME\u0328_ME\u0328SKIE-100x150.jpg 100w\" sizes=\"auto, (max-width: 622px) 100vw, 622px\" \/><\/figure>\n<\/figure>\n\n\n\n<h2 class=\"wp-block-heading\">Dlaczego warto nosi\u0107 okulary przeciws\u0142oneczne zim\u0105?<\/h2>\n\n\n\n<p>Nie tylko latem nasze oczy s\u0105 nara\u017cone na szkodliwe promieniowanie s\u0142oneczne. R\u00f3wnie\u017c zim\u0105 powinni\u015bmy zadba\u0107 o sw\u00f3j wzrok, szczeg\u00f3lnie, \u017ce s\u0142o\u0144ce niekorzystnie wp\u0142ywa na nasze oczy przez ca\u0142y rok. Zim\u0105 s\u0142o\u0144ce jeszcze bardziej mo\u017ce powodowa\u0107 dyskomfort i utrudnia\u0107 funkcjonowanie na \u015bwie\u017cym powietrzu. Wszystko to za spraw\u0105 tego, \u017ce jest do\u015b\u0107 nisko, a k\u0105t padania promieni s\u0142onecznych mo\u017ce nas o\u015blepia\u0107. Szczeg\u00f3lnie, gdy po\u0142\u0105czy si\u0119 z biel\u0105 \u015bniegu. Okulary przeciws\u0142oneczne na zim\u0119 b\u0119d\u0105 wi\u0119c bardzo funkcjonalnym dodatkiem, kt\u00f3ry mo\u017ce uzupe\u0142ni\u0107 outfity w r\u00f3\u017cnych stylach.<\/p>\n\n\n\n<h2 class=\"wp-block-heading\">Jakie wybra\u0107 okulary zimowe?<\/h2>\n\n\n\n<p>W pierwszej kolejno\u015bci nale\u017cy skupi\u0107 si\u0119 na funkcjach jakie oferuj\u0105 okulary. <strong>Obowi\u0105zkowym elementem jest filtr UV. <\/strong>Najlepszym wyborem b\u0119dzie ten w kategorii 3, kt\u00f3ra przepuszcza od 8% do 18% promieniowania i doskonale jest dopasowana do s\u0142onecznych dni. <\/p>\n\n\n\n<p>Na pochmurny zimowy dzie\u0144 wystarczy kategoria 2, jednak warto wzi\u0105\u0107 pod uwag\u0119 to, \u017ce zim\u0105 okulary nosimy najcz\u0119\u015bciej podczas bardzo s\u0142onecznej pogody. Warto te\u017c wzi\u0105\u0107 pod uwag\u0119 okulary w 4 kategorii. W tym przypadku m\u00f3wimy o specjalistycznych okularach do aktywno\u015bci na \u015bwie\u017cym powietrzu np. zimowe okulary sportowe. Nale\u017cy jednak pami\u0119ta\u0107, \u017ce one nie nadaj\u0105 si\u0119 do jazdy samochodem.<\/p>\n\n\n\n<p><strong>Wa\u017cna jest te\u017c polaryzacja, szczeg\u00f3lnie kluczowa zim\u0105, poniewa\u017c zapobiega odbijaniu si\u0119 \u015bwiat\u0142a od jasnych powierzchni<\/strong> \u2013 w tym przypadku od \u015bniegu. Okulary powinny by\u0107 te\u017c dobrze dopasowane do kszta\u0142tu twarzy i tego, w jaki spos\u00f3b b\u0119d\u0105 u\u017cytkowane. <\/p>\n\n\n\n<figure class=\"wp-block-gallery has-nested-images columns-default is-cropped wp-block-gallery-2 is-layout-flex wp-block-gallery-is-layout-flex\">\n<figure class=\"wp-block-image size-large\"><img loading=\"lazy\" decoding=\"async\" width=\"683\" height=\"1024\" data-id=\"27096\" src=\"https:\/\/blog.ccc.eu\/pl\/wp-content\/uploads\/2022\/11\/CCC_5905588646556_02pop3_UV-683x1024.jpg\" alt=\"okulary przeciws\u0142oneczne na zim\u0119 z filtrem uv\" class=\"wp-image-27096\" srcset=\"https:\/\/blog.ccc.eu\/pl\/wp-content\/uploads\/2022\/11\/CCC_5905588646556_02pop3_UV-683x1024.jpg 683w, https:\/\/blog.ccc.eu\/pl\/wp-content\/uploads\/2022\/11\/CCC_5905588646556_02pop3_UV-200x300.jpg 200w, https:\/\/blog.ccc.eu\/pl\/wp-content\/uploads\/2022\/11\/CCC_5905588646556_02pop3_UV-768x1152.jpg 768w, https:\/\/blog.ccc.eu\/pl\/wp-content\/uploads\/2022\/11\/CCC_5905588646556_02pop3_UV-100x150.jpg 100w, https:\/\/blog.ccc.eu\/pl\/wp-content\/uploads\/2022\/11\/CCC_5905588646556_02pop3_UV.jpg 876w\" sizes=\"auto, (max-width: 683px) 100vw, 683px\" \/><\/figure>\n\n\n\n<figure class=\"wp-block-image size-large\"><img loading=\"lazy\" decoding=\"async\" width=\"683\" height=\"1024\" data-id=\"27098\" src=\"https:\/\/blog.ccc.eu\/pl\/wp-content\/uploads\/2022\/11\/CCC_5905588420149_02pop3_UV-683x1024.jpg\" alt=\"okulary przeciws\u0142oneczne na zim\u0119 z wysokim filtrem uv\" class=\"wp-image-27098\" srcset=\"https:\/\/blog.ccc.eu\/pl\/wp-content\/uploads\/2022\/11\/CCC_5905588420149_02pop3_UV-683x1024.jpg 683w, https:\/\/blog.ccc.eu\/pl\/wp-content\/uploads\/2022\/11\/CCC_5905588420149_02pop3_UV-200x300.jpg 200w, https:\/\/blog.ccc.eu\/pl\/wp-content\/uploads\/2022\/11\/CCC_5905588420149_02pop3_UV-768x1152.jpg 768w, https:\/\/blog.ccc.eu\/pl\/wp-content\/uploads\/2022\/11\/CCC_5905588420149_02pop3_UV-100x150.jpg 100w, https:\/\/blog.ccc.eu\/pl\/wp-content\/uploads\/2022\/11\/CCC_5905588420149_02pop3_UV.jpg 876w\" sizes=\"auto, (max-width: 683px) 100vw, 683px\" \/><\/figure>\n<\/figure>\n\n\n\n<h2 class=\"wp-block-heading\">Okulary przeciws\u0142oneczne zimowe \u2013 wyb\u00f3r z CCC<\/h2>\n\n\n\n<p>W naszych sklepach znajdziesz najmodniejsze okulary przeciws\u0142oneczne, kt\u00f3re dodadz\u0105 Twoim stylizacjom modowego akcentu, a dodatkowo ochroni\u0105 Twoje oczy. W ofercie niezawodnej marki Polaroid znajdziesz bardzo klasyczne okulary w masywnych plastikowych oprawach, kt\u00f3re doskonale skomponuj\u0105 si\u0119 z zimow\u0105 aur\u0105. Ale zwr\u00f3\u0107 te\u017c uwag\u0119 na mark\u0119 Jenny Fairy, kt\u00f3ra oferuje obszerne okulary w stylu lat 60., a ich oprawki maj\u0105 nie tylko kolor czerni, ale te\u017c i br\u0105zu. <\/p>\n\n\n\n<p>W tym sezonie bardzo modne s\u0105 prostok\u0105tne kszta\u0142ty, p\u00f3\u0142okr\u0105g\u0142e, czy te\u017c te, przypominaj\u0105ce oldschoolowe lenonki. Zwr\u00f3\u0107 tak\u017ce uwag\u0119 na propozycje nawi\u0105zuj\u0105ce do designu okular\u00f3w narciarskich, obecne w kolekcji firmy Kappa oraz Shaq!<\/p>\n\n\n\n<!-- BEGIN - feed broker -->\n<div class=\"feedbroker\" consumer-code-id=\"MTo6dPTi4BcsRcFOkoUO\"><script src=\"https:\/\/app.feed.broker\/consumer\/feedbroker-consumer-script.umd.js?v=1.0.1\" defer=\"\"><\/script><\/div>\n<!-- END - feed broker -->\n\n\n\n<p><\/p>\n\n\n\n<h2 class=\"wp-block-heading\">Okulary zimowe damskie \u2013 najmodniejsze stylizacje<\/h2>\n\n\n\n<p>Latem zak\u0142adamy instynktownie okulary przeciws\u0142oneczne do swoich wakacyjnych stylizacji, czy zim\u0105 mo\u017cemy te\u017c zda\u0107 si\u0119 na nasz modowy zmys\u0142? Przedstawiamy Wam kilka najmodniejszych stylizacji na zim\u0119, z okularami przeciws\u0142onecznymi w roli g\u0142\u00f3wnej.<\/p>\n\n\n\n<p><strong>OKULARY ZIMOWE DO P\u0141ASZCZA<\/strong> \u2013 w tym przypadku najlepiej sprawdzi si\u0119 klasyka. Czarne obszerniejsze oprawki wykonane z plastiku bardzo dobrze dopasuj\u0105 si\u0119 do ka\u017cdego rodzaju zimowego p\u0142aszcza, niezale\u017cnie od tego, jaki kolor czy wz\u00f3r wybierzesz. Je\u017celi chcesz w\u0142a\u015bnie okularami podkre\u015bli\u0107 swoj\u0105 stylizacj\u0119, wybierz te z motywem zwierz\u0119cym, kt\u00f3re bardzo dobrze po\u0142\u0105cz\u0105 si\u0119 z be\u017cowym p\u0142aszczem, czy jednolitym np. kobaltowym. Pami\u0119taj jednak, \u017ce ten wz\u00f3r nie b\u0119dzie dobrze wygl\u0105da\u0142 z pepitk\u0105 czy p\u0142aszczem w krat\u0119.<\/p>\n\n\n\n<p><strong>OKULARY ZIMOWE DO PIKOWANEJ KURTKI<\/strong> \u2013 postaw na kolor! Je\u017celi Twoja zimowa kurtka jest w neutralnej kolorystyce, mo\u017cesz o\u017cywi\u0107 j\u0105 prostok\u0105tnymi oprawkami w kolorze bia\u0142ym, r\u00f3\u017cowym czy zielonym! W sezonie jesienno-zimowym sprawdz\u0105 si\u0119 te\u017c bardzo dobrze br\u0105zowe czy be\u017cowe oprawki, kt\u00f3re dopasuj\u0105 si\u0119 do pogodowej aury.<\/p>\n\n\n\n<p><strong>OKULARY ZIMOWE DO SPORTOWEJ STYLIZACJI<\/strong> \u2013 sportowa odzie\u017c wierzchnia na zim\u0119 jest bardzo charakterystyczna i specyficzna. Dlatego te\u017c okulary w stylu glamour nie b\u0119d\u0105 dobr\u0105 propozycj\u0105. Elegancja i klasyka, te\u017c mog\u0105 nie sprawdzi\u0107 si\u0119 w tym przypadku. Je\u017celi nosisz kurtki w sportowym stylu, to musisz dobra\u0107 do nich specjalne sportowe okulary, kt\u00f3re doskonale dopasuj\u0105 si\u0119 wizualnie, ale te\u017c i zabezpiecz\u0105 odpowiednio Tw\u00f3j wzrok, przed szkodliwym promieniowaniem, podczas aktywno\u015bci fizycznej.<\/p>\n\n\n\n<p>Wyb\u00f3r okular\u00f3w przeciws\u0142onecznych na zim\u0119 na pierwszy rzut oka mo\u017ce wydawa\u0107 si\u0119 do\u015b\u0107 prosty. Jednak, je\u017celi we\u017amiemy pod uwag\u0119 nie tylko walory estetyczne, ale te\u017c i to, w jaki spos\u00f3b dany model b\u0119dzie chroni\u0142 nasze oczy, odkryjemy jak wa\u017cne jest to, by pogodzi\u0107 mod\u0119 z u\u017cyteczno\u015bci\u0105. Wyj\u0105tkowe okulary przeciws\u0142oneczne znajdziesz w naszych sklepach CCC, na ccc.eu i w aplikacji.<\/p>\n","protected":false},"excerpt":{"rendered":"<p>Okulary przeciws\u0142oneczne niew\u0105tpliwie kojarz\u0105 si\u0119 z latem i wakacyjnym sezonem, ale r\u00f3wnie\u017c zim\u0105 Twoje oczy potrzebuj\u0105 ochrony, kt\u00f3ra mo\u017ce by\u0107 te\u017c modnym uzupe\u0142nieniem stylizacji. Grudniowe czy styczniowe s\u0142o\u0144ce mo\u017ce by\u0107 na tyle intensywne, \u017ce skutecznie doprowadzi nas do \u0142ez, a odbijaj\u0105ce si\u0119 promienie w \u015bniegu mog\u0105 powodowa\u0107 dyskomfort, kt\u00f3ry b\u0119dzie zak\u0142\u00f3ca\u0142 nawet najprzyjemniejszy spacer. Dowiedz [&hellip;]<\/p>\n","protected":false},"author":17,"featured_media":27093,"comment_status":"open","ping_status":"closed","sticky":false,"template":"","format":"standard","meta":{"_acf_changed":false,"footnotes":""},"categories":[1580,4,1136],"tags":[],"class_list":["post-12177","post","type-post","status-publish","format-standard","has-post-thumbnail","hentry","category-stylowe-akcesoria","category-porady","category-zimowe-trendy"],"acf":[],"_links":{"self":[{"href":"https:\/\/blog.ccc.eu\/pl\/wp-json\/wp\/v2\/posts\/12177","targetHints":{"allow":["GET"]}}],"collection":[{"href":"https:\/\/blog.ccc.eu\/pl\/wp-json\/wp\/v2\/posts"}],"about":[{"href":"https:\/\/blog.ccc.eu\/pl\/wp-json\/wp\/v2\/types\/post"}],"author":[{"embeddable":true,"href":"https:\/\/blog.ccc.eu\/pl\/wp-json\/wp\/v2\/users\/17"}],"replies":[{"embeddable":true,"href":"https:\/\/blog.ccc.eu\/pl\/wp-json\/wp\/v2\/comments?post=12177"}],"version-history":[{"count":4,"href":"https:\/\/blog.ccc.eu\/pl\/wp-json\/wp\/v2\/posts\/12177\/revisions"}],"predecessor-version":[{"id":27101,"href":"https:\/\/blog.ccc.eu\/pl\/wp-json\/wp\/v2\/posts\/12177\/revisions\/27101"}],"wp:featuredmedia":[{"embeddable":true,"href":"https:\/\/blog.ccc.eu\/pl\/wp-json\/wp\/v2\/media\/27093"}],"wp:attachment":[{"href":"https:\/\/blog.ccc.eu\/pl\/wp-json\/wp\/v2\/media?parent=12177"}],"wp:term":[{"taxonomy":"category","embeddable":true,"href":"https:\/\/blog.ccc.eu\/pl\/wp-json\/wp\/v2\/categories?post=12177"},{"taxonomy":"post_tag","embeddable":true,"href":"https:\/\/blog.ccc.eu\/pl\/wp-json\/wp\/v2\/tags?post=12177"}],"curies":[{"name":"wp","href":"https:\/\/api.w.org\/{rel}","templated":true}]}}