{"id":12188,"date":"2022-11-17T12:28:34","date_gmt":"2022-11-17T11:28:34","guid":{"rendered":"https:\/\/blog.ccc.eu\/pl\/?p=12188"},"modified":"2023-08-10T12:11:56","modified_gmt":"2023-08-10T10:11:56","slug":"stylizacje-z-trampkami-modne-przez-caly-rok","status":"publish","type":"post","link":"https:\/\/blog.ccc.eu\/pl\/stylizacje-z-trampkami-modne-przez-caly-rok\/","title":{"rendered":"Stylizacje z trampkami modne przez ca\u0142y rok!"},"content":{"rendered":"\n<p><b>W 2023 roku kultowy model trampk\u00f3w marki Converse sko\u0144czy 105 lat. Jego d\u0142ugowieczno\u015b\u0107 pokazuje to, jak bardzo lubimy ten rodzaj obuwia. Popularne w garderobie damskiej, m\u0119skiej i dzieci\u0119cej, wybierane przez ca\u0142y rok do wszystkich stylizacji, a ukochana para trzymana w szafie tak d\u0142ugo, jak tylko jest to mo\u017cliwe. Nosimy trampki do jeans\u00f3w, sukienek, eleganckich outfit\u00f3w czy tych bardzo formalnych. W XXI wieku, trampki \u0142\u0105czymy w bardzo ekstrawagancki spos\u00f3b, bawi\u0105c si\u0119 mod\u0105. Zobacz, jak stworzy\u0107 najmodniejsze stylizacje z trampkami i no\u015b swoje ulubione buty przez ca\u0142y rok.<\/b><\/p>\n\n\n\n<figure class=\"wp-block-gallery has-nested-images columns-default is-cropped wp-block-gallery-1 is-layout-flex wp-block-gallery-is-layout-flex\">\n<figure class=\"wp-block-image size-large\"><img loading=\"lazy\" decoding=\"async\" width=\"886\" height=\"1024\" data-id=\"12189\" src=\"https:\/\/blog.ccc.eu\/pl\/wp-content\/uploads\/2022\/11\/MO_SS22_00612_120dpi-886x1024.jpg\" alt=\"\" class=\"wp-image-12189\" srcset=\"https:\/\/blog.ccc.eu\/pl\/wp-content\/uploads\/2022\/11\/MO_SS22_00612_120dpi-886x1024.jpg 886w, https:\/\/blog.ccc.eu\/pl\/wp-content\/uploads\/2022\/11\/MO_SS22_00612_120dpi-260x300.jpg 260w, https:\/\/blog.ccc.eu\/pl\/wp-content\/uploads\/2022\/11\/MO_SS22_00612_120dpi-768x888.jpg 768w, https:\/\/blog.ccc.eu\/pl\/wp-content\/uploads\/2022\/11\/MO_SS22_00612_120dpi-1329x1536.jpg 1329w, https:\/\/blog.ccc.eu\/pl\/wp-content\/uploads\/2022\/11\/MO_SS22_00612_120dpi-100x116.jpg 100w, https:\/\/blog.ccc.eu\/pl\/wp-content\/uploads\/2022\/11\/MO_SS22_00612_120dpi.jpg 1514w\" sizes=\"auto, (max-width: 886px) 100vw, 886px\" \/><\/figure>\n\n\n\n<figure class=\"wp-block-image size-large\"><img loading=\"lazy\" decoding=\"async\" width=\"855\" height=\"1024\" data-id=\"12190\" src=\"https:\/\/blog.ccc.eu\/pl\/wp-content\/uploads\/2022\/11\/MO_SS22_00639_120dpi-855x1024.jpg\" alt=\"\" class=\"wp-image-12190\" srcset=\"https:\/\/blog.ccc.eu\/pl\/wp-content\/uploads\/2022\/11\/MO_SS22_00639_120dpi-855x1024.jpg 855w, https:\/\/blog.ccc.eu\/pl\/wp-content\/uploads\/2022\/11\/MO_SS22_00639_120dpi-251x300.jpg 251w, https:\/\/blog.ccc.eu\/pl\/wp-content\/uploads\/2022\/11\/MO_SS22_00639_120dpi-768x919.jpg 768w, https:\/\/blog.ccc.eu\/pl\/wp-content\/uploads\/2022\/11\/MO_SS22_00639_120dpi-1283x1536.jpg 1283w, https:\/\/blog.ccc.eu\/pl\/wp-content\/uploads\/2022\/11\/MO_SS22_00639_120dpi-100x120.jpg 100w, https:\/\/blog.ccc.eu\/pl\/wp-content\/uploads\/2022\/11\/MO_SS22_00639_120dpi.jpg 1462w\" sizes=\"auto, (max-width: 855px) 100vw, 855px\" \/><\/figure>\n<\/figure>\n\n\n\n<h2 class=\"wp-block-heading\">Stylizacje z bia\u0142ymi trampkami \u2013 klasyka gatunku<\/h2>\n\n\n\n<p>Przyj\u0119\u0142o si\u0119, \u017ce bia\u0142e trampki nale\u017c\u0105 do najpopularniejszego rodzaju tego modelu but\u00f3w, a wsp\u00f3\u0142czesna moda pozwala je komponowa\u0107 z bardzo zr\u00f3\u017cnicowanymi stylizacjami. Niew\u0105tpliwie klasykiem b\u0119dzie po\u0142\u0105czenie ich z ulubionymi jeansami i swetrem lub bluz\u0105, a do tego z kurtk\u0105 bomberk\u0105. Bia\u0142e trampki s\u0105 tak uniwersalne, \u017ce dopasujesz je r\u00f3wnie\u017c do garsonki czy zestawisz je z marynark\u0105 b\u0105d\u017a \u017cakietem. Bia\u0142e trampki, szczeg\u00f3lnie te do kostki dopasuj\u0105 si\u0119 te\u017c do wakacyjnego kombinezonu i szort\u00f3w, z kt\u00f3rymi stworz\u0105 duet idealny.<\/p>\n\n\n\n\n\n\n\n<p><\/p>\n\n\n\n<h2 class=\"wp-block-heading\">Stylizacje z czarnymi trampkami \u2013 alternatywa dla bieli<\/h2>\n\n\n\n<p>R\u00f3wnie popularne jak bia\u0142e, cho\u0107 mo\u017cna znale\u017a\u0107 w nich jeszcze wi\u0119cej zastosowa\u0144. Sk\u00f3rzane eleganckie modele po\u0142\u0105cz\u0105 si\u0119 bardzo dobrze z formaln\u0105 stylizacj\u0105, z kolei te bardziej lu\u017aniejsze typu slip on doskonale odnajd\u0105 si\u0119 w stylu casualowym, a nawet i rockowym. Opr\u00f3cz jednokolorowych czarnych cholewek, popularne s\u0105 r\u00f3wnie\u017c te z motywem kwiatowym czy zwierz\u0119cym, kt\u00f3re s\u0105 jedynie uzupe\u0142nieniem wzoru na bucie. Sp\u00f3jrz chocia\u017cby na kolekcj\u0119 marki Vans, kt\u00f3ra doskonale \u0142\u0105czy ponadczasow\u0105 klasyk\u0119 ze wsp\u00f3\u0142czesnymi trendami. Czarne trampki w tym stylu ca\u0142kowicie odmieni\u0105 Twoj\u0105 garderob\u0119.<\/p>\n\n\n\n\n\n\n\n<p><\/p>\n\n\n\n<h2 class=\"wp-block-heading\">Stylizacje z czerwonymi trampkami \u2013 wsp\u00f3\u0142czesna ekstrawagancja<\/h2>\n\n\n\n<p>A gdyby tak porzuci\u0107 na chwil\u0119 klasyk\u0119 i da\u0107 si\u0119 porwa\u0107 modzie? Czerwone trampki mog\u0105 okaza\u0107 si\u0119 strza\u0142em w dziesi\u0105tk\u0119 w wielu stylizacjach. Przede wszystkim bardzo dobrze wygl\u0105daj\u0105 z denimem, wi\u0119c \u0142\u0105cz je nawet z jeansowymi total lookami. Bardzo dobrze te\u017c odnajd\u0105 si\u0119 w zestawie z retro sukienk\u0105, ale te\u017c i t\u0105 o sportowym charakterze. Czerwone trampki \u015bwietnie b\u0119d\u0105 te\u017c wygl\u0105da\u0142y w bia\u0142ym kontrastowym zestawie. Zdecydowanie wyr\u00f3\u017cni\u0105 si\u0119 w ca\u0142ej stylizacji.<\/p>\n\n\n\n\n\n\n\n<p><\/p>\n\n\n\n<h2 class=\"wp-block-heading\">Jakie trampki do sukienki wybra\u0107?<\/h2>\n\n\n\n<p>Jeszcze do niedawna trampki do sukienki by\u0142y uwa\u017cane za modowe faux pas. Nawet, je\u015bli chodzi\u0142o o codzienn\u0105 niezobowi\u0105zuj\u0105c\u0105 stylizacj\u0119. Wsp\u00f3\u0142cze\u015bnie nosimy nawet trampki do sukienki na wesele, a panny m\u0142ode z dum\u0105 \u201eukrywaj\u0105\u201d je pod obszernymi sukniami. Jak si\u0119 okazuje trampki bardzo dobrze komponuj\u0105 si\u0119 z mod\u0105 wizytow\u0105. Wiosn\u0105 i latem mo\u017cesz za\u0142o\u017cy\u0107 je do plisowanej pastelowej sukienki, jesieni\u0105 i zim\u0105 do sk\u00f3rzanej szmizjerki. Z Twoimi sukienkami bardzo dobrze skomponuj\u0105 si\u0119 zar\u00f3wno te z wy\u017csz\u0105 cholewk\u0105 jak i t\u0105 przed kostk\u0119.<\/p>\n\n\n\n\n\n\n\n<p><\/p>\n\n\n\n<h2 class=\"wp-block-heading\">Trampki do eleganckich spodni<\/h2>\n\n\n\n<p>One r\u00f3wnie\u017c mog\u0105 wywo\u0142a\u0107 kontrowersje, tak jak trampki do sukienki. Niemniej s\u0105 bardzo cz\u0119stym wyborem zar\u00f3wno w garderobie m\u0119skiej jak i damskiej. Wystarczy wybra\u0107 odpowiedni model, by wszystko ze sob\u0105 pasowa\u0142o. Do eleganckich spodni w kant mo\u017cesz dobra\u0107 sk\u00f3rzane czarne trampki na platformie lub na klasycznej podeszwie. Bia\u0142y model te\u017c bardzo dobrze po\u0142\u0105czy si\u0119 z tego typu spodniami, szczeg\u00f3lnie, je\u017celi b\u0119d\u0105 mia\u0142y be\u017cowy kolor. Postaw na tradycj\u0119, kt\u00f3ra broni si\u0119 sama, a im bardziej klasyczny model wybierzesz, tym lepiej b\u0119dzie wygl\u0105da\u0142a Twoja stylizacja.<\/p>\n\n\n\n\n\n\n\n<p><\/p>\n\n\n\n<h2 class=\"wp-block-heading\">Trampki do p\u0142aszcza i kurtki<\/h2>\n\n\n\n<p>Szczeg\u00f3lnie wiosn\u0105 i jesieni\u0105 mo\u017cesz stworzy\u0107 z nimi bardzo fajne stylizacje. Bia\u0142e trampki doskonale skomponuj\u0105 si\u0119 z klasycznym be\u017cowym trenczem, niezale\u017cnie od tego, o jakiej porze roku go za\u0142o\u017cysz. Z kolei pikowana kurtka b\u0119dzie bardzo dobrze wygl\u0105da\u0142a w towarzystwie czarnych sk\u00f3rzanych trampek z wy\u017csz\u0105 cholewk\u0105 za kostk\u0119. Do tego typu kurtki mo\u017cesz dobra\u0107 lakierowany model, kt\u00f3ry doda stylizacji ekstrawagancji. Do jeansowej kurtki z futerkiem doskonale dopasuj\u0105 si\u0119 ca\u0142kowicie czerwone trampki z masywniejsz\u0105 podeszw\u0105.<\/p>\n\n\n\n\n\n\n\n<h2 class=\"wp-block-heading\">Trampki na jesie\u0144<\/h2>\n\n\n\n<p>Damskie jesienne trampki s\u0105 bardzo cz\u0119stym wyborem w kobiecej garderobie. Wczesn\u0105 jesieni\u0105 mo\u017cesz postawi\u0107 na klasyk\u0119 w postaci bia\u0142ych but\u00f3w, natomiast wraz ze zmieniaj\u0105c\u0105 si\u0119 aur\u0105, warto znale\u017a\u0107 trampki, kt\u00f3re podo\u0142aj\u0105 zmiennym warunkom. Bardzo dobrym pomys\u0142em b\u0119d\u0105 trampki na platformie, kt\u00f3ra b\u0119dzie izolowa\u0142a stop\u0119 od pod\u0142o\u017ca oraz modele z wy\u017csz\u0105 cholewk\u0105, kt\u00f3ra zapewni r\u00f3wnie\u017c ciep\u0142o Twoim kostkom. Z racji popularno\u015bci trampk\u00f3w, coraz wi\u0119cej marek decyduje si\u0119 na tworzenie ocieplanych modeli z futerkiem dedykowanych jesieni i zimie. Warto wzi\u0105\u0107 to pod uwag\u0119 podczas zakup\u00f3w.<\/p>\n\n\n\n\n\n\n\n<p>W naszych sklepach CCC kupisz najmodniejsze trampki, z kt\u00f3rymi stworzysz ca\u0142oroczne stylizacje. Szukaj klasyk\u00f3w w kolekcji marki Converse, Vans czy Sprandi i ultramodnych wzor\u00f3w czy print\u00f3w u Jenny Fairy, DeeZee, Big Star czy Americanos. Trampki znajdziesz w naszych salonach, na ccc.eu i w aplikacji.<\/p>\n","protected":false},"excerpt":{"rendered":"<p>W 2023 roku kultowy model trampk\u00f3w marki Converse sko\u0144czy 105 lat. Jego d\u0142ugowieczno\u015b\u0107 pokazuje to, jak bardzo lubimy ten rodzaj obuwia. Popularne w garderobie damskiej, m\u0119skiej i dzieci\u0119cej, wybierane przez ca\u0142y rok do wszystkich stylizacji, a ukochana para trzymana w szafie tak d\u0142ugo, jak tylko jest to mo\u017cliwe. Nosimy trampki do jeans\u00f3w, sukienek, eleganckich outfit\u00f3w [&hellip;]<\/p>\n","protected":false},"author":17,"featured_media":12189,"comment_status":"open","ping_status":"closed","sticky":false,"template":"","format":"standard","meta":{"_acf_changed":false,"footnotes":""},"categories":[6],"tags":[286,73,9,672],"class_list":["post-12188","post","type-post","status-publish","format-standard","has-post-thumbnail","hentry","category-trendy","tag-converse","tag-trampki","tag-trendy","tag-vans"],"acf":[],"_links":{"self":[{"href":"https:\/\/blog.ccc.eu\/pl\/wp-json\/wp\/v2\/posts\/12188","targetHints":{"allow":["GET"]}}],"collection":[{"href":"https:\/\/blog.ccc.eu\/pl\/wp-json\/wp\/v2\/posts"}],"about":[{"href":"https:\/\/blog.ccc.eu\/pl\/wp-json\/wp\/v2\/types\/post"}],"author":[{"embeddable":true,"href":"https:\/\/blog.ccc.eu\/pl\/wp-json\/wp\/v2\/users\/17"}],"replies":[{"embeddable":true,"href":"https:\/\/blog.ccc.eu\/pl\/wp-json\/wp\/v2\/comments?post=12188"}],"version-history":[{"count":2,"href":"https:\/\/blog.ccc.eu\/pl\/wp-json\/wp\/v2\/posts\/12188\/revisions"}],"predecessor-version":[{"id":19232,"href":"https:\/\/blog.ccc.eu\/pl\/wp-json\/wp\/v2\/posts\/12188\/revisions\/19232"}],"wp:featuredmedia":[{"embeddable":true,"href":"https:\/\/blog.ccc.eu\/pl\/wp-json\/wp\/v2\/media\/12189"}],"wp:attachment":[{"href":"https:\/\/blog.ccc.eu\/pl\/wp-json\/wp\/v2\/media?parent=12188"}],"wp:term":[{"taxonomy":"category","embeddable":true,"href":"https:\/\/blog.ccc.eu\/pl\/wp-json\/wp\/v2\/categories?post=12188"},{"taxonomy":"post_tag","embeddable":true,"href":"https:\/\/blog.ccc.eu\/pl\/wp-json\/wp\/v2\/tags?post=12188"}],"curies":[{"name":"wp","href":"https:\/\/api.w.org\/{rel}","templated":true}]}}