{"id":13087,"date":"2023-12-02T12:57:24","date_gmt":"2023-12-02T11:57:24","guid":{"rendered":"https:\/\/blog.ccc.eu\/pl\/?p=13087"},"modified":"2023-12-04T12:57:28","modified_gmt":"2023-12-04T11:57:28","slug":"torebki-na-zime-3-topowe-modele","status":"publish","type":"post","link":"https:\/\/blog.ccc.eu\/pl\/torebki-na-zime-3-topowe-modele\/","title":{"rendered":"Nasza Stylistka wybra\u0142a 3 topowe modele torebek na zim\u0119!"},"content":{"rendered":"\n<p><strong>Poszukujesz torebki, kt\u00f3ra idealnie uzupe\u0142ni Twoje zimowe outfity? Nasza Stylistka wyselekcjonowa\u0142a 3 najmodniejsze i najbardziej rozchwytywane modele! Wszystkie pochodz\u0105 z najnowszych kolekcji marek dost\u0119pnych w stacjonarnych salonach sklep\u00f3w CCC, a tak\u017ce na ccc.eu i w aplikacji. Nie tylko zachwycaj\u0105 one efektownym designem, ale s\u0105 tak\u017ce praktyczne. Kt\u00f3ra torebka na zim\u0119 najlepiej pasuje do Twojego stylu?<\/strong><\/p>\n\n\n\n<figure class=\"wp-block-image size-large\"><img loading=\"lazy\" decoding=\"async\" width=\"1024\" height=\"682\" src=\"https:\/\/blog.ccc.eu\/pl\/wp-content\/uploads\/2023\/11\/221221_Lasocki_2120-1024x682.jpg\" alt=\"torebka na zim\u0119\" class=\"wp-image-20628\" srcset=\"https:\/\/blog.ccc.eu\/pl\/wp-content\/uploads\/2023\/11\/221221_Lasocki_2120-1024x682.jpg 1024w, https:\/\/blog.ccc.eu\/pl\/wp-content\/uploads\/2023\/11\/221221_Lasocki_2120-300x200.jpg 300w, https:\/\/blog.ccc.eu\/pl\/wp-content\/uploads\/2023\/11\/221221_Lasocki_2120-768x512.jpg 768w, https:\/\/blog.ccc.eu\/pl\/wp-content\/uploads\/2023\/11\/221221_Lasocki_2120-100x67.jpg 100w, https:\/\/blog.ccc.eu\/pl\/wp-content\/uploads\/2023\/11\/221221_Lasocki_2120.jpg 1400w\" sizes=\"auto, (max-width: 1024px) 100vw, 1024px\" \/><\/figure>\n\n\n\n<h2 class=\"wp-block-heading\">Torebka na zim\u0119: z trendami pod r\u0119k\u0105!<\/h2>\n\n\n\n<p>Zima to okres, w kt\u00f3rym szukamy nie tylko przytulnych i ciep\u0142ych dodatk\u00f3w, ale tak\u017ce tych o imprezowym charakterze. To czas wyj\u0105tkowych spotka\u0144, zar\u00f3wno tych \u015bwi\u0105tecznych, jak i karnawa\u0142owych. Warto wi\u0119c zaopatrzy\u0107 si\u0119 w <strong>torebk\u0119, kt\u00f3ra idealnie uzupe\u0142ni od\u015bwi\u0119tne stylizacje<\/strong>.<\/p>\n\n\n\n<p>W tym roku marka Jenny Fairy postawi\u0142a na blask! W jej ofercie znale\u017a\u0107 mo\u017cna zar\u00f3wno torebki pokryte cyrkoniami, jak i g\u0142adkie modele o metalicznym wyko\u0144czeniu \u2013 s\u0105 one dost\u0119pne nie tylko w klasycznym z\u0142ocie lub srebrze, ale tak\u017ce we fiolecie, czerni oraz granacie.<\/p>\n\n\n\n<p>Marka Badura zaprojektowa\u0142a odwa\u017cne propozycje, kt\u00f3re b\u0119d\u0105 mocnym akcentem ka\u017cdej, eleganckiej stylizacji. Swoje sk\u00f3rzane, ma\u0142e torebki pokry\u0142a <strong>d\u017cetami o r\u00f3\u017cnych wielko\u015bciach<\/strong>, co daje niesamowity efekt wizualny. Kiedy \u015bwi\u0119ta min\u0105, torebki te b\u0119d\u0105 doskona\u0142ym uzupe\u0142nieniem minimalistycznych, codziennych stylizacji. Opr\u00f3cz \u015bwiecide\u0142ek, torebki wyr\u00f3\u017cnia oryginalny kszta\u0142t. Ich zalet\u0105 s\u0105 tak\u017ce dwa wymienne paski \u2013 kr\u00f3tki oraz d\u0142ugi. Dopasuj je do okazji!<\/p>\n\n\n\n\n\n\n<p><\/p>\n\n\n\n<h2 class=\"wp-block-heading\">Torebka idealna na zimowe zapasy<\/h2>\n\n\n\n<p>Torebka zimowa, kt\u00f3r\u0105 planujemy nosi\u0107 na co dzie\u0144, powinna spe\u0142nia\u0107 kilka kryteri\u00f3w. Przede wszystkim <strong>powinna by\u0107 wykonana z wysokiej jako\u015bci materia\u0142u<\/strong>, na przyk\u0142ad z naturalnej sk\u00f3ry. Dlaczego? Bo tylko solidne tworzywa b\u0119d\u0105 odporne na trudne warunki atmosferyczne i nie narusz\u0105 struktury torby.<\/p>\n\n\n\n<p>Torebka na zim\u0119, kt\u00f3ra ma s\u0142u\u017cy\u0107 do codziennego u\u017cytku, musi by\u0107 tak\u017ce pojemna. Powinna pomie\u015bci\u0107 akcesoria i dokumenty niezb\u0119dne do pracy b\u0105d\u017a na uczelni\u0119, a do tego zostawi\u0107 przestrze\u0144 na ewentualne zakupy czy odzie\u017c, tak\u0105 jak sweter, kt\u00f3r\u0105 b\u0119dzie mo\u017cna si\u0119 okry\u0107 w razie pogorszenia pogody.<\/p>\n\n\n\n<p>Torebka zimowa musi by\u0107 jednocze\u015bnie stylowa i uniwersalna. Dlaczego? Bo mo\u017cemy nosi\u0107 j\u0105 zar\u00f3wno do p\u0142aszcza, jak i do ko\u017cucha b\u0105d\u017a kurtki zimowej, w zale\u017cno\u015bci od okazji i temperatury na zewn\u0105trz.<\/p>\n\n\n\n<p>My\u015blisz, \u017ce nie istnieje torebka, kt\u00f3ra spe\u0142nia wszystkie powy\u017csze wymagania? Jeste\u015b w b\u0142\u0119dzie! Marka Gino Rossi zaprojektowa\u0142a <strong>du\u017c\u0105 torebk\u0119 typu shopper<\/strong>, kt\u00f3ra jest wykonana z naturalnej sk\u00f3ry, niezwykle pojemna i efektowna w wygl\u0105dzie. W dodatku ma dwa rodzaje uchwyt\u00f3w do wyboru, przez co mo\u017cna nosi\u0107 j\u0105 w r\u0119ku b\u0105d\u017a na ramieniu. W \u015brodku kryje kosmetyczk\u0119, kt\u00f3ra pozwala uporz\u0105dkowa\u0107 przestrze\u0144 wewn\u0105trz torby. Co wa\u017cne, model ten dost\u0119pny jest a\u017c w trzech ponadczasowych kolorach: be\u017cu, br\u0105zie oraz czerni, dzi\u0119ki czemu \u0142atwo jest wybra\u0107 ten, kt\u00f3ry najlepiej dopasuje si\u0119 do kolorystyki naszej szafy.<\/p>\n\n\n\n<p>Ze wzgl\u0119du na wysok\u0105 jako\u015b\u0107 i ponadczasowy wygl\u0105d, torebk\u0105 od marki Gino Rossi b\u0119dziesz cieszy\u0107 si\u0119 przez wiele sezon\u00f3w! Nie zwlekaj z jej zakupem!<\/p>\n\n\n\n<div class=\"wp-block-group is-nowrap is-layout-flex wp-container-core-group-is-layout-ad2f72ca wp-block-group-is-layout-flex\">\n<figure class=\"wp-block-image size-full\"><img loading=\"lazy\" decoding=\"async\" width=\"648\" height=\"765\" src=\"https:\/\/blog.ccc.eu\/pl\/wp-content\/uploads\/2023\/11\/1.jpg\" alt=\"torebka na zim\u0119 be\u017cowa\" class=\"wp-image-20818\" srcset=\"https:\/\/blog.ccc.eu\/pl\/wp-content\/uploads\/2023\/11\/1.jpg 648w, https:\/\/blog.ccc.eu\/pl\/wp-content\/uploads\/2023\/11\/1-254x300.jpg 254w, https:\/\/blog.ccc.eu\/pl\/wp-content\/uploads\/2023\/11\/1-100x118.jpg 100w\" sizes=\"auto, (max-width: 648px) 100vw, 648px\" \/><\/figure>\n\n\n\n<figure class=\"wp-block-image size-full\"><img loading=\"lazy\" decoding=\"async\" width=\"574\" height=\"765\" src=\"https:\/\/blog.ccc.eu\/pl\/wp-content\/uploads\/2023\/11\/2.jpg\" alt=\"torebka na zim\u0119 czarna shopper\" class=\"wp-image-20819\" srcset=\"https:\/\/blog.ccc.eu\/pl\/wp-content\/uploads\/2023\/11\/2.jpg 574w, https:\/\/blog.ccc.eu\/pl\/wp-content\/uploads\/2023\/11\/2-225x300.jpg 225w, https:\/\/blog.ccc.eu\/pl\/wp-content\/uploads\/2023\/11\/2-100x133.jpg 100w\" sizes=\"auto, (max-width: 574px) 100vw, 574px\" \/><\/figure>\n<\/div>\n\n\n\n<p><\/p>\n\n\n\n<h2 class=\"wp-block-heading\">Sztuczne futro na t(r)opie!<\/h2>\n\n\n\n<p>Tej zimy obserwujemy powr\u00f3t sztucznych futer do mody\u2026 i to pod ka\u017cd\u0105 postaci\u0105! Puszyste, d\u0142ugie p\u0142aszcze i kr\u00f3tkie kurtki przesta\u0142y by\u0107 noszone wy\u0142\u0105cznie na specjalne okazje i sta\u0142y si\u0119 modnymi, zimowymi okryciami wierzchnimi, kt\u00f3re ch\u0119tnie zak\u0142adamy do casualowych stylizacji, na przyk\u0142ad w po\u0142\u0105czeniu z jeansami i botkami. R\u00f3wnie modne s\u0105 czapki ze sztucznego futerka i inne dodatki, a w tym torebki!<\/p>\n\n\n\n<p>Jednymi z najbardziej rozchwytywanych modeli s\u0105 propozycje od marki Jenny. Torebki z futerkiem s\u0105 utrzymane w klimacie trendu Y2K, a tak\u017ce nawi\u0105zuj\u0105 do trend\u00f3w widzianych na tegorocznych Fashion Weekach. <strong>Futerkowe modele maj\u0105 oryginalny kszta\u0142t i materia\u0142<\/strong>, kt\u00f3ry dodatkowo ozdobiono po\u0142yskuj\u0105c\u0105 nitk\u0105 \u2013 dzi\u0119ki temu torebki doskonale sprawdz\u0105 si\u0119 zar\u00f3wno do noszenia na co dzie\u0144, jak i specjalne wyj\u015bcia!<\/p>\n\n\n\n<p><\/p>\n\n\n\n<figure class=\"wp-block-gallery has-nested-images columns-default is-cropped wp-block-gallery-1 is-layout-flex wp-block-gallery-is-layout-flex\">\n<figure class=\"wp-block-image size-large\"><a href=\"https:\/\/ccc.eu\/pl\/torby\/torby-damskie\/torebka-jenny-fairy-mjh-c-06c-02-niebieski\" target=\"_blank\" rel=\"noopener\"><img loading=\"lazy\" decoding=\"async\" width=\"683\" height=\"1024\" data-id=\"13089\" src=\"https:\/\/blog.ccc.eu\/pl\/wp-content\/uploads\/2022\/12\/CCC_5904862436975_03M-683x1024.jpg\" alt=\"damska torebka z futerkiem\" class=\"wp-image-13089\" srcset=\"https:\/\/blog.ccc.eu\/pl\/wp-content\/uploads\/2022\/12\/CCC_5904862436975_03M-683x1024.jpg 683w, https:\/\/blog.ccc.eu\/pl\/wp-content\/uploads\/2022\/12\/CCC_5904862436975_03M-200x300.jpg 200w, https:\/\/blog.ccc.eu\/pl\/wp-content\/uploads\/2022\/12\/CCC_5904862436975_03M-768x1152.jpg 768w, https:\/\/blog.ccc.eu\/pl\/wp-content\/uploads\/2022\/12\/CCC_5904862436975_03M-100x150.jpg 100w, https:\/\/blog.ccc.eu\/pl\/wp-content\/uploads\/2022\/12\/CCC_5904862436975_03M.jpg 876w\" sizes=\"auto, (max-width: 683px) 100vw, 683px\" \/><\/a><\/figure>\n\n\n\n<figure class=\"wp-block-image size-large\"><a href=\"https:\/\/ccc.eu\/pl\/torby\/torby-damskie\/torebka-jenny-fairy-mjh-c-06c-02-niebieski\" target=\"_blank\" rel=\"noopener\"><img loading=\"lazy\" decoding=\"async\" width=\"683\" height=\"1024\" data-id=\"13090\" src=\"https:\/\/blog.ccc.eu\/pl\/wp-content\/uploads\/2022\/12\/imgonline-com-ua-CompressToSize-bljeNUWsXsktZ-683x1024.jpg\" alt=\"szara damska torebka z futerkiem\" class=\"wp-image-13090\" srcset=\"https:\/\/blog.ccc.eu\/pl\/wp-content\/uploads\/2022\/12\/imgonline-com-ua-CompressToSize-bljeNUWsXsktZ-683x1024.jpg 683w, https:\/\/blog.ccc.eu\/pl\/wp-content\/uploads\/2022\/12\/imgonline-com-ua-CompressToSize-bljeNUWsXsktZ-200x300.jpg 200w, https:\/\/blog.ccc.eu\/pl\/wp-content\/uploads\/2022\/12\/imgonline-com-ua-CompressToSize-bljeNUWsXsktZ-768x1152.jpg 768w, https:\/\/blog.ccc.eu\/pl\/wp-content\/uploads\/2022\/12\/imgonline-com-ua-CompressToSize-bljeNUWsXsktZ-100x150.jpg 100w, https:\/\/blog.ccc.eu\/pl\/wp-content\/uploads\/2022\/12\/imgonline-com-ua-CompressToSize-bljeNUWsXsktZ.jpg 876w\" sizes=\"auto, (max-width: 683px) 100vw, 683px\" \/><\/a><\/figure>\n<\/figure>\n\n\n\n<p>Futrzany model torebki to dla Ciebie za du\u017co? W ofercie marki Jenny Fairy czekaj\u0105 na Ciebie tak\u017ce klasyczne modele torebek, do kt\u00f3rych doczepione zosta\u0142y <strong>puszyste pompony<\/strong>. Dodatki te bezpo\u015brednio nawi\u0105zuj\u0105 do trendu, ale s\u0105 o wiele bardziej uniwersalne od wy\u017cej wspomnianych modeli.<\/p>\n\n\n\n<p>Fani klasyki powinni zajrze\u0107 tak\u017ce do oferty torebek od marki Rieker. Znajduj\u0105 si\u0119 w niej propozycje obite ciep\u0142ym, bia\u0142ym ko\u017cuszkiem. Doskonale b\u0119d\u0105 pasowa\u0107 do puchowych kurtek, ko\u017cuch\u00f3w i czapek typu bucket, zrobionych z tego samego tworzywa, kt\u00f3re obecnie s\u0105 na szczycie trend\u00f3w!<\/p>\n\n\n\n\n\n\n<p><\/p>\n\n\n\n<p>Wiesz ju\u017c, na jakie torebki warto zwr\u00f3ci\u0107 uwag\u0119 tej zimy! Zapoznanie si\u0119 z ich zaletami powinno znacznie u\u0142atwi\u0107 Ci wyb\u00f3r tego jedynego modelu. Wszystkie wymienione wy\u017cej torebki znajdziesz w sklepach CCC, na ccc.eu i w aplikacji. Udanych zakup\u00f3w!<\/p>\n","protected":false},"excerpt":{"rendered":"<p>Poszukujesz torebki, kt\u00f3ra idealnie uzupe\u0142ni Twoje zimowe outfity? Nasza Stylistka wyselekcjonowa\u0142a 3 najmodniejsze i najbardziej rozchwytywane modele! Wszystkie pochodz\u0105 z najnowszych kolekcji marek dost\u0119pnych w stacjonarnych salonach sklep\u00f3w CCC, a tak\u017ce na ccc.eu i w aplikacji. Nie tylko zachwycaj\u0105 one efektownym designem, ale s\u0105 tak\u017ce praktyczne. Kt\u00f3ra torebka na zim\u0119 najlepiej pasuje do Twojego stylu? [&hellip;]<\/p>\n","protected":false},"author":20,"featured_media":20628,"comment_status":"open","ping_status":"closed","sticky":false,"template":"","format":"standard","meta":{"_acf_changed":false,"footnotes":""},"categories":[1574,6,1136],"tags":[17,9,1138],"class_list":["post-13087","post","type-post","status-publish","format-standard","has-post-thumbnail","hentry","category-modne-torebki","category-trendy","category-zimowe-trendy","tag-torebki-damskie","tag-trendy","tag-zimowe-trendy"],"acf":[],"_links":{"self":[{"href":"https:\/\/blog.ccc.eu\/pl\/wp-json\/wp\/v2\/posts\/13087","targetHints":{"allow":["GET"]}}],"collection":[{"href":"https:\/\/blog.ccc.eu\/pl\/wp-json\/wp\/v2\/posts"}],"about":[{"href":"https:\/\/blog.ccc.eu\/pl\/wp-json\/wp\/v2\/types\/post"}],"author":[{"embeddable":true,"href":"https:\/\/blog.ccc.eu\/pl\/wp-json\/wp\/v2\/users\/20"}],"replies":[{"embeddable":true,"href":"https:\/\/blog.ccc.eu\/pl\/wp-json\/wp\/v2\/comments?post=13087"}],"version-history":[{"count":11,"href":"https:\/\/blog.ccc.eu\/pl\/wp-json\/wp\/v2\/posts\/13087\/revisions"}],"predecessor-version":[{"id":20821,"href":"https:\/\/blog.ccc.eu\/pl\/wp-json\/wp\/v2\/posts\/13087\/revisions\/20821"}],"wp:featuredmedia":[{"embeddable":true,"href":"https:\/\/blog.ccc.eu\/pl\/wp-json\/wp\/v2\/media\/20628"}],"wp:attachment":[{"href":"https:\/\/blog.ccc.eu\/pl\/wp-json\/wp\/v2\/media?parent=13087"}],"wp:term":[{"taxonomy":"category","embeddable":true,"href":"https:\/\/blog.ccc.eu\/pl\/wp-json\/wp\/v2\/categories?post=13087"},{"taxonomy":"post_tag","embeddable":true,"href":"https:\/\/blog.ccc.eu\/pl\/wp-json\/wp\/v2\/tags?post=13087"}],"curies":[{"name":"wp","href":"https:\/\/api.w.org\/{rel}","templated":true}]}}