{"id":13639,"date":"2023-01-20T08:37:03","date_gmt":"2023-01-20T07:37:03","guid":{"rendered":"https:\/\/blog.ccc.eu\/pl\/?p=13639"},"modified":"2023-01-20T08:37:05","modified_gmt":"2023-01-20T07:37:05","slug":"spodnica-midi-stylizacje-modne-w-2023-roku","status":"publish","type":"post","link":"https:\/\/blog.ccc.eu\/pl\/spodnica-midi-stylizacje-modne-w-2023-roku\/","title":{"rendered":"Sp\u00f3dnica midi \u2013 stylizacje modne w 2023 roku"},"content":{"rendered":"\n<p><b>Sp\u00f3dnica midi w damskiej garderobie jest bardzo klasycznym, uniwersalnym i \u201ebezpiecznym\u201d wyborem. Wsp\u00f3\u0142czesna moda lubi bra\u0107 na warsztat ponadczasowe elementy, kt\u00f3re przedstawia w zupe\u0142nie nowej ods\u0142onie. Trendy na nowy rok przewiduj\u0105, \u017ce sp\u00f3dnice midi b\u0119d\u0105 w centrum zainteresowania, stanowi\u0105c trzon najmodniejszych stylizacji. Dlatego ju\u017c teraz sprawdzamy, jakie dobra\u0107 buty do sp\u00f3dnicy midi oraz jak j\u0105 stylizowa\u0107 o ka\u017cdej porze roku.<\/b><\/p>\n\n\n\n<figure class=\"wp-block-gallery has-nested-images columns-default is-cropped wp-block-gallery-1 is-layout-flex wp-block-gallery-is-layout-flex\">\n<figure class=\"wp-block-image size-large\"><img loading=\"lazy\" decoding=\"async\" width=\"771\" height=\"1020\" data-id=\"13640\" src=\"https:\/\/blog.ccc.eu\/pl\/wp-content\/uploads\/2023\/01\/CCC_Lasocki_074.jpg\" alt=\"\" class=\"wp-image-13640\" srcset=\"https:\/\/blog.ccc.eu\/pl\/wp-content\/uploads\/2023\/01\/CCC_Lasocki_074.jpg 771w, https:\/\/blog.ccc.eu\/pl\/wp-content\/uploads\/2023\/01\/CCC_Lasocki_074-227x300.jpg 227w, https:\/\/blog.ccc.eu\/pl\/wp-content\/uploads\/2023\/01\/CCC_Lasocki_074-768x1016.jpg 768w, https:\/\/blog.ccc.eu\/pl\/wp-content\/uploads\/2023\/01\/CCC_Lasocki_074-100x132.jpg 100w\" sizes=\"auto, (max-width: 771px) 100vw, 771px\" \/><\/figure>\n\n\n\n<figure class=\"wp-block-image size-large\"><img loading=\"lazy\" decoding=\"async\" width=\"683\" height=\"1024\" data-id=\"13641\" src=\"https:\/\/blog.ccc.eu\/pl\/wp-content\/uploads\/2023\/01\/untitled-3846-683x1024.jpg\" alt=\"\" class=\"wp-image-13641\" srcset=\"https:\/\/blog.ccc.eu\/pl\/wp-content\/uploads\/2023\/01\/untitled-3846-683x1024.jpg 683w, https:\/\/blog.ccc.eu\/pl\/wp-content\/uploads\/2023\/01\/untitled-3846-200x300.jpg 200w, https:\/\/blog.ccc.eu\/pl\/wp-content\/uploads\/2023\/01\/untitled-3846-768x1152.jpg 768w, https:\/\/blog.ccc.eu\/pl\/wp-content\/uploads\/2023\/01\/untitled-3846-1024x1536.jpg 1024w, https:\/\/blog.ccc.eu\/pl\/wp-content\/uploads\/2023\/01\/untitled-3846-100x150.jpg 100w, https:\/\/blog.ccc.eu\/pl\/wp-content\/uploads\/2023\/01\/untitled-3846.jpg 1085w\" sizes=\"auto, (max-width: 683px) 100vw, 683px\" \/><\/figure>\n<\/figure>\n\n\n\n<h2 class=\"wp-block-heading\">Kilka s\u0142\u00f3w o sp\u00f3dnicy midi<\/h2>\n\n\n\n<p>Sp\u00f3dnica midi nale\u017cy do klasyk\u00f3w z damskiej szafy. Jest te\u017c kompromisem pomi\u0119dzy d\u0142uga sukienk\u0105 czy sp\u00f3dnic\u0105, kt\u00f3ra zakrywa ca\u0142e nogi a minisp\u00f3dniczk\u0105, kt\u00f3ra pokazuje je w pe\u0142nej okaza\u0142o\u015bci. Bezapelacyjnie kojarzy nam si\u0119 z pocz\u0105tkiem XXI wieku, gdzie by\u0142a bardzo cz\u0119stym wyborem. D\u0142ugo\u015b\u0107 midi to ta, kt\u00f3ra mo\u017ce ko\u0144czy\u0107 si\u0119 za kolanem lub nieco wy\u017cej ponad kostk\u0105 \u2013 w po\u0142owie \u0142ydki. Trendy na nowy rok przewiduj\u0105 wielki powr\u00f3t midi. Mo\u017cemy ogl\u0105da\u0107 jej pr\u0119\u017cny rozw\u00f3j w trendzie Frazzled English woman, kt\u00f3ry nawi\u0105zuje do stylizacji Angielek z komedii romantycznych. Sp\u00f3dnice midi maj\u0105 wbrew pozorom bardzo du\u017co do zaoferowania. Od wersji klasycznej do tej bardziej ekstrawaganckiej. Zobacz jak stylizowa\u0107 w 2023 roku!<\/p>\n\n\n\n<h2 class=\"wp-block-heading\">Sp\u00f3dnica midi na wiosn\u0119<\/h2>\n\n\n\n<p>Jak nosi\u0107 sp\u00f3dnic\u0119 midi wiosn\u0105? Odwo\u0142aj si\u0119 do trend\u00f3w z pocz\u0105tku XXI wieku, kt\u00f3re zestawia\u0142y j\u0105 z dopasowanymi golfami czy te\u017c puszystymi swetrami. Bardzo dobrym wyborem b\u0119d\u0105 o\u0142\u00f3wkowe modele sp\u00f3dnic, wykonane z dzianiny, w jasnej kolorystyce. \u015awietnie sprawdz\u0105 si\u0119 be\u017ce, b\u0142\u0119kity (zwr\u00f3\u0107 szczeg\u00f3ln\u0105 uwag\u0119 na baby blue), pistacjowa ziele\u0144, ale te\u017c i r\u00f3\u017c! Do takiego zestawu mo\u017cesz dobra\u0107 wci\u0105\u017c (lub zawsze) modny trencz i kwiatow\u0105 apaszk\u0119. Wiosn\u0105 bardzo dobrze sprawdz\u0105 si\u0119 botki do sp\u00f3dnicy midi. Te na s\u0142upku lub niewysokim obcasie.<\/p>\n\n\n\n<h2 class=\"wp-block-heading\">Sp\u00f3dnica midi na lato<\/h2>\n\n\n\n<p>Ta pora roku daje nam du\u017co wi\u0119cej swobody ni\u017c wiosna. Najlepszym wyborem b\u0119d\u0105 stylizacje z plisowan\u0105 sp\u00f3dnic\u0105 midi, szczeg\u00f3lnie t\u0105 w bia\u0142ym kolorze! \u015awietnie po\u0142\u0105czy si\u0119 z oversizowym prostym t-shirtem lub crop topem. W letnim sezonie b\u0119d\u0105 kr\u00f3lowa\u0142y te\u017c przezroczysto\u015bci, a w\u015br\u00f3d trend\u00f3w mogli\u015bmy zobaczy\u0107 sp\u00f3dnice midi wykonane z prze\u015bwituj\u0105cego tiulu z minipodszewk\u0105. Doskona\u0142ym wyborem w tym przypadku b\u0119d\u0105 adidasy do sp\u00f3dnicy, kt\u00f3re nadadz\u0105 jej ultramodowy charakter. Zestaw j\u0105 z bucket hat i s\u0142omianym koszykiem.<\/p>\n\n\n\n<h2 class=\"wp-block-heading\">Sp\u00f3dnica midi na jesie\u0144<\/h2>\n\n\n\n<p>Jesieni\u0105 doskona\u0142ym wyborem b\u0119d\u0105 stylizacje z jeansow\u0105 sp\u00f3dnic\u0105 midi. Denim jest na tyle uniwersalnym materia\u0142em, \u017ce mo\u017cesz stworzy\u0107 z nim outfity w r\u00f3\u017cnych stylach. Je\u017celi wybierzesz klasyczn\u0105 jeansow\u0105 sp\u00f3dnic\u0119, do kt\u00f3rej dopasujesz oversizow\u0105 kr\u00f3tk\u0105 bluz\u0119 w kolorze z\u0142amanej bieli, to do tego zestawu dobierz te\u017c sportowe obuwie. Sp\u00f3dnica midi i trampki b\u0119d\u0105 \u015bwietnym rozwi\u0105zaniem! Mo\u017cesz zdecydowa\u0107 si\u0119 te\u017c na modn\u0105 w 2023 roku wersj\u0119. Wybierz sp\u00f3dnic\u0119 midi z guzikami na ca\u0142ej d\u0142ugo\u015bci i dopasuj do niej neonowy moherowy sweter. Taki zestaw uzupe\u0142ni\u0105 bomberka lub motocyklowa kurtka i klasyczne botki.<\/p>\n\n\n\n<h2 class=\"wp-block-heading\">Sp\u00f3dnica midi na zim\u0119<\/h2>\n\n\n\n<p>Zim\u0105 bardzo dobrym wyborem b\u0119d\u0105 szersze kroje. Zn\u00f3w odwo\u0142ujemy si\u0119 do trend\u00f3w Y2K. Sp\u00f3dnice w krat\u0119 wykonane z we\u0142ny lub grubej dzianiny, te o warkoczowym splocie, w kolorach be\u017cu, br\u0105zu czy szaro\u015bci. \u015awietnie b\u0119d\u0105 wsp\u00f3\u0142gra\u0142y z dopasowanymi golfami w bardzo neutralnej kolorystyce pe\u0142nej bieli czy czerni. Bardzo dobrym uzupe\u0142nieniem w tym przypadku b\u0119d\u0105 p\u0142askie buty do sp\u00f3dnicy midi. Mo\u017cesz wybra\u0107 tradycyjne kozaki czy muszkieterki.<\/p>\n\n\n\n<h2 class=\"wp-block-heading\">Jakie buty do sp\u00f3dnicy midi b\u0119d\u0105 najlepszym wyborem?<\/h2>\n\n\n\n<p>Sp\u00f3dnica midi mo\u017ce stanowi\u0107 wyzwanie w tworzeniu bardzo dobrych i modnych stylizacji. Dlatego przygotowali\u015bmy dla Ciebie zestawienie but\u00f3w, z kt\u00f3rymi doskonale si\u0119 skomponuje, co pomo\u017ce Ci podj\u0105\u0107 modowe wybory.<\/p>\n\n\n\n<p><strong>Loafersy na grubej podeszwie<\/strong> \u2013 te buty s\u0105 prawdziwym hitem, kt\u00f3ry cieszy si\u0119 ogromn\u0105 popularno\u015bci\u0105 ju\u017c od kilku sezon\u00f3w. Nic nie wskazuje na to, by w 2023 roku mia\u0142o si\u0119 co\u015b zmieni\u0107. Obszerne loafersy \u015bwietnie skomponuj\u0105 si\u0119 ze sp\u00f3dnic\u0105 midi. W CCC znajdziesz takie modele but\u00f3w w kolekcjach marek Badura, Jenny Fairy czy Gino Rossi. Pod uwag\u0119 we\u017a czekoladowe br\u0105zy, ale te\u017c i klasyczn\u0105 kolorystyk\u0119.<\/p>\n\n\n\n\n\n\n\n<p><\/p>\n\n\n\n<p><strong>Botki na s\u0142upku<\/strong> \u2013 s\u0105 zawsze bardzo dobrym wyborem. Praktyczne, wygodne, a dodatkowo podkre\u015bl\u0105 sylwetk\u0119 i pozwol\u0105 jej doskonale wybrzmie\u0107 w\u0142a\u015bnie w zestawieniu ze sp\u00f3dnic\u0105 midi. Botki na s\u0142upku b\u0119d\u0105 bardzo dobrze wygl\u0105da\u0142y w podstawowej kolorystyce, kt\u00f3ra pozwoli na stworzenie modowej bazy. W CCC znajdziesz botki na s\u0142upku w kolekcjach Jenny Fairy czy Lasocki.<\/p>\n\n\n\n\n\n\n\n<p><\/p>\n\n\n\n<p><strong>Cz\u00f3\u0142enka<\/strong> \u2013 to niew\u0105tpliwie must have ka\u017cdej damskiej garderoby. Na kt\u00f3re modele warto zwr\u00f3ci\u0107 uwag\u0119 w 2023 roku? Te wykonane z weluru lub zamszu! Nie daj si\u0119 ograniczy\u0107 basicowym barwom. Warto postawi\u0107 na brzoskwiniowe odcienie, ale te\u017c i te id\u0105ce w stron\u0119 bieli czy bardziej pastelowej kolorystyki. \u015awietnie sprawdz\u0105 si\u0119 w wiosennych zestawach. W CCC znajdziesz je u Jenny Fairy czy Lasockiego.<\/p>\n\n\n\n\n\n\n\n<p><\/p>\n\n\n\n<p><strong>Sanda\u0142y na platformie<\/strong> \u2013 w 2023 roku wci\u0105\u017c s\u0105 na topie, ca\u0142kowicie usuwaj\u0105c w cie\u0144 innego typu obcasy. Wsp\u00f3\u0142czesne platformy b\u0119d\u0105 prezentowa\u0142y si\u0119 perfekcyjnie w metalicznej ods\u0142onie! Wybierz srebrne sanda\u0142y lub r\u00f3\u017cowe czy klasyczne czarne. Doskonale po\u0142\u0105cz\u0105 si\u0119 z lekk\u0105 sp\u00f3dnic\u0105 midi latem! Najmodniejsze modele znajdziesz w kolekcjach DeeZee czy Jenny Fairy.<\/p>\n\n\n\n\n\n\n\n<p><\/p>\n\n\n\n<p><strong>Kozaki przed kolano<\/strong> \u2013 ponadczasowy klasyk sprawdza si\u0119 zawsze, a do sp\u00f3dnicy midi pasuje idealnie. Wybieraj te modele, kt\u00f3re s\u0105 dopasowane do \u0142ydki, zar\u00f3wno p\u0142askie, jak i na szpilce czy s\u0142upku. Ze sp\u00f3dnic\u0105 midi stworz\u0105 wspania\u0142\u0105 wersj\u0119 glamour. Mo\u017ce wybierzesz t\u0119 wykonan\u0105 z imitacji sk\u00f3ry? Zjawiskowe kozaki znajdziesz w kolekcjach Lasocki, Gino Rossi czy Jenny Fairy.<\/p>\n\n\n\n\n\n\n\n<p><\/p>\n\n\n\n<p>Sp\u00f3dnica midi w 2023 roku wysunie si\u0119 na prowadzenie, przed innymi d\u0142ugo\u015bciami i b\u0119dzie popularna jak nigdy wcze\u015bniej. Nawi\u0105zuj\u0105c do pocz\u0105tku stulecia i jego pierwszej dekady, ale te\u017c i prezentuj\u0105c ca\u0142kowicie nowe oblicze. Dobierz do niej najmodniejsze w tym roku buty i stw\u00f3rz stylizacje na miar\u0119 trzeciej dekady XXI wieku!<\/p>\n","protected":false},"excerpt":{"rendered":"<p>Sp\u00f3dnica midi w damskiej garderobie jest bardzo klasycznym, uniwersalnym i \u201ebezpiecznym\u201d wyborem. Wsp\u00f3\u0142czesna moda lubi bra\u0107 na warsztat ponadczasowe elementy, kt\u00f3re przedstawia w zupe\u0142nie nowej ods\u0142onie. Trendy na nowy rok przewiduj\u0105, \u017ce sp\u00f3dnice midi b\u0119d\u0105 w centrum zainteresowania, stanowi\u0105c trzon najmodniejszych stylizacji. Dlatego ju\u017c teraz sprawdzamy, jakie dobra\u0107 buty do sp\u00f3dnicy midi oraz jak j\u0105 [&hellip;]<\/p>\n","protected":false},"author":17,"featured_media":13641,"comment_status":"open","ping_status":"closed","sticky":false,"template":"","format":"standard","meta":{"_acf_changed":false,"footnotes":""},"categories":[4,6],"tags":[1282,96,1281,9],"class_list":["post-13639","post","type-post","status-publish","format-standard","has-post-thumbnail","hentry","category-porady","category-trendy","tag-buty-do-spodnicy","tag-porady","tag-spodnica-midi","tag-trendy"],"acf":[],"_links":{"self":[{"href":"https:\/\/blog.ccc.eu\/pl\/wp-json\/wp\/v2\/posts\/13639","targetHints":{"allow":["GET"]}}],"collection":[{"href":"https:\/\/blog.ccc.eu\/pl\/wp-json\/wp\/v2\/posts"}],"about":[{"href":"https:\/\/blog.ccc.eu\/pl\/wp-json\/wp\/v2\/types\/post"}],"author":[{"embeddable":true,"href":"https:\/\/blog.ccc.eu\/pl\/wp-json\/wp\/v2\/users\/17"}],"replies":[{"embeddable":true,"href":"https:\/\/blog.ccc.eu\/pl\/wp-json\/wp\/v2\/comments?post=13639"}],"version-history":[{"count":1,"href":"https:\/\/blog.ccc.eu\/pl\/wp-json\/wp\/v2\/posts\/13639\/revisions"}],"predecessor-version":[{"id":13642,"href":"https:\/\/blog.ccc.eu\/pl\/wp-json\/wp\/v2\/posts\/13639\/revisions\/13642"}],"wp:featuredmedia":[{"embeddable":true,"href":"https:\/\/blog.ccc.eu\/pl\/wp-json\/wp\/v2\/media\/13641"}],"wp:attachment":[{"href":"https:\/\/blog.ccc.eu\/pl\/wp-json\/wp\/v2\/media?parent=13639"}],"wp:term":[{"taxonomy":"category","embeddable":true,"href":"https:\/\/blog.ccc.eu\/pl\/wp-json\/wp\/v2\/categories?post=13639"},{"taxonomy":"post_tag","embeddable":true,"href":"https:\/\/blog.ccc.eu\/pl\/wp-json\/wp\/v2\/tags?post=13639"}],"curies":[{"name":"wp","href":"https:\/\/api.w.org\/{rel}","templated":true}]}}