{"id":14682,"date":"2024-01-25T13:21:54","date_gmt":"2024-01-25T12:21:54","guid":{"rendered":"https:\/\/blog.ccc.eu\/pl\/?p=14682"},"modified":"2024-01-25T13:21:56","modified_gmt":"2024-01-25T12:21:56","slug":"jak-sie-ubrac-na-ostatki","status":"publish","type":"post","link":"https:\/\/blog.ccc.eu\/pl\/jak-sie-ubrac-na-ostatki\/","title":{"rendered":"Jak si\u0119 ubra\u0107 na ostatki?"},"content":{"rendered":"\n<p><strong>Wed\u0142ug obowi\u0105zuj\u0105cego kalendarium czas karnawa\u0142u ko\u0144czy si\u0119 zazwyczaj w lutym. I cho\u0107 imprez\u0119 mo\u017cna zorganizowa\u0107 przez ca\u0142y rok, to jednak ostatki s\u0105 tym czasem, kt\u00f3ry zamyka pewien okres, r\u00f3wnie\u017c ten modowy, by otworzy\u0107 si\u0119 na nowe wyzwania. Ostatki s\u0105 d\u0142ugowiecznym zwyczajem, kt\u00f3ry ch\u0119tnie obchodzimy przez pi\u0119\u0107 dni. Nazywane zapustami, \u015bledzikiem, kusakami czy kozelkiem, s\u0105 kolejn\u0105 okazj\u0105 do tego, by wybra\u0107 si\u0119 na imprez\u0119 w wyj\u0105tkowej stylizacji. Dowiedz si\u0119 wi\u0119cej o ostatnich dniach karnawa\u0142u i sprawd\u017a nasze modowe porady, jak si\u0119 ubra\u0107 na ostatki. <\/strong><\/p>\n\n\n\n<figure class=\"wp-block-gallery has-nested-images columns-default is-cropped wp-block-gallery-1 is-layout-flex wp-block-gallery-is-layout-flex\">\n<figure class=\"wp-block-image size-large\"><img decoding=\"async\" data-id=\"14683\" src=\"https:\/\/blog.ccc.eu\/pl\/wp-content\/uploads\/2023\/02\/GettyImages-1326422186-1.jpg\" alt=\"stylizacja na ostatki\" class=\"wp-image-14683\"\/><\/figure>\n<\/figure>\n\n\n\n<h2 class=\"wp-block-heading\">Co to ostatki?<\/h2>\n\n\n\n<p>To po prostu ostatnie dni karnawa\u0142u, kt\u00f3re rozpoczynaj\u0105 si\u0119 t\u0142ustym czwartkiem i ko\u0144cz\u0105 we wtorek \u201e\u015bledzikiem\u201d. Od \u015brody zaczyna si\u0119 ju\u017c nowy okres, nie tylko w kalendarzu czy ko\u015bciele, ale te\u017c i w wielu bran\u017cach, w tym w modowej. Ostatki trwaj\u0105 zatem pi\u0119\u0107 dni i s\u0105 czasem, w kt\u00f3rym organizuje si\u0119 bale i imprezy karnawa\u0142owe, zamykaj\u0105ce okres \u015bwi\u0105teczno-sylwestrowy.<\/p>\n\n\n\n<p><strong>W 2024 roku ostatki rozpoczynaj\u0105 si\u0119 w czwartek 8 lutego i ko\u0144cz\u0105 we wtorek 13 lutego<\/strong>. Do najbardziej hucznie obchodzonych ostatk\u00f3w na \u015bwiecie nale\u017c\u0105 te w Rio de Janeiro. To w\u0142a\u015bnie wtedy w Brazylii trwa najd\u0142u\u017csza impreza, o kt\u00f3rej g\u0142o\u015bno jest na ca\u0142ym \u015bwiecie.<\/p>\n\n\n\n<h2 class=\"wp-block-heading\">Co ostatki oznaczaj\u0105 w \u015bwiecie mody?<\/h2>\n\n\n\n<p>Bran\u017ca modowa jest bardzo dobrze skorelowana z tradycj\u0105 i \u015bwi\u0119tami obchodzonymi na ca\u0142ym \u015bwiecie. Symbioza pomi\u0119dzy wieloma p\u0142aszczyznami pozwala bardzo dobrze funkcjonowa\u0107 wielu przemys\u0142om. Ostatki w \u015bwiecie mody s\u0105 zako\u0144czeniem sezonu jesienno-zimowego, zazwyczaj wtedy te\u017c ko\u0144cz\u0105 si\u0119 wyprzeda\u017ce, a w sklepach zaczynaj\u0105 pojawia\u0107 si\u0119 kolekcje przej\u015bciowe i te na nowy sezon.<\/p>\n\n\n\n<p><strong>Ostatki to te\u017c czas, w kt\u00f3rym \u017cegnamy si\u0119 z pewnymi trendami, by m\u00f3c powita\u0107 nowe. <\/strong>Jednak nim przyjdzie wiosna, hucznie \u017cegnamy sezon zimowy, przygotowuj\u0105c si\u0119 na najmodniejsze bale w roku. Koniec karnawa\u0142u to wyj\u0105tkowy i symboliczny czas w \u015bwiecie mody. Zobacz, w jakich stylizacjach mo\u017cesz go sp\u0119dzi\u0107.<\/p>\n\n\n\n<h2 class=\"wp-block-heading\">Stylizacje na ostatki dla kobiet<\/h2>\n\n\n\n<p>Ostatki wci\u0105\u017c maj\u0105 miejsce w sezonie zimowym, kt\u00f3ry nie rozpieszcza nieprzewidywaln\u0105 pogod\u0105. Dlatego musisz zawsze wzi\u0105\u0107 to pod uwag\u0119, gdy b\u0119dziesz przygotowywa\u0142a sw\u00f3j outfit. Podpowiemy Ci kilka stylizacji na ostatki, kt\u00f3re b\u0119d\u0105 kwintesencj\u0105 bie\u017c\u0105cych trend\u00f3w, zapowiedzi\u0105 tych nowych, ale te\u017c i po\u0142\u0105czeniem ponadczasowej klasyki, kt\u00f3ra sprawdza si\u0119 niezale\u017cnie od czasu. <strong>Zobacz, jak ubra\u0107 si\u0119 na imprez\u0119 w domu, w klubie lub na zorganizowany bal.<\/strong><\/p>\n\n\n\n<figure class=\"wp-block-gallery has-nested-images columns-default is-cropped wp-block-gallery-2 is-layout-flex wp-block-gallery-is-layout-flex\">\n<figure class=\"wp-block-image size-large\"><img loading=\"lazy\" decoding=\"async\" width=\"768\" height=\"1024\" data-id=\"14684\" src=\"https:\/\/blog.ccc.eu\/pl\/wp-content\/uploads\/2023\/02\/CCC-XMAS-2918_F.jpg\" alt=\"damskie stylizacje na ostatki\" class=\"wp-image-14684\" srcset=\"https:\/\/blog.ccc.eu\/pl\/wp-content\/uploads\/2023\/02\/CCC-XMAS-2918_F.jpg 768w, https:\/\/blog.ccc.eu\/pl\/wp-content\/uploads\/2023\/02\/CCC-XMAS-2918_F-225x300.jpg 225w, https:\/\/blog.ccc.eu\/pl\/wp-content\/uploads\/2023\/02\/CCC-XMAS-2918_F-100x133.jpg 100w\" sizes=\"auto, (max-width: 768px) 100vw, 768px\" \/><\/figure>\n\n\n\n<figure class=\"wp-block-image size-large\"><img loading=\"lazy\" decoding=\"async\" width=\"768\" height=\"1024\" data-id=\"14685\" src=\"https:\/\/blog.ccc.eu\/pl\/wp-content\/uploads\/2023\/02\/CCC-XMAS-2942_F.jpg\" alt=\"ostatki\" class=\"wp-image-14685\" srcset=\"https:\/\/blog.ccc.eu\/pl\/wp-content\/uploads\/2023\/02\/CCC-XMAS-2942_F.jpg 768w, https:\/\/blog.ccc.eu\/pl\/wp-content\/uploads\/2023\/02\/CCC-XMAS-2942_F-225x300.jpg 225w, https:\/\/blog.ccc.eu\/pl\/wp-content\/uploads\/2023\/02\/CCC-XMAS-2942_F-100x133.jpg 100w\" sizes=\"auto, (max-width: 768px) 100vw, 768px\" \/><\/figure>\n<\/figure>\n\n\n\n<h3 class=\"wp-block-heading\">Jak si\u0119 ubra\u0107 na ostatki w domu? Nowoczesny zestaw w zgodzie z trendami<\/h3>\n\n\n\n<p>To w\u0142a\u015bnie jest ten moment, w kt\u00f3rym zamieniasz wygodne dresy na osza\u0142amiaj\u0105c\u0105 stylizacj\u0119! Dom\u00f3wka w duchu karnawa\u0142u to ostatnia szansa na to, by\u015b wyci\u0105gn\u0119\u0142a z szafy cekinow\u0105 sukienk\u0119. Daj o\u017cy\u0107 wspomnieniom z sylwestra czy hucznych imprez karnawa\u0142owych i po\u017cegnaj ten okres w wielkim stylu. <strong>Do swojej cekinowej sukienki za\u0142\u00f3\u017c srebrne lustrzane szpilki.<\/strong><\/p>\n\n\n\n<p>Dlaczego akurat te? Wci\u0105\u017c s\u0105 utrzymane w imprezowym stylu, a dodatkowo s\u0105 zapowiedzi\u0105 nowych trend\u00f3w. Te szpilki, kt\u00f3re po\u0142\u0105czysz z karnawa\u0142ow\u0105 stylizacj\u0105, za\u0142o\u017cysz wiosn\u0105 do bia\u0142ego garnituru! Mamy dla Ciebie idealne modele w kolekcji Jenny Fairy czy Nine West New York!<\/p>\n\n\n\n\n\n\n<p><\/p>\n\n\n\n<h3 class=\"wp-block-heading\">Jak si\u0119 ubra\u0107 na ostatki w klubie? Zab\u0142y\u015bnij na parkiecie!<\/h3>\n\n\n\n<p>Postanowi\u0142a\u015b hucznie uczci\u0107 ostatni imprezowy okres? Wspaniale! Skorzystaj z zimowych trend\u00f3w, kt\u00f3re masz w swojej garderobie. Nie wiadomo, czy za rok wci\u0105\u017c b\u0119d\u0105 tak modne? Wybierz lej\u0105c\u0105 si\u0119 satynow\u0105 sukienk\u0119, lub cekinowe spodnie w z\u0142otym kolorze i bia\u0142\u0105 marynark\u0119. <strong>Doskona\u0142ymi butami, jakie b\u0119d\u0105 \u015bwietnie \u0142\u0105czy\u0142y si\u0119 z tymi zestawami b\u0119d\u0105 platformy!<\/strong><\/p>\n\n\n\n<p>Popularne w poprzednim sezonie, w tym, a tak\u017ce przysz\u0142ym i\u2026 by\u0107 mo\u017ce w kolejnych. Wyb\u00f3r platform pozwoli Ci zachowa\u0107 imprezowego ducha, a tak\u017ce otworzy\u0107 si\u0119 na nowe trendy. Dobrym wyborem b\u0119d\u0105 platformy w metalicznym kolorze r\u00f3\u017cu, w czerni czy srebrze. Wiemy, \u017ce znajdziesz takie w kolekcji Jenny Fairy.<\/p>\n\n\n\n\n\n\n<p><\/p>\n\n\n\n<h3 class=\"wp-block-heading\">Jak si\u0119 ubra\u0107 na ostatki na balu? Postaw na efektowny glamour<\/h3>\n\n\n\n<p>Koniec karnawa\u0142u obchodzisz na zorganizowanym balu w bardzo eleganckim klimacie? Postaw na klasyk\u0119, kt\u00f3ra nie wychodzi nigdy z mody. \u015awietnym rozwi\u0105zaniem b\u0119dzie czerwona welurowa sukienka i z\u0142ote brokatowe szpilki, kt\u00f3re podkre\u015bl\u0105 charakter ca\u0142ej stylizacji. Masz w szafie tiulow\u0105 kreacj\u0119 lub bardzo strojny koronkowy \u017cakiet? Tak! To jest ten moment, gdy mo\u017cesz je za\u0142o\u017cy\u0107.<\/p>\n\n\n\n<p><strong>Nie ma lepszej okazji ni\u017c bal, na za\u0142o\u017cenie tiulu, z kolei koronka jest bardzo mocnym wiosennym trendem i pomo\u017ce Ci p\u0142ynne przej\u015b\u0107 z jednego sezonu w drugi.<\/strong> Wybierz do swojego ultramodowego zestawu bardzo klasyczne szpilki. Czarne lakierowane cz\u00f3\u0142enka, lub te w kolorze jasnego be\u017cu to przecie\u017c must have Twojej garderoby. Znajdziesz je w kolekcjach Gino Rossi czy Lasocki.<\/p>\n\n\n\n\n\n\n<p><\/p>\n\n\n\n<h2 class=\"wp-block-heading\">Stylizacje na ostatki dla m\u0119\u017cczyzn<\/h2>\n\n\n\n<p>Ostatki to czas, w kt\u00f3rym mo\u017cna pozwoli\u0107 sobie naprawd\u0119 na du\u017co. <strong>Z jednej strony mo\u017cemy bawi\u0107 si\u0119 trendami, z drugiej klasyk\u0105, kt\u00f3ra przecie\u017c nie wychodzi z mody. <\/strong>Tak jest w przypadku m\u0119skich stylizacji na ostatki. Niezale\u017cnie od tego, gdzie postanowisz uczci\u0107 ko\u0144c\u00f3wk\u0119 karnawa\u0142u, pami\u0119taj, \u017ce ponadczasowe obuwie w minimalistycznym stylu, dotrzyma Ci kroku i b\u0119dzie perfekcyjnym uzupe\u0142nieniem Twoich stylizacji. Zobacz najlepsze m\u0119skie stylizacje na ostatki!<\/p>\n\n\n\n<h3 class=\"wp-block-heading\">Ostatki w domu? Kontrolowana swoboda<\/h3>\n\n\n\n<p>Domowa atmosfera pozwala na du\u017c\u0105 swobod\u0119. Mo\u017cesz pozwoli\u0107 sobie na jeansy i sw\u00f3j ulubiony t-shirt lub za\u0142o\u017cy\u0107 eleganck\u0105 koszul\u0119. <strong>Warto jednak ju\u017c teraz wyj\u015b\u0107 trendom naprzeciw.<\/strong> Projektanci zwiastuj\u0105 zar\u00f3wno w damskiej jak i m\u0119skiej modzie wielki powr\u00f3t do koszulek polo.<\/p>\n\n\n\n<p>To wspania\u0142a wiadomo\u015b\u0107, poniewa\u017c pol\u00f3wki bardzo cz\u0119sto s\u0105 sta\u0142ym elementem m\u0119skiej garderoby. Do zestawu z chinosami i koszulk\u0105 polo dobierz klasyczne trampki. Wybieraj\u0105c sk\u00f3rzane modele b\u0119dziesz czu\u0142 si\u0119 elegancko, ale te\u017c i szykownie. Sprawd\u017a oferty marek Lasocki, Puma czy Gino Rossi.<\/p>\n\n\n\n\n\n\n<p><\/p>\n\n\n\n<h3 class=\"wp-block-heading\">Ostatki w klubie \u2013 modowe szale\u0144stwo vs klasyka<\/h3>\n\n\n\n<p>Na bardziej zorganizowan\u0105 imprez\u0119 warto przygotowa\u0107 bardziej eleganck\u0105 stylizacj\u0119. Je\u017celi idziesz na przyj\u0119cie o konkretnej tematyce to mo\u017cesz da\u0107 si\u0119 ponie\u015b\u0107 modowemu szale\u0144stwu i za\u0142o\u017cy\u0107 cekinow\u0105 marynark\u0119 lub holograficzne spodnie!<\/p>\n\n\n\n<p>Nie dla Ciebie? <strong>Tradycyjne chinosy i elegancka koszula mog\u0105 by\u0107 najlepszym uniwersalnym zestawem. <\/strong>Na jakie buty postawi\u0107 w takiej sytuacji? Klasyczne derby czy brogsy b\u0119d\u0105 najlepszym wyborem. Czer\u0144 od\u0142\u00f3\u017c na inne okazje. Popisz si\u0119 palet\u0105 br\u0105z\u00f3w, be\u017c\u00f3w czy khaki, kt\u00f3re sprawdz\u0105 si\u0119 r\u00f3wnie\u017c wiosn\u0105!<\/p>\n\n\n\n\n\n\n<p><\/p>\n\n\n\n<h3 class=\"wp-block-heading\">Ostatki na balu \u2013 elegancja non stop<\/h3>\n\n\n\n<p>Bal na ostatki bardzo cz\u0119sto przypomina sylwestrowe zorganizowane przyj\u0119cie lub miniwesele. To te\u017c jedna z nielicznych okazji, gdy mo\u017cesz pozwoli\u0107 sobie na efektowny, bardzo elegancki look. <strong>Z racji tego, \u017ce jest to wieczorna impreza, to frak jak i smoking b\u0119d\u0105 jak najbardziej po\u017c\u0105dane.<\/strong> W tym przypadku sprawdzi si\u0119 te\u017c mucha.<\/p>\n\n\n\n<p>Mo\u017cesz te\u017c za\u0142o\u017cy\u0107 bardzo ciemny czarny lub granatowy garnitur i obowi\u0105zkowo bia\u0142\u0105 koszul\u0119. Je\u017celi chodzi o buty to, w tej sytuacji pasowa\u0107 b\u0119d\u0105 jedynie oxfordy w macie lub z wysokim po\u0142yskiem. To buty to must have m\u0119skiej garderoby.<\/p>\n\n\n\n\n\n\n<p><\/p>\n\n\n\n<h2 class=\"wp-block-heading\">Po\u017cegnaj karnawa\u0142 w pi\u0119knych butach!<\/h2>\n\n\n\n<p>Ostatki ko\u0144cz\u0105 doprawdy karnawa\u0142, ale rozpoczynaj\u0105 nowy okres, kt\u00f3ry jest pe\u0142en gor\u0105cych trend\u00f3w, nowo\u015bci, i zupe\u0142nie innego spojrzenia. Przygotuj si\u0119 na wyj\u0105tkowy bal, kt\u00f3ry b\u0119dzie kwintesencj\u0105 obowi\u0105zuj\u0105cej mody, a by\u0107 mo\u017ce i ostatni\u0105 szans\u0105 na to, by za\u0142o\u017cy\u0107 niekt\u00f3re stylizacje. Najmodniejsze buty nie tylko na ostatki, ale te\u017c i na nowy sezon znajdziesz salonach CCC, na CCC.eu i w aplikacji!<\/p>\n","protected":false},"excerpt":{"rendered":"<p>Wed\u0142ug obowi\u0105zuj\u0105cego kalendarium czas karnawa\u0142u ko\u0144czy si\u0119 zazwyczaj w lutym. I cho\u0107 imprez\u0119 mo\u017cna zorganizowa\u0107 przez ca\u0142y rok, to jednak ostatki s\u0105 tym czasem, kt\u00f3ry zamyka pewien okres, r\u00f3wnie\u017c ten modowy, by otworzy\u0107 si\u0119 na nowe wyzwania. Ostatki s\u0105 d\u0142ugowiecznym zwyczajem, kt\u00f3ry ch\u0119tnie obchodzimy przez pi\u0119\u0107 dni. Nazywane zapustami, \u015bledzikiem, kusakami czy kozelkiem, s\u0105 kolejn\u0105 [&hellip;]<\/p>\n","protected":false},"author":17,"featured_media":14683,"comment_status":"open","ping_status":"closed","sticky":false,"template":"","format":"standard","meta":{"_acf_changed":false,"footnotes":""},"categories":[1581,4],"tags":[53,1326,96,517],"class_list":["post-14682","post","type-post","status-publish","format-standard","has-post-thumbnail","hentry","category-jak-sie-ubrac","category-porady","tag-buty-damskie","tag-ostatki","tag-porady","tag-stylizacje-damskie"],"acf":[],"_links":{"self":[{"href":"https:\/\/blog.ccc.eu\/pl\/wp-json\/wp\/v2\/posts\/14682","targetHints":{"allow":["GET"]}}],"collection":[{"href":"https:\/\/blog.ccc.eu\/pl\/wp-json\/wp\/v2\/posts"}],"about":[{"href":"https:\/\/blog.ccc.eu\/pl\/wp-json\/wp\/v2\/types\/post"}],"author":[{"embeddable":true,"href":"https:\/\/blog.ccc.eu\/pl\/wp-json\/wp\/v2\/users\/17"}],"replies":[{"embeddable":true,"href":"https:\/\/blog.ccc.eu\/pl\/wp-json\/wp\/v2\/comments?post=14682"}],"version-history":[{"count":2,"href":"https:\/\/blog.ccc.eu\/pl\/wp-json\/wp\/v2\/posts\/14682\/revisions"}],"predecessor-version":[{"id":21932,"href":"https:\/\/blog.ccc.eu\/pl\/wp-json\/wp\/v2\/posts\/14682\/revisions\/21932"}],"wp:featuredmedia":[{"embeddable":true,"href":"https:\/\/blog.ccc.eu\/pl\/wp-json\/wp\/v2\/media\/14683"}],"wp:attachment":[{"href":"https:\/\/blog.ccc.eu\/pl\/wp-json\/wp\/v2\/media?parent=14682"}],"wp:term":[{"taxonomy":"category","embeddable":true,"href":"https:\/\/blog.ccc.eu\/pl\/wp-json\/wp\/v2\/categories?post=14682"},{"taxonomy":"post_tag","embeddable":true,"href":"https:\/\/blog.ccc.eu\/pl\/wp-json\/wp\/v2\/tags?post=14682"}],"curies":[{"name":"wp","href":"https:\/\/api.w.org\/{rel}","templated":true}]}}