{"id":15043,"date":"2023-02-24T09:18:44","date_gmt":"2023-02-24T08:18:44","guid":{"rendered":"https:\/\/blog.ccc.eu\/pl\/?p=15043"},"modified":"2023-04-12T09:24:36","modified_gmt":"2023-04-12T07:24:36","slug":"mule-na-platformie-zobacz-top-3-modele-z-ccc","status":"publish","type":"post","link":"https:\/\/blog.ccc.eu\/pl\/mule-na-platformie-zobacz-top-3-modele-z-ccc\/","title":{"rendered":"Mule na platformie. Zobacz TOP 3 modele z CCC!"},"content":{"rendered":"\n<p><b>Lato zbli\u017ca si\u0119 wielkimi krokami. Przygotuj si\u0119 na nie i wyposa\u017c swoj\u0105 szaf\u0119 w par\u0119 najmodniejszych but\u00f3w nadchodz\u0105cych sezon\u00f3w \u2013 w mule na platformie! Wyselekcjonowali\u015bmy 3 topowe modele, kt\u00f3re latem 2023 roku zdominuj\u0105 ulice! W\u0142a\u015bnie dzi\u0119ki tym butom stworzysz najmodniejsze stylizacje. Dowiedz si\u0119, o kt\u00f3re mule na platformie chodzi i dlaczego w\u0142a\u015bnie je wybrali\u015bmy!<\/b><\/p>\n\n\n\n<h2 class=\"wp-block-heading\">Wysoka jako\u015b\u0107 w parze z gor\u0105cymi trendami<\/h2>\n\n\n\n<figure class=\"wp-block-gallery has-nested-images columns-default is-cropped wp-block-gallery-1 is-layout-flex wp-block-gallery-is-layout-flex\">\n<figure class=\"wp-block-image size-large\"><a href=\"https:\/\/ccc.eu\/pl\/damskie\/buty\/klapki\/klapki-badura-22915-camel\" target=\"_blank\" rel=\"noopener\"><img loading=\"lazy\" decoding=\"async\" width=\"683\" height=\"1024\" data-id=\"15044\" src=\"https:\/\/blog.ccc.eu\/pl\/wp-content\/uploads\/2023\/02\/CCC_5904248486624_01_LR-683x1024.jpg\" alt=\"\" class=\"wp-image-15044\" srcset=\"https:\/\/blog.ccc.eu\/pl\/wp-content\/uploads\/2023\/02\/CCC_5904248486624_01_LR-683x1024.jpg 683w, https:\/\/blog.ccc.eu\/pl\/wp-content\/uploads\/2023\/02\/CCC_5904248486624_01_LR-200x300.jpg 200w, https:\/\/blog.ccc.eu\/pl\/wp-content\/uploads\/2023\/02\/CCC_5904248486624_01_LR-768x1152.jpg 768w, https:\/\/blog.ccc.eu\/pl\/wp-content\/uploads\/2023\/02\/CCC_5904248486624_01_LR-100x150.jpg 100w, https:\/\/blog.ccc.eu\/pl\/wp-content\/uploads\/2023\/02\/CCC_5904248486624_01_LR.jpg 876w\" sizes=\"auto, (max-width: 683px) 100vw, 683px\" \/><\/a><\/figure>\n\n\n\n<figure class=\"wp-block-image size-large\"><a href=\"https:\/\/ccc.eu\/pl\/damskie\/buty\/klapki\/klapki-badura-22915-camel\" target=\"_blank\" rel=\"noopener\"><img loading=\"lazy\" decoding=\"async\" width=\"683\" height=\"1024\" data-id=\"15045\" src=\"https:\/\/blog.ccc.eu\/pl\/wp-content\/uploads\/2023\/02\/CCC_5904248486624_05_LR-683x1024.jpg\" alt=\"\" class=\"wp-image-15045\" srcset=\"https:\/\/blog.ccc.eu\/pl\/wp-content\/uploads\/2023\/02\/CCC_5904248486624_05_LR-683x1024.jpg 683w, https:\/\/blog.ccc.eu\/pl\/wp-content\/uploads\/2023\/02\/CCC_5904248486624_05_LR-200x300.jpg 200w, https:\/\/blog.ccc.eu\/pl\/wp-content\/uploads\/2023\/02\/CCC_5904248486624_05_LR-768x1152.jpg 768w, https:\/\/blog.ccc.eu\/pl\/wp-content\/uploads\/2023\/02\/CCC_5904248486624_05_LR-100x150.jpg 100w, https:\/\/blog.ccc.eu\/pl\/wp-content\/uploads\/2023\/02\/CCC_5904248486624_05_LR.jpg 876w\" sizes=\"auto, (max-width: 683px) 100vw, 683px\" \/><\/a><\/figure>\n<\/figure>\n\n\n\n<p>Mule na platformie to buty, kt\u00f3re optycznie podwy\u017cszaj\u0105 sylwetk\u0119 o kilka centymetr\u00f3w, a jednocze\u015bnie \u2013 dzi\u0119ki platformie \u2013 zapewniaj\u0105 wygod\u0119 chodzenia. W\u0142a\u015bnie dlatego maj\u0105 tak wielu zwolennik\u00f3w! Ich komfort noszenia znacznie si\u0119 pog\u0142\u0119bia, kiedy s\u0105 wykonane z wysokiej jako\u015bci materia\u0142\u00f3w, np. z naturalnej sk\u00f3ry. Taki model mo\u017cna znale\u017a\u0107 w ofercie marki Badura.<\/p>\n\n\n\n<p>Mule na platformie od marki Badura maj\u0105 wszystko! Przede wszystkim s\u0105 zrobione z naturalnej sk\u00f3ry, dzi\u0119ki czemu s\u0105 trwa\u0142e, a co za tym idzie \u2013 odporne na ewentualne uszkodzenia i zadrapania. Dodatkowo maj\u0105 ponadczasowy i uniwersalny kolor, dlatego z \u0142atwo\u015bci\u0105 mo\u017cna zestawi\u0107 je zar\u00f3wno z codziennymi, jak i wieczorowymi stylizacjami.<\/p>\n\n\n\n<p>Te dwie cechy \u2013 wysoka jako\u015b\u0107 i uniwersalna barwa \u2013 sprawiaj\u0105, \u017ce to buty, kt\u00f3re pos\u0142u\u017c\u0105 przez znacznie d\u0142u\u017cszy czas ni\u017c jeden sezon. Co prawda, ich oryginalna forma jest obecnie w trendach, ale z drugiej strony nawi\u0105zuje do mody z lat 70., kt\u00f3ra jest ponadczasowa. To para but\u00f3w warta inwestycji!<\/p>\n\n\n\n<h2 class=\"wp-block-heading\">Synonim wygody? Mule na p\u0142askiej platformie<\/h2>\n\n\n\n<figure class=\"wp-block-gallery has-nested-images columns-default is-cropped wp-block-gallery-2 is-layout-flex wp-block-gallery-is-layout-flex\">\n<figure class=\"wp-block-image size-large\"><a href=\"https:\/\/ccc.eu\/pl\/damskie\/buty\/klapki\/klapki-lasocki-oce-3030-01-czarny\" target=\"_blank\" rel=\"noopener\"><img loading=\"lazy\" decoding=\"async\" width=\"683\" height=\"1024\" data-id=\"15047\" src=\"https:\/\/blog.ccc.eu\/pl\/wp-content\/uploads\/2023\/02\/CCC_5904248739362_01_LR-683x1024.jpg\" alt=\"\" class=\"wp-image-15047\" srcset=\"https:\/\/blog.ccc.eu\/pl\/wp-content\/uploads\/2023\/02\/CCC_5904248739362_01_LR-683x1024.jpg 683w, https:\/\/blog.ccc.eu\/pl\/wp-content\/uploads\/2023\/02\/CCC_5904248739362_01_LR-200x300.jpg 200w, https:\/\/blog.ccc.eu\/pl\/wp-content\/uploads\/2023\/02\/CCC_5904248739362_01_LR-768x1152.jpg 768w, https:\/\/blog.ccc.eu\/pl\/wp-content\/uploads\/2023\/02\/CCC_5904248739362_01_LR-100x150.jpg 100w, https:\/\/blog.ccc.eu\/pl\/wp-content\/uploads\/2023\/02\/CCC_5904248739362_01_LR.jpg 876w\" sizes=\"auto, (max-width: 683px) 100vw, 683px\" \/><\/a><\/figure>\n\n\n\n<figure class=\"wp-block-image size-large\"><a href=\"https:\/\/ccc.eu\/pl\/damskie\/buty\/klapki\/klapki-lasocki-oce-3030-01-czarny\" target=\"_blank\" rel=\"noopener\"><img loading=\"lazy\" decoding=\"async\" width=\"683\" height=\"1024\" data-id=\"15046\" src=\"https:\/\/blog.ccc.eu\/pl\/wp-content\/uploads\/2023\/02\/CCC_5904248739362_05_LR-683x1024.jpg\" alt=\"\" class=\"wp-image-15046\" srcset=\"https:\/\/blog.ccc.eu\/pl\/wp-content\/uploads\/2023\/02\/CCC_5904248739362_05_LR-683x1024.jpg 683w, https:\/\/blog.ccc.eu\/pl\/wp-content\/uploads\/2023\/02\/CCC_5904248739362_05_LR-200x300.jpg 200w, https:\/\/blog.ccc.eu\/pl\/wp-content\/uploads\/2023\/02\/CCC_5904248739362_05_LR-768x1152.jpg 768w, https:\/\/blog.ccc.eu\/pl\/wp-content\/uploads\/2023\/02\/CCC_5904248739362_05_LR-100x150.jpg 100w, https:\/\/blog.ccc.eu\/pl\/wp-content\/uploads\/2023\/02\/CCC_5904248739362_05_LR.jpg 876w\" sizes=\"auto, (max-width: 683px) 100vw, 683px\" \/><\/a><\/figure>\n<\/figure>\n\n\n\n<p>Przemawiaj\u0105 do Ciebie zalety muli na platformie, ale nie lubisz nosi\u0107 obcas\u00f3w? To nic! Trendy naprawd\u0119 s\u0105 dla ka\u017cdego, dlatego w\u015br\u00f3d najmodniejszych modeli but\u00f3w znale\u017a\u0107 mo\u017cna mule na p\u0142askiej platformie. Tak\u017ce optycznie podwy\u017cszaj\u0105 sylwetk\u0119 i zachwycaj\u0105 oryginaln\u0105 form\u0105, a jednocze\u015bnie nie zmuszaj\u0105 st\u00f3p do nienaturalnego u\u0142o\u017cenia, co przek\u0142ada si\u0119 na jeszcze wi\u0119ksz\u0105 wygod\u0119 ich noszenia, i to nawet przez wiele godzin!<\/p>\n\n\n\n<p>Marka Lasocki, s\u0142yn\u0105ca z projektowania i produkcji sk\u00f3rzanych but\u00f3w o ponadczasowych sylwetkach, ma w swojej ofercie klasyczne mule na platformie. Dla kogo b\u0119d\u0105 idealne? Dla mi\u0142o\u015bnik\u00f3w minimalizmu, kt\u00f3rzy lubi\u0105 pod\u0105\u017ca\u0107 za mod\u0105, ale stawiaj\u0105 na trendy, kt\u00f3re maj\u0105 szans\u0119 utrzyma\u0107 si\u0119 przez wiele sezon\u00f3w. To klapki o prostej formie, utrzymane w klasycznej czerni, pozbawione ozdobnik\u00f3w. Nie wyjd\u0105 na pierwszy plan stylizacji, ale rewelacyjnie dope\u0142ni\u0105 dos\u0142ownie ka\u017cd\u0105 \u2013 od codziennych przez pla\u017cowe po wieczorowe.<\/p>\n\n\n\n<p>Te i wiele innych klapk\u00f3w sk\u00f3rzanych od marki Lasocki posiadaj\u0105 certyfikat Leather Working Group. To mi\u0119dzynarodowa organizacja, kt\u00f3ra stworzy\u0142a standard zarz\u0105dzania \u015brodowiskiem w przemy\u015ble sk\u00f3rzanym. Certyfikaty Leather Working Group (LWG) s\u0105 przyznawane jedynie tym producentom sk\u00f3r, kt\u00f3rzy dochowuj\u0105 najwy\u017cszej staranno\u015bci w zakresie ochrony \u015brodowiska i wydajno\u015bci w ca\u0142ym procesie produkcji. Celem LWG jest promowanie zr\u00f3wnowa\u017conych praktyk biznesowych, w tym niestosowanie przez producent\u00f3w szkodliwych substancji w obr\u00f3bce sk\u00f3ry, a tak\u017ce zmniejszanie zu\u017cycia wody i energii.<\/p>\n\n\n\n<h2 class=\"wp-block-heading\">Trendy w kolorze<\/h2>\n\n\n\n<figure class=\"wp-block-gallery has-nested-images columns-default is-cropped wp-block-gallery-3 is-layout-flex wp-block-gallery-is-layout-flex\">\n<figure class=\"wp-block-image size-large\"><a href=\"https:\/\/ccc.eu\/pl\/damskie\/buty\/klapki\/klapki-deezee-kl-e7596-1-fioletowy\" target=\"_blank\" rel=\"noopener\"><img loading=\"lazy\" decoding=\"async\" width=\"683\" height=\"1024\" data-id=\"15049\" src=\"https:\/\/blog.ccc.eu\/pl\/wp-content\/uploads\/2023\/02\/CCC_5904862069616_01_lr-683x1024.jpg\" alt=\"\" class=\"wp-image-15049\" srcset=\"https:\/\/blog.ccc.eu\/pl\/wp-content\/uploads\/2023\/02\/CCC_5904862069616_01_lr-683x1024.jpg 683w, https:\/\/blog.ccc.eu\/pl\/wp-content\/uploads\/2023\/02\/CCC_5904862069616_01_lr-200x300.jpg 200w, https:\/\/blog.ccc.eu\/pl\/wp-content\/uploads\/2023\/02\/CCC_5904862069616_01_lr-768x1152.jpg 768w, https:\/\/blog.ccc.eu\/pl\/wp-content\/uploads\/2023\/02\/CCC_5904862069616_01_lr-100x150.jpg 100w, https:\/\/blog.ccc.eu\/pl\/wp-content\/uploads\/2023\/02\/CCC_5904862069616_01_lr.jpg 876w\" sizes=\"auto, (max-width: 683px) 100vw, 683px\" \/><\/a><\/figure>\n\n\n\n<figure class=\"wp-block-image size-large\"><a href=\"https:\/\/ccc.eu\/pl\/damskie\/buty\/klapki\/klapki-deezee-kl-e7596-1-fioletowy\" target=\"_blank\" rel=\"noopener\"><img loading=\"lazy\" decoding=\"async\" width=\"683\" height=\"1024\" data-id=\"15048\" src=\"https:\/\/blog.ccc.eu\/pl\/wp-content\/uploads\/2023\/02\/CCC_5904862069616_05_lr-683x1024.jpg\" alt=\"\" class=\"wp-image-15048\" srcset=\"https:\/\/blog.ccc.eu\/pl\/wp-content\/uploads\/2023\/02\/CCC_5904862069616_05_lr-683x1024.jpg 683w, https:\/\/blog.ccc.eu\/pl\/wp-content\/uploads\/2023\/02\/CCC_5904862069616_05_lr-200x300.jpg 200w, https:\/\/blog.ccc.eu\/pl\/wp-content\/uploads\/2023\/02\/CCC_5904862069616_05_lr-768x1152.jpg 768w, https:\/\/blog.ccc.eu\/pl\/wp-content\/uploads\/2023\/02\/CCC_5904862069616_05_lr-100x150.jpg 100w, https:\/\/blog.ccc.eu\/pl\/wp-content\/uploads\/2023\/02\/CCC_5904862069616_05_lr.jpg 876w\" sizes=\"auto, (max-width: 683px) 100vw, 683px\" \/><\/a><\/figure>\n<\/figure>\n\n\n\n<p>Uwaga! Te mule na platformie powsta\u0142y w wyniku kolaboracji marki DeeZee z Roxie W\u0119giel. Ulubiony kolor gwiazdy, jakim jest fioletowy, musia\u0142 pojawi\u0107 si\u0119 w kolekcji. Utrzymane w nim mule na platformie to \u015bwietny dodatek na letnie miesi\u0105ce roku. Czy ju\u017c widzisz je w stylizacji z kwiecist\u0105 sukienk\u0105 i torb\u0105-koszykiem?<\/p>\n\n\n\n<p>Marka DeeZee stworzy\u0142a mule na naprawd\u0119 wysokiej platformie. Cho\u0107 maj\u0105 masywny wygl\u0105d, w rzeczywisto\u015bci s\u0105 lekkie, a co za tym idzie \u2013 tak\u017ce bardzo wygodne w noszeniu. Ich pastelowy kolor czyni je niezobowi\u0105zuj\u0105cym obuwiem na co dzie\u0144, kt\u00f3re tak\u017ce \u015bwietnie si\u0119 sprawdzi na letnie festiwale i koncerty.<\/p>\n\n\n\n<p>Znasz fank\u0119 Roxi W\u0119giel? Buty powsta\u0142e we wsp\u00f3\u0142pracy z gwiazd\u0105 to tak\u017ce \u015bwietny pomys\u0142 na prezent dla bliskiej osoby!<\/p>\n\n\n\n<p>Wiesz ju\u017c, na jakie mule na platformie warto zwr\u00f3ci\u0107 uwag\u0119 nadchodz\u0105cego lata! Zapoznanie si\u0119 z ich zaletami powinno znacznie u\u0142atwi\u0107 Ci wyb\u00f3r tego jedynego modelu. Wszystkie wymienione wy\u017cej klapki znajdziesz w sklepach CCC, na ccc.eu i w aplikacji. Po wi\u0119cej, regularnie obserwuj pojawiaj\u0105ce si\u0119 tam nowo\u015bci i przebieraj w modelach, s\u0142yn\u0105cych z wysokiej jako\u015bci wykonania oraz modowego wygl\u0105du. Udanych zakup\u00f3w!<\/p>\n","protected":false},"excerpt":{"rendered":"<p>Lato zbli\u017ca si\u0119 wielkimi krokami. Przygotuj si\u0119 na nie i wyposa\u017c swoj\u0105 szaf\u0119 w par\u0119 najmodniejszych but\u00f3w nadchodz\u0105cych sezon\u00f3w \u2013 w mule na platformie! Wyselekcjonowali\u015bmy 3 topowe modele, kt\u00f3re latem 2023 roku zdominuj\u0105 ulice! W\u0142a\u015bnie dzi\u0119ki tym butom stworzysz najmodniejsze stylizacje. Dowiedz si\u0119, o kt\u00f3re mule na platformie chodzi i dlaczego w\u0142a\u015bnie je wybrali\u015bmy! Wysoka [&hellip;]<\/p>\n","protected":false},"author":20,"featured_media":15045,"comment_status":"open","ping_status":"closed","sticky":false,"template":"","format":"standard","meta":{"_acf_changed":false,"footnotes":""},"categories":[6,1332,1315],"tags":[53,410,1351,9],"class_list":["post-15043","post","type-post","status-publish","format-standard","has-post-thumbnail","hentry","category-trendy","category-trendy-na-lato","category-wiosenne-trendy","tag-buty-damskie","tag-mule","tag-mule-na-patformie","tag-trendy"],"acf":[],"_links":{"self":[{"href":"https:\/\/blog.ccc.eu\/pl\/wp-json\/wp\/v2\/posts\/15043","targetHints":{"allow":["GET"]}}],"collection":[{"href":"https:\/\/blog.ccc.eu\/pl\/wp-json\/wp\/v2\/posts"}],"about":[{"href":"https:\/\/blog.ccc.eu\/pl\/wp-json\/wp\/v2\/types\/post"}],"author":[{"embeddable":true,"href":"https:\/\/blog.ccc.eu\/pl\/wp-json\/wp\/v2\/users\/20"}],"replies":[{"embeddable":true,"href":"https:\/\/blog.ccc.eu\/pl\/wp-json\/wp\/v2\/comments?post=15043"}],"version-history":[{"count":2,"href":"https:\/\/blog.ccc.eu\/pl\/wp-json\/wp\/v2\/posts\/15043\/revisions"}],"predecessor-version":[{"id":16118,"href":"https:\/\/blog.ccc.eu\/pl\/wp-json\/wp\/v2\/posts\/15043\/revisions\/16118"}],"wp:featuredmedia":[{"embeddable":true,"href":"https:\/\/blog.ccc.eu\/pl\/wp-json\/wp\/v2\/media\/15045"}],"wp:attachment":[{"href":"https:\/\/blog.ccc.eu\/pl\/wp-json\/wp\/v2\/media?parent=15043"}],"wp:term":[{"taxonomy":"category","embeddable":true,"href":"https:\/\/blog.ccc.eu\/pl\/wp-json\/wp\/v2\/categories?post=15043"},{"taxonomy":"post_tag","embeddable":true,"href":"https:\/\/blog.ccc.eu\/pl\/wp-json\/wp\/v2\/tags?post=15043"}],"curies":[{"name":"wp","href":"https:\/\/api.w.org\/{rel}","templated":true}]}}