{"id":15542,"date":"2023-03-16T14:55:13","date_gmt":"2023-03-16T13:55:13","guid":{"rendered":"https:\/\/blog.ccc.eu\/pl\/?p=15542"},"modified":"2023-09-27T12:52:03","modified_gmt":"2023-09-27T10:52:03","slug":"styl-semi-formal-poznaj-jego-zasady","status":"publish","type":"post","link":"https:\/\/blog.ccc.eu\/pl\/styl-semi-formal-poznaj-jego-zasady\/","title":{"rendered":"Styl semi-formal. Poznaj jego zasady"},"content":{"rendered":"\n<p><strong>By\u0107 mo\u017ce ju\u017c kiedy\u015b zdarzy\u0142o Ci si\u0119 otrzyma\u0107 zaproszenie na wyj\u0105tkowe spotkanie, na kt\u00f3rym wymagany by\u0142 str\u00f3j p\u00f3\u0142formalny. Czy wyb\u00f3r stosownego ubrania sprawi\u0142 Ci wtedy trudno\u015b\u0107? Je\u015bli tak, wyja\u015bniamy, czym jest styl semi-formal, jakie jego elementy powinny si\u0119 znale\u017a\u0107 w ka\u017cdej szafie i na jakie okazje najlepiej si\u0119 sprawdzi!<\/strong><\/p>\n\n\n\n<figure class=\"wp-block-gallery has-nested-images columns-default is-cropped wp-block-gallery-1 is-layout-flex wp-block-gallery-is-layout-flex\">\n<figure class=\"wp-block-image size-large\"><img loading=\"lazy\" decoding=\"async\" width=\"1024\" height=\"680\" data-id=\"15543\" src=\"https:\/\/blog.ccc.eu\/pl\/wp-content\/uploads\/2023\/03\/untitled-3835-2-1024x680.jpg\" alt=\"\" class=\"wp-image-15543\" srcset=\"https:\/\/blog.ccc.eu\/pl\/wp-content\/uploads\/2023\/03\/untitled-3835-2-1024x680.jpg 1024w, https:\/\/blog.ccc.eu\/pl\/wp-content\/uploads\/2023\/03\/untitled-3835-2-300x199.jpg 300w, https:\/\/blog.ccc.eu\/pl\/wp-content\/uploads\/2023\/03\/untitled-3835-2-768x510.jpg 768w, https:\/\/blog.ccc.eu\/pl\/wp-content\/uploads\/2023\/03\/untitled-3835-2-1536x1019.jpg 1536w, https:\/\/blog.ccc.eu\/pl\/wp-content\/uploads\/2023\/03\/untitled-3835-2-100x66.jpg 100w, https:\/\/blog.ccc.eu\/pl\/wp-content\/uploads\/2023\/03\/untitled-3835-2.jpg 1629w\" sizes=\"auto, (max-width: 1024px) 100vw, 1024px\" \/><\/figure>\n<\/figure>\n\n\n\n<h2 class=\"wp-block-heading\">Styl semi-formal \u2013 czym jest?<\/h2>\n\n\n\n<p>Styl semi-formal wyznacza zasady stroju p\u00f3\u0142formalnego. Jest on bardziej elegancki od tego, kt\u00f3ry obowi\u0105zuje w wi\u0119kszo\u015bci biur, ale nie a\u017c tak szykowny jak wieczorowa suknia czy formalny smoking.<\/p>\n\n\n\n<p>Styl p\u00f3\u0142formalny zwykle obowi\u0105zuje na weselach, przyj\u0119ciach \u015bwi\u0105tecznych oraz w eleganckich restauracjach. Niekt\u00f3re bale dla dzieci i nastolatk\u00f3w tak\u017ce s\u0105 okre\u015blane jako p\u00f3\u0142formalne.<\/p>\n\n\n\n<h2 class=\"wp-block-heading\">Str\u00f3j p\u00f3\u0142formalny \u2013 jaki dobra\u0107? Istotna jest\u2026 pora dnia!<\/h2>\n\n\n\n<p>To prawda. Pora dnia, w kt\u00f3rej b\u0119dzie si\u0119 odbywa\u0107 \u201ep\u00f3\u0142formalne\u201d wydarzenie, jest niezwykle istotna. Wed\u0142ug zasad, je\u015bli impreza wypada w ci\u0105gu dnia, nale\u017cy wybra\u0107 stylizacj\u0119 w jasnych kolorach. Im p\u00f3\u017aniejsza godzina, tym outfit powinien by\u0107 ciemniejszy i bardziej szykowny.<\/p>\n\n\n\n<figure class=\"wp-block-gallery has-nested-images columns-default is-cropped wp-block-gallery-2 is-layout-flex wp-block-gallery-is-layout-flex\">\n<figure class=\"wp-block-image size-large\"><img loading=\"lazy\" decoding=\"async\" width=\"1024\" height=\"822\" data-id=\"15544\" src=\"https:\/\/blog.ccc.eu\/pl\/wp-content\/uploads\/2023\/03\/untitled-3815-1-1024x822.jpg\" alt=\"\" class=\"wp-image-15544\" srcset=\"https:\/\/blog.ccc.eu\/pl\/wp-content\/uploads\/2023\/03\/untitled-3815-1-1024x822.jpg 1024w, https:\/\/blog.ccc.eu\/pl\/wp-content\/uploads\/2023\/03\/untitled-3815-1-300x241.jpg 300w, https:\/\/blog.ccc.eu\/pl\/wp-content\/uploads\/2023\/03\/untitled-3815-1-768x616.jpg 768w, https:\/\/blog.ccc.eu\/pl\/wp-content\/uploads\/2023\/03\/untitled-3815-1-100x80.jpg 100w, https:\/\/blog.ccc.eu\/pl\/wp-content\/uploads\/2023\/03\/untitled-3815-1.jpg 1439w\" sizes=\"auto, (max-width: 1024px) 100vw, 1024px\" \/><\/figure>\n<\/figure>\n\n\n\n<h2 class=\"wp-block-heading\">Str\u00f3j p\u00f3\u0142formalny damski<\/h2>\n\n\n\n<p>Istnieje wiele damskich element\u00f3w garderoby, kt\u00f3re wpisuj\u0105 si\u0119 w styl p\u00f3\u0142formalny. Nale\u017c\u0105 do ich spodnie i marynarki (noszone razem lub osobno), koszule, sp\u00f3dnice, kombinezony i sukienki. Wa\u017cn\u0105 zasad\u0105 noszenia sukienek p\u00f3\u0142formalnych jest to, \u017ce mog\u0105 one si\u0119ga\u0107 do kolan lub ni\u017cej, ale nie powinny dotyka\u0107 ziemi. Mog\u0142yby wtedy zosta\u0107 uznane za formalne, a co za tym idzie \u2013 nieodpowiednie do okazji.<\/p>\n\n\n\n<p>Je\u015bli chodzi o buty, do p\u00f3\u0142formalnych stylizacji najcz\u0119\u015bciej wybierane s\u0105 klasyczne szpilki, sanda\u0142y na obcasie, eleganckie botki oraz baleriny. Zar\u00f3wno palce, jak i pi\u0119ty mog\u0105 by\u0107 odkryte.<\/p>\n\n\n\n\n\n\n\n<p>Za najbardziej odpowiednie torebki uchodz\u0105 niewielkie modele, kt\u00f3re mo\u017cna nosi\u0107 w d\u0142oni b\u0105d\u017a na ramieniu. Najlepiej sprawdz\u0105 si\u0119 stonowane torebki o szykownej formie. Cz\u0119sto maj\u0105 one bi\u017cuteryjne dodatki. Je\u015bli decydujesz si\u0119 na tak\u0105, nie nak\u0142adaj na siebie zbyt du\u017cej ilo\u015bci bi\u017cuterii.<\/p>\n\n\n\n<p>Je\u015bli chodzi o bi\u017cuteri\u0119, b\u0142yszcz\u0105ce kamienie szlachetne, szykowne per\u0142y i cyrkonie s\u0105 odpowiednie. Nale\u017cy uwa\u017ca\u0107 jednak, aby nie przesadzi\u0107 z ich ilo\u015bci\u0105, by nie wygl\u0105da\u0107 bardziej jak w stroju formalnym ni\u017c w p\u00f3\u0142formalnym.<\/p>\n\n\n\n<h2 class=\"wp-block-heading\">Wesela p\u00f3\u0142formalne \u2013 jaki st\u00f3j p\u00f3\u0142formalny damski wybra\u0107?<\/h2>\n\n\n\n<p>Wiele wesel wymaga od go\u015bci noszenia p\u00f3\u0142formalnych stroj\u00f3w. Chcesz wygl\u0105da\u0107 jak najlepiej, a zarazem przy\u0107mi\u0107 panny m\u0142odej? Sukienka koktajlowa b\u0119dzie najlepszym wyborem. Mo\u017cesz r\u00f3wnie\u017c za\u0142o\u017cy\u0107 elegancki, damski garnitur, kt\u00f3ry po\u0142\u0105czysz z butami na obcasie i b\u0142yszcz\u0105c\u0105 bi\u017cuteri\u0105. Unikaj bieli i koloru \u00e9cru. W razie w\u0105tpliwo\u015bci nie ma nic z\u0142ego w rozmowie z pann\u0105 m\u0142od\u0105 lub kim\u015b z przyj\u0119cia weselnego, aby zapobiec pope\u0142nieniu modowego faux pas.<\/p>\n\n\n\n<h3 class=\"wp-block-heading\">Str\u00f3j p\u00f3\u0142formalny m\u0119ski<\/h3>\n\n\n\n<p>M\u0119ski str\u00f3j p\u00f3\u0142formalny mo\u017ce przybra\u0107 form\u0119 klasycznego, ciemnego garnituru z koszul\u0105, jak i marynarki, koszuli oraz eleganckich spodni, swoim kolorem kontrastuj\u0105cych z reszt\u0105 stroju. Wiele m\u0119\u017cczyzn decyduje si\u0119 do\u0142o\u017cy\u0107 kamizelk\u0119 do garnituru, jednak jest ona opcjonalna.<\/p>\n\n\n\n<p>Je\u015bli chodzi o dodatki, niezb\u0119dny jest pasek, kt\u00f3ry b\u0119dzie pasowa\u0142 kolorystycznie do eleganckich but\u00f3w i ciemnych skarpet. Subtelna bi\u017cuteria jest odpowiednia.<\/p>\n\n\n\n<p>A jakie m\u0119skie buty najlepiej pasuj\u0105 do m\u0119skiej stroju w stylu semi-formal? Oksfordy, szykowne loafersy i eleganckie, sznurowane p\u00f3\u0142buty. To modele warte inwestycji, bo s\u0105 na tyle uniwersalne i ponadczasowe, \u017ce mo\u017cna wykorzysta\u0107 je na wiele okazji!<\/p>\n\n\n\n\n\n\n<h2 class=\"wp-block-heading\">Czego nie zak\u0142ada\u0107 na p\u00f3\u0142formalne okazje?<\/h2>\n\n\n\n<p>Styl semi-formal nie akceptuje zar\u00f3wno zbyt eleganckich element\u00f3w garderoby, takich jak smokingi, fraki, wieczorowe suknie, jak i tych nonszalanckich, czyli trampk\u00f3w, jeans\u00f3w, T-shirt\u00f3w z nadrukami, itp.<\/p>\n\n\n\n<p>Trzeba tak\u017ce uwa\u017ca\u0107 z doborem dodatk\u00f3w. P\u00f3\u0142formalna stylizacja jest do\u015b\u0107 klasyczna. To nie oznacza, \u017ce nie mo\u017cna do niej dobra\u0107 trendowej torebki lub bi\u017cuterii, ale musi ona perfekcyjnie wsp\u00f3\u0142gra\u0107 z reszt\u0105 stroju. Nie sprawdz\u0105 si\u0119 tu modne torby w rozmiarze XXL ani te, kt\u00f3re zosta\u0142y ozdobione grubymi \u0142a\u0144cuchami lub pikowaniem, ale tak\u017ce listonoszki i bezkszta\u0142tne worki. Dodatki nie powinny bowiem przyt\u0142acza\u0107 stylizacji, lecz stanowi\u0107 jej doskona\u0142e uzupe\u0142nienie.<\/p>\n\n\n\n<p>Poszukujesz idealnych but\u00f3w, torebek lub bi\u017cuterii do stylizacji p\u00f3\u0142formalnej? Wiele odpowiednich modeli znajdziesz w sklepach stacjonarnych CCC, na ccc.eu oraz w aplikacji. Udanych zakup\u00f3w!<\/p>\n","protected":false},"excerpt":{"rendered":"<p>By\u0107 mo\u017ce ju\u017c kiedy\u015b zdarzy\u0142o Ci si\u0119 otrzyma\u0107 zaproszenie na wyj\u0105tkowe spotkanie, na kt\u00f3rym wymagany by\u0142 str\u00f3j p\u00f3\u0142formalny. Czy wyb\u00f3r stosownego ubrania sprawi\u0142 Ci wtedy trudno\u015b\u0107? Je\u015bli tak, wyja\u015bniamy, czym jest styl semi-formal, jakie jego elementy powinny si\u0119 znale\u017a\u0107 w ka\u017cdej szafie i na jakie okazje najlepiej si\u0119 sprawdzi! Styl semi-formal \u2013 czym jest? Styl [&hellip;]<\/p>\n","protected":false},"author":20,"featured_media":15543,"comment_status":"open","ping_status":"closed","sticky":false,"template":"","format":"standard","meta":{"_acf_changed":false,"footnotes":""},"categories":[1583,4,6],"tags":[53,138,96,1391,1392,9],"class_list":["post-15542","post","type-post","status-publish","format-standard","has-post-thumbnail","hentry","category-formalne-stylizacje","category-porady","category-trendy","tag-buty-damskie","tag-buty-meskie","tag-porady","tag-semi-formal","tag-styl-semi-formal","tag-trendy"],"acf":[],"_links":{"self":[{"href":"https:\/\/blog.ccc.eu\/pl\/wp-json\/wp\/v2\/posts\/15542","targetHints":{"allow":["GET"]}}],"collection":[{"href":"https:\/\/blog.ccc.eu\/pl\/wp-json\/wp\/v2\/posts"}],"about":[{"href":"https:\/\/blog.ccc.eu\/pl\/wp-json\/wp\/v2\/types\/post"}],"author":[{"embeddable":true,"href":"https:\/\/blog.ccc.eu\/pl\/wp-json\/wp\/v2\/users\/20"}],"replies":[{"embeddable":true,"href":"https:\/\/blog.ccc.eu\/pl\/wp-json\/wp\/v2\/comments?post=15542"}],"version-history":[{"count":1,"href":"https:\/\/blog.ccc.eu\/pl\/wp-json\/wp\/v2\/posts\/15542\/revisions"}],"predecessor-version":[{"id":15545,"href":"https:\/\/blog.ccc.eu\/pl\/wp-json\/wp\/v2\/posts\/15542\/revisions\/15545"}],"wp:featuredmedia":[{"embeddable":true,"href":"https:\/\/blog.ccc.eu\/pl\/wp-json\/wp\/v2\/media\/15543"}],"wp:attachment":[{"href":"https:\/\/blog.ccc.eu\/pl\/wp-json\/wp\/v2\/media?parent=15542"}],"wp:term":[{"taxonomy":"category","embeddable":true,"href":"https:\/\/blog.ccc.eu\/pl\/wp-json\/wp\/v2\/categories?post=15542"},{"taxonomy":"post_tag","embeddable":true,"href":"https:\/\/blog.ccc.eu\/pl\/wp-json\/wp\/v2\/tags?post=15542"}],"curies":[{"name":"wp","href":"https:\/\/api.w.org\/{rel}","templated":true}]}}