{"id":16049,"date":"2026-03-26T11:42:49","date_gmt":"2026-03-26T10:42:49","guid":{"rendered":"https:\/\/blog.ccc.eu\/pl\/?p=16049"},"modified":"2026-03-26T12:05:47","modified_gmt":"2026-03-26T11:05:47","slug":"jak-sie-ubrac-na-komunie-porady","status":"publish","type":"post","link":"https:\/\/blog.ccc.eu\/pl\/jak-sie-ubrac-na-komunie-porady\/","title":{"rendered":"Jak si\u0119 ubra\u0107 na komuni\u0119? Podpowiadamy!"},"content":{"rendered":"\n<p><b><strong>Sezon komunijny wkr\u00f3tce si\u0119 rozpocznie. Niezale\u017cnie od tego, czy pojawisz si\u0119 jako mama, tata czy go\u015b\u0107, dobrze skomponowana stylizacja robi r\u00f3\u017cnic\u0119. Podpowiadamy, jak ubra\u0107 si\u0119 na komuni\u0119, by wygl\u0105da\u0107 \u015bwie\u017co, nowocze\u015bnie i z klas\u0105 \u2013 a przy tym czu\u0107 si\u0119 swobodnie przez ca\u0142y dzie\u0144. Do ka\u017cdego looku dobrali\u015bmy idealne dodatki \u2013 wszystkie znajdziesz w ofercie CCC, gotowe, by jednym klikni\u0119ciem dope\u0142ni\u0107 Tw\u00f3j outfit.<\/strong><\/b><\/p>\n\n\n\n<figure class=\"wp-block-image size-large\"><img loading=\"lazy\" decoding=\"async\" width=\"825\" height=\"1024\" src=\"https:\/\/blog.ccc.eu\/pl\/wp-content\/uploads\/2026\/03\/2026_03_CEO-ADI-LDA8572_A-1-825x1024.png\" alt=\"\" class=\"wp-image-29568\" srcset=\"https:\/\/blog.ccc.eu\/pl\/wp-content\/uploads\/2026\/03\/2026_03_CEO-ADI-LDA8572_A-1-825x1024.png 825w, https:\/\/blog.ccc.eu\/pl\/wp-content\/uploads\/2026\/03\/2026_03_CEO-ADI-LDA8572_A-1-242x300.png 242w, https:\/\/blog.ccc.eu\/pl\/wp-content\/uploads\/2026\/03\/2026_03_CEO-ADI-LDA8572_A-1-768x953.png 768w, https:\/\/blog.ccc.eu\/pl\/wp-content\/uploads\/2026\/03\/2026_03_CEO-ADI-LDA8572_A-1-1237x1536.png 1237w, https:\/\/blog.ccc.eu\/pl\/wp-content\/uploads\/2026\/03\/2026_03_CEO-ADI-LDA8572_A-1-1650x2048.png 1650w, https:\/\/blog.ccc.eu\/pl\/wp-content\/uploads\/2026\/03\/2026_03_CEO-ADI-LDA8572_A-1-100x124.png 100w, https:\/\/blog.ccc.eu\/pl\/wp-content\/uploads\/2026\/03\/2026_03_CEO-ADI-LDA8572_A-1.png 1856w\" sizes=\"auto, (max-width: 825px) 100vw, 825px\" \/><\/figure>\n\n\n\n<h2 class=\"wp-block-heading\">Jak si\u0119 ubra\u0107 na komuni\u0119?<\/h2>\n\n\n\n<p>Pierwsza komunia \u015bwi\u0119ta to uroczysto\u015b\u0107, kt\u00f3ra wymaga od jej uczestnik\u00f3w formalnego stroju. Warto jednak pami\u0119ta\u0107, \u017ce wydarzenie to ma miejsce w godzinach porannych b\u0105d\u017a popo\u0142udniowych, dlatego <strong>stylizacje powinny mie\u0107 elegancki, a zarazem dzienny charakter<\/strong>. Kolorystyka stroju formalnego wieczorowego od dziennego bardzo si\u0119 r\u00f3\u017cni, dlatego warto mie\u0107 to na uwadze.<\/p>\n\n\n\n<h3 class=\"wp-block-heading\">Co ubra\u0107 na komuni\u0119? Str\u00f3j utrzymany w odpowiedniej kolorystyce!<\/h3>\n\n\n\n<p>Wed\u0142ug tradycji, komunie \u015bwi\u0119te organizowane s\u0105 najcz\u0119\u015bciej w maju. <strong>To zazwyczaj ciep\u0142y, wiosenny czas, kt\u00f3ry przynosi na my\u015bl jasn\u0105 kolorystyk\u0119, w tym pastele i pudrowe barwy<\/strong>. Na tego typu uroczysto\u015bciach kr\u00f3luje jasna, subtelna paleta barw \u2013 od pudrowego r\u00f3\u017cu i mi\u0119ty, przez pastelowy b\u0142\u0119kit, a\u017c po rozbielony \u017c\u00f3\u0142ty, ecru i be\u017c. Stylizacje utrzymane w tych odcieniach prezentuj\u0105 si\u0119 lekko, \u015bwie\u017co i idealnie wpisuj\u0105 si\u0119 w elegancki charakter komunii.<\/p>\n\n\n\n<figure class=\"wp-block-image size-large\"><img loading=\"lazy\" decoding=\"async\" width=\"825\" height=\"1024\" src=\"https:\/\/blog.ccc.eu\/pl\/wp-content\/uploads\/2026\/03\/2026_03_CEO-BHPC-C-003-09-825x1024.png\" alt=\"Co ubra\u0107 na komuni\u0119? Str\u00f3j utrzymany w odpowiedniej kolorystyce!\" class=\"wp-image-29551\" srcset=\"https:\/\/blog.ccc.eu\/pl\/wp-content\/uploads\/2026\/03\/2026_03_CEO-BHPC-C-003-09-825x1024.png 825w, https:\/\/blog.ccc.eu\/pl\/wp-content\/uploads\/2026\/03\/2026_03_CEO-BHPC-C-003-09-242x300.png 242w, https:\/\/blog.ccc.eu\/pl\/wp-content\/uploads\/2026\/03\/2026_03_CEO-BHPC-C-003-09-768x953.png 768w, https:\/\/blog.ccc.eu\/pl\/wp-content\/uploads\/2026\/03\/2026_03_CEO-BHPC-C-003-09-1237x1536.png 1237w, https:\/\/blog.ccc.eu\/pl\/wp-content\/uploads\/2026\/03\/2026_03_CEO-BHPC-C-003-09-1650x2048.png 1650w, https:\/\/blog.ccc.eu\/pl\/wp-content\/uploads\/2026\/03\/2026_03_CEO-BHPC-C-003-09-100x124.png 100w, https:\/\/blog.ccc.eu\/pl\/wp-content\/uploads\/2026\/03\/2026_03_CEO-BHPC-C-003-09.png 1856w\" sizes=\"auto, (max-width: 825px) 100vw, 825px\" \/><\/figure>\n\n\n\n<!-- BEGIN - feed broker -->\n<div class=\"feedbroker\" consumer-code-id=\"ZvaDreXiw3G2Ltf34kpy\"><script src=\"https:\/\/app.feed.broker\/consumer\/feedbroker-consumer-script.umd.js?v=1.0.1\" defer=\"\"><\/script><\/div>\n<!-- END - feed broker -->\n\n\n\n<p><br>Nie ka\u017cdy odnajduje si\u0119 w jasnej palecie \u2013 i to zupe\u0142nie naturalne. W takiej sytuacji warto si\u0119gn\u0105\u0107 po g\u0142\u0119bsze, bardziej nasycone kolory, kt\u00f3re r\u00f3wnie\u017c doskonale wpisuj\u0105 si\u0119 w elegancki charakter uroczysto\u015bci. Granat, bordo, ciemna ziele\u0144 czy czekoladowy br\u0105z prezentuj\u0105 si\u0119 szlachetnie i ponadczasowo<strong>. A czer\u0144? Cho\u0107 jest akceptowalna, lepiej traktowa\u0107 j\u0105 z wyczuciem \u2013 komunia ma w sobie lekko\u015b\u0107 i rado\u015b\u0107, dlatego najkorzystniej sprawdzi si\u0119 jako akcent w dodatkach<\/strong>, a nie baza ca\u0142ej stylizacji.<\/p>\n\n\n\n<h2 class=\"wp-block-heading\">W co si\u0119 ubra\u0107 na komuni\u0119 w\u0142asnego dziecka?<\/h2>\n\n\n\n<p>Stylizacja rodzic\u00f3w na komuni\u0119 dziecka powinna by\u0107 elegancka i dopasowana do charakteru uroczysto\u015bci. Dzi\u015b moda daje znacznie wi\u0119cej mo\u017cliwo\u015bci ni\u017c tylko klasyczne rozwi\u0105zania. Poni\u017cej podpowiadamy, co mo\u017ce za\u0142o\u017cy\u0107 mama, a co sprawdzi si\u0119 w stylizacji taty \u2013 nie tylko w najbardziej oczywistych wariantach.<\/p>\n\n\n\n<h2 class=\"wp-block-heading\">Stylizacja na komuni\u0119 dla mamy \u2013 jaka sprawdzi si\u0119 najlepiej?<\/h2>\n\n\n\n<p>Je\u015bli zastanawiasz si\u0119, <strong>jak si\u0119 ubra\u0107 na komuni\u0119 dziecka<\/strong>, pierwszym i najbardziej intuicyjnym wyborem pozostaje sukienka. To rozwi\u0105zanie, kt\u00f3re od lat wpisuje si\u0119 w komunijny dress code i zawsze wygl\u0105da elegancko, ale dzi\u015b zyskuje \u015bwie\u017csze, bardziej nowoczesne ods\u0142ony.<\/p>\n\n\n\n<h3 class=\"wp-block-heading\">Sukienki na komuni\u0119 dla mamy<\/h3>\n\n\n\n<p>Klasyczna o\u0142\u00f3wkowa sukienka z r\u0119kawkiem to fason, kt\u00f3ry nigdy nie wychodzi z mody. Jest dopracowany, kobiecy i niezwykle ponadczasowy \u2013 idealny, je\u015bli cenisz prostot\u0119 w duchu <em>quiet luxury<\/em>. R\u00f3wnie pi\u0119knie prezentuj\u0105 si\u0119<strong> zwiewniejsze modele midi, szczeg\u00f3lnie te odcinane pod biustem. Taki kr\u00f3j daje lekko\u015b\u0107, swobod\u0119 i \u015bwietnie uk\u0142ada si\u0119 w ruchu, a odkryta kostka pozwala wyeksponowa\u0107 <a href=\"https:\/\/ccc.eu\/pl\/damskie\/buty\" target=\"_blank\" data-type=\"link\" data-id=\"https:\/\/ccc.eu\/pl\/damskie\/buty\" rel=\"noreferrer noopener\">buty<\/a> <\/strong>\u2013 eleganckie szpilki czy minimalistyczne sanda\u0142y staj\u0105 si\u0119 wtedy integraln\u0105 cz\u0119\u015bci\u0105 stylizacji. To opcja, kt\u00f3ra \u0142\u0105czy styl z wygod\u0105, a to w tym dniu ma ogromne znaczenie.<\/p>\n\n\n\n<figure class=\"wp-block-gallery has-nested-images columns-default is-cropped wp-block-gallery-1 is-layout-flex wp-block-gallery-is-layout-flex\">\n<figure class=\"wp-block-image size-large\"><img loading=\"lazy\" decoding=\"async\" width=\"683\" height=\"1024\" data-id=\"29554\" src=\"https:\/\/blog.ccc.eu\/pl\/wp-content\/uploads\/2026\/03\/CCC_5906751781531_02_M-683x1024.jpg\" alt=\"sukienki na komuni\u0119 dla mamy\" class=\"wp-image-29554\" srcset=\"https:\/\/blog.ccc.eu\/pl\/wp-content\/uploads\/2026\/03\/CCC_5906751781531_02_M-683x1024.jpg 683w, https:\/\/blog.ccc.eu\/pl\/wp-content\/uploads\/2026\/03\/CCC_5906751781531_02_M-200x300.jpg 200w, https:\/\/blog.ccc.eu\/pl\/wp-content\/uploads\/2026\/03\/CCC_5906751781531_02_M-768x1152.jpg 768w, https:\/\/blog.ccc.eu\/pl\/wp-content\/uploads\/2026\/03\/CCC_5906751781531_02_M-100x150.jpg 100w, https:\/\/blog.ccc.eu\/pl\/wp-content\/uploads\/2026\/03\/CCC_5906751781531_02_M.jpg 876w\" sizes=\"auto, (max-width: 683px) 100vw, 683px\" \/><\/figure>\n\n\n\n<figure class=\"wp-block-image size-large\"><img loading=\"lazy\" decoding=\"async\" width=\"683\" height=\"1024\" data-id=\"29555\" src=\"https:\/\/blog.ccc.eu\/pl\/wp-content\/uploads\/2026\/03\/stylizacja-na-komunie-683x1024.jpg\" alt=\"buty do sukienki na komuni\u0119 dla mamy\" class=\"wp-image-29555\" srcset=\"https:\/\/blog.ccc.eu\/pl\/wp-content\/uploads\/2026\/03\/stylizacja-na-komunie-683x1024.jpg 683w, https:\/\/blog.ccc.eu\/pl\/wp-content\/uploads\/2026\/03\/stylizacja-na-komunie-200x300.jpg 200w, https:\/\/blog.ccc.eu\/pl\/wp-content\/uploads\/2026\/03\/stylizacja-na-komunie-768x1152.jpg 768w, https:\/\/blog.ccc.eu\/pl\/wp-content\/uploads\/2026\/03\/stylizacja-na-komunie-100x150.jpg 100w, https:\/\/blog.ccc.eu\/pl\/wp-content\/uploads\/2026\/03\/stylizacja-na-komunie.jpg 876w\" sizes=\"auto, (max-width: 683px) 100vw, 683px\" \/><\/figure>\n<\/figure>\n\n\n\n<h3 class=\"wp-block-heading\">Garnitur: modna stylizacja na komuni\u0119 dla mamy<\/h3>\n\n\n\n<p>Jak si\u0119 ubra\u0107 na komuni\u0119 w bardziej nowoczesny spos\u00f3b?<strong> Damski garnitur to dzi\u015b klasyka gatunku, ale w bardzo \u015bwie\u017cej interpretacji \u2013 elegancki i niezwykle stylowy<\/strong>. W trendach dominuj\u0105 pastele, kt\u00f3re idealnie wpisuj\u0105 si\u0119 w charakter uroczysto\u015bci. Najmodniejsze odcienie garnitur\u00f3w damskich w sezonie wiosna-lato 2026 to:<\/p>\n\n\n\n<ul class=\"wp-block-list\">\n<li>butter yellow<\/li>\n\n\n\n<li>pudrowy r\u00f3\u017c<\/li>\n\n\n\n<li>baby blue<\/li>\n\n\n\n<li>sza\u0142wia<\/li>\n\n\n\n<li>mi\u0119ta<\/li>\n\n\n\n<li>jasna lawenda<\/li>\n<\/ul>\n\n\n\n<p>To kolory, kt\u00f3re dodaj\u0105 lekko\u015bci i subtelnie podkre\u015blaj\u0105 elegancj\u0119 ca\u0142ej stylizacji. Je\u015bli jednak <strong>wolisz bardziej stonowane rozwi\u0105zania, postaw na szary garnitur<\/strong>. To baza, kt\u00f3r\u0105 mo\u017cesz \u0142atwo o\u017cywi\u0107 dodatkami \u2013 pastelowe <a href=\"https:\/\/ccc.eu\/pl\/damskie\/buty\/obcasy\/szpilki\" target=\"_blank\" data-type=\"link\" data-id=\"https:\/\/ccc.eu\/pl\/damskie\/buty\/obcasy\/szpilki\" rel=\"noreferrer noopener\">szpilki<\/a>, torebka lub delikatna koszula pod marynark\u0105 dodadz\u0105 ca\u0142o\u015bci \u015bwie\u017co\u015bci i modowego wyczucia.<\/p>\n\n\n<div class=\"wp-block-image\">\n<figure class=\"aligncenter size-large\"><img loading=\"lazy\" decoding=\"async\" width=\"825\" height=\"1024\" src=\"https:\/\/blog.ccc.eu\/pl\/wp-content\/uploads\/2026\/03\/2026_03_EDEN-V2020-13-2-825x1024.jpg\" alt=\"Garnitur: modna stylizacja na komuni\u0119 dla mamy\" class=\"wp-image-29553\" srcset=\"https:\/\/blog.ccc.eu\/pl\/wp-content\/uploads\/2026\/03\/2026_03_EDEN-V2020-13-2-825x1024.jpg 825w, https:\/\/blog.ccc.eu\/pl\/wp-content\/uploads\/2026\/03\/2026_03_EDEN-V2020-13-2-242x300.jpg 242w, https:\/\/blog.ccc.eu\/pl\/wp-content\/uploads\/2026\/03\/2026_03_EDEN-V2020-13-2-768x953.jpg 768w, https:\/\/blog.ccc.eu\/pl\/wp-content\/uploads\/2026\/03\/2026_03_EDEN-V2020-13-2-1237x1536.jpg 1237w, https:\/\/blog.ccc.eu\/pl\/wp-content\/uploads\/2026\/03\/2026_03_EDEN-V2020-13-2-1650x2048.jpg 1650w, https:\/\/blog.ccc.eu\/pl\/wp-content\/uploads\/2026\/03\/2026_03_EDEN-V2020-13-2-100x124.jpg 100w, https:\/\/blog.ccc.eu\/pl\/wp-content\/uploads\/2026\/03\/2026_03_EDEN-V2020-13-2.jpg 1856w\" sizes=\"auto, (max-width: 825px) 100vw, 825px\" \/><\/figure>\n<\/div>\n\n\n<!-- BEGIN - feed broker -->\n<div class=\"feedbroker\" consumer-code-id=\"vz4TdACkjDkeec0Thnt1\"><script src=\"https:\/\/app.feed.broker\/consumer\/feedbroker-consumer-script.umd.js?v=1.0.1\" defer=\"\"><\/script><\/div>\n<!-- END - feed broker -->\n\n\n\n<p><\/p>\n\n\n\n<h3 class=\"wp-block-heading\">Jakie buty na komuni\u0119 dla mamy?<\/h3>\n\n\n\n<p>Buty na komuni\u0119 dla mamy powinny \u0142\u0105czy\u0107 elegancj\u0119 z wygod\u0105 \u2013 dlatego pierwszym wyborem pozostaj\u0105 klasyczne szpilki, kt\u00f3re \u015bwietnie dope\u0142niaj\u0105 ka\u017cd\u0105 stylizacj\u0119. Nie s\u0105 jednak jedyn\u0105 opcj\u0105 \u2013<strong> r\u00f3wnie dobrze sprawdz\u0105 si\u0119 ni\u017csze obcasy, np. modne <em>kitten heels<\/em> (ok. 5 cm<\/strong>), kt\u00f3re s\u0105 stabilne i bardzo stylowe. Dobrym wyborem b\u0119d\u0105 te\u017c <strong>cz\u00f3\u0142enka na s\u0142upku,<\/strong> inspirowane stylem Jacqueline Kennedy Onassis, kt\u00f3re wracaj\u0105 do trend\u00f3w. Je\u015bli zale\u017cy Ci na maksymalnym komforcie, postaw na <strong>baleriny w duchu <em>balletcore<\/em> lub<a href=\"https:\/\/ccc.eu\/pl\/damskie\/buty\/polbuty\/loafersy\" data-type=\"link\" data-id=\"https:\/\/ccc.eu\/pl\/damskie\/buty\/polbuty\/loafersy\" target=\"_blank\" rel=\"noreferrer noopener\">loafersy<\/a>, szczeg\u00f3lnie do garnituru<\/strong>. Wiele kobiet wybiera te\u017c praktyczne rozwi\u0105zanie: eleganckie buty na obcasie do ko\u015bcio\u0142a i wygodne p\u0142askie modele na dalsz\u0105 cz\u0119\u015b\u0107 dnia.<\/p>\n\n\n\n<h2 class=\"wp-block-heading\">Jak si\u0119 ubra\u0107 na komuni\u0119 \u2013 stylizacja dla taty dziecka<\/h2>\n\n\n\n<p>Stylizacja na komuni\u0119 dla taty najcz\u0119\u015bciej opiera si\u0119 na garniturze, kt\u00f3ry zawsze wygl\u0105da elegancko i adekwatnie do okazji, ale nie jest to jedyna opcja.<strong> R\u00f3wnie dobrze sprawdzi si\u0119 zestaw z\u0142o\u017cony z koszuli, marynarki i chinos\u00f3w \u2013 mniej formalny, ale nadal bardzo stylowy<\/strong>. Po oficjalnej cz\u0119\u015bci uroczysto\u015bci mo\u017cesz postawi\u0107 na bardziej swobodny look, np. koszulk\u0119 polo zestawion\u0105 z marynark\u0105 i chinosami. Niezale\u017cnie od wyboru, kluczowe pozostaj\u0105 <a href=\"https:\/\/ccc.eu\/pl\/meskie\/buty\/polbuty\" data-type=\"link\" data-id=\"https:\/\/ccc.eu\/pl\/meskie\/buty\/polbuty\" target=\"_blank\" rel=\"noreferrer noopener\">p\u00f3\u0142buty<\/a> \u2013 tutaj liczy si\u0119 elegancja: <strong>monki, derby, loafersy czy oksfordy, a przy bardziej formalnym garniturze tak\u017ce klasyczne lakierki<\/strong>.<\/p>\n\n\n\n<figure class=\"wp-block-gallery has-nested-images columns-default is-cropped wp-block-gallery-2 is-layout-flex wp-block-gallery-is-layout-flex\">\n<figure class=\"wp-block-image size-large\"><img loading=\"lazy\" decoding=\"async\" width=\"683\" height=\"1024\" data-id=\"29562\" src=\"https:\/\/blog.ccc.eu\/pl\/wp-content\/uploads\/2026\/03\/stylizacje-na-komunie-dla-taty-1-683x1024.jpg\" alt=\"Jak si\u0119 ubra\u0107 na komuni\u0119 \u2013 stylizacja dla taty dziecka\" class=\"wp-image-29562\" srcset=\"https:\/\/blog.ccc.eu\/pl\/wp-content\/uploads\/2026\/03\/stylizacje-na-komunie-dla-taty-1-683x1024.jpg 683w, https:\/\/blog.ccc.eu\/pl\/wp-content\/uploads\/2026\/03\/stylizacje-na-komunie-dla-taty-1-200x300.jpg 200w, https:\/\/blog.ccc.eu\/pl\/wp-content\/uploads\/2026\/03\/stylizacje-na-komunie-dla-taty-1-768x1152.jpg 768w, https:\/\/blog.ccc.eu\/pl\/wp-content\/uploads\/2026\/03\/stylizacje-na-komunie-dla-taty-1-100x150.jpg 100w, https:\/\/blog.ccc.eu\/pl\/wp-content\/uploads\/2026\/03\/stylizacje-na-komunie-dla-taty-1.jpg 876w\" sizes=\"auto, (max-width: 683px) 100vw, 683px\" \/><\/figure>\n\n\n\n<figure class=\"wp-block-image size-large\"><img loading=\"lazy\" decoding=\"async\" width=\"683\" height=\"1024\" data-id=\"29561\" src=\"https:\/\/blog.ccc.eu\/pl\/wp-content\/uploads\/2026\/03\/CCC_5906751386668_02_M-683x1024.jpg\" alt=\"Jak si\u0119 ubra\u0107 na komuni\u0119 m\u0119\u017cczyzna\" class=\"wp-image-29561\" srcset=\"https:\/\/blog.ccc.eu\/pl\/wp-content\/uploads\/2026\/03\/CCC_5906751386668_02_M-683x1024.jpg 683w, https:\/\/blog.ccc.eu\/pl\/wp-content\/uploads\/2026\/03\/CCC_5906751386668_02_M-200x300.jpg 200w, https:\/\/blog.ccc.eu\/pl\/wp-content\/uploads\/2026\/03\/CCC_5906751386668_02_M-768x1152.jpg 768w, https:\/\/blog.ccc.eu\/pl\/wp-content\/uploads\/2026\/03\/CCC_5906751386668_02_M-100x150.jpg 100w, https:\/\/blog.ccc.eu\/pl\/wp-content\/uploads\/2026\/03\/CCC_5906751386668_02_M.jpg 876w\" sizes=\"auto, (max-width: 683px) 100vw, 683px\" \/><\/figure>\n<\/figure>\n\n\n\n<h2 class=\"wp-block-heading\">Jak si\u0119 ubra\u0107 na komuni\u0119 jako go\u015b\u0107?<\/h2>\n\n\n\n<p>Jako go\u015b\u0107 mo\u017cesz pozwoli\u0107 sobie na wi\u0119ksz\u0105 swobod\u0119, ale nadal warto zachowa\u0107 elegancki charakter stylizacji. <strong>\u015awietnie sprawdz\u0105 si\u0119 sukienki, damskie garnitury, kombinezony, eleganckie spodnie czy zestaw koszula + sp\u00f3dnica. <\/strong>Mo\u017cesz te\u017c si\u0119gn\u0105\u0107 po bardziej wyraziste kolory \u2013 kobalt czy limonka s\u0105 jak najbardziej na miejscu, je\u015bli ca\u0142o\u015b\u0107 pozostaje sp\u00f3jna. Stylizacj\u0119 uzupe\u0142ni\u0105 szpilki, ale r\u00f3wnie dobrze sprawdz\u0105 si\u0119 mokasyny, baleriny lub<a href=\"https:\/\/ccc.eu\/pl\/damskie\/buty\/sandaly\/sandaly-na-obcasie\" data-type=\"link\" data-id=\"https:\/\/ccc.eu\/pl\/damskie\/buty\/sandaly\/sandaly-na-obcasie\" target=\"_blank\" rel=\"noreferrer noopener\"> sanda\u0142y na obcasie<\/a>. Na wierzch idealnym wyborem b\u0119dzie klasyczny trencz albo jego modna, kr\u00f3tsza wersja. Warto te\u017c postawi\u0107 na modne dodatki \u2013 wi\u0119ksze kolczyki, kt\u00f3re dominowa\u0142y na wybiegach SS2026, oraz wzory: kwiaty, kropki czy animal print, kt\u00f3re dodaj\u0105 stylizacji lekko\u015bci i charakteru.<\/p>\n\n\n\n<p><strong>Zobacz te\u017c &gt;&gt;&gt; <a href=\"https:\/\/blog.ccc.eu\/pl\/stylizacja-na-komunie-dla-babci-i-dziadka\/\" data-type=\"link\" data-id=\"https:\/\/blog.ccc.eu\/pl\/stylizacja-na-komunie-dla-babci-i-dziadka\/\">Stylizacja na komuni\u0119 dla babci i dziadka. Sprawd\u017a propozycje!<\/a><\/strong><\/p>\n\n\n<div class=\"wp-block-image\">\n<figure class=\"aligncenter size-large\"><img loading=\"lazy\" decoding=\"async\" width=\"687\" height=\"1024\" src=\"https:\/\/blog.ccc.eu\/pl\/wp-content\/uploads\/2026\/03\/240EO-V2127-191-687x1024.jpg\" alt=\"\" class=\"wp-image-29566\" srcset=\"https:\/\/blog.ccc.eu\/pl\/wp-content\/uploads\/2026\/03\/240EO-V2127-191-687x1024.jpg 687w, https:\/\/blog.ccc.eu\/pl\/wp-content\/uploads\/2026\/03\/240EO-V2127-191-201x300.jpg 201w, https:\/\/blog.ccc.eu\/pl\/wp-content\/uploads\/2026\/03\/240EO-V2127-191-768x1145.jpg 768w, https:\/\/blog.ccc.eu\/pl\/wp-content\/uploads\/2026\/03\/240EO-V2127-191-100x149.jpg 100w, https:\/\/blog.ccc.eu\/pl\/wp-content\/uploads\/2026\/03\/240EO-V2127-191.jpg 848w\" sizes=\"auto, (max-width: 687px) 100vw, 687px\" \/><\/figure>\n<\/div>\n\n\n<h2 class=\"wp-block-heading\">Jakie torebki wybra\u0107 do damskiej stylizacji na komuni\u0119?<\/h2>\n\n\n\n<p>Idealna torebka na komuni\u0119 \u0142\u0105czy styl z funkcjonalno\u015bci\u0105 \u2013 jest na tyle pojemna, by zmie\u015bci\u0107 najwa\u017cniejsze rzeczy, ale nadal lekka i elegancka w formie. Najlepiej sprawdzaj\u0105 si\u0119 <strong>modele w neutralnych kolorach, takich jak be\u017c czy klasyczna czer\u0144, kt\u00f3re \u0142atwo dopasowa\u0107 do stylizacji.<\/strong> W trendach mocno zaznaczaj\u0105 si\u0119 tak\u017ce pastelowe torebki \u2013 widzieli\u015bmy je na wybiegach Dior i Valentino, gdzie pe\u0142ni\u0142y rol\u0119 modnego akcentu. To \u015bwietny wyb\u00f3r szczeg\u00f3lnie wtedy, gdy stylizacja utrzymana jest w bazowych odcieniach \u2013 pastelowa torebka subtelnie j\u0105 o\u017cywia i dodaje nowoczesnego charakteru. Najlepiej postawi\u0107 na kopert\u00f3wki lub ma\u0142e modele na rami\u0119 z delikatnym paskiem, a je\u015bli chcesz przyci\u0105gn\u0105\u0107 spojrzenia, wybierz wersj\u0119 z metalicznym wyko\u0144czeniem lub bi\u017cuteryjnymi detalami.<\/p>\n\n\n\n<p><strong>Zobacz te\u017c &gt;&gt;&gt; <a href=\"https:\/\/blog.ccc.eu\/pl\/modne-kolory-torebek-na-wiosne-lato\/\" data-type=\"link\" data-id=\"https:\/\/blog.ccc.eu\/pl\/modne-kolory-torebek-na-wiosne-lato\/\">Modne kolory torebek na wiosn\u0119-lato 2026 \u2013 jeden zaskakuje najbardziej<\/a><\/strong><\/p>\n\n\n\n<figure class=\"wp-block-image size-large\"><img loading=\"lazy\" decoding=\"async\" width=\"825\" height=\"1024\" src=\"https:\/\/blog.ccc.eu\/pl\/wp-content\/uploads\/2026\/03\/2026_03_CEO-ADI-LDA8572-825x1024.png\" alt=\"jak si\u0119 ubra\u0107 na komuni\u0119 jako go\u015b\u0107\" class=\"wp-image-29569\" srcset=\"https:\/\/blog.ccc.eu\/pl\/wp-content\/uploads\/2026\/03\/2026_03_CEO-ADI-LDA8572-825x1024.png 825w, https:\/\/blog.ccc.eu\/pl\/wp-content\/uploads\/2026\/03\/2026_03_CEO-ADI-LDA8572-242x300.png 242w, https:\/\/blog.ccc.eu\/pl\/wp-content\/uploads\/2026\/03\/2026_03_CEO-ADI-LDA8572-768x953.png 768w, https:\/\/blog.ccc.eu\/pl\/wp-content\/uploads\/2026\/03\/2026_03_CEO-ADI-LDA8572-1237x1536.png 1237w, https:\/\/blog.ccc.eu\/pl\/wp-content\/uploads\/2026\/03\/2026_03_CEO-ADI-LDA8572-1650x2048.png 1650w, https:\/\/blog.ccc.eu\/pl\/wp-content\/uploads\/2026\/03\/2026_03_CEO-ADI-LDA8572-100x124.png 100w, https:\/\/blog.ccc.eu\/pl\/wp-content\/uploads\/2026\/03\/2026_03_CEO-ADI-LDA8572.png 1856w\" sizes=\"auto, (max-width: 825px) 100vw, 825px\" \/><\/figure>\n\n\n\n<div class=\"wp-block-buttons is-content-justification-center is-layout-flex wp-container-core-buttons-is-layout-16018d1d wp-block-buttons-is-layout-flex\">\n<div class=\"wp-block-button\"><a class=\"wp-block-button__link wp-element-button\" href=\"https:\/\/ccc.eu\/pl\/torby\/torby-damskie\" target=\"_blank\" rel=\"noreferrer noopener\">Zobacz torebki damskie w CCC<\/a><\/div>\n<\/div>\n\n\n\n<p><\/p>\n\n\n\n<h2 class=\"wp-block-heading\">Jak si\u0119 ubra\u0107 na komuni\u0119 w ci\u0105\u017cy?<\/h2>\n\n\n\n<p>Stylizacja na komuni\u0119 w ci\u0105\u017cy powinna przede wszystkim zapewnia\u0107 komfort i swobod\u0119 przez ca\u0142y dzie\u0144, bez rezygnacji z elegancji. \u015awietnie <strong>sprawdzaj\u0105 si\u0119 zwiewne sukienki inspirowane wybiegami Chlo\u00e9<\/strong> \u2013 z delikatnymi falbanami, lekkie i pe\u0142ne ruchu, kt\u00f3re wpisuj\u0105 si\u0119 w aktualne trendy. R\u00f3wnie dobrym wyborem s\u0105 <strong>minimalistyczne fasony o kroju A<\/strong>, kt\u00f3re wygl\u0105daj\u0105 nowocze\u015bnie i naturalnie uk\u0142adaj\u0105 si\u0119 na sylwetce. Kluczowe znaczenie maj\u0105 tkaniny \u2013 <strong>najlepiej wybiera\u0107 naturalne, oddychaj\u0105ce materia\u0142y, takie jak wiskoza, bawe\u0142na czy len<\/strong>, kt\u00f3re zapewniaj\u0105 komfort nawet w cieplejszy dzie\u0144. Ca\u0142o\u015b\u0107 warto uzupe\u0142ni\u0107 wygodnym obuwiem \u2013<a href=\"https:\/\/ccc.eu\/pl\/damskie\/buty\/polbuty\/baleriny\" data-type=\"link\" data-id=\"https:\/\/ccc.eu\/pl\/damskie\/buty\/polbuty\/baleriny\" target=\"_blank\" rel=\"noreferrer noopener\">baleriny<\/a> lub mi\u0119kkie sanda\u0142y b\u0119d\u0105 idealnym dope\u0142nieniem stylizacji.<\/p>\n\n\n\n<!-- BEGIN - feed broker -->\n<div class=\"feedbroker\" consumer-code-id=\"YoN8Yq7I7WwumyOVaEbY\"><script src=\"https:\/\/app.feed.broker\/consumer\/feedbroker-consumer-script.umd.js?v=1.0.1\" defer=\"\"><\/script><\/div>\n<!-- END - feed broker -->\n\n\n\n<p><\/p>\n\n\n\n<p>Stylizacja na komuni\u0119 to gra mi\u0119dzy elegancj\u0105 a komfortem, gdzie licz\u0105 si\u0119 jako\u015b\u0107, detale i wyczucie okazji. Niezale\u017cnie od tego, czy wybierasz klasyk\u0119, czy bardziej nowoczesne rozwi\u0105zania, dobrze dobrane dodatki potrafi\u0105 ca\u0142kowicie odmieni\u0107 look. <strong>W <a href=\"https:\/\/ccc.eu\/pl\/\" target=\"_blank\" data-type=\"link\" data-id=\"https:\/\/ccc.eu\/pl\/\" rel=\"noreferrer noopener\">CCC<\/a> znajdziesz mn\u00f3stwo but\u00f3w i torebek idealnych na komuni\u0119<\/strong> \u2013 od ponadczasowych modeli po te inspirowane najnowszymi trendami.<br><\/p>\n","protected":false},"excerpt":{"rendered":"<p>Sezon komunijny wkr\u00f3tce si\u0119 rozpocznie. Niezale\u017cnie od tego, czy pojawisz si\u0119 jako mama, tata czy go\u015b\u0107, dobrze skomponowana stylizacja robi r\u00f3\u017cnic\u0119. Podpowiadamy, jak ubra\u0107 si\u0119 na komuni\u0119, by wygl\u0105da\u0107 \u015bwie\u017co, nowocze\u015bnie i z klas\u0105 \u2013 a przy tym czu\u0107 si\u0119 swobodnie przez ca\u0142y dzie\u0144. Do ka\u017cdego looku dobrali\u015bmy idealne dodatki \u2013 wszystkie znajdziesz w ofercie [&hellip;]<\/p>\n","protected":false},"author":27,"featured_media":29570,"comment_status":"open","ping_status":"closed","sticky":false,"template":"","format":"standard","meta":{"_acf_changed":false,"footnotes":""},"categories":[4],"tags":[53,138,180,660,96],"class_list":["post-16049","post","type-post","status-publish","format-standard","has-post-thumbnail","hentry","category-porady","tag-buty-damskie","tag-buty-meskie","tag-eleganckie-buty","tag-komunia","tag-porady"],"acf":[],"_links":{"self":[{"href":"https:\/\/blog.ccc.eu\/pl\/wp-json\/wp\/v2\/posts\/16049","targetHints":{"allow":["GET"]}}],"collection":[{"href":"https:\/\/blog.ccc.eu\/pl\/wp-json\/wp\/v2\/posts"}],"about":[{"href":"https:\/\/blog.ccc.eu\/pl\/wp-json\/wp\/v2\/types\/post"}],"author":[{"embeddable":true,"href":"https:\/\/blog.ccc.eu\/pl\/wp-json\/wp\/v2\/users\/27"}],"replies":[{"embeddable":true,"href":"https:\/\/blog.ccc.eu\/pl\/wp-json\/wp\/v2\/comments?post=16049"}],"version-history":[{"count":12,"href":"https:\/\/blog.ccc.eu\/pl\/wp-json\/wp\/v2\/posts\/16049\/revisions"}],"predecessor-version":[{"id":29588,"href":"https:\/\/blog.ccc.eu\/pl\/wp-json\/wp\/v2\/posts\/16049\/revisions\/29588"}],"wp:featuredmedia":[{"embeddable":true,"href":"https:\/\/blog.ccc.eu\/pl\/wp-json\/wp\/v2\/media\/29570"}],"wp:attachment":[{"href":"https:\/\/blog.ccc.eu\/pl\/wp-json\/wp\/v2\/media?parent=16049"}],"wp:term":[{"taxonomy":"category","embeddable":true,"href":"https:\/\/blog.ccc.eu\/pl\/wp-json\/wp\/v2\/categories?post=16049"},{"taxonomy":"post_tag","embeddable":true,"href":"https:\/\/blog.ccc.eu\/pl\/wp-json\/wp\/v2\/tags?post=16049"}],"curies":[{"name":"wp","href":"https:\/\/api.w.org\/{rel}","templated":true}]}}