{"id":16070,"date":"2026-03-04T12:57:04","date_gmt":"2026-03-04T11:57:04","guid":{"rendered":"https:\/\/blog.ccc.eu\/pl\/?p=16070"},"modified":"2026-03-04T13:06:50","modified_gmt":"2026-03-04T12:06:50","slug":"buty-komunijne-dla-dziewczynki-i-dla-chlopca","status":"publish","type":"post","link":"https:\/\/blog.ccc.eu\/pl\/buty-komunijne-dla-dziewczynki-i-dla-chlopca\/","title":{"rendered":"Buty komunijne dla dziewczynki i dla ch\u0142opca \u2013 wybieramy najlepsze"},"content":{"rendered":"\n<p><strong>Pierwsza Komunia \u015awi\u0119ta to wyj\u0105tkowe wydarzenie w \u017cyciu dziecka i jego rodziny. D\u0142ugie przygotowania sprawiaj\u0105, \u017ce dzie\u0144 uroczysto\u015bci nabiera szczeg\u00f3lnego znaczenia, dlatego warto zadba\u0107 o ka\u017cdy detal stylizacji. Opr\u00f3cz eleganckiego stroju wa\u017cne s\u0105 tak\u017ce odpowiednio dobrane dodatki oraz wygodne buty komunijne, kt\u00f3re zapewni\u0105 dziecku komfort przez ca\u0142y dzie\u0144. Zakup\u00f3w nie warto odk\u0142ada\u0107 na ostatni\u0105 chwil\u0119. Szukasz idealnych but\u00f3w do komunii dla dziewczynki lub eleganckich but\u00f3w komunijnych dla ch\u0142opca? Podpowiadamy, na co zwr\u00f3ci\u0107 uwag\u0119, aby wybra\u0107 model, kt\u00f3ry b\u0119dzie jednocze\u015bnie stylowy i wygodny.<\/strong><\/p>\n\n\n\n<figure class=\"wp-block-image size-full\"><img loading=\"lazy\" decoding=\"async\" width=\"875\" height=\"568\" src=\"https:\/\/blog.ccc.eu\/pl\/wp-content\/uploads\/2026\/03\/buty-na-komunie-jenny.jpg\" alt=\"\" class=\"wp-image-29298\" srcset=\"https:\/\/blog.ccc.eu\/pl\/wp-content\/uploads\/2026\/03\/buty-na-komunie-jenny.jpg 875w, https:\/\/blog.ccc.eu\/pl\/wp-content\/uploads\/2026\/03\/buty-na-komunie-jenny-300x195.jpg 300w, https:\/\/blog.ccc.eu\/pl\/wp-content\/uploads\/2026\/03\/buty-na-komunie-jenny-768x499.jpg 768w, https:\/\/blog.ccc.eu\/pl\/wp-content\/uploads\/2026\/03\/buty-na-komunie-jenny-100x65.jpg 100w\" sizes=\"auto, (max-width: 875px) 100vw, 875px\" \/><\/figure>\n\n\n\n<figure class=\"wp-block-gallery has-nested-images columns-default is-cropped wp-block-gallery-1 is-layout-flex wp-block-gallery-is-layout-flex\"><\/figure>\n\n\n\n<h2 class=\"wp-block-heading\">O czym pami\u0119ta\u0107 wybieraj\u0105c buty komunijne?<\/h2>\n\n\n\n<p>Buty komunijne, jak w przypadku ka\u017cdej innej okazji, powinny pasowa\u0107 do reszty stroju. Zadbajmy o to, by by\u0142o to <strong>obuwie eleganckie, ale nieodwracaj\u0105ce uwagi i od ubioru, i od powagi uroczysto\u015bci Pierwszej Komunii<\/strong>. Cho\u0107 w sprzeda\u017cy dost\u0119pnych jest wiele par, tradycyjne kolory i fasony obuwia komunijnego wci\u0105\u017c dominuj\u0105 nad przepychem i bogatymi zdobieniami.<\/p>\n\n\n\n<figure class=\"wp-block-gallery has-nested-images columns-default is-cropped wp-block-gallery-2 is-layout-flex wp-block-gallery-is-layout-flex\">\n<figure class=\"wp-block-image size-large\"><img loading=\"lazy\" decoding=\"async\" width=\"683\" height=\"1024\" data-id=\"29306\" src=\"https:\/\/blog.ccc.eu\/pl\/wp-content\/uploads\/2026\/03\/CCC_5906751568552_03-683x1024.jpg\" alt=\"\" class=\"wp-image-29306\" srcset=\"https:\/\/blog.ccc.eu\/pl\/wp-content\/uploads\/2026\/03\/CCC_5906751568552_03-683x1024.jpg 683w, https:\/\/blog.ccc.eu\/pl\/wp-content\/uploads\/2026\/03\/CCC_5906751568552_03-200x300.jpg 200w, https:\/\/blog.ccc.eu\/pl\/wp-content\/uploads\/2026\/03\/CCC_5906751568552_03-768x1152.jpg 768w, https:\/\/blog.ccc.eu\/pl\/wp-content\/uploads\/2026\/03\/CCC_5906751568552_03-100x150.jpg 100w, https:\/\/blog.ccc.eu\/pl\/wp-content\/uploads\/2026\/03\/CCC_5906751568552_03.jpg 876w\" sizes=\"auto, (max-width: 683px) 100vw, 683px\" \/><\/figure>\n\n\n\n<figure class=\"wp-block-image size-large\"><img loading=\"lazy\" decoding=\"async\" width=\"683\" height=\"1024\" data-id=\"29305\" src=\"https:\/\/blog.ccc.eu\/pl\/wp-content\/uploads\/2026\/03\/CCC_5906751569580_03-1-683x1024.jpg\" alt=\"\" class=\"wp-image-29305\" srcset=\"https:\/\/blog.ccc.eu\/pl\/wp-content\/uploads\/2026\/03\/CCC_5906751569580_03-1-683x1024.jpg 683w, https:\/\/blog.ccc.eu\/pl\/wp-content\/uploads\/2026\/03\/CCC_5906751569580_03-1-200x300.jpg 200w, https:\/\/blog.ccc.eu\/pl\/wp-content\/uploads\/2026\/03\/CCC_5906751569580_03-1-768x1152.jpg 768w, https:\/\/blog.ccc.eu\/pl\/wp-content\/uploads\/2026\/03\/CCC_5906751569580_03-1-100x150.jpg 100w, https:\/\/blog.ccc.eu\/pl\/wp-content\/uploads\/2026\/03\/CCC_5906751569580_03-1.jpg 876w\" sizes=\"auto, (max-width: 683px) 100vw, 683px\" \/><\/figure>\n<\/figure>\n\n\n\n<p>Mimo tego od pewnego czasu mo\u017cna zaobserwowa\u0107 wi\u0119ksz\u0105 dowolno\u015b\u0107, je\u015bli chodzi o kolor but\u00f3w komunijnych dla dziewczynek i ch\u0142opc\u00f3w. <strong>Bardzo cz\u0119sto ich wygl\u0105d jest wynikiem odg\u00f3rnych ustale\u0144 ko\u015bcio\u0142a<\/strong>, w kt\u00f3rym odbywa si\u0119 uroczysto\u015b\u0107, ale ma to te\u017c wymiar praktyczny. Do bia\u0142ej sukienki lub alby bia\u0142e buty po prostu najlepiej pasuj\u0105, podobnie jak czarne do ch\u0142opi\u0119cego, ciemnego garnituru. Je\u017celi natomiast nie ma do tego przeciwwskaza\u0144, dla dziewczynki mo\u017cemy rozwa\u017cy\u0107 obuwie w innym kolorze \u2013 be\u017cowym, ecru czy nude, dzi\u0119ki czemu \u0142atwiej je b\u0119dzie potem dopasowa\u0107 do zestaw\u00f3w ubra\u0144 na oficjalne wydarzenia np. wesela czy szkolne akademie.&nbsp;<\/p>\n\n\n\n<h2 class=\"wp-block-heading\">Jakie buty komunijne dla dziewczynki?&nbsp;<\/h2>\n\n\n\n<p>Jako buty komunijne dla dziewczynki \u015bwietnie sprawdz\u0105 si\u0119 zar\u00f3wno fasony ca\u0142kowicie zabudowane, jak i te z wyci\u0119ciem na palce lub paskiem zak\u0142adanym na odkryt\u0105 pi\u0119t\u0119. Do wyboru mamy te\u017c dziewcz\u0119ce modele z delikatnym zapi\u0119ciem wok\u00f3\u0142 kostki, kt\u00f3ry dobrze podtrzymuje stop\u0119, a tak\u017ce buty zdobione kokardkami, pere\u0142kami, cyrkoniami albo kwiatuszkami. Znale\u017a\u0107 mo\u017cna pantofelki z atrakcyjnymi, b\u0142yszcz\u0105cymi wyko\u0144czeniami ze z\u0142otej b\u0105d\u017a srebrnej nitki.&nbsp;<\/p>\n\n\n\n<p>Pami\u0119tajmy przy tym, \u017ce poza wzgl\u0119dami estetycznymi, <strong>warto wzi\u0105\u0107 pod uwag\u0119 por\u0119 roku, kiedy odbywa si\u0119 uroczysto\u015b\u0107 Pierwszej Komunii<\/strong>: temperatur\u0119 oraz ewentualne opady deszczu. Mo\u017ce si\u0119 okaza\u0107, \u017ce zamiast wybranych wcze\u015bniej but\u00f3w z wyci\u0119ciami, lepiej sprawdz\u0105 si\u0119 zabudowane, na grubszej podeszwie.&nbsp;<\/p>\n\n\n\n<figure class=\"wp-block-gallery has-nested-images columns-default is-cropped wp-block-gallery-3 is-layout-flex wp-block-gallery-is-layout-flex\">\n<figure class=\"wp-block-image size-large\"><img loading=\"lazy\" decoding=\"async\" width=\"683\" height=\"1024\" data-id=\"29288\" src=\"https:\/\/blog.ccc.eu\/pl\/wp-content\/uploads\/2026\/03\/CCC_5906751583579_02-683x1024.jpg\" alt=\"\" class=\"wp-image-29288\" srcset=\"https:\/\/blog.ccc.eu\/pl\/wp-content\/uploads\/2026\/03\/CCC_5906751583579_02-683x1024.jpg 683w, https:\/\/blog.ccc.eu\/pl\/wp-content\/uploads\/2026\/03\/CCC_5906751583579_02-200x300.jpg 200w, https:\/\/blog.ccc.eu\/pl\/wp-content\/uploads\/2026\/03\/CCC_5906751583579_02-768x1152.jpg 768w, https:\/\/blog.ccc.eu\/pl\/wp-content\/uploads\/2026\/03\/CCC_5906751583579_02-100x150.jpg 100w, https:\/\/blog.ccc.eu\/pl\/wp-content\/uploads\/2026\/03\/CCC_5906751583579_02.jpg 876w\" sizes=\"auto, (max-width: 683px) 100vw, 683px\" \/><\/figure>\n\n\n\n<figure class=\"wp-block-image size-large\"><img loading=\"lazy\" decoding=\"async\" width=\"683\" height=\"1024\" data-id=\"29287\" src=\"https:\/\/blog.ccc.eu\/pl\/wp-content\/uploads\/2026\/03\/CCC_5906751622643_01-683x1024.jpg\" alt=\"\" class=\"wp-image-29287\" srcset=\"https:\/\/blog.ccc.eu\/pl\/wp-content\/uploads\/2026\/03\/CCC_5906751622643_01-683x1024.jpg 683w, https:\/\/blog.ccc.eu\/pl\/wp-content\/uploads\/2026\/03\/CCC_5906751622643_01-200x300.jpg 200w, https:\/\/blog.ccc.eu\/pl\/wp-content\/uploads\/2026\/03\/CCC_5906751622643_01-768x1152.jpg 768w, https:\/\/blog.ccc.eu\/pl\/wp-content\/uploads\/2026\/03\/CCC_5906751622643_01-100x150.jpg 100w, https:\/\/blog.ccc.eu\/pl\/wp-content\/uploads\/2026\/03\/CCC_5906751622643_01.jpg 876w\" sizes=\"auto, (max-width: 683px) 100vw, 683px\" \/><\/figure>\n<\/figure>\n\n\n\n<div class=\"wp-block-buttons is-content-justification-center is-layout-flex wp-container-core-buttons-is-layout-16018d1d wp-block-buttons-is-layout-flex\">\n<div class=\"wp-block-button\"><a class=\"wp-block-button__link wp-element-button\" href=\"https:\/\/ccc.eu\/pl\/dzieciece\/dziewczece\/buty-na-komunie\" target=\"_blank\" rel=\"noopener\">Kup buty na komuni\u0119 dla dziewczynki w CCC<\/a><\/div>\n<\/div>\n\n\n\n<p><\/p>\n\n\n\n<!-- BEGIN - feed broker -->\n<div class=\"feedbroker\" consumer-code-id=\"6z9wddLBtk6JoJEpORvk\"><script src=\"https:\/\/app.feed.broker\/consumer\/feedbroker-consumer-script.umd.js?v=1.0.1\" defer=\"\"><\/script><\/div>\n<!-- END - feed broker -->\n\n\n\n<p><\/p>\n\n\n\n<h2 class=\"wp-block-heading\">Jakie buty komunijne dla ch\u0142opca?<\/h2>\n\n\n\n<p>Szukaj\u0105c but\u00f3w na komuni\u0119 dla ch\u0142opca, szybko zauwa\u017cymy, \u017ce najpopularniejsza jest ponadczasowa klasyka i by\u0107 mo\u017ce to ona b\u0119dzie najlepszym wyborem. Czarne, sznurowane p\u00f3\u0142buty na niewielkim obcasie \u015bwietnie pasuj\u0105 do ciemnego garnituru \u2013 niezale\u017cnie od tego, czy zdecydujemy si\u0119 na matowe, czy lakierowane wyko\u0144czenie. Nic nie stoi na przeszkodzie, by postawi\u0107 na ja\u015bniejsze modele, je\u015bli i garnitur utrzymany jest w takiej kolorystyce.&nbsp;<\/p>\n\n\n\n<p>To <strong>eleganckie buty komunijne, kt\u00f3re s\u0105 przy tym na tyle uniwersalne, \u017ce z powodzeniem przydadz\u0105 si\u0119 te\u017c na innych uroczysto\u015bciach<\/strong>. Jednak i w tym przypadku obserwujemy pewn\u0105 zmian\u0119, bo poza tradycyjnymi p\u00f3\u0142butami, coraz cz\u0119\u015bciej wybierane s\u0105 czarne, granatowe lub szare oksfordki czy mokasyny, kt\u00f3re nieco prze\u0142amuj\u0105 oficjalny styl swoim casualowym charakterem. A co je\u017celi ch\u0142opiec, zamiast w garniturze, do komunii idzie w albie\u2026?<\/p>\n\n\n\n<div class=\"wp-block-buttons is-content-justification-center is-layout-flex wp-container-core-buttons-is-layout-16018d1d wp-block-buttons-is-layout-flex\">\n<div class=\"wp-block-button\"><a class=\"wp-block-button__link wp-element-button\" href=\"https:\/\/ccc.eu\/pl\/dzieciece\/chlopiece\/buty-na-komunie\" target=\"_blank\" rel=\"noopener\">Kup buty na komuni\u0119 dla ch\u0142opca w CCC<\/a><\/div>\n<\/div>\n\n\n\n<figure class=\"wp-block-gallery has-nested-images columns-default is-cropped wp-block-gallery-4 is-layout-flex wp-block-gallery-is-layout-flex\"><\/figure>\n\n\n\n<h2 class=\"wp-block-heading\">Jakie buty do alby dla ch\u0142opca?<\/h2>\n\n\n\n<figure class=\"wp-block-gallery has-nested-images columns-default is-cropped wp-block-gallery-5 is-layout-flex wp-block-gallery-is-layout-flex\">\n<figure class=\"wp-block-image size-large\"><img loading=\"lazy\" decoding=\"async\" width=\"683\" height=\"1024\" data-id=\"29285\" src=\"https:\/\/blog.ccc.eu\/pl\/wp-content\/uploads\/2026\/03\/CCC_5905588273042_04-683x1024.jpg\" alt=\"\" class=\"wp-image-29285\" srcset=\"https:\/\/blog.ccc.eu\/pl\/wp-content\/uploads\/2026\/03\/CCC_5905588273042_04-683x1024.jpg 683w, https:\/\/blog.ccc.eu\/pl\/wp-content\/uploads\/2026\/03\/CCC_5905588273042_04-200x300.jpg 200w, https:\/\/blog.ccc.eu\/pl\/wp-content\/uploads\/2026\/03\/CCC_5905588273042_04-768x1152.jpg 768w, https:\/\/blog.ccc.eu\/pl\/wp-content\/uploads\/2026\/03\/CCC_5905588273042_04-100x150.jpg 100w, https:\/\/blog.ccc.eu\/pl\/wp-content\/uploads\/2026\/03\/CCC_5905588273042_04.jpg 876w\" sizes=\"auto, (max-width: 683px) 100vw, 683px\" \/><\/figure>\n\n\n\n<figure class=\"wp-block-image size-large\"><img loading=\"lazy\" decoding=\"async\" width=\"683\" height=\"1024\" data-id=\"29284\" src=\"https:\/\/blog.ccc.eu\/pl\/wp-content\/uploads\/2026\/03\/CCC_5906751571996_03K-683x1024.jpg\" alt=\"\" class=\"wp-image-29284\" srcset=\"https:\/\/blog.ccc.eu\/pl\/wp-content\/uploads\/2026\/03\/CCC_5906751571996_03K-683x1024.jpg 683w, https:\/\/blog.ccc.eu\/pl\/wp-content\/uploads\/2026\/03\/CCC_5906751571996_03K-200x300.jpg 200w, https:\/\/blog.ccc.eu\/pl\/wp-content\/uploads\/2026\/03\/CCC_5906751571996_03K-768x1152.jpg 768w, https:\/\/blog.ccc.eu\/pl\/wp-content\/uploads\/2026\/03\/CCC_5906751571996_03K-100x150.jpg 100w, https:\/\/blog.ccc.eu\/pl\/wp-content\/uploads\/2026\/03\/CCC_5906751571996_03K.jpg 876w\" sizes=\"auto, (max-width: 683px) 100vw, 683px\" \/><\/figure>\n<\/figure>\n\n\n\n<p><strong>Odpowiednimi butami do alby dla ch\u0142opca b\u0119dzie tak naprawd\u0119 ten sam rodzaj obuwia, co w przypadku garnituru<\/strong>, a wi\u0119c klasyczne, eleganckie p\u00f3\u0142buty. Jedyne o czym trzeba pami\u0119ta\u0107, to dopasowanie ich kolorem do barwy spodni, wystaj\u0105cych spod alby. Ta sama zasada obowi\u0105zuje w momencie, je\u015bli wsp\u00f3lnie postanowicie, \u017ce zamieniacie je np. na jednobarwne sneakersy. Modele w stonowanych barwach \u2013 czarne, szare, granatowe \u2013 b\u0119d\u0105 tak samo dobrze wsp\u00f3\u0142gra\u0107 z kolorem nogawek, co p\u00f3\u0142buty.<\/p>\n\n\n\n<!-- BEGIN - feed broker -->\n<div class=\"feedbroker\" consumer-code-id=\"VLl7GdRcSQacTDGdQVuB\"><script src=\"https:\/\/app.feed.broker\/consumer\/feedbroker-consumer-script.umd.js?v=1.0.1\" defer=\"\"><\/script><\/div>\n<!-- END - feed broker -->\n\n\n\n<p><\/p>\n\n\n\n<p><strong>Kupuj\u0105c buty na komuni\u0119 dla ch\u0142opca, pami\u0119tajmy o doborze skarpetek<\/strong>, kt\u00f3re powinny kolorystycznie wsp\u00f3\u0142gra\u0107 z obuwiem. Zwr\u00f3\u0107my uwag\u0119, by by\u0142y wykonane z naturalnego, oddychaj\u0105cego materia\u0142u np. bawe\u0142ny z odrobin\u0105 elastanu. Taki wyb\u00f3r zagwarantuje dziecku komfort w ten niezwykle intensywny i emocjonuj\u0105cy dzie\u0144!&nbsp;<\/p>\n\n\n\n<h2 class=\"wp-block-heading\">Jakie buty komunijne dla dzieci wybra\u0107? Praktyczne porady&nbsp;<\/h2>\n\n\n\n<p>Podczas tego wa\u017cnego dnia estetyka stroju i obuwia odgrywa wa\u017cn\u0105 rol\u0119, ale nie zapominajmy r\u00f3wnie\u017c o wygodzie dziecka. Dziewczynkom pe\u0142en komfort zapewni\u0105 p\u0142askie baleriny komunijne albo bia\u0142e buty komunijne na niewielkim obcasie lub koturnie. Z ch\u0142opcami wprawdzie nie ma takiego dylematu, ale w obu przypadkach zatroszczmy si\u0119 o odpowiedni\u0105 jako\u015b\u0107 obuwia.&nbsp;<\/p>\n\n\n\n<p>W tym zakresie modele wykonane z mi\u0119kkiej sk\u00f3ry naturalnej nie maj\u0105 sobie r\u00f3wnych. Idealnie dopasuj\u0105 si\u0119 do indywidualnego kszta\u0142tu dzieci\u0119cej stopy, a tak\u017ce zapobiegn\u0105 otarciom. <strong>Odpowiednio wyprofilowane, sk\u00f3rzane buty komunijne to tak\u017ce ochrona przed przegrzaniem, w razie gdyby dzie\u0144 Pierwszej Komunii by\u0142 wyj\u0105tkowo ciep\u0142y.<\/strong> Dobrym wyborem b\u0119d\u0105 r\u00f3wnie\u017c buty z wysokogatunkowej imitacji sk\u00f3ry. <\/p>\n\n\n\n<p>Dopilnujmy r\u00f3wnie\u017c, by rozmiar obuwia by\u0142 odpowiedni \u2013 ani za ma\u0142e, ani za du\u017ce buciki nie poprawi\u0105 komfortu ich u\u017cytkowania. Obuwie dla dziecka nie musi by\u0107 markowe \u2013 wa\u017cne, aby zapewni\u0142o pociechom&nbsp; wygod\u0119 i pi\u0119knie uzupe\u0142ni\u0142o komunijny str\u00f3j.&nbsp;Najlepszych modeli szukaj, jak zawsze, w <a href=\"https:\/\/ccc.eu\/pl\/\" target=\"_blank\" data-type=\"link\" data-id=\"https:\/\/ccc.eu\/pl\/\" rel=\"noreferrer noopener\">CCC<\/a>! Zajrzyj do naszych sklep\u00f3w stacjonarnych, na ccc.eu oraz do aplikacji.<\/p>\n\n\n\n<h2 class=\"wp-block-heading\">FAQ \u2013 Buty komunijne dla dziewczynki i dla ch\u0142opca \u2013 wybieramy najlepsze<\/h2>\n\n\n\n<h3 class=\"wp-block-heading\">Jakie buty komunijne dla dziewczynki s\u0105 najlepsze?<\/h3>\n\n\n\n<p>Najcz\u0119\u015bciej wybierane s\u0105 klasyczne baleriny lub delikatne p\u00f3\u0142buty w kolorze bia\u0142ym albo ecru. <strong>Buty komunijne dla dziewczynki<\/strong> powinny by\u0107 eleganckie, wygodne i dobrze dopasowane do stopy. Popularnym wyborem s\u0105 modele marek takich jak <strong>Jenny<\/strong>, kt\u00f3re \u0142\u0105cz\u0105 subtelny design z komfortem noszenia.<\/p>\n\n\n\n<h3 class=\"wp-block-heading\">Jakie buty komunijne dla ch\u0142opca wybra\u0107?<\/h3>\n\n\n\n<p>Najlepiej sprawdzaj\u0105 si\u0119 klasyczne p\u00f3\u0142buty wizytowe w kolorze czarnym lub granatowym. <strong>Buty komunijne dla ch\u0142opca<\/strong> powinny pasowa\u0107 do garnituru lub alby i mie\u0107 wygodn\u0105, elastyczn\u0105 podeszw\u0119. Wiele os\u00f3b wybiera tak\u017ce sprawdzone modele marek takich jak <strong>Lasocki<\/strong>, znanych z eleganckiego i ponadczasowego stylu.<\/p>\n\n\n\n<h3 class=\"wp-block-heading\">Na co zwr\u00f3ci\u0107 uwag\u0119 przy wyborze but\u00f3w do komunii?<\/h3>\n\n\n\n<p>Najwa\u017cniejsze s\u0105 wygoda, odpowiedni rozmiar oraz jako\u015b\u0107 wykonania. <strong>Buty do komunii dla dziewczynki i ch\u0142opca<\/strong> powinny by\u0107 dobrze dopasowane i wykonane z materia\u0142\u00f3w, kt\u00f3re zapewni\u0105 komfort przez ca\u0142y dzie\u0144 uroczysto\u015bci.<\/p>\n\n\n\n<h3 class=\"wp-block-heading\">Kiedy kupi\u0107 buty komunijne dla dziecka?<\/h3>\n\n\n\n<p>Najlepiej zrobi\u0107 to kilka tygodni przed uroczysto\u015bci\u0105. Dzi\u0119ki temu dziecko b\u0119dzie mog\u0142o je wcze\u015bniej przymierzy\u0107 i rozchodzi\u0107 w domu, a my unikniemy problemu z dost\u0119pno\u015bci\u0105 odpowiedniego rozmiaru i modelu.<\/p>\n\n\n\n<h3 class=\"wp-block-heading\">Czy buty komunijne mo\u017cna wykorzysta\u0107 p\u00f3\u017aniej?<\/h3>\n\n\n\n<p>Tak, wiele modeli mo\u017cna za\u0142o\u017cy\u0107 tak\u017ce na inne okazje, takie jak rodzinne uroczysto\u015bci czy szkolne wydarzenia. Klasyczne p\u00f3\u0142buty dla ch\u0142opc\u00f3w lub minimalistyczne baleriny dla dziewczynek \u015bwietnie sprawdz\u0105 si\u0119 r\u00f3wnie\u017c po komunii.<\/p>\n\n\n\n<h3 class=\"wp-block-heading\">Jak dobra\u0107 rozmiar but\u00f3w komunijnych?<\/h3>\n\n\n\n<p>Buty powinny by\u0107 dobrze dopasowane, ale nie za ciasne. Najlepiej zostawi\u0107 oko\u0142o 0,5\u20131 cm luzu, aby zapewni\u0107 komfort chodzenia i unikn\u0105\u0107 ucisku podczas d\u0142ugiego dnia uroczysto\u015bci.<\/p>\n\n\n\n<p><\/p>\n","protected":false},"excerpt":{"rendered":"<p>Pierwsza Komunia \u015awi\u0119ta to wyj\u0105tkowe wydarzenie w \u017cyciu dziecka i jego rodziny. D\u0142ugie przygotowania sprawiaj\u0105, \u017ce dzie\u0144 uroczysto\u015bci nabiera szczeg\u00f3lnego znaczenia, dlatego warto zadba\u0107 o ka\u017cdy detal stylizacji. Opr\u00f3cz eleganckiego stroju wa\u017cne s\u0105 tak\u017ce odpowiednio dobrane dodatki oraz wygodne buty komunijne, kt\u00f3re zapewni\u0105 dziecku komfort przez ca\u0142y dzie\u0144. Zakup\u00f3w nie warto odk\u0142ada\u0107 na ostatni\u0105 chwil\u0119. [&hellip;]<\/p>\n","protected":false},"author":12,"featured_media":29298,"comment_status":"open","ping_status":"closed","sticky":false,"template":"","format":"standard","meta":{"_acf_changed":false,"footnotes":""},"categories":[1573,4],"tags":[661,309,1417,660,96],"class_list":["post-16070","post","type-post","status-publish","format-standard","has-post-thumbnail","hentry","category-moda-dziecieca","category-porady","tag-buty-dla-chlopca","tag-buty-dla-dziewczynki","tag-buty-komunijne","tag-komunia","tag-porady"],"acf":[],"_links":{"self":[{"href":"https:\/\/blog.ccc.eu\/pl\/wp-json\/wp\/v2\/posts\/16070","targetHints":{"allow":["GET"]}}],"collection":[{"href":"https:\/\/blog.ccc.eu\/pl\/wp-json\/wp\/v2\/posts"}],"about":[{"href":"https:\/\/blog.ccc.eu\/pl\/wp-json\/wp\/v2\/types\/post"}],"author":[{"embeddable":true,"href":"https:\/\/blog.ccc.eu\/pl\/wp-json\/wp\/v2\/users\/12"}],"replies":[{"embeddable":true,"href":"https:\/\/blog.ccc.eu\/pl\/wp-json\/wp\/v2\/comments?post=16070"}],"version-history":[{"count":14,"href":"https:\/\/blog.ccc.eu\/pl\/wp-json\/wp\/v2\/posts\/16070\/revisions"}],"predecessor-version":[{"id":29308,"href":"https:\/\/blog.ccc.eu\/pl\/wp-json\/wp\/v2\/posts\/16070\/revisions\/29308"}],"wp:featuredmedia":[{"embeddable":true,"href":"https:\/\/blog.ccc.eu\/pl\/wp-json\/wp\/v2\/media\/29298"}],"wp:attachment":[{"href":"https:\/\/blog.ccc.eu\/pl\/wp-json\/wp\/v2\/media?parent=16070"}],"wp:term":[{"taxonomy":"category","embeddable":true,"href":"https:\/\/blog.ccc.eu\/pl\/wp-json\/wp\/v2\/categories?post=16070"},{"taxonomy":"post_tag","embeddable":true,"href":"https:\/\/blog.ccc.eu\/pl\/wp-json\/wp\/v2\/tags?post=16070"}],"curies":[{"name":"wp","href":"https:\/\/api.w.org\/{rel}","templated":true}]}}