{"id":16638,"date":"2023-04-28T09:57:19","date_gmt":"2023-04-28T07:57:19","guid":{"rendered":"https:\/\/blog.ccc.eu\/pl\/?p=16638"},"modified":"2023-09-26T15:25:01","modified_gmt":"2023-09-26T13:25:01","slug":"torebka-jenny-fairy-2023-poznaj-najmodniejsze-modele","status":"publish","type":"post","link":"https:\/\/blog.ccc.eu\/pl\/torebka-jenny-fairy-2023-poznaj-najmodniejsze-modele\/","title":{"rendered":"Torebka Jenny Fairy 2023 \u2013 poznaj najmodniejsze modele!"},"content":{"rendered":"\n<p><b>Jenny Fairy to marka, kt\u00f3ra s\u0142ynie z produkcji torebek zgodnych z najnowszymi trendami! W swoich kolekcjach na rok 2023 przygotowa\u0142a propozycje godne wybieg\u00f3w. Nic dziwnego, \u017ce ch\u0119tnie do\u0142\u0105cza je do swoich stylizacji sama Emily Ratajkowski! Sprawd\u017a, jakie modele torebek czekaj\u0105 na Ciebie w ofercie tej wyj\u0105tkowej marki.<\/b><\/p>\n\n\n\n<figure class=\"wp-block-gallery has-nested-images columns-default is-cropped wp-block-gallery-1 is-layout-flex wp-block-gallery-is-layout-flex\">\n<figure class=\"wp-block-image size-large\"><img loading=\"lazy\" decoding=\"async\" width=\"683\" height=\"1024\" data-id=\"16642\" src=\"https:\/\/blog.ccc.eu\/pl\/wp-content\/uploads\/2023\/04\/JF_SS23_08_0173_LBX_300dpi-683x1024.jpg\" alt=\"\" class=\"wp-image-16642\" srcset=\"https:\/\/blog.ccc.eu\/pl\/wp-content\/uploads\/2023\/04\/JF_SS23_08_0173_LBX_300dpi-683x1024.jpg 683w, https:\/\/blog.ccc.eu\/pl\/wp-content\/uploads\/2023\/04\/JF_SS23_08_0173_LBX_300dpi-200x300.jpg 200w, https:\/\/blog.ccc.eu\/pl\/wp-content\/uploads\/2023\/04\/JF_SS23_08_0173_LBX_300dpi-768x1151.jpg 768w, https:\/\/blog.ccc.eu\/pl\/wp-content\/uploads\/2023\/04\/JF_SS23_08_0173_LBX_300dpi-1025x1536.jpg 1025w, https:\/\/blog.ccc.eu\/pl\/wp-content\/uploads\/2023\/04\/JF_SS23_08_0173_LBX_300dpi-100x150.jpg 100w, https:\/\/blog.ccc.eu\/pl\/wp-content\/uploads\/2023\/04\/JF_SS23_08_0173_LBX_300dpi.jpg 1168w\" sizes=\"auto, (max-width: 683px) 100vw, 683px\" \/><\/figure>\n\n\n\n<figure class=\"wp-block-image size-large\"><img loading=\"lazy\" decoding=\"async\" width=\"683\" height=\"1024\" data-id=\"16641\" src=\"https:\/\/blog.ccc.eu\/pl\/wp-content\/uploads\/2023\/04\/JF_SS23_11_0061_LBX_crop_300dpi-1-683x1024.jpg\" alt=\"\" class=\"wp-image-16641\" srcset=\"https:\/\/blog.ccc.eu\/pl\/wp-content\/uploads\/2023\/04\/JF_SS23_11_0061_LBX_crop_300dpi-1-683x1024.jpg 683w, https:\/\/blog.ccc.eu\/pl\/wp-content\/uploads\/2023\/04\/JF_SS23_11_0061_LBX_crop_300dpi-1-200x300.jpg 200w, https:\/\/blog.ccc.eu\/pl\/wp-content\/uploads\/2023\/04\/JF_SS23_11_0061_LBX_crop_300dpi-1-768x1152.jpg 768w, https:\/\/blog.ccc.eu\/pl\/wp-content\/uploads\/2023\/04\/JF_SS23_11_0061_LBX_crop_300dpi-1-1024x1536.jpg 1024w, https:\/\/blog.ccc.eu\/pl\/wp-content\/uploads\/2023\/04\/JF_SS23_11_0061_LBX_crop_300dpi-1-100x150.jpg 100w, https:\/\/blog.ccc.eu\/pl\/wp-content\/uploads\/2023\/04\/JF_SS23_11_0061_LBX_crop_300dpi-1.jpg 1167w\" sizes=\"auto, (max-width: 683px) 100vw, 683px\" \/><\/figure>\n<\/figure>\n\n\n\n<h2 class=\"wp-block-heading\">Torebka Jenny Fairy \u2013 co marka przygotowa\u0142a na ten sezon?<\/h2>\n\n\n\n<p>O najnowszej kampanii i kolekcji kapsu\u0142owej marki Jenny Fairy rozpisywa\u0142 si\u0119 ca\u0142y \u015bwiat! Dlaczego? Bo promowa\u0142a j\u0105 s\u0142ynna supermodelka, aktorka, podcasterka i aktywistka o polskich korzeniach \u2013 Emily Ratajkowski! Opr\u00f3cz zdj\u0119\u0107 wykonanych do kampanii, promuj\u0105cych kolekcj\u0119, gwiazda ch\u0119tnie dope\u0142nia\u0142a swoje codzienne stylizacje dodatkami od marki Jenny Fairy, co potwierdzaj\u0105 reporterskie fotografie, pojawiaj\u0105ce si\u0119 w rodzimych i zagranicznych mediach.<\/p>\n\n\n\n<p>Jakie torebki mo\u017cna znale\u017a\u0107 w kampanii promowanej przez Emily Ratajkowski? Najmodniejsze obecnie, torebki na rami\u0119. Czekaj\u0105 tutaj r\u00f3\u017cnorodne modele. Od prze\u0142amanej klasyki, jak\u0105 jest czarna torebka z bia\u0142\u0105 lam\u00f3wk\u0105, przez pastalowe minitorebki po ultramodne, plecione propozycje. Nie mo\u017cna tak\u017ce pomin\u0105\u0107 ma\u0142ej torebki do r\u0119ki, dost\u0119pnej w czerni lub bieli do wyboru, kt\u00f3rej uchwyt zosta\u0142 wykonany z pere\u0142 w rozmiarze XXL \u2013 tylko nie zostawiaj jej wy\u0142\u0105cznie na specjalne wyj\u015bcia, bo ten model \u015bwietnie dope\u0142ni codzienne stylizacje z pasuj\u0105cymi do niej balerinami, r\u00f3wnie\u017c pochodz\u0105cymi z tej kampanii!<\/p>\n\n\n\n<p>A jakie torebki czekaj\u0105 na nas w kolekcji kapsu\u0142owej Transparent? Niezwykle efektowne, przezroczyste modele, kt\u00f3re zosta\u0142y starannie wykonane z koralik\u00f3w. Jak one si\u0119 mieni\u0105! To letnie faworytki wielu influencerek, kt\u00f3re na swoich Instagramach promuj\u0105 trzy modele do wyboru: torebki r\u00f3\u017cowe, czarne i bia\u0142e. Kt\u00f3ra z nich najbardziej pasuje do Twojej garderoby?<\/p>\n\n\n\n\n\n\n<h3 class=\"wp-block-heading\">Torebka Jenny Fairy listonoszka<\/h3>\n\n\n\n<p>Torebka Jenny Fairy listonoszka to model, kt\u00f3ry r\u00f3wnie\u017c pojawi\u0142 si\u0119 w kampanii promowanej przez Emily Ratajkowski. Jest to niewielka, ale pojemna torebka, dost\u0119pna w dw\u00f3ch pastelowych kolorach do wyboru: lawendowym i limonkowym. Na klapie zosta\u0142a ozdobiona bi\u017cuteryjn\u0105 klamr\u0105 w kszta\u0142cie logotypu marki. Torebka ma dwa paski do wyboru \u2013 d\u0142ugi i kr\u00f3tki, co poszerza mo\u017cliwo\u015bci stylizacyjne i czyni j\u0105 jeszcze bardziej uniwersaln\u0105 propozycj\u0105.<\/p>\n\n\n\n<p>Wy\u017cej opisane torebki listonoszki s\u0105 dla Ciebie zbyt wyraziste? Marka Jenny Fairy przygotowa\u0142a na nowy sezon tak\u017ce propozycje utrzymane w stonowanych, neutralnych barwach i o prostych krojach. Te idealnie sprawdz\u0105 si\u0119 do noszenia na co dzie\u0144 i b\u0119d\u0105 pasowa\u0107 do wi\u0119kszo\u015bci stylizacji \u2013 od casualowych po eleganckie.<\/p>\n\n\n\n\n\n\n\n<h3 class=\"wp-block-heading\">Torebka Jenny Fairy typu shopper<\/h3>\n\n\n\n<p>Niedawno lakierowana sk\u00f3ra pojawi\u0142a si\u0119 na wybiegach. Nie trzeba by\u0142o d\u0142ugo czeka\u0107 a\u017c zawita do kolekcji Jenny Fairy. Emily Ratajkowski wyst\u0105pi\u0142a w kampanii z bia\u0142\u0105 shopper bag wykonan\u0105 z lakierowanej imitacji sk\u00f3ry i udowodni\u0142a, \u017ce du\u017ca torebka do noszenia na co dzie\u0144 wcale nie musi by\u0107 nudna! Ta efektownie si\u0119 mieni, jest utrzymana w eleganckiej barwie, a do tego \u2013 tak\u017ce bardzo praktyczna. Zapoznaj si\u0119 r\u00f3wnie\u017c z pozosta\u0142ymi propozycjami od marki \u2013 du\u017cymi modelami w stonowanych barwach.<\/p>\n\n\n\n\n\n\n<h3 class=\"wp-block-heading\">Torebka Jenny Fairy ma\u0142a<\/h3>\n\n\n\n<p>Ta kategoria torebek jest niezwykle pojemna! Jak wiadomo, marka Jenny Fairy projektuje i produkuje torebki utrzymane w najnowszych trendach, a te o ma\u0142ych rozmiarach s\u0105 obecnie wyj\u0105tkowo modne, co przek\u0142ada si\u0119 na to, \u017ce na wybiegach pojawia si\u0119 ich wiele.<\/p>\n\n\n\n<p>Ma\u0142e torebki Jenny Fairy, kt\u00f3re znajdziemy w ofercie marki na 2023 rok, to m.in.: torebki typu bagietki, torebki cargo, torebki slouchy, minitorebki z uchwytem do r\u0119ki. Co jest ich najwi\u0119ksz\u0105 zalet\u0105? Ich oryginalny wygl\u0105d, kt\u00f3ry u\u015bwietni ka\u017cd\u0105, nawet najprostsz\u0105 stylizacj\u0119! Ta kategoria torebek to prawdziwy raj dla mi\u0142o\u015bniczek mody i trend\u00f3w!<\/p>\n\n\n\n\n\n\n<h2 class=\"wp-block-heading\">Torebka Jenny Fairy \u2013 propozycje najmodniejszych stylizacji<\/h2>\n\n\n\n<p>Zainspiruj si\u0119 stylizacjami Emily Ratajkowski! Ma\u0142\u0105, czarn\u0105 torebk\u0119 z uchwytem z pere\u0142 po\u0142\u0105czy\u0142a z najmodniejszymi cz\u00f3\u0142enkami typu slingback i jednokolorow\u0105 stylizacj\u0105. Jak wida\u0107, tutaj dodatki s\u0105 odpowiedzialne za efekt wow!<\/p>\n\n\n\n<p>Wolisz lawendow\u0105 torebk\u0119, kt\u00f3ra idealnie sprawdzi si\u0119 na wiosenno-letnie miesi\u0105ce? Gwiazda zestawi\u0142a j\u0105 z balerinami z paskiem, inspirowanymi butami Mary Jane, oraz z podkolan\u00f3wkami i be\u017cow\u0105 sukienk\u0105. To stylizacja prosta do odtworzenia, kt\u00f3ra przyci\u0105gnie spojrzenia wszystkich!<\/p>\n\n\n\n<figure class=\"wp-block-gallery has-nested-images columns-default is-cropped wp-block-gallery-2 is-layout-flex wp-block-gallery-is-layout-flex\">\n<figure class=\"wp-block-image size-large\"><img loading=\"lazy\" decoding=\"async\" width=\"683\" height=\"1024\" data-id=\"16640\" src=\"https:\/\/blog.ccc.eu\/pl\/wp-content\/uploads\/2023\/04\/CCC_5904862635941_01M-683x1024.jpg\" alt=\"\" class=\"wp-image-16640\" srcset=\"https:\/\/blog.ccc.eu\/pl\/wp-content\/uploads\/2023\/04\/CCC_5904862635941_01M-683x1024.jpg 683w, https:\/\/blog.ccc.eu\/pl\/wp-content\/uploads\/2023\/04\/CCC_5904862635941_01M-200x300.jpg 200w, https:\/\/blog.ccc.eu\/pl\/wp-content\/uploads\/2023\/04\/CCC_5904862635941_01M-768x1152.jpg 768w, https:\/\/blog.ccc.eu\/pl\/wp-content\/uploads\/2023\/04\/CCC_5904862635941_01M-100x150.jpg 100w, https:\/\/blog.ccc.eu\/pl\/wp-content\/uploads\/2023\/04\/CCC_5904862635941_01M.jpg 876w\" sizes=\"auto, (max-width: 683px) 100vw, 683px\" \/><\/figure>\n\n\n\n<figure class=\"wp-block-image size-large\"><a href=\"https:\/\/ccc.eu\/pl\/torby\/torby-damskie\/torebka-jenny-fairy-mjr-j-006-03-czarny\" target=\"_blank\" rel=\"noopener\"><img loading=\"lazy\" decoding=\"async\" width=\"683\" height=\"1024\" data-id=\"16639\" src=\"https:\/\/blog.ccc.eu\/pl\/wp-content\/uploads\/2023\/04\/CCC_5904862814223_02M1-683x1024.jpg\" alt=\"\" class=\"wp-image-16639\" srcset=\"https:\/\/blog.ccc.eu\/pl\/wp-content\/uploads\/2023\/04\/CCC_5904862814223_02M1-683x1024.jpg 683w, https:\/\/blog.ccc.eu\/pl\/wp-content\/uploads\/2023\/04\/CCC_5904862814223_02M1-200x300.jpg 200w, https:\/\/blog.ccc.eu\/pl\/wp-content\/uploads\/2023\/04\/CCC_5904862814223_02M1-768x1152.jpg 768w, https:\/\/blog.ccc.eu\/pl\/wp-content\/uploads\/2023\/04\/CCC_5904862814223_02M1-100x150.jpg 100w, https:\/\/blog.ccc.eu\/pl\/wp-content\/uploads\/2023\/04\/CCC_5904862814223_02M1.jpg 876w\" sizes=\"auto, (max-width: 683px) 100vw, 683px\" \/><\/a><\/figure>\n<\/figure>\n\n\n\n<p>Po wymienione wy\u017cej modele torebek zajrzyj do sklep\u00f3w stacjonarnych CCC, a tak\u017ce na ccc.eu i do aplikacji. Udanych zakup\u00f3w!<\/p>\n","protected":false},"excerpt":{"rendered":"<p>Jenny Fairy to marka, kt\u00f3ra s\u0142ynie z produkcji torebek zgodnych z najnowszymi trendami! W swoich kolekcjach na rok 2023 przygotowa\u0142a propozycje godne wybieg\u00f3w. Nic dziwnego, \u017ce ch\u0119tnie do\u0142\u0105cza je do swoich stylizacji sama Emily Ratajkowski! Sprawd\u017a, jakie modele torebek czekaj\u0105 na Ciebie w ofercie tej wyj\u0105tkowej marki. Torebka Jenny Fairy \u2013 co marka przygotowa\u0142a na [&hellip;]<\/p>\n","protected":false},"author":20,"featured_media":16642,"comment_status":"open","ping_status":"closed","sticky":false,"template":"","format":"standard","meta":{"_acf_changed":false,"footnotes":""},"categories":[1574,6,1332,1315],"tags":[418,17,9],"class_list":["post-16638","post","type-post","status-publish","format-standard","has-post-thumbnail","hentry","category-modne-torebki","category-trendy","category-trendy-na-lato","category-wiosenne-trendy","tag-jenny-fairy","tag-torebki-damskie","tag-trendy"],"acf":[],"_links":{"self":[{"href":"https:\/\/blog.ccc.eu\/pl\/wp-json\/wp\/v2\/posts\/16638","targetHints":{"allow":["GET"]}}],"collection":[{"href":"https:\/\/blog.ccc.eu\/pl\/wp-json\/wp\/v2\/posts"}],"about":[{"href":"https:\/\/blog.ccc.eu\/pl\/wp-json\/wp\/v2\/types\/post"}],"author":[{"embeddable":true,"href":"https:\/\/blog.ccc.eu\/pl\/wp-json\/wp\/v2\/users\/20"}],"replies":[{"embeddable":true,"href":"https:\/\/blog.ccc.eu\/pl\/wp-json\/wp\/v2\/comments?post=16638"}],"version-history":[{"count":1,"href":"https:\/\/blog.ccc.eu\/pl\/wp-json\/wp\/v2\/posts\/16638\/revisions"}],"predecessor-version":[{"id":16643,"href":"https:\/\/blog.ccc.eu\/pl\/wp-json\/wp\/v2\/posts\/16638\/revisions\/16643"}],"wp:featuredmedia":[{"embeddable":true,"href":"https:\/\/blog.ccc.eu\/pl\/wp-json\/wp\/v2\/media\/16642"}],"wp:attachment":[{"href":"https:\/\/blog.ccc.eu\/pl\/wp-json\/wp\/v2\/media?parent=16638"}],"wp:term":[{"taxonomy":"category","embeddable":true,"href":"https:\/\/blog.ccc.eu\/pl\/wp-json\/wp\/v2\/categories?post=16638"},{"taxonomy":"post_tag","embeddable":true,"href":"https:\/\/blog.ccc.eu\/pl\/wp-json\/wp\/v2\/tags?post=16638"}],"curies":[{"name":"wp","href":"https:\/\/api.w.org\/{rel}","templated":true}]}}