{"id":16748,"date":"2023-05-08T15:03:52","date_gmt":"2023-05-08T13:03:52","guid":{"rendered":"https:\/\/blog.ccc.eu\/pl\/?p=16748"},"modified":"2023-05-08T15:03:53","modified_gmt":"2023-05-08T13:03:53","slug":"endless-sunshine-letnia-kapsula-marki-lasocki","status":"publish","type":"post","link":"https:\/\/blog.ccc.eu\/pl\/endless-sunshine-letnia-kapsula-marki-lasocki\/","title":{"rendered":"Endless Sunshine \u2013 letnia kapsu\u0142a marki Lasocki!"},"content":{"rendered":"\n<p><b>Lekki powiew ciep\u0142ego powietrza od razu przywodzi nam na my\u015bl b\u0142ogi klimat zbli\u017caj\u0105cego si\u0119 lata i wakacji. Zainspirowana latem, ale te\u017c i nowymi trendami marka Lasocki, stworzy\u0142a wyj\u0105tkow\u0105 kapsu\u0142\u0119 Endless Sunshine, dzi\u0119ki kt\u00f3rej mo\u017cna poczu\u0107 atmosfer\u0119 i ciep\u0142o nowego sezonu. Po\u0142\u0105czenie ponadczasowej klasyki ze wsp\u00f3\u0142czesnym wzornictwem jak zawsze okaza\u0142o si\u0119 strza\u0142em w dziesi\u0105tk\u0119, a wyj\u0105tkowe projekty polskiego brandu mog\u0105 ju\u017c teraz zachwyca\u0107 w stylizacjach. Zobacz now\u0105 kapsu\u0142ow\u0105 kolekcj\u0119 marki Lasocki w CCC.<\/b><\/p>\n\n\n\n<figure class=\"wp-block-gallery has-nested-images columns-default is-cropped wp-block-gallery-1 is-layout-flex wp-block-gallery-is-layout-flex\">\n<figure class=\"wp-block-image size-large\"><img loading=\"lazy\" decoding=\"async\" width=\"683\" height=\"1024\" data-id=\"16750\" src=\"https:\/\/blog.ccc.eu\/pl\/wp-content\/uploads\/2023\/05\/ccc_5904862844725_02M-683x1024.jpg\" alt=\"\" class=\"wp-image-16750\" srcset=\"https:\/\/blog.ccc.eu\/pl\/wp-content\/uploads\/2023\/05\/ccc_5904862844725_02M-683x1024.jpg 683w, https:\/\/blog.ccc.eu\/pl\/wp-content\/uploads\/2023\/05\/ccc_5904862844725_02M-200x300.jpg 200w, https:\/\/blog.ccc.eu\/pl\/wp-content\/uploads\/2023\/05\/ccc_5904862844725_02M-768x1152.jpg 768w, https:\/\/blog.ccc.eu\/pl\/wp-content\/uploads\/2023\/05\/ccc_5904862844725_02M-100x150.jpg 100w, https:\/\/blog.ccc.eu\/pl\/wp-content\/uploads\/2023\/05\/ccc_5904862844725_02M.jpg 876w\" sizes=\"auto, (max-width: 683px) 100vw, 683px\" \/><\/figure>\n\n\n\n<figure class=\"wp-block-image size-large\"><img loading=\"lazy\" decoding=\"async\" width=\"683\" height=\"1024\" data-id=\"16749\" src=\"https:\/\/blog.ccc.eu\/pl\/wp-content\/uploads\/2023\/05\/ccc_5904862844732_02M-683x1024.jpg\" alt=\"\" class=\"wp-image-16749\" srcset=\"https:\/\/blog.ccc.eu\/pl\/wp-content\/uploads\/2023\/05\/ccc_5904862844732_02M-683x1024.jpg 683w, https:\/\/blog.ccc.eu\/pl\/wp-content\/uploads\/2023\/05\/ccc_5904862844732_02M-200x300.jpg 200w, https:\/\/blog.ccc.eu\/pl\/wp-content\/uploads\/2023\/05\/ccc_5904862844732_02M-768x1152.jpg 768w, https:\/\/blog.ccc.eu\/pl\/wp-content\/uploads\/2023\/05\/ccc_5904862844732_02M-100x150.jpg 100w, https:\/\/blog.ccc.eu\/pl\/wp-content\/uploads\/2023\/05\/ccc_5904862844732_02M.jpg 876w\" sizes=\"auto, (max-width: 683px) 100vw, 683px\" \/><\/figure>\n<\/figure>\n\n\n\n<h2 class=\"wp-block-heading\">Endless Sunshine \u2013 kapsu\u0142a pe\u0142na letniej energii<\/h2>\n\n\n\n<p>Marka Lasocki przyzwyczai\u0142a nas ju\u017c do doskonale przemy\u015blanych projekt\u00f3w, w kt\u00f3rych nigdy nie brakuje ponadczasowej klasyki, ciesz\u0105cej si\u0119 ogromn\u0105 popularno\u015bci\u0105. Nowa kolekcja na sezon wiosenno-letni przepe\u0142niona jest wi\u0119c eleganckim designem, w kt\u00f3rym mo\u017cna znale\u017a\u0107 wsp\u00f3\u0142czesne akcenty.<\/p>\n\n\n\n<p>Sezonowej kolekcji towarzysz letnia kapsu\u0142a Endless Sunshine, kt\u00f3ra wnosi mn\u00f3stwo \u015bwie\u017co\u015bci, ciep\u0142a i wakacyjnego klimatu. To w\u0142a\u015bnie w dedykowanej latu linii znalaz\u0142y si\u0119 pi\u0119kne i wyj\u0105tkowe buty oraz torebki, dzi\u0119ki kt\u00f3rym pozytywna s\u0142oneczna energia nigdy nie b\u0119dzie mia\u0142a swojego ko\u0144ca.<\/p>\n\n\n\n<figure class=\"wp-block-gallery has-nested-images columns-default is-cropped wp-block-gallery-2 is-layout-flex wp-block-gallery-is-layout-flex\">\n<figure class=\"wp-block-image size-large\"><img loading=\"lazy\" decoding=\"async\" width=\"683\" height=\"1024\" data-id=\"16752\" src=\"https:\/\/blog.ccc.eu\/pl\/wp-content\/uploads\/2023\/05\/ccc_5904862844749_02M-683x1024.jpg\" alt=\"\" class=\"wp-image-16752\" srcset=\"https:\/\/blog.ccc.eu\/pl\/wp-content\/uploads\/2023\/05\/ccc_5904862844749_02M-683x1024.jpg 683w, https:\/\/blog.ccc.eu\/pl\/wp-content\/uploads\/2023\/05\/ccc_5904862844749_02M-200x300.jpg 200w, https:\/\/blog.ccc.eu\/pl\/wp-content\/uploads\/2023\/05\/ccc_5904862844749_02M-768x1152.jpg 768w, https:\/\/blog.ccc.eu\/pl\/wp-content\/uploads\/2023\/05\/ccc_5904862844749_02M-100x150.jpg 100w, https:\/\/blog.ccc.eu\/pl\/wp-content\/uploads\/2023\/05\/ccc_5904862844749_02M.jpg 876w\" sizes=\"auto, (max-width: 683px) 100vw, 683px\" \/><\/figure>\n\n\n\n<figure class=\"wp-block-image size-large\"><img loading=\"lazy\" decoding=\"async\" width=\"683\" height=\"1024\" data-id=\"16751\" src=\"https:\/\/blog.ccc.eu\/pl\/wp-content\/uploads\/2023\/05\/ccc_5904862844923_02M-683x1024.jpg\" alt=\"\" class=\"wp-image-16751\" srcset=\"https:\/\/blog.ccc.eu\/pl\/wp-content\/uploads\/2023\/05\/ccc_5904862844923_02M-683x1024.jpg 683w, https:\/\/blog.ccc.eu\/pl\/wp-content\/uploads\/2023\/05\/ccc_5904862844923_02M-200x300.jpg 200w, https:\/\/blog.ccc.eu\/pl\/wp-content\/uploads\/2023\/05\/ccc_5904862844923_02M-768x1152.jpg 768w, https:\/\/blog.ccc.eu\/pl\/wp-content\/uploads\/2023\/05\/ccc_5904862844923_02M-100x150.jpg 100w, https:\/\/blog.ccc.eu\/pl\/wp-content\/uploads\/2023\/05\/ccc_5904862844923_02M.jpg 876w\" sizes=\"auto, (max-width: 683px) 100vw, 683px\" \/><\/figure>\n<\/figure>\n\n\n\n<h2 class=\"wp-block-heading\">Co znalaz\u0142o si\u0119 w letniej kapsule Lasockiego?<\/h2>\n\n\n\n<p>Nowa kapsu\u0142a zachwyca nas ciep\u0142ymi barwami, kt\u00f3re kojarz\u0105 si\u0119 z latem i typowo wakacyjn\u0105 aur\u0105. Bardzo wa\u017cnym kolorystycznym akcentem jest ciep\u0142a pomara\u0144cza, kt\u00f3ra doskonale wpisuje si\u0119 w obowi\u0105zuj\u0105c\u0105 mod\u0119 i trendy.<\/p>\n\n\n\n<p>W Endless Sunshine znajdziesz wyj\u0105tkowe sanda\u0142y na korkowej platformie, kt\u00f3ra ma a\u017c 7 centymetr\u00f3w! Okaza\u0142a podeszwa bardzo dobrze \u0142\u0105czy si\u0119 z minimalistyczn\u0105 sk\u00f3rzan\u0105 cholewk\u0105 w formie pask\u00f3w. Sanda\u0142y dost\u0119pne s\u0105 w kolorze energetycznej pomara\u0144czy, czerni i be\u017cu.<\/p>\n\n\n\n<p>W kolekcji dost\u0119pne s\u0105 te\u017c klapki, kt\u00f3re wyr\u00f3\u017cniaj\u0105 si\u0119 bardzo minimalistyczn\u0105 budow\u0105. R\u00f3wnie wysoka jak w sanda\u0142ach korkowa platforma, przyci\u0105ga wzrok i \u015bwietnie \u0142\u0105czy si\u0119 z klasyczn\u0105 grubsz\u0105 cholewk\u0105 w trzech kolorach do wyboru: czarnym, be\u017cowym jasnym i ciemniejszym.<\/p>\n\n\n\n<p>Butom utrzymanym w ciep\u0142ych tonacjach towarzysz\u0105 torebki, wykonane r\u00f3wnie w minimalistycznym stylu. Geometryczne kszta\u0142ty, prosta budowa i pi\u0119kna klasyka to ich najwi\u0119ksze atuty. Torebki kupisz w kolorach: pomara\u0144czy, be\u017cu i czerni.<\/p>\n\n\n\n\n\n\n\n<h2 class=\"wp-block-heading\">Jak nosi\u0107 buty i torebki z kolekcji Endless Sunshine?<\/h2>\n\n\n\n<p>Pe\u0142na s\u0142onecznej energii kapsu\u0142a od Lasockiego jest idealn\u0105 propozycj\u0105 na lato, niezale\u017cnie od tego czy wybierasz si\u0119 na spotkanie z przyjaci\u00f3\u0142mi, czy szukasz modnego obuwia do biurowej stylizacji. Sanda\u0142y oraz klapki na platformie to must have tego sezonu, a Ty masz okazj\u0119 dodatkowo si\u0119 wyr\u00f3\u017cni\u0107, wybieraj\u0105c te z kolekcji Endless Sunshine, kt\u00f3rych platformy wykonane s\u0105 z korka i z nostalgi\u0105 nawi\u0105zuj\u0105 do minionych dekad.<\/p>\n\n\n\n<p>Do zwiewnej bia\u0142ej sukienki za\u0142\u00f3\u017c be\u017cowe klapki i po\u0142\u0105cz je ze s\u0142omianym kapeluszem i torebk\u0105 typu koszyk. Z kolei swoj\u0105 kwiatow\u0105 sukienk\u0119 mo\u017cesz zestawi\u0107 z pomara\u0144czowymi sanda\u0142ami, kt\u00f3re zaakcentuj\u0105 wakacyjny klimat i poka\u017c\u0105, \u017ce kolor ma moc! Je\u017celi wybierasz si\u0119 do biura w pomara\u0144czowym garniturze lub tym w odcieniach pasteli to koniecznie dobierz do tego r\u00f3wnie ciep\u0142\u0105 torebk\u0119 z Endless Sunshine. Ten model zosta\u0142 tak zaprojektowany by\u015b mog\u0142a cieszy\u0107 si\u0119 nim w codziennym u\u017cytkowaniu oraz w bardziej oficjalnej garderobie.<\/p>\n\n\n\n<figure class=\"wp-block-gallery has-nested-images columns-default is-cropped wp-block-gallery-3 is-layout-flex wp-block-gallery-is-layout-flex\">\n<figure class=\"wp-block-image size-large\"><img loading=\"lazy\" decoding=\"async\" width=\"683\" height=\"1024\" data-id=\"16754\" src=\"https:\/\/blog.ccc.eu\/pl\/wp-content\/uploads\/2023\/05\/ccc_5904862901862_02M-1-683x1024.jpg\" alt=\"\" class=\"wp-image-16754\" srcset=\"https:\/\/blog.ccc.eu\/pl\/wp-content\/uploads\/2023\/05\/ccc_5904862901862_02M-1-683x1024.jpg 683w, https:\/\/blog.ccc.eu\/pl\/wp-content\/uploads\/2023\/05\/ccc_5904862901862_02M-1-200x300.jpg 200w, https:\/\/blog.ccc.eu\/pl\/wp-content\/uploads\/2023\/05\/ccc_5904862901862_02M-1-768x1152.jpg 768w, https:\/\/blog.ccc.eu\/pl\/wp-content\/uploads\/2023\/05\/ccc_5904862901862_02M-1-100x150.jpg 100w, https:\/\/blog.ccc.eu\/pl\/wp-content\/uploads\/2023\/05\/ccc_5904862901862_02M-1.jpg 876w\" sizes=\"auto, (max-width: 683px) 100vw, 683px\" \/><\/figure>\n\n\n\n<figure class=\"wp-block-image size-large\"><img loading=\"lazy\" decoding=\"async\" width=\"683\" height=\"1024\" data-id=\"16753\" src=\"https:\/\/blog.ccc.eu\/pl\/wp-content\/uploads\/2023\/05\/ccc_5904862901879_02M-683x1024.jpg\" alt=\"\" class=\"wp-image-16753\" srcset=\"https:\/\/blog.ccc.eu\/pl\/wp-content\/uploads\/2023\/05\/ccc_5904862901879_02M-683x1024.jpg 683w, https:\/\/blog.ccc.eu\/pl\/wp-content\/uploads\/2023\/05\/ccc_5904862901879_02M-200x300.jpg 200w, https:\/\/blog.ccc.eu\/pl\/wp-content\/uploads\/2023\/05\/ccc_5904862901879_02M-768x1152.jpg 768w, https:\/\/blog.ccc.eu\/pl\/wp-content\/uploads\/2023\/05\/ccc_5904862901879_02M-100x150.jpg 100w, https:\/\/blog.ccc.eu\/pl\/wp-content\/uploads\/2023\/05\/ccc_5904862901879_02M.jpg 876w\" sizes=\"auto, (max-width: 683px) 100vw, 683px\" \/><\/figure>\n<\/figure>\n\n\n\n<h2 class=\"wp-block-heading\">Lasocki na lato 2023<\/h2>\n\n\n\n<p>Poczuj powiew letniego ciep\u0142a z now\u0105 kapsu\u0142\u0105 marki Lasocki \u2013 Endless Sunshine. Daj si\u0119 porwa\u0107 wakacyjnemu klimatowi i doce\u0144 to, jak polska marka \u015bwietnie skomponowa\u0142a klasyczne fasony z nowoczesnymi trendami. Wyr\u00f3\u017cnij si\u0119 wraz z now\u0105 kolekcj\u0105 Lasockiego i poka\u017c, \u017ce lato nigdy si\u0119 nie ko\u0144czy! Endless Sunshine kupisz w naszych salonach CCC, na ccc.eu i w aplikacji.<\/p>\n","protected":false},"excerpt":{"rendered":"<p>Lekki powiew ciep\u0142ego powietrza od razu przywodzi nam na my\u015bl b\u0142ogi klimat zbli\u017caj\u0105cego si\u0119 lata i wakacji. Zainspirowana latem, ale te\u017c i nowymi trendami marka Lasocki, stworzy\u0142a wyj\u0105tkow\u0105 kapsu\u0142\u0119 Endless Sunshine, dzi\u0119ki kt\u00f3rej mo\u017cna poczu\u0107 atmosfer\u0119 i ciep\u0142o nowego sezonu. Po\u0142\u0105czenie ponadczasowej klasyki ze wsp\u00f3\u0142czesnym wzornictwem jak zawsze okaza\u0142o si\u0119 strza\u0142em w dziesi\u0105tk\u0119, a wyj\u0105tkowe [&hellip;]<\/p>\n","protected":false},"author":17,"featured_media":16750,"comment_status":"open","ping_status":"closed","sticky":false,"template":"","format":"standard","meta":{"_acf_changed":false,"footnotes":""},"categories":[432,1332],"tags":[1453,144,22,441],"class_list":["post-16748","post","type-post","status-publish","format-standard","has-post-thumbnail","hentry","category-newsroom","category-trendy-na-lato","tag-endless-sunshine","tag-klapki","tag-lasocki-2","tag-newsroom"],"acf":[],"_links":{"self":[{"href":"https:\/\/blog.ccc.eu\/pl\/wp-json\/wp\/v2\/posts\/16748","targetHints":{"allow":["GET"]}}],"collection":[{"href":"https:\/\/blog.ccc.eu\/pl\/wp-json\/wp\/v2\/posts"}],"about":[{"href":"https:\/\/blog.ccc.eu\/pl\/wp-json\/wp\/v2\/types\/post"}],"author":[{"embeddable":true,"href":"https:\/\/blog.ccc.eu\/pl\/wp-json\/wp\/v2\/users\/17"}],"replies":[{"embeddable":true,"href":"https:\/\/blog.ccc.eu\/pl\/wp-json\/wp\/v2\/comments?post=16748"}],"version-history":[{"count":1,"href":"https:\/\/blog.ccc.eu\/pl\/wp-json\/wp\/v2\/posts\/16748\/revisions"}],"predecessor-version":[{"id":16755,"href":"https:\/\/blog.ccc.eu\/pl\/wp-json\/wp\/v2\/posts\/16748\/revisions\/16755"}],"wp:featuredmedia":[{"embeddable":true,"href":"https:\/\/blog.ccc.eu\/pl\/wp-json\/wp\/v2\/media\/16750"}],"wp:attachment":[{"href":"https:\/\/blog.ccc.eu\/pl\/wp-json\/wp\/v2\/media?parent=16748"}],"wp:term":[{"taxonomy":"category","embeddable":true,"href":"https:\/\/blog.ccc.eu\/pl\/wp-json\/wp\/v2\/categories?post=16748"},{"taxonomy":"post_tag","embeddable":true,"href":"https:\/\/blog.ccc.eu\/pl\/wp-json\/wp\/v2\/tags?post=16748"}],"curies":[{"name":"wp","href":"https:\/\/api.w.org\/{rel}","templated":true}]}}