{"id":16796,"date":"2024-05-20T13:30:46","date_gmt":"2024-05-20T11:30:46","guid":{"rendered":"https:\/\/blog.ccc.eu\/pl\/?p=16796"},"modified":"2024-07-26T14:19:54","modified_gmt":"2024-07-26T12:19:54","slug":"prezent-na-dzien-dziecka","status":"publish","type":"post","link":"https:\/\/blog.ccc.eu\/pl\/prezent-na-dzien-dziecka\/","title":{"rendered":"Wybieramy prezent na Dzie\u0144 Dziecka 2024!"},"content":{"rendered":"\n<p><strong>Tak naprawd\u0119 dzieci maj\u0105 swoje \u015bwi\u0119to przez ca\u0142y rok, a jednak Dzie\u0144 Dziecka to nie tylko dla nich, ale i dla ca\u0142ej rodziny absolutnie wyj\u0105tkowa okazja. Wsp\u00f3lne sp\u0119dzenie czasu z pewno\u015bci\u0105 sprawi rado\u015b\u0107 Twojemu dziecku, lecz mo\u017cesz wywo\u0142a\u0107 jej jeszcze wi\u0119cej, daj\u0105c mu prezent, o jakim od dawna marzy\u0142o. Aby u\u0142atwi\u0107 Ci wyb\u00f3r, przygotowali\u015bmy dla Ciebie wyj\u0105tkowe propozycje upomink\u00f3w, zar\u00f3wno dla dziewczynki, jak i ch\u0142opca. Sprawd\u017a je wszystkie, poznaj ich zalety i wybierz prezent na Dzie\u0144 Dziecka, kt\u00f3ry wywo\u0142a pi\u0119kny u\u015bmiech na twarzy Twojego malucha!<\/strong><\/p>\n\n\n\n<div class=\"wp-block-group is-nowrap is-layout-flex wp-container-core-group-is-layout-ad2f72ca wp-block-group-is-layout-flex\">\n<figure class=\"wp-block-image size-full\"><img loading=\"lazy\" decoding=\"async\" width=\"622\" height=\"933\" src=\"https:\/\/blog.ccc.eu\/pl\/wp-content\/uploads\/2024\/05\/CCC_5905588650324_02M.jpg\" alt=\"prezent na dzie\u0144 dziecka czapka paw patrol\" class=\"wp-image-24212\" srcset=\"https:\/\/blog.ccc.eu\/pl\/wp-content\/uploads\/2024\/05\/CCC_5905588650324_02M.jpg 622w, https:\/\/blog.ccc.eu\/pl\/wp-content\/uploads\/2024\/05\/CCC_5905588650324_02M-200x300.jpg 200w, https:\/\/blog.ccc.eu\/pl\/wp-content\/uploads\/2024\/05\/CCC_5905588650324_02M-100x150.jpg 100w\" sizes=\"auto, (max-width: 622px) 100vw, 622px\" \/><\/figure>\n\n\n\n<figure class=\"wp-block-image size-full\"><img loading=\"lazy\" decoding=\"async\" width=\"622\" height=\"933\" src=\"https:\/\/blog.ccc.eu\/pl\/wp-content\/uploads\/2024\/05\/CCC_5905588590774_02M.jpg\" alt=\"plecaki dzieci\u0119ce psi patrol\" class=\"wp-image-24213\" srcset=\"https:\/\/blog.ccc.eu\/pl\/wp-content\/uploads\/2024\/05\/CCC_5905588590774_02M.jpg 622w, https:\/\/blog.ccc.eu\/pl\/wp-content\/uploads\/2024\/05\/CCC_5905588590774_02M-200x300.jpg 200w, https:\/\/blog.ccc.eu\/pl\/wp-content\/uploads\/2024\/05\/CCC_5905588590774_02M-100x150.jpg 100w\" sizes=\"auto, (max-width: 622px) 100vw, 622px\" \/><\/figure>\n<\/div>\n\n\n\n<h2 class=\"wp-block-heading\">Kiedy jest Dzie\u0144 Dziecka?<\/h2>\n\n\n\n<p>Dzie\u0144 Dziecka w Polsce obchodzony jest 1 czerwca. Chocia\u017c jest to mi\u0119dzynarodowe \u015bwi\u0119to, w innych krajach jego data si\u0119 r\u00f3\u017cni \u2013&nbsp; np. w Argentynie przypada na drug\u0105 niedziel\u0119 sierpnia, a W\u0119gry celebruj\u0105 je w ostatni\u0105 niedziel\u0119 maja.<\/p>\n\n\n\n<p>Dzie\u0144 Dziecka \u015bwi\u0119tujemy ju\u017c od 1952 roku. Ustanowi\u0142a je organizacja The International Union for Protection of Childhood po to, by u\u015bwiadomi\u0107 doros\u0142ym, \u017ce prawa najm\u0142odszych a zarazem najbardziej niewinnych powinny by\u0107 respektowane, a tak\u017ce \u017ce dzieci nigdy nie powinny do\u015bwiadcza\u0107 wojny, g\u0142odu ani krzywdy. To dzie\u0144, kt\u00f3ry ma szczeg\u00f3lnie uszcz\u0119\u015bliwi\u0107 dzieci i u\u015bwiadomi\u0107 im, jak s\u0105 wa\u017cne. Nic wi\u0119c dziwnego, \u017ce towarzysz\u0105 mu prezenty.<\/p>\n\n\n\n<h2 class=\"wp-block-heading\">Jakie prezenty na Dzie\u0144 Dziecka uciesz\u0105 najm\u0142odszych?<\/h2>\n\n\n\n<p>Takie, o kt\u00f3rych naprawd\u0119 marz\u0105! Zastanawiasz si\u0119, co kupi\u0107 swojemu dziecku w dniu jego \u015bwi\u0119ta? Podaruj mu upominek, kt\u00f3ry b\u0119dzie dotyczy\u0142 jego zainteresowa\u0144 i pragnie\u0144, a nie wykre\u015bli tylko przedmiot z Twojej listy zakup\u00f3w dla dziecka. Nowy pi\u00f3rnik nie b\u0119dzie ekscytuj\u0105cym upominkiem, ale ju\u017c torebka-brelok? Brzmi \u015bwietnie! Jak nikt inny znasz swoj\u0105 pociech\u0119, dlatego jeste\u015bmy przekonani, ze z \u0142atwo\u015bci\u0105 wybierzesz prezent, kt\u00f3ry podbije jej serce! Jeste\u015b dumn\u0105 mam\u0105 c\u00f3rki? Przeczytaj, czym mo\u017cesz sprawi\u0107 jej przyjemno\u015b\u0107. <\/p>\n\n\n\n<h2 class=\"wp-block-heading\">Najpi\u0119kniejszy prezent na Dzie\u0144 Dziecka dla dziewczynki<\/h2>\n\n\n\n<p>Nie wszystkie dziewczynki marz\u0105 o tym, by by\u0107 ksi\u0119\u017cniczkami i nie wszystkie kochaj\u0105 wszystko, co b\u0142yszcz\u0105ce i r\u00f3\u017cowe. Jaki prezent na Dzie\u0144 Dziecka dla dziewczynki w tej sytuacji wybra\u0107? Taki, kt\u00f3ry najlepiej pasuje do jej osobowo\u015bci, kt\u00f3ry ubarwi jej stylizacje czy te\u017c b\u0119dzie wywo\u0142ywa\u0107 u\u015bmiech z ka\u017cdym spojrzeniem. Poni\u017cej znajdziesz nasze propozycje, kt\u00f3re z ca\u0142\u0105 pewno\u015bci\u0105 spe\u0142ni\u0105 te oczekiwania! Poznaj ich zalety i wybierz podarek kt\u00f3ry sprawi najwi\u0119cej rado\u015bci Twojemu dziecku.<\/p>\n\n\n\n<h3 class=\"wp-block-heading\">Torebka-brelok na dzieci\u0119ce skarby<\/h3>\n\n\n\n<p>Dzieci je pokocha\u0142y! Torebki-breloki s\u0105 obecnie bardzo popularne. Dlaczego? Bo mo\u017cna w nich przechowa\u0107 skarby, przyczepi\u0107 do torby, paska lub plecaka i zwr\u00f3ci\u0107 tym samym uwag\u0119 r\u00f3wie\u015bnik\u00f3w, a dodatkowo si\u0119 nimi bawi\u0107. Torebki-breloki maj\u0105 bowiem cechy zabawki sensorycznej \u2013 da si\u0119 wciska\u0107 ich kolorowe kulki i czerpa\u0107 z tego rado\u015b\u0107.<\/p>\n\n\n\n<p>Zwr\u00f3\u0107 uwag\u0119, \u017ce torebki-breloki dost\u0119pne s\u0105 w r\u00f3\u017cnych kolorach i kszta\u0142tach. Twoje dziecko kocha modny obecnie wz\u00f3r muszelki, a mo\u017ce jest fanem s\u0142odko\u015bci, w tym p\u0105czk\u00f3w? Forma breloka wspaniale to wyrazi!<\/p>\n\n\n\n<div class=\"wp-block-group is-nowrap is-layout-flex wp-container-core-group-is-layout-ad2f72ca wp-block-group-is-layout-flex\">\n<figure class=\"wp-block-image size-large\"><img loading=\"lazy\" decoding=\"async\" width=\"683\" height=\"1024\" src=\"https:\/\/blog.ccc.eu\/pl\/wp-content\/uploads\/2024\/05\/CCC_5905588274391_01-683x1024.jpg\" alt=\"torebka brelok r\u00f3\u017cowa\" class=\"wp-image-24201\" srcset=\"https:\/\/blog.ccc.eu\/pl\/wp-content\/uploads\/2024\/05\/CCC_5905588274391_01-683x1024.jpg 683w, https:\/\/blog.ccc.eu\/pl\/wp-content\/uploads\/2024\/05\/CCC_5905588274391_01-200x300.jpg 200w, https:\/\/blog.ccc.eu\/pl\/wp-content\/uploads\/2024\/05\/CCC_5905588274391_01-768x1152.jpg 768w, https:\/\/blog.ccc.eu\/pl\/wp-content\/uploads\/2024\/05\/CCC_5905588274391_01-100x150.jpg 100w, https:\/\/blog.ccc.eu\/pl\/wp-content\/uploads\/2024\/05\/CCC_5905588274391_01.jpg 876w\" sizes=\"auto, (max-width: 683px) 100vw, 683px\" \/><\/figure>\n\n\n\n<figure class=\"wp-block-image size-large\"><img loading=\"lazy\" decoding=\"async\" width=\"683\" height=\"1024\" src=\"https:\/\/blog.ccc.eu\/pl\/wp-content\/uploads\/2024\/05\/CCC_5905588274391_02-683x1024.jpg\" alt=\"torebka brelok dla dziewczynki\" class=\"wp-image-24203\" srcset=\"https:\/\/blog.ccc.eu\/pl\/wp-content\/uploads\/2024\/05\/CCC_5905588274391_02-683x1024.jpg 683w, https:\/\/blog.ccc.eu\/pl\/wp-content\/uploads\/2024\/05\/CCC_5905588274391_02-200x300.jpg 200w, https:\/\/blog.ccc.eu\/pl\/wp-content\/uploads\/2024\/05\/CCC_5905588274391_02-768x1152.jpg 768w, https:\/\/blog.ccc.eu\/pl\/wp-content\/uploads\/2024\/05\/CCC_5905588274391_02-100x150.jpg 100w, https:\/\/blog.ccc.eu\/pl\/wp-content\/uploads\/2024\/05\/CCC_5905588274391_02.jpg 876w\" sizes=\"auto, (max-width: 683px) 100vw, 683px\" \/><\/figure>\n<\/div>\n\n\n\n<div class=\"wp-block-buttons is-content-justification-center is-layout-flex wp-container-core-buttons-is-layout-16018d1d wp-block-buttons-is-layout-flex\">\n<div class=\"wp-block-button\"><a class=\"wp-block-button__link wp-element-button\" href=\"https:\/\/ccc.eu\/pl\/akcesoria\/dzieciece\/breloki\/brelok-nelli-blu-la450-245-rozowy\" target=\"_blank\" rel=\"noreferrer noopener\">Zam\u00f3w torebk\u0119-brelok w CCC<\/a><\/div>\n<\/div>\n\n\n\n<p><\/p>\n\n\n\n<h3 class=\"wp-block-heading\">Torebka do dziewcz\u0119cych stylizacji<\/h3>\n\n\n\n<p>Ka\u017cda ma\u0142a dama potrzebuje swojej torebki. Ze wzgl\u0119du na to, \u017ce Dzie\u0144 Dziecka przypada na 1 czerwca, a jest to sezon przedwakacyjny, \u015bwietnym pomys\u0142em jest podarowanie dziewczynce torebki, kt\u00f3r\u0105 b\u0119dzie mog\u0142a dobra\u0107 do letnich zestaw\u00f3w. Sp\u00f3jrz tylko na modele z motywem truskawki, Myszki Miki albo Ma\u0142ej Syrenki, s\u0105 naprawd\u0119 wyj\u0105tkowe! Szukasz prezentu z efektem wow? Zwr\u00f3\u0107 uwag\u0119 na torebk\u0119 Frozen, kt\u00f3ra pi\u0119kne opalizuje w promieniach s\u0142onecznych, do tego pozwala ca\u0142y czas cieszy\u0107 si\u0119 towarzystwem ulubionych bohaterek z Krainy Lodu! Pe\u0142ne zachwytu spojrzenie gwarantowane!<\/p>\n\n\n\n<div class=\"wp-block-group is-nowrap is-layout-flex wp-container-core-group-is-layout-ad2f72ca wp-block-group-is-layout-flex\">\n<figure class=\"wp-block-image size-large\"><img loading=\"lazy\" decoding=\"async\" width=\"683\" height=\"1024\" src=\"https:\/\/blog.ccc.eu\/pl\/wp-content\/uploads\/2024\/05\/CCC_5905588594901_02-683x1024.jpg\" alt=\"torebka frozen\" class=\"wp-image-24204\" srcset=\"https:\/\/blog.ccc.eu\/pl\/wp-content\/uploads\/2024\/05\/CCC_5905588594901_02-683x1024.jpg 683w, https:\/\/blog.ccc.eu\/pl\/wp-content\/uploads\/2024\/05\/CCC_5905588594901_02-200x300.jpg 200w, https:\/\/blog.ccc.eu\/pl\/wp-content\/uploads\/2024\/05\/CCC_5905588594901_02-768x1152.jpg 768w, https:\/\/blog.ccc.eu\/pl\/wp-content\/uploads\/2024\/05\/CCC_5905588594901_02-100x150.jpg 100w, https:\/\/blog.ccc.eu\/pl\/wp-content\/uploads\/2024\/05\/CCC_5905588594901_02.jpg 876w\" sizes=\"auto, (max-width: 683px) 100vw, 683px\" \/><\/figure>\n\n\n\n<figure class=\"wp-block-image size-large\"><img loading=\"lazy\" decoding=\"async\" width=\"683\" height=\"1024\" src=\"https:\/\/blog.ccc.eu\/pl\/wp-content\/uploads\/2024\/05\/CCC_5905588594901_03-683x1024.jpg\" alt=\"torebka dziewcz\u0119ca frozen\" class=\"wp-image-24205\" srcset=\"https:\/\/blog.ccc.eu\/pl\/wp-content\/uploads\/2024\/05\/CCC_5905588594901_03-683x1024.jpg 683w, https:\/\/blog.ccc.eu\/pl\/wp-content\/uploads\/2024\/05\/CCC_5905588594901_03-200x300.jpg 200w, https:\/\/blog.ccc.eu\/pl\/wp-content\/uploads\/2024\/05\/CCC_5905588594901_03-768x1152.jpg 768w, https:\/\/blog.ccc.eu\/pl\/wp-content\/uploads\/2024\/05\/CCC_5905588594901_03-100x150.jpg 100w, https:\/\/blog.ccc.eu\/pl\/wp-content\/uploads\/2024\/05\/CCC_5905588594901_03.jpg 876w\" sizes=\"auto, (max-width: 683px) 100vw, 683px\" \/><\/figure>\n<\/div>\n\n\n\n<div class=\"wp-block-buttons is-content-justification-center is-layout-flex wp-container-core-buttons-is-layout-16018d1d wp-block-buttons-is-layout-flex\">\n<div class=\"wp-block-button\"><a class=\"wp-block-button__link wp-element-button\" href=\"https:\/\/ccc.eu\/pl\/torby\/torby-dzieciece\/torebka-frozen-acccs-ss24-209dfr-mix\" target=\"_blank\" rel=\"noreferrer noopener\">Zam\u00f3w torebk\u0119 Frozen w CCC<\/a><\/div>\n<\/div>\n\n\n\n<p><\/p>\n\n\n\n<h3 class=\"wp-block-heading\">Plecak na co dzie\u0144 i na wakacje<\/h3>\n\n\n\n<p>Masz w domu ma\u0142\u0105 podr\u00f3\u017cniczk\u0119? A mo\u017ce planujecie wakacyjny wyjazd, bo lato tu\u017c-tu\u017c? Podaruj pi\u0119kny prezent na Dzie\u0144 Dziecka dla dziewczynki, jakim b\u0119dzie modny i wygodny plecak. Do wyboru jest naprawd\u0119 wiele opcji: transparentny model z Arielk\u0105, plecak z ksi\u0119\u017cniczkami Disneya o satynowym wyko\u0144czeniu, kt\u00f3ry efektownie mieni si\u0119 w s\u0142o\u0144cu, egzemplarz z Muminkami i futerkiem, przypominaj\u0105cym pluszowego baranka, do kt\u00f3rego przyjemnie si\u0119 przytuli\u0107. Wybierz ten, kt\u00f3ry najbardziej ucieszy Twoj\u0105 pociech\u0119. <\/p>\n\n\n\n<div class=\"wp-block-group is-nowrap is-layout-flex wp-container-core-group-is-layout-ad2f72ca wp-block-group-is-layout-flex\">\n<figure class=\"wp-block-image size-large\"><img loading=\"lazy\" decoding=\"async\" width=\"683\" height=\"1024\" src=\"https:\/\/blog.ccc.eu\/pl\/wp-content\/uploads\/2024\/05\/CCC_5905588594987_02-683x1024.jpg\" alt=\"plecak ma\u0142a syrenka\" class=\"wp-image-24206\" srcset=\"https:\/\/blog.ccc.eu\/pl\/wp-content\/uploads\/2024\/05\/CCC_5905588594987_02-683x1024.jpg 683w, https:\/\/blog.ccc.eu\/pl\/wp-content\/uploads\/2024\/05\/CCC_5905588594987_02-200x300.jpg 200w, https:\/\/blog.ccc.eu\/pl\/wp-content\/uploads\/2024\/05\/CCC_5905588594987_02-768x1152.jpg 768w, https:\/\/blog.ccc.eu\/pl\/wp-content\/uploads\/2024\/05\/CCC_5905588594987_02-100x150.jpg 100w, https:\/\/blog.ccc.eu\/pl\/wp-content\/uploads\/2024\/05\/CCC_5905588594987_02.jpg 876w\" sizes=\"auto, (max-width: 683px) 100vw, 683px\" \/><\/figure>\n\n\n\n<figure class=\"wp-block-image size-large\"><img loading=\"lazy\" decoding=\"async\" width=\"683\" height=\"1024\" src=\"https:\/\/blog.ccc.eu\/pl\/wp-content\/uploads\/2024\/05\/CCC_5905588595083_02-683x1024.jpg\" alt=\"plecak disney princess\" class=\"wp-image-24207\" srcset=\"https:\/\/blog.ccc.eu\/pl\/wp-content\/uploads\/2024\/05\/CCC_5905588595083_02-683x1024.jpg 683w, https:\/\/blog.ccc.eu\/pl\/wp-content\/uploads\/2024\/05\/CCC_5905588595083_02-200x300.jpg 200w, https:\/\/blog.ccc.eu\/pl\/wp-content\/uploads\/2024\/05\/CCC_5905588595083_02-768x1152.jpg 768w, https:\/\/blog.ccc.eu\/pl\/wp-content\/uploads\/2024\/05\/CCC_5905588595083_02-100x150.jpg 100w, https:\/\/blog.ccc.eu\/pl\/wp-content\/uploads\/2024\/05\/CCC_5905588595083_02.jpg 876w\" sizes=\"auto, (max-width: 683px) 100vw, 683px\" \/><\/figure>\n<\/div>\n\n\n\n<div class=\"wp-block-buttons is-content-justification-center is-layout-flex wp-container-core-buttons-is-layout-16018d1d wp-block-buttons-is-layout-flex\">\n<div class=\"wp-block-button\"><a class=\"wp-block-button__link wp-element-button\" href=\"https:\/\/ccc.eu\/pl\/plecaki\/plecaki-dzieciece\" target=\"_blank\" rel=\"noreferrer noopener\">Wybierz plecak dzieci\u0119cy w CCC<\/a><\/div>\n<\/div>\n\n\n\n<p><\/p>\n\n\n\n<h2 class=\"wp-block-heading\">Najlepszy prezent na Dzie\u0144 Dziecka dla ch\u0142opca<\/h2>\n\n\n\n<p>Jaki prezent na Dzie\u0144 Dziecka dla ch\u0142opca wybra\u0107? Na przyk\u0142ad taki, kt\u00f3ry perfekcyjnie dopasuje si\u0119 do jego trybu \u017cycia i ulubionych aktywno\u015bci. Z pewno\u015bci\u0105 doceni te\u017c upominek nawi\u0105zuj\u0105cy do bajek i film\u00f3w, kt\u00f3re uwielbia. Poni\u017cej znajdziesz nasze propozycje podark\u00f3w. Przeczytaj o nich wi\u0119cej i wybierz idealny dla m\u0142odego wulkanu energii!<\/p>\n\n\n\n<h3 class=\"wp-block-heading\">Nerka lub saszetka dla ma\u0142ego odkrywcy<\/h3>\n\n\n\n<p>Ka\u017cdy ch\u0142opiec potrzebuje mie\u0107 zawsze przy sobie niezb\u0119dne akcesoria. Podaruj mu nerk\u0119 lub saszetk\u0119, w kt\u00f3rych b\u0119dzie m\u00f3g\u0142 je wygodnie przechowa\u0107. Wyselekcjonowali\u015bmy modele utrzymane w stonowanych lub ciemnych barwach \u2013 s\u0105 wyraziste i efektowne. W dodatku wi\u0119kszo\u015b\u0107 z nich nawi\u0105zuje do kultowych film\u00f3w oraz bajek, a inne s\u0105 ozdobione zwierz\u0119cymi motywami. Wyb\u00f3r jest naprawd\u0119 du\u017cy!<\/p>\n\n\n\n<div class=\"wp-block-group is-nowrap is-layout-flex wp-container-core-group-is-layout-ad2f72ca wp-block-group-is-layout-flex\">\n<figure class=\"wp-block-image size-large\"><img loading=\"lazy\" decoding=\"async\" width=\"683\" height=\"1024\" src=\"https:\/\/blog.ccc.eu\/pl\/wp-content\/uploads\/2024\/05\/CCC_5905588650263_01-683x1024.jpg\" alt=\"torebka saszetka ch\u0142opi\u0119ca\" class=\"wp-image-24208\" srcset=\"https:\/\/blog.ccc.eu\/pl\/wp-content\/uploads\/2024\/05\/CCC_5905588650263_01-683x1024.jpg 683w, https:\/\/blog.ccc.eu\/pl\/wp-content\/uploads\/2024\/05\/CCC_5905588650263_01-200x300.jpg 200w, https:\/\/blog.ccc.eu\/pl\/wp-content\/uploads\/2024\/05\/CCC_5905588650263_01-768x1152.jpg 768w, https:\/\/blog.ccc.eu\/pl\/wp-content\/uploads\/2024\/05\/CCC_5905588650263_01-100x150.jpg 100w, https:\/\/blog.ccc.eu\/pl\/wp-content\/uploads\/2024\/05\/CCC_5905588650263_01.jpg 876w\" sizes=\"auto, (max-width: 683px) 100vw, 683px\" \/><\/figure>\n\n\n\n<figure class=\"wp-block-image size-large\"><img loading=\"lazy\" decoding=\"async\" width=\"683\" height=\"1024\" src=\"https:\/\/blog.ccc.eu\/pl\/wp-content\/uploads\/2024\/05\/CCC_5904248987589_01_LR-683x1024.jpg\" alt=\"saszetka dzieci\u0119ca mandalorian\" class=\"wp-image-24209\" srcset=\"https:\/\/blog.ccc.eu\/pl\/wp-content\/uploads\/2024\/05\/CCC_5904248987589_01_LR-683x1024.jpg 683w, https:\/\/blog.ccc.eu\/pl\/wp-content\/uploads\/2024\/05\/CCC_5904248987589_01_LR-200x300.jpg 200w, https:\/\/blog.ccc.eu\/pl\/wp-content\/uploads\/2024\/05\/CCC_5904248987589_01_LR-768x1152.jpg 768w, https:\/\/blog.ccc.eu\/pl\/wp-content\/uploads\/2024\/05\/CCC_5904248987589_01_LR-100x150.jpg 100w, https:\/\/blog.ccc.eu\/pl\/wp-content\/uploads\/2024\/05\/CCC_5904248987589_01_LR.jpg 876w\" sizes=\"auto, (max-width: 683px) 100vw, 683px\" \/><\/figure>\n<\/div>\n\n\n\n<div class=\"wp-block-buttons is-content-justification-center is-layout-flex wp-container-core-buttons-is-layout-16018d1d wp-block-buttons-is-layout-flex\">\n<div class=\"wp-block-button\"><a class=\"wp-block-button__link wp-element-button\" href=\"https:\/\/ccc.eu\/pl\/dzieci\/plecaki-i-akcesoria\/plecaki-i-torby\/nerki-i-saszetki\" target=\"_blank\" rel=\"noreferrer noopener\">Wybierz torebk\u0119 nerk\u0119 dla dzieci w CCC<\/a><\/div>\n<\/div>\n\n\n\n<p><\/p>\n\n\n\n<h3 class=\"wp-block-heading\">Plecak na ma\u0142e i wi\u0119ksze przygody<\/h3>\n\n\n\n<p>Twoje dziecko jest aktywne? Podaruj mu plecak. Nie chodzi tu o model szkolny, lecz o taki, kt\u00f3ry wykorzysta na odkrywanie \u015bwiata podczas pieszych wycieczek i nie tylko. Takie modele plecak\u00f3w s\u0105 lekkie, mniejsze od tych przeznaczonych do noszenia do szko\u0142y i ciekawsze w designie. Maj\u0105 tak\u017ce wiele ciekawych przegr\u00f3dek, kt\u00f3re czekaj\u0105 a\u017c b\u0119d\u0105 zape\u0142nione pami\u0105tkami z podr\u00f3\u017cy. Plecak to pi\u0119kny i praktyczny prezent z okazji Dnia Dziecka. W CCC znajdziesz odpowiedni dla ch\u0142opc\u00f3w w r\u00f3\u017cnym wieku, co jeszcze u\u0142atwi Ci wyb\u00f3r!<\/p>\n\n\n\n<div class=\"wp-block-group is-nowrap is-layout-flex wp-container-core-group-is-layout-ad2f72ca wp-block-group-is-layout-flex\">\n<figure class=\"wp-block-image size-large\"><img loading=\"lazy\" decoding=\"async\" width=\"683\" height=\"1024\" src=\"https:\/\/blog.ccc.eu\/pl\/wp-content\/uploads\/2024\/05\/CCC_5905588595045_02-683x1024.jpg\" alt=\"plecak ch\u0142opi\u0119cy batwheels\" class=\"wp-image-24210\" srcset=\"https:\/\/blog.ccc.eu\/pl\/wp-content\/uploads\/2024\/05\/CCC_5905588595045_02-683x1024.jpg 683w, https:\/\/blog.ccc.eu\/pl\/wp-content\/uploads\/2024\/05\/CCC_5905588595045_02-200x300.jpg 200w, https:\/\/blog.ccc.eu\/pl\/wp-content\/uploads\/2024\/05\/CCC_5905588595045_02-768x1152.jpg 768w, https:\/\/blog.ccc.eu\/pl\/wp-content\/uploads\/2024\/05\/CCC_5905588595045_02-100x150.jpg 100w, https:\/\/blog.ccc.eu\/pl\/wp-content\/uploads\/2024\/05\/CCC_5905588595045_02.jpg 876w\" sizes=\"auto, (max-width: 683px) 100vw, 683px\" \/><\/figure>\n\n\n\n<figure class=\"wp-block-image size-large\"><img loading=\"lazy\" decoding=\"async\" width=\"683\" height=\"1024\" src=\"https:\/\/blog.ccc.eu\/pl\/wp-content\/uploads\/2024\/05\/CCC_5905588590606_02-683x1024.jpg\" alt=\"plecak psi patrol\" class=\"wp-image-24211\" srcset=\"https:\/\/blog.ccc.eu\/pl\/wp-content\/uploads\/2024\/05\/CCC_5905588590606_02-683x1024.jpg 683w, https:\/\/blog.ccc.eu\/pl\/wp-content\/uploads\/2024\/05\/CCC_5905588590606_02-200x300.jpg 200w, https:\/\/blog.ccc.eu\/pl\/wp-content\/uploads\/2024\/05\/CCC_5905588590606_02-768x1152.jpg 768w, https:\/\/blog.ccc.eu\/pl\/wp-content\/uploads\/2024\/05\/CCC_5905588590606_02-100x150.jpg 100w, https:\/\/blog.ccc.eu\/pl\/wp-content\/uploads\/2024\/05\/CCC_5905588590606_02.jpg 876w\" sizes=\"auto, (max-width: 683px) 100vw, 683px\" \/><\/figure>\n<\/div>\n\n\n\n<div class=\"wp-block-buttons is-content-justification-center is-layout-flex wp-container-core-buttons-is-layout-16018d1d wp-block-buttons-is-layout-flex\">\n<div class=\"wp-block-button\"><a class=\"wp-block-button__link wp-element-button\" href=\"https:\/\/ccc.eu\/pl\/plecaki\/plecaki-dzieciece?page=1\" target=\"_blank\" rel=\"noreferrer noopener\">Wybierz plecak dzieci\u0119cy w CCC<\/a><\/div>\n<\/div>\n\n\n\n<p><\/p>\n\n\n\n<h2 class=\"wp-block-heading\">Trafiony prezent na Dzie\u0144 Dziecka znajdziesz w CCC!<\/h2>\n\n\n\n<p>Mamy nadziej\u0119, \u017ce ten artyku\u0142 pom\u00f3g\u0142 Ci w znalezieniu wyj\u0105tkowego prezentu dla dziecka. Po wi\u0119cej propozycji zajrzyj do stacjonarnych sklep\u00f3w CCC, na ccc.eu lub aplikacji. Mo\u017ce zamiast plecaka czy torebki wybierzesz kolorow\u0105 czapk\u0119 z daszkiem albo buty, o jakich od dawna marzy Twoja pociecha? Udanych zakup\u00f3w!<\/p>\n","protected":false},"excerpt":{"rendered":"<p>Tak naprawd\u0119 dzieci maj\u0105 swoje \u015bwi\u0119to przez ca\u0142y rok, a jednak Dzie\u0144 Dziecka to nie tylko dla nich, ale i dla ca\u0142ej rodziny absolutnie wyj\u0105tkowa okazja. Wsp\u00f3lne sp\u0119dzenie czasu z pewno\u015bci\u0105 sprawi rado\u015b\u0107 Twojemu dziecku, lecz mo\u017cesz wywo\u0142a\u0107 jej jeszcze wi\u0119cej, daj\u0105c mu prezent, o jakim od dawna marzy\u0142o. Aby u\u0142atwi\u0107 Ci wyb\u00f3r, przygotowali\u015bmy dla [&hellip;]<\/p>\n","protected":false},"author":20,"featured_media":24212,"comment_status":"open","ping_status":"closed","sticky":false,"template":"","format":"standard","meta":{"_acf_changed":false,"footnotes":""},"categories":[1567,4],"tags":[1459,96,1460],"class_list":["post-16796","post","type-post","status-publish","format-standard","has-post-thumbnail","hentry","category-pomysly-na-prezent","category-porady","tag-dzien-dziecka","tag-porady","tag-prezent-dla-dziecka"],"acf":[],"_links":{"self":[{"href":"https:\/\/blog.ccc.eu\/pl\/wp-json\/wp\/v2\/posts\/16796","targetHints":{"allow":["GET"]}}],"collection":[{"href":"https:\/\/blog.ccc.eu\/pl\/wp-json\/wp\/v2\/posts"}],"about":[{"href":"https:\/\/blog.ccc.eu\/pl\/wp-json\/wp\/v2\/types\/post"}],"author":[{"embeddable":true,"href":"https:\/\/blog.ccc.eu\/pl\/wp-json\/wp\/v2\/users\/20"}],"replies":[{"embeddable":true,"href":"https:\/\/blog.ccc.eu\/pl\/wp-json\/wp\/v2\/comments?post=16796"}],"version-history":[{"count":3,"href":"https:\/\/blog.ccc.eu\/pl\/wp-json\/wp\/v2\/posts\/16796\/revisions"}],"predecessor-version":[{"id":25836,"href":"https:\/\/blog.ccc.eu\/pl\/wp-json\/wp\/v2\/posts\/16796\/revisions\/25836"}],"wp:featuredmedia":[{"embeddable":true,"href":"https:\/\/blog.ccc.eu\/pl\/wp-json\/wp\/v2\/media\/24212"}],"wp:attachment":[{"href":"https:\/\/blog.ccc.eu\/pl\/wp-json\/wp\/v2\/media?parent=16796"}],"wp:term":[{"taxonomy":"category","embeddable":true,"href":"https:\/\/blog.ccc.eu\/pl\/wp-json\/wp\/v2\/categories?post=16796"},{"taxonomy":"post_tag","embeddable":true,"href":"https:\/\/blog.ccc.eu\/pl\/wp-json\/wp\/v2\/tags?post=16796"}],"curies":[{"name":"wp","href":"https:\/\/api.w.org\/{rel}","templated":true}]}}