{"id":16842,"date":"2023-05-17T11:17:25","date_gmt":"2023-05-17T09:17:25","guid":{"rendered":"https:\/\/blog.ccc.eu\/pl\/?p=16842"},"modified":"2024-07-26T14:27:00","modified_gmt":"2024-07-26T12:27:00","slug":"bajkowa-kolekcja-moomin-w-ccc-wyrusz-do-doliny-muminkow","status":"publish","type":"post","link":"https:\/\/blog.ccc.eu\/pl\/bajkowa-kolekcja-moomin-w-ccc-wyrusz-do-doliny-muminkow\/","title":{"rendered":"Bajkowa kolekcja Moomin w CCC! Wyrusz do Doliny Mumink\u00f3w!"},"content":{"rendered":"\n<p><b>Wyrusz w wyj\u0105tkow\u0105 bajkow\u0105 podr\u00f3\u017c do Doliny Mumink\u00f3w wraz z butami, torebkami i akcesoriami z nowej kolekcji Moomin, dost\u0119pnej w CCC. Odkryj \u015bwiat przyjaznej rodziny Mumink\u00f3w, stworzonych przez fi\u0144sk\u0105 pisark\u0119 Tove Jansson. Kultowi bohaterowie ksi\u0105\u017cek pojawili si\u0119 w kolekcji CCC, b\u0119d\u0105c niesamowit\u0105 modow\u0105 inspiracj\u0105. Propozycje dla dzieci i m\u0142odzie\u017cy przenios\u0105 nas do \u015bwiata, kt\u00f3ry ka\u017cdy chcia\u0142by odwiedzi\u0107. Zobacz kolekcj\u0119 Moomin w CCC!<\/b><\/p>\n\n\n\n<figure class=\"wp-block-gallery has-nested-images columns-default is-cropped wp-block-gallery-1 is-layout-flex wp-block-gallery-is-layout-flex\">\n<figure class=\"wp-block-image size-large\"><img loading=\"lazy\" decoding=\"async\" width=\"683\" height=\"1024\" data-id=\"16843\" src=\"https:\/\/blog.ccc.eu\/pl\/wp-content\/uploads\/2023\/05\/CCC_Moomin1-683x1024.jpg\" alt=\"\" class=\"wp-image-16843\" srcset=\"https:\/\/blog.ccc.eu\/pl\/wp-content\/uploads\/2023\/05\/CCC_Moomin1-683x1024.jpg 683w, https:\/\/blog.ccc.eu\/pl\/wp-content\/uploads\/2023\/05\/CCC_Moomin1-200x300.jpg 200w, https:\/\/blog.ccc.eu\/pl\/wp-content\/uploads\/2023\/05\/CCC_Moomin1-768x1152.jpg 768w, https:\/\/blog.ccc.eu\/pl\/wp-content\/uploads\/2023\/05\/CCC_Moomin1-1024x1536.jpg 1024w, https:\/\/blog.ccc.eu\/pl\/wp-content\/uploads\/2023\/05\/CCC_Moomin1-1365x2048.jpg 1365w, https:\/\/blog.ccc.eu\/pl\/wp-content\/uploads\/2023\/05\/CCC_Moomin1-100x150.jpg 100w, https:\/\/blog.ccc.eu\/pl\/wp-content\/uploads\/2023\/05\/CCC_Moomin1.jpg 1376w\" sizes=\"auto, (max-width: 683px) 100vw, 683px\" \/><\/figure>\n\n\n\n<figure class=\"wp-block-image size-large\"><img loading=\"lazy\" decoding=\"async\" width=\"683\" height=\"1024\" data-id=\"16844\" src=\"https:\/\/blog.ccc.eu\/pl\/wp-content\/uploads\/2023\/05\/CCC_Moomin2-683x1024.jpg\" alt=\"\" class=\"wp-image-16844\" srcset=\"https:\/\/blog.ccc.eu\/pl\/wp-content\/uploads\/2023\/05\/CCC_Moomin2-683x1024.jpg 683w, https:\/\/blog.ccc.eu\/pl\/wp-content\/uploads\/2023\/05\/CCC_Moomin2-200x300.jpg 200w, https:\/\/blog.ccc.eu\/pl\/wp-content\/uploads\/2023\/05\/CCC_Moomin2-768x1152.jpg 768w, https:\/\/blog.ccc.eu\/pl\/wp-content\/uploads\/2023\/05\/CCC_Moomin2-1024x1536.jpg 1024w, https:\/\/blog.ccc.eu\/pl\/wp-content\/uploads\/2023\/05\/CCC_Moomin2-1365x2048.jpg 1365w, https:\/\/blog.ccc.eu\/pl\/wp-content\/uploads\/2023\/05\/CCC_Moomin2-100x150.jpg 100w, https:\/\/blog.ccc.eu\/pl\/wp-content\/uploads\/2023\/05\/CCC_Moomin2.jpg 1376w\" sizes=\"auto, (max-width: 683px) 100vw, 683px\" \/><\/figure>\n<\/figure>\n\n\n\n<h2 class=\"wp-block-heading\">Muminki \u2013 historyczna inspiracja<\/h2>\n\n\n\n<p>Pierwsza ksi\u0105\u017cka, w kt\u00f3rej pojawi\u0142y si\u0119 Muminki zosta\u0142a napisana przez Tove Jansson w 1945 roku! To w\u0142a\u015bnie niemal\u017ce 80 lat temu niezwyk\u0142a rodzina przypominaj\u0105ca hipopotamy oraz ich przyjaciele zdobyli popularno\u015b\u0107, kt\u00f3r\u0105 ciesz\u0105 si\u0119 do dzi\u015b. Ksi\u0105\u017cki o Muminkach zosta\u0142y prze\u0142o\u017cone na ponad 30 j\u0119zyk\u00f3w, zyskuj\u0105c \u015bwiatow\u0105 s\u0142aw\u0119.<\/p>\n\n\n\n<p>Opr\u00f3cz ksi\u0105\u017cek powsta\u0142y te\u017c komiksy, filmy i seriale, a bajkowa Dolina Mumink\u00f3w doczeka\u0142a si\u0119 realnego odwzorowania w fi\u0144skim mie\u015bcie Naatali, staj\u0105c si\u0119 wyj\u0105tkow\u0105 atrakcj\u0105 turystyczn\u0105, kt\u00f3r\u0105 odwiedzaj\u0105 podr\u00f3\u017cni z r\u00f3\u017cnych zak\u0105tk\u00f3w \u015bwiata.<\/p>\n\n\n\n<figure class=\"wp-block-gallery has-nested-images columns-default is-cropped wp-block-gallery-2 is-layout-flex wp-block-gallery-is-layout-flex\">\n<figure class=\"wp-block-image size-large\"><img loading=\"lazy\" decoding=\"async\" width=\"1024\" height=\"683\" data-id=\"16845\" src=\"https:\/\/blog.ccc.eu\/pl\/wp-content\/uploads\/2023\/05\/CCC_Moomin6-1024x683.jpg\" alt=\"\" class=\"wp-image-16845\" srcset=\"https:\/\/blog.ccc.eu\/pl\/wp-content\/uploads\/2023\/05\/CCC_Moomin6-1024x683.jpg 1024w, https:\/\/blog.ccc.eu\/pl\/wp-content\/uploads\/2023\/05\/CCC_Moomin6-300x200.jpg 300w, https:\/\/blog.ccc.eu\/pl\/wp-content\/uploads\/2023\/05\/CCC_Moomin6-768x512.jpg 768w, https:\/\/blog.ccc.eu\/pl\/wp-content\/uploads\/2023\/05\/CCC_Moomin6-1536x1024.jpg 1536w, https:\/\/blog.ccc.eu\/pl\/wp-content\/uploads\/2023\/05\/CCC_Moomin6-2048x1365.jpg 2048w, https:\/\/blog.ccc.eu\/pl\/wp-content\/uploads\/2023\/05\/CCC_Moomin6-100x67.jpg 100w\" sizes=\"auto, (max-width: 1024px) 100vw, 1024px\" \/><\/figure>\n<\/figure>\n\n\n\n<h2 class=\"wp-block-heading\">Ze \u015bwiata bajki do \u015bwiata mody<\/h2>\n\n\n\n<p>Ulubieni bohaterowie zar\u00f3wno dzieci jak i doros\u0142ych stali si\u0119 inspiracj\u0105 do tworzenia wyj\u0105tkowych kolekcji z podobizn\u0105 ich wizerunku. Muminek, Mamusia i Tatu\u015b Muminka, Panna Migotka oraz Ma\u0142a Mi pojawili si\u0119 w wyj\u0105tkowej kolekcji Moomin na butach, torebkach i akcesoriach.<\/p>\n\n\n\n<p>Oryginalne projekty s\u0105 nostalgicznym wspomnieniem dzieci\u0119cych czas\u00f3w, a tak\u017ce pozwalaj\u0105 tworzy\u0107 now\u0105 histori\u0119 dla kolejnych pokole\u0144.<\/p>\n\n\n\n<figure class=\"wp-block-gallery has-nested-images columns-default is-cropped wp-block-gallery-3 is-layout-flex wp-block-gallery-is-layout-flex\">\n<figure class=\"wp-block-image size-large\"><img loading=\"lazy\" decoding=\"async\" width=\"683\" height=\"1024\" data-id=\"16846\" src=\"https:\/\/blog.ccc.eu\/pl\/wp-content\/uploads\/2023\/05\/CCC_Moomin4-683x1024.jpg\" alt=\"\" class=\"wp-image-16846\" srcset=\"https:\/\/blog.ccc.eu\/pl\/wp-content\/uploads\/2023\/05\/CCC_Moomin4-683x1024.jpg 683w, https:\/\/blog.ccc.eu\/pl\/wp-content\/uploads\/2023\/05\/CCC_Moomin4-200x300.jpg 200w, https:\/\/blog.ccc.eu\/pl\/wp-content\/uploads\/2023\/05\/CCC_Moomin4-768x1152.jpg 768w, https:\/\/blog.ccc.eu\/pl\/wp-content\/uploads\/2023\/05\/CCC_Moomin4-1024x1536.jpg 1024w, https:\/\/blog.ccc.eu\/pl\/wp-content\/uploads\/2023\/05\/CCC_Moomin4-1365x2048.jpg 1365w, https:\/\/blog.ccc.eu\/pl\/wp-content\/uploads\/2023\/05\/CCC_Moomin4-100x150.jpg 100w, https:\/\/blog.ccc.eu\/pl\/wp-content\/uploads\/2023\/05\/CCC_Moomin4.jpg 1376w\" sizes=\"auto, (max-width: 683px) 100vw, 683px\" \/><\/figure>\n\n\n\n<figure class=\"wp-block-image size-large\"><img loading=\"lazy\" decoding=\"async\" width=\"683\" height=\"1024\" data-id=\"16847\" src=\"https:\/\/blog.ccc.eu\/pl\/wp-content\/uploads\/2023\/05\/CCC_Moomin5-683x1024.jpg\" alt=\"\" class=\"wp-image-16847\" srcset=\"https:\/\/blog.ccc.eu\/pl\/wp-content\/uploads\/2023\/05\/CCC_Moomin5-683x1024.jpg 683w, https:\/\/blog.ccc.eu\/pl\/wp-content\/uploads\/2023\/05\/CCC_Moomin5-200x300.jpg 200w, https:\/\/blog.ccc.eu\/pl\/wp-content\/uploads\/2023\/05\/CCC_Moomin5-768x1152.jpg 768w, https:\/\/blog.ccc.eu\/pl\/wp-content\/uploads\/2023\/05\/CCC_Moomin5-1024x1536.jpg 1024w, https:\/\/blog.ccc.eu\/pl\/wp-content\/uploads\/2023\/05\/CCC_Moomin5-1365x2048.jpg 1365w, https:\/\/blog.ccc.eu\/pl\/wp-content\/uploads\/2023\/05\/CCC_Moomin5-100x150.jpg 100w, https:\/\/blog.ccc.eu\/pl\/wp-content\/uploads\/2023\/05\/CCC_Moomin5.jpg 1376w\" sizes=\"auto, (max-width: 683px) 100vw, 683px\" \/><\/figure>\n<\/figure>\n\n\n\n<h2 class=\"wp-block-heading\">Co znajdziemy w kolekcji Moomin?<\/h2>\n\n\n\n<p>Wyj\u0105tkowa kolekcja zosta\u0142a zaprojektowana z my\u015bl\u0105 o dzieciach i m\u0142odzie\u017cy. W ofercie dost\u0119pne s\u0105 trampki z podobizn\u0105 kultowych bohater\u00f3w z Doliny Mumink\u00f3w. Opr\u00f3cz klasycznych pastelowych sznurowanych modeli, w kolekcji znajduj\u0105 si\u0119 te\u017c trampki slip on, trampki na rzepy, a tak\u017ce te z wy\u017csz\u0105 cholewk\u0105 za kostk\u0119, na kt\u00f3rej znalaz\u0142 si\u0119 wz\u00f3r przypominaj\u0105cy komiksowe strony.<\/p>\n\n\n\n<p>Nie zabrak\u0142o te\u017c bardzo klasycznych klapk\u00f3w zar\u00f3wno w subtelnej i uroczej kolorystyce jak i tej nawi\u0105zuj\u0105ce do wygl\u0105du komiksowych rysunk\u00f3w.<\/p>\n\n\n\n<p>Opr\u00f3cz but\u00f3w pojawi\u0142y si\u0119 r\u00f3wnie\u017c bardzo uniwersalne tote bagi w stonowanej kolorystyce, \u015bci\u015ble nawi\u0105zuj\u0105ce designem do but\u00f3w. M\u0142odsze dzieci b\u0119d\u0105 zachwycone pastelowym plecakiem czy urocz\u0105 nerk\u0105 z Pann\u0105 Migotk\u0105. Kolekcj\u0119 uzupe\u0142niaj\u0105 stylowe bucket hats z wizerunkiem nie tylko Mumink\u00f3w, ale te\u017c i Ma\u0142ej Mi.<\/p>\n\n\n\n\n\n\n\n<h2 class=\"wp-block-heading\">Jak nosi\u0107 bajkow\u0105 kolekcj\u0119?<\/h2>\n\n\n\n<p>Nostalgiczna podr\u00f3\u017c do \u015bwiata Mumink\u00f3w i czas\u00f3w dzieci\u0144stwa z wyj\u0105tkowymi butami, torebkami i akcesoriami to \u015bwietna propozycja, by doda\u0107 charakteru ka\u017cdej stylizacji. Wygodne i komfortowe trampki doskonale sprawdz\u0105 si\u0119 w codziennym u\u017cytkowaniu lub jako buty zmienne do szko\u0142y.<\/p>\n\n\n\n<p>Zar\u00f3wno m\u0142odsze dzieci jak i nastolatki mog\u0105 po\u0142\u0105czy\u0107 je ze swoimi ulubionymi jeansami, sukienk\u0105 na szelki czy dresowym kompletem. Starsze dzieci z pewno\u015bci\u0105 doceni\u0105 materia\u0142owe torby, kt\u00f3re mog\u0105 by\u0107 uzupe\u0142nieniem ich stylizacji. Do letnich outfit\u00f3w, czy pla\u017cowego looku idealnie sprawdz\u0105 si\u0119 klapki, kt\u00f3re mo\u017cna nosi\u0107 przez ca\u0142y rok, nawet w zast\u0119pstwie dla kapci.<\/p>\n\n\n\n<h2 class=\"wp-block-heading\">Moda na bajkowe outfity<\/h2>\n\n\n\n<p>Ju\u017c od wielu sezon\u00f3w projektanci si\u0119gaj\u0105 do literatury czy kinematografii po wyj\u0105tkowe inspiracje, by stworzy\u0107 kolekcje, kt\u00f3re trafi\u0105 w gust zar\u00f3wno starszych jak i m\u0142odszych. To wspania\u0142e, by na nowo odkrywa\u0107 ulubione bajkowe motywy i wraca\u0107 do czas\u00f3w dzieci\u0144stwa oraz przekazywa\u0107 najm\u0142odszym wyj\u0105tkow\u0105 popkulturow\u0105 histori\u0119.<\/p>\n\n\n\n<p>Muminki to postacie, kt\u00f3re ciesz\u0105 si\u0119 ogromn\u0105 popularno\u015bci\u0105, a ich przygody nieustannie bawi\u0105, ucz\u0105 i wzruszaj\u0105 obecne, i przesz\u0142e pokolenia. S\u0105 te\u017c \u015bwietn\u0105 zapowiedzi\u0105 tego, \u017ce m.in. dzi\u0119ki \u015bwiatowi mody pozostan\u0105 w sercach swoich fan\u00f3w na jeszcze d\u0142u\u017cej. <a href=\"https:\/\/ccc.eu\/pl\/marki\/moomin\" target=\"_blank\" rel=\"noopener\">Sprawd\u017a kolekcj\u0119 Moomin w CCC<\/a> i znajd\u017a wyj\u0105tkowe buty, i torebki w naszych salonach stacjonarnych, na ccc.eu i w aplikacji.<\/p>\n","protected":false},"excerpt":{"rendered":"<p>Wyrusz w wyj\u0105tkow\u0105 bajkow\u0105 podr\u00f3\u017c do Doliny Mumink\u00f3w wraz z butami, torebkami i akcesoriami z nowej kolekcji Moomin, dost\u0119pnej w CCC. Odkryj \u015bwiat przyjaznej rodziny Mumink\u00f3w, stworzonych przez fi\u0144sk\u0105 pisark\u0119 Tove Jansson. Kultowi bohaterowie ksi\u0105\u017cek pojawili si\u0119 w kolekcji CCC, b\u0119d\u0105c niesamowit\u0105 modow\u0105 inspiracj\u0105. Propozycje dla dzieci i m\u0142odzie\u017cy przenios\u0105 nas do \u015bwiata, kt\u00f3ry ka\u017cdy [&hellip;]<\/p>\n","protected":false},"author":17,"featured_media":16850,"comment_status":"open","ping_status":"closed","sticky":false,"template":"","format":"standard","meta":{"_acf_changed":false,"footnotes":""},"categories":[1565,432],"tags":[1464,1465],"class_list":["post-16842","post","type-post","status-publish","format-standard","has-post-thumbnail","hentry","category-marki-w-ccc","category-newsroom","tag-moomin","tag-muminki"],"acf":[],"_links":{"self":[{"href":"https:\/\/blog.ccc.eu\/pl\/wp-json\/wp\/v2\/posts\/16842","targetHints":{"allow":["GET"]}}],"collection":[{"href":"https:\/\/blog.ccc.eu\/pl\/wp-json\/wp\/v2\/posts"}],"about":[{"href":"https:\/\/blog.ccc.eu\/pl\/wp-json\/wp\/v2\/types\/post"}],"author":[{"embeddable":true,"href":"https:\/\/blog.ccc.eu\/pl\/wp-json\/wp\/v2\/users\/17"}],"replies":[{"embeddable":true,"href":"https:\/\/blog.ccc.eu\/pl\/wp-json\/wp\/v2\/comments?post=16842"}],"version-history":[{"count":2,"href":"https:\/\/blog.ccc.eu\/pl\/wp-json\/wp\/v2\/posts\/16842\/revisions"}],"predecessor-version":[{"id":25849,"href":"https:\/\/blog.ccc.eu\/pl\/wp-json\/wp\/v2\/posts\/16842\/revisions\/25849"}],"wp:featuredmedia":[{"embeddable":true,"href":"https:\/\/blog.ccc.eu\/pl\/wp-json\/wp\/v2\/media\/16850"}],"wp:attachment":[{"href":"https:\/\/blog.ccc.eu\/pl\/wp-json\/wp\/v2\/media?parent=16842"}],"wp:term":[{"taxonomy":"category","embeddable":true,"href":"https:\/\/blog.ccc.eu\/pl\/wp-json\/wp\/v2\/categories?post=16842"},{"taxonomy":"post_tag","embeddable":true,"href":"https:\/\/blog.ccc.eu\/pl\/wp-json\/wp\/v2\/tags?post=16842"}],"curies":[{"name":"wp","href":"https:\/\/api.w.org\/{rel}","templated":true}]}}