{"id":17057,"date":"2024-05-27T15:51:05","date_gmt":"2024-05-27T13:51:05","guid":{"rendered":"https:\/\/blog.ccc.eu\/pl\/?p=17057"},"modified":"2024-05-27T15:57:29","modified_gmt":"2024-05-27T13:57:29","slug":"sandaly-na-platformie-megatrend-na-lato","status":"publish","type":"post","link":"https:\/\/blog.ccc.eu\/pl\/sandaly-na-platformie-megatrend-na-lato\/","title":{"rendered":"Sanda\u0142y na platformie \u2013 megatrend na lato 2024!\u00a0"},"content":{"rendered":"\n<p><b>Moda dzieci kwiat\u00f3w czy styl disco? A mo\u017ce stylizacje, jakie w latach 90. lansowa\u0142y s\u0142ynne girlsbandy? Z czym Tobie kojarz\u0105 si\u0119 sanda\u0142y damskie na platformie? Dla nas to buty, kt\u00f3re w\u0142a\u015bnie zaliczy\u0142y sw\u00f3j wielki come back do bran\u017cy fashion i kt\u00f3rych nie mo\u017ce zabrakn\u0105\u0107 w szafie \u017cadnej mi\u0142o\u015bniczki najnowszych trend\u00f3w! Urzekaj\u0105 r\u00f3\u017cnorodno\u015bci\u0105 fason\u00f3w i kolorystyk\u0105, przyci\u0105gaj\u0105 wzrok masywniejsz\u0105 sylwetk\u0105 i zdobieniami. Nosz\u0105 w sobie ducha retro, jednak to ich nowoczesna forma sprawia, \u017ce zn\u00f3w chcemy je mie\u0107! Przeczytaj, jakie modele to must-have na nadchodz\u0105cy sezon!&nbsp;<\/b><\/p>\n\n\n\n<div class=\"wp-block-group is-nowrap is-layout-flex wp-container-core-group-is-layout-ad2f72ca wp-block-group-is-layout-flex\">\n<figure class=\"wp-block-gallery has-nested-images columns-default is-cropped wp-block-gallery-1 is-layout-flex wp-block-gallery-is-layout-flex\">\n<figure class=\"wp-block-image size-full\"><img loading=\"lazy\" decoding=\"async\" width=\"533\" height=\"800\" data-id=\"24398\" src=\"https:\/\/blog.ccc.eu\/pl\/wp-content\/uploads\/2024\/05\/CCC_590558855954202_02M-Copy.jpg\" alt=\"sanda\u0142y na platformie stylizacja\" class=\"wp-image-24398\" srcset=\"https:\/\/blog.ccc.eu\/pl\/wp-content\/uploads\/2024\/05\/CCC_590558855954202_02M-Copy.jpg 533w, https:\/\/blog.ccc.eu\/pl\/wp-content\/uploads\/2024\/05\/CCC_590558855954202_02M-Copy-200x300.jpg 200w, https:\/\/blog.ccc.eu\/pl\/wp-content\/uploads\/2024\/05\/CCC_590558855954202_02M-Copy-100x150.jpg 100w\" sizes=\"auto, (max-width: 533px) 100vw, 533px\" \/><\/figure>\n<\/figure>\n\n\n\n<figure class=\"wp-block-image size-full\"><img loading=\"lazy\" decoding=\"async\" width=\"533\" height=\"800\" src=\"https:\/\/blog.ccc.eu\/pl\/wp-content\/uploads\/2024\/05\/CCC_590558853048003_02M-Copy.jpg\" alt=\"z\u0142ote sanda\u0142y na platformie z jeansami\" class=\"wp-image-24400\" srcset=\"https:\/\/blog.ccc.eu\/pl\/wp-content\/uploads\/2024\/05\/CCC_590558853048003_02M-Copy.jpg 533w, https:\/\/blog.ccc.eu\/pl\/wp-content\/uploads\/2024\/05\/CCC_590558853048003_02M-Copy-200x300.jpg 200w, https:\/\/blog.ccc.eu\/pl\/wp-content\/uploads\/2024\/05\/CCC_590558853048003_02M-Copy-100x150.jpg 100w\" sizes=\"auto, (max-width: 533px) 100vw, 533px\" \/><\/figure>\n<\/div>\n\n\n\n<h2 class=\"wp-block-heading\">Sanda\u0142y na platformie \u2013 trend na buty z histori\u0105!&nbsp;<\/h2>\n\n\n\n<p>Je\u015bli wydaje Ci si\u0119, \u017ce sanda\u0142y na platformie to wynalazek bran\u017cy fashion z lat 70. XX wieku, to nie pozostaje nam nic innego, jak wyprowadzi\u0107 Ci\u0119 z b\u0142\u0119du! Szacuje si\u0119, \u017ce <strong>kariera but\u00f3w na platformie zacz\u0119\u0142a si\u0119 ju\u017c w 600 roku p.n.e.<\/strong>! Greccy aktorzy zak\u0142adali je, by doda\u0107 sobie wzrostu, nosi\u0142y je tak\u017ce kobiety wywodz\u0105ce si\u0119 z arystokracji. W \u015bredniowieczu pe\u0142ni\u0142y z kolei funkcj\u0119 praktyczn\u0105, poniewa\u017c chroni\u0142y stopy w\u0142a\u015bcicieli przed b\u0142otem, w jakim musieli chodzi\u0107, przemierzaj\u0105c miejskie uliczki. Wraz z nastaniem XVI wieku sta\u0142y si\u0119 obuwiem kojarzonym z kurtyzanami, sprawiaj\u0105c, \u017ce wyr\u00f3\u017cnia\u0142y je w t\u0142umie, a przy tym zyskiwa\u0142y egzotyczny wr\u0119cz wygl\u0105d. W Japonii Gejsze nosi\u0142y je w formie klapk\u00f3w.&nbsp;<\/p>\n\n\n\n<p>Jak dzi\u015b postrzegane s\u0105 sanda\u0142y na platformie? Jako kolejny trend, kt\u00f3ry wr\u00f3ci\u0142 do nas z lat 70. i 90. XX wieku. W takich butach chodzi\u0142o si\u0119 na dyskoteki, na festiwale muzyczne, nosi\u0142y je osobisto\u015bci znane w show-biznesie. Dzi\u015b, r\u00f3wnie\u017c dzi\u0119ki Lady Gadze, kt\u00f3ra jest wr\u0119cz ambasadork\u0105 tego typu obuwia, <strong>nosimy je nie tylko na specjalne okazje, ale i na co dzie\u0144<\/strong>. W zale\u017cno\u015bci od fasonu doskonale wpisuj\u0105 si\u0119 w stylizacje w r\u00f3\u017cnym klimacie: barbiecore, romantic chic, boho lub gothcore .<\/p>\n\n\n\n<h2 class=\"wp-block-heading\">Kto mo\u017ce nosi\u0107 sanda\u0142y na platformie?<\/h2>\n\n\n\n<p>Nie spodziewaj si\u0119 w tym miejscu listy typ\u00f3w sylwetek, dla kt\u00f3rych zarezerwowany jest ten rodzaj letniego obuwia. <strong>One po prostu pasuj\u0105 ka\u017cdej kobiecie!<\/strong> Dodaj\u0105 centymetr\u00f3w, optycznie wysmuklaj\u0105c ca\u0142\u0105 sylwetk\u0119. Panie nosz\u0105ce wi\u0119ksze rozmiary zauwa\u017c\u0105, \u017ce ich nogi, w po\u0142\u0105czeniu z masywniejszymi butami, b\u0119d\u0105 wydawa\u0107 si\u0119 szczuplejsze. Za spraw\u0105 grubszej podeszwy dobrze amortyzuj\u0105cej wszelkie nier\u00f3wno\u015bci, poczujesz tak\u017ce wi\u0119kszy komfort podczas chodzenia.<br><br>Niezale\u017cnie od tego, ile masz lat, jaki nosisz rozmiar i jaki masz typ sylwetki, <strong>sanda\u0142y na platformie fantastycznie wpisz\u0105 si\u0119 w Twoje stylizacje na bazie sukienek, spodni lub kombinezon\u00f3w<\/strong>. Eksperymentuj \u015bmia\u0142o z ich designem i tw\u00f3rz niezapomniane zestawy. Z nimi bez trudu podkre\u015blisz swoj\u0105 kobieco\u015b\u0107!<\/p>\n\n\n\n<div class=\"wp-block-group is-nowrap is-layout-flex wp-container-core-group-is-layout-ad2f72ca wp-block-group-is-layout-flex\">\n<figure class=\"wp-block-image size-large\"><img loading=\"lazy\" decoding=\"async\" width=\"683\" height=\"1024\" src=\"https:\/\/blog.ccc.eu\/pl\/wp-content\/uploads\/2024\/05\/CCC_5905588530480_02M_1-683x1024.jpg\" alt=\"z\u0142ote sanda\u0142y na platformie stylizacja\" class=\"wp-image-24406\" srcset=\"https:\/\/blog.ccc.eu\/pl\/wp-content\/uploads\/2024\/05\/CCC_5905588530480_02M_1-683x1024.jpg 683w, https:\/\/blog.ccc.eu\/pl\/wp-content\/uploads\/2024\/05\/CCC_5905588530480_02M_1-200x300.jpg 200w, https:\/\/blog.ccc.eu\/pl\/wp-content\/uploads\/2024\/05\/CCC_5905588530480_02M_1-768x1152.jpg 768w, https:\/\/blog.ccc.eu\/pl\/wp-content\/uploads\/2024\/05\/CCC_5905588530480_02M_1-100x150.jpg 100w, https:\/\/blog.ccc.eu\/pl\/wp-content\/uploads\/2024\/05\/CCC_5905588530480_02M_1.jpg 876w\" sizes=\"auto, (max-width: 683px) 100vw, 683px\" \/><\/figure>\n\n\n\n<figure class=\"wp-block-image size-full is-resized\"><img loading=\"lazy\" decoding=\"async\" width=\"533\" height=\"800\" src=\"https:\/\/blog.ccc.eu\/pl\/wp-content\/uploads\/2024\/05\/image.jpeg\" alt=\"sanda\u0142y na platformie z\u0142ote i br\u0105zowe\" class=\"wp-image-24408\" style=\"width:683px;height:auto\" srcset=\"https:\/\/blog.ccc.eu\/pl\/wp-content\/uploads\/2024\/05\/image.jpeg 533w, https:\/\/blog.ccc.eu\/pl\/wp-content\/uploads\/2024\/05\/image-200x300.jpeg 200w, https:\/\/blog.ccc.eu\/pl\/wp-content\/uploads\/2024\/05\/image-100x150.jpeg 100w\" sizes=\"auto, (max-width: 533px) 100vw, 533px\" \/><\/figure>\n<\/div>\n\n\n\n<h2 class=\"wp-block-heading\">Rodzaje sanda\u0142\u00f3w na platformie&nbsp;<\/h2>\n\n\n\n<p>Sprawa wygl\u0105da troch\u0119 tak, jak w geometrii: kwadrat jest prostok\u0105tem, ale prostok\u0105t kwadratem ju\u017c nie. Id\u0105c tym tropem, sanda\u0142y na platformie, flatformie, na koturnie czy te\u017c na masywnej, bie\u017cnikowanej podeszwie nale\u017c\u0105 do grona sanda\u0142\u00f3w na grubej podeszwie. Nie dzia\u0142a to jednak w drug\u0105 stron\u0119. Dla Ciebie oznacza to, \u017ce kt\u00f3rekolwiek z tych but\u00f3w za\u0142o\u017cysz, b\u0119dziesz wygl\u0105da\u0107 supermodnie, bo<strong> letnie obuwie na grubej podeszwie to totalny hit tego sezonu<\/strong>. Trafi\u0142a\u015b tutaj, bo szukasz platform? W takim razie zobacz, jakie rodzaje takich sanda\u0142\u00f3w sprawdz\u0105 si\u0119 jako uzupe\u0142nienie stylizacji na ciep\u0142e dni!&nbsp;<\/p>\n\n\n\n<h3 class=\"wp-block-heading\">Sanda\u0142y na s\u0142upku i platformie&nbsp;<\/h3>\n\n\n\n<p>Trudno pozosta\u0107 oboj\u0119tnym wobec takiego po\u0142\u0105czenia element\u00f3w! Wzrok przykuwa ju\u017c sam obcas, a gdy dodamy to tego platform\u0119 otrzymamy duet idealny na letnie miesi\u0105ce. Takie buty \u015bwietnie sprawdz\u0105 si\u0119 w imprezowych outfitach, tym bardziej, \u017ce swoj\u0105 form\u0105 nawi\u0105zuj\u0105 do stylu disco. <strong>Zobacz<\/strong> <strong>przepi\u0119kne sanda\u0142y na wysokiej platformie Jenny Fairy, kt\u00f3re zachwycaj\u0105 nie tylko wyj\u0105tkowym designem, ale i soczystymi kolorami<\/strong>. Sp\u00f3jrz te\u017c na monochromatyczne propozycje od Nine West New York. W takich sanda\u0142ach Twoje letnie stylizacje z pewno\u015bci\u0105 nie zgin\u0105 w t\u0142umie!\u00a0<\/p>\n\n\n\n<div class=\"wp-block-group is-nowrap is-layout-flex wp-container-core-group-is-layout-ad2f72ca wp-block-group-is-layout-flex\">\n<figure class=\"wp-block-gallery has-nested-images columns-default is-cropped wp-block-gallery-2 is-layout-flex wp-block-gallery-is-layout-flex\">\n<figure class=\"wp-block-image size-large\"><img loading=\"lazy\" decoding=\"async\" width=\"683\" height=\"1024\" data-id=\"24404\" src=\"https:\/\/blog.ccc.eu\/pl\/wp-content\/uploads\/2024\/05\/CCC_5905588592549_01-683x1024.jpg\" alt=\"czarne sanda\u0142y na s\u0142upku platformie\" class=\"wp-image-24404\" srcset=\"https:\/\/blog.ccc.eu\/pl\/wp-content\/uploads\/2024\/05\/CCC_5905588592549_01-683x1024.jpg 683w, https:\/\/blog.ccc.eu\/pl\/wp-content\/uploads\/2024\/05\/CCC_5905588592549_01-200x300.jpg 200w, https:\/\/blog.ccc.eu\/pl\/wp-content\/uploads\/2024\/05\/CCC_5905588592549_01-768x1152.jpg 768w, https:\/\/blog.ccc.eu\/pl\/wp-content\/uploads\/2024\/05\/CCC_5905588592549_01-100x150.jpg 100w, https:\/\/blog.ccc.eu\/pl\/wp-content\/uploads\/2024\/05\/CCC_5905588592549_01.jpg 876w\" sizes=\"auto, (max-width: 683px) 100vw, 683px\" \/><\/figure>\n<\/figure>\n\n\n\n<figure class=\"wp-block-image size-large\"><img loading=\"lazy\" decoding=\"async\" width=\"683\" height=\"1024\" src=\"https:\/\/blog.ccc.eu\/pl\/wp-content\/uploads\/2024\/05\/CCC_5905588592570_01-683x1024.jpg\" alt=\"bia\u0142e sanda\u0142y na s\u0142upku i platformie\" class=\"wp-image-24403\" srcset=\"https:\/\/blog.ccc.eu\/pl\/wp-content\/uploads\/2024\/05\/CCC_5905588592570_01-683x1024.jpg 683w, https:\/\/blog.ccc.eu\/pl\/wp-content\/uploads\/2024\/05\/CCC_5905588592570_01-200x300.jpg 200w, https:\/\/blog.ccc.eu\/pl\/wp-content\/uploads\/2024\/05\/CCC_5905588592570_01-768x1152.jpg 768w, https:\/\/blog.ccc.eu\/pl\/wp-content\/uploads\/2024\/05\/CCC_5905588592570_01-100x150.jpg 100w, https:\/\/blog.ccc.eu\/pl\/wp-content\/uploads\/2024\/05\/CCC_5905588592570_01.jpg 876w\" sizes=\"auto, (max-width: 683px) 100vw, 683px\" \/><\/figure>\n<\/div>\n\n\n\n<h3 class=\"wp-block-heading\">Sanda\u0142y na platformie i szpilce, czyli trendowe albo eleganckie sanda\u0142y na platformie<\/h3>\n\n\n\n<p>Platforma, tak jak i szpilka, mo\u017ce doda\u0107 kilku centymetr\u00f3w, jednak w tym zestawie pe\u0142ni r\u00f3wnie\u017c inn\u0105 funkcj\u0119. To w\u0142a\u015bnie dzi\u0119ki niej nie b\u0119dziesz czu\u0107 wysoko\u015bci obcas\u00f3w! Czy nie brzmi to jak przepis na stylowy look do ko\u0144ca przyj\u0119cia czy wesela? R\u00f3wnocze\u015bnie <strong>eleganckie sanda\u0142y na platformie proponowane przez mark\u0119 Nine West New York to dow\u00f3d na to, \u017ce takie obuwie wcale nie musi by\u0107 ci\u0119\u017ckie i toporne<\/strong>. Platforma w po\u0142\u0105czeniu z pastelowymi czy klasycznymi barwami oraz cienkim, wysokim obcasem i zapi\u0119ciem wok\u00f3\u0142 kostki daje wra\u017cenie niesamowitej subtelno\u015bci. No\u015b takie buty do spodni palazzo b\u0105d\u017a sukienek w stylu romantic chic.\u00a0Wypr\u00f3buj tak\u017ce ultratrendowe buty z transparentn\u0105 cholewk\u0105 czy t\u0105, kt\u00f3ra wysadzana jest mieni\u0105cymi si\u0119 kamykami. S\u0105 po prostu zachwycaj\u0105ce!<\/p>\n\n\n\n<!-- BEGIN - feed broker -->\n<div class=\"feedbroker\" consumer-code-id=\"5Y39Kol1YfQx4p8hDLhY\"><script src=\"https:\/\/app.feed.broker\/consumer\/feedbroker-consumer-script.umd.js?v=1.0.1\" defer=\"\"><\/script><\/div>\n<!-- END - feed broker -->\n\n\n\n<h3 class=\"wp-block-heading\">Sanda\u0142y sk\u00f3rzane na platformie<\/h3>\n\n\n\n<p>Cho\u0107 producenci obuwia wykonywanego z syntetyku dbaj\u0105 o to, aby by\u0142 najwy\u017cszej jako\u015bci i by mo\u017cna go by\u0142o nosi\u0107 tak\u017ce podczas upalnych dni, niezawodne pod tym wzgl\u0119dem s\u0105 przede wszystkim sanda\u0142y ze sk\u00f3ry. Je\u015bli postanowi\u0142a\u015b, \u017ce tego lata g\u0142\u00f3wn\u0105 rol\u0119 w Twojej szafie b\u0119d\u0105 gra\u0142y sanda\u0142y na platformie, zdecydowanie warto przemy\u015ble\u0107 tak\u0105 opcj\u0119. <strong>Nasze typy to sk\u00f3rzane dad sandals od Lasockiego, efektowne rzymianki na platformie od Badury oraz wielobarwne propozycje marki Remonte. <\/strong>Zajrzyj po nie do sklepu online!\u00a0\u00a0\u00a0<\/p>\n\n\n\n<!-- BEGIN - feed broker -->\n<div class=\"feedbroker\" consumer-code-id=\"lNAWKO0SoDfzj6xm1ipQ\"><script src=\"https:\/\/app.feed.broker\/consumer\/feedbroker-consumer-script.umd.js?v=1.0.1\" defer=\"\"><\/script><\/div>\n<!-- END - feed broker -->\n\n\n\n<h3 class=\"wp-block-heading\">Sanda\u0142y espadryle na platformie&nbsp;<\/h3>\n\n\n\n<p>\u2026 czyli platformy w wersji boho! Czujesz ten klimat? A mo\u017ce dobierzesz je do outfit\u00f3w w stylu marynarskim? B\u0119d\u0105 \u015bwietnie wygl\u0105da\u0107 w zestawie z szortami i bluzk\u0105 w paski. R\u00f3wnie dobrze zaprezentuj\u0105 si\u0119 w stylizacji ze zwiewnymi sukienkami maxi \u2013 spr\u00f3buj doda\u0107 do nich torebk\u0119-koszyk albo s\u0142omkowy kapelusz, bo to elementy, kt\u00f3re warto ze sob\u0105 \u0142\u0105czy\u0107! Sprawd\u017a sanda\u0142y espadryle na platformie np. od marki DeeZee, jakie umie\u015bcili\u015bmy w naszej ofercie.\u00a0<\/p>\n\n\n\n<div class=\"wp-block-group is-nowrap is-layout-flex wp-container-core-group-is-layout-ad2f72ca wp-block-group-is-layout-flex\">\n<figure class=\"wp-block-image size-large\"><img loading=\"lazy\" decoding=\"async\" width=\"683\" height=\"1024\" src=\"https:\/\/blog.ccc.eu\/pl\/wp-content\/uploads\/2024\/05\/CCC_5905588543299_01-1-683x1024.jpg\" alt=\"czarne sanda\u0142y espadryle na platformie\" class=\"wp-image-24401\" srcset=\"https:\/\/blog.ccc.eu\/pl\/wp-content\/uploads\/2024\/05\/CCC_5905588543299_01-1-683x1024.jpg 683w, https:\/\/blog.ccc.eu\/pl\/wp-content\/uploads\/2024\/05\/CCC_5905588543299_01-1-200x300.jpg 200w, https:\/\/blog.ccc.eu\/pl\/wp-content\/uploads\/2024\/05\/CCC_5905588543299_01-1-768x1152.jpg 768w, https:\/\/blog.ccc.eu\/pl\/wp-content\/uploads\/2024\/05\/CCC_5905588543299_01-1-100x150.jpg 100w, https:\/\/blog.ccc.eu\/pl\/wp-content\/uploads\/2024\/05\/CCC_5905588543299_01-1.jpg 876w\" sizes=\"auto, (max-width: 683px) 100vw, 683px\" \/><\/figure>\n\n\n\n<figure class=\"wp-block-image size-large\"><img loading=\"lazy\" decoding=\"async\" width=\"683\" height=\"1024\" src=\"https:\/\/blog.ccc.eu\/pl\/wp-content\/uploads\/2024\/05\/CCC_5905588543305_01-1-683x1024.jpg\" alt=\"be\u017cowe sanda\u0142y espadryle na platformie\" class=\"wp-image-24402\" srcset=\"https:\/\/blog.ccc.eu\/pl\/wp-content\/uploads\/2024\/05\/CCC_5905588543305_01-1-683x1024.jpg 683w, https:\/\/blog.ccc.eu\/pl\/wp-content\/uploads\/2024\/05\/CCC_5905588543305_01-1-200x300.jpg 200w, https:\/\/blog.ccc.eu\/pl\/wp-content\/uploads\/2024\/05\/CCC_5905588543305_01-1-768x1152.jpg 768w, https:\/\/blog.ccc.eu\/pl\/wp-content\/uploads\/2024\/05\/CCC_5905588543305_01-1-100x150.jpg 100w, https:\/\/blog.ccc.eu\/pl\/wp-content\/uploads\/2024\/05\/CCC_5905588543305_01-1.jpg 876w\" sizes=\"auto, (max-width: 683px) 100vw, 683px\" \/><\/figure>\n<\/div>\n\n\n\n<p><\/p>\n\n\n\n<h2 class=\"wp-block-heading\">Najmodniejsze sanda\u0142y damskie na platformie znajdziesz w CCC!<\/h2>\n\n\n\n<p>Wiesz ju\u017c, kt\u00f3re sanda\u0142y na platformie trafi\u0105 do Twojej superstylowej, letniej garderoby? Postawisz na klasyk\u0119 czy trendowe akcenty i wyraziste kolory? W ka\u017cdym wypadku perfekcyjny look i pe\u0142en komfort gwarantowane!\u00a0Pami\u0119taj, \u017ce najmodniejsze propozycje czekaj\u0105 na Ciebie jak zawsze w sklepach stacjonarnych CCC, a tak\u017ce na ccc.eu i w aplikacji. <\/p>\n","protected":false},"excerpt":{"rendered":"<p>Moda dzieci kwiat\u00f3w czy styl disco? A mo\u017ce stylizacje, jakie w latach 90. lansowa\u0142y s\u0142ynne girlsbandy? Z czym Tobie kojarz\u0105 si\u0119 sanda\u0142y damskie na platformie? Dla nas to buty, kt\u00f3re w\u0142a\u015bnie zaliczy\u0142y sw\u00f3j wielki come back do bran\u017cy fashion i kt\u00f3rych nie mo\u017ce zabrakn\u0105\u0107 w szafie \u017cadnej mi\u0142o\u015bniczki najnowszych trend\u00f3w! Urzekaj\u0105 r\u00f3\u017cnorodno\u015bci\u0105 fason\u00f3w i kolorystyk\u0105, [&hellip;]<\/p>\n","protected":false},"author":19,"featured_media":24398,"comment_status":"open","ping_status":"closed","sticky":false,"template":"","format":"standard","meta":{"_acf_changed":false,"footnotes":""},"categories":[1575,6,1332],"tags":[53,98,843,939],"class_list":["post-17057","post","type-post","status-publish","format-standard","has-post-thumbnail","hentry","category-modne-sandaly","category-trendy","category-trendy-na-lato","tag-buty-damskie","tag-sandaly","tag-sandaly-na-platformie","tag-trendy-na-lato"],"acf":[],"_links":{"self":[{"href":"https:\/\/blog.ccc.eu\/pl\/wp-json\/wp\/v2\/posts\/17057","targetHints":{"allow":["GET"]}}],"collection":[{"href":"https:\/\/blog.ccc.eu\/pl\/wp-json\/wp\/v2\/posts"}],"about":[{"href":"https:\/\/blog.ccc.eu\/pl\/wp-json\/wp\/v2\/types\/post"}],"author":[{"embeddable":true,"href":"https:\/\/blog.ccc.eu\/pl\/wp-json\/wp\/v2\/users\/19"}],"replies":[{"embeddable":true,"href":"https:\/\/blog.ccc.eu\/pl\/wp-json\/wp\/v2\/comments?post=17057"}],"version-history":[{"count":10,"href":"https:\/\/blog.ccc.eu\/pl\/wp-json\/wp\/v2\/posts\/17057\/revisions"}],"predecessor-version":[{"id":25530,"href":"https:\/\/blog.ccc.eu\/pl\/wp-json\/wp\/v2\/posts\/17057\/revisions\/25530"}],"wp:featuredmedia":[{"embeddable":true,"href":"https:\/\/blog.ccc.eu\/pl\/wp-json\/wp\/v2\/media\/24398"}],"wp:attachment":[{"href":"https:\/\/blog.ccc.eu\/pl\/wp-json\/wp\/v2\/media?parent=17057"}],"wp:term":[{"taxonomy":"category","embeddable":true,"href":"https:\/\/blog.ccc.eu\/pl\/wp-json\/wp\/v2\/categories?post=17057"},{"taxonomy":"post_tag","embeddable":true,"href":"https:\/\/blog.ccc.eu\/pl\/wp-json\/wp\/v2\/tags?post=17057"}],"curies":[{"name":"wp","href":"https:\/\/api.w.org\/{rel}","templated":true}]}}