{"id":18588,"date":"2024-07-01T17:00:54","date_gmt":"2024-07-01T15:00:54","guid":{"rendered":"https:\/\/blog.ccc.eu\/pl\/?p=18588"},"modified":"2024-07-01T17:19:13","modified_gmt":"2024-07-01T15:19:13","slug":"co-kupic-w-ccc-na-letnich-wyprzedazach","status":"publish","type":"post","link":"https:\/\/blog.ccc.eu\/pl\/co-kupic-w-ccc-na-letnich-wyprzedazach\/","title":{"rendered":"Personal Shopper radzi: co kupi\u0107 w CCC na letnich wyprzeda\u017cach i wykorzysta\u0107 jesieni\u0105?"},"content":{"rendered":"\n<p><b><strong>Wyprzeda\u017ce w CCC trwaj\u0105 w najlepsze! Wiele os\u00f3b kupuje na nich sezonowe obuwie, torebki i inne akcesoria modowe, kt\u00f3re teraz dost\u0119pne s\u0105 w niezwykle atrakcyjnych cenach (zni\u017cki si\u0119gaj\u0105 nawet do -70%). Pomimo wysokich temperatur na zewn\u0105trz, warto jednak zwr\u00f3ci\u0107 uwag\u0119 na jesienne obuwie i dodatki, kt\u00f3re tak\u017ce zosta\u0142y obj\u0119te promocjami. Mo\u017cna je wi\u0119c kupi\u0107 du\u017co taniej i cieszy\u0107 si\u0119 nimi ju\u017c w nadchodz\u0105cym sezonie. Nasza Stylistka podpowiada, co wybra\u0107. Sprawd\u017a!<\/strong><\/b><\/p>\n\n\n\n<figure class=\"wp-block-gallery has-nested-images columns-default is-cropped wp-block-gallery-1 is-layout-flex wp-block-gallery-is-layout-flex\">\n<figure class=\"wp-block-image size-large\"><img loading=\"lazy\" decoding=\"async\" width=\"1024\" height=\"768\" data-id=\"25282\" src=\"https:\/\/blog.ccc.eu\/pl\/wp-content\/uploads\/2024\/07\/glowne-1024x768.jpg\" alt=\"stylizacja z damskim garniturem i mokasynami na grubej podeszwie\" class=\"wp-image-25282\" srcset=\"https:\/\/blog.ccc.eu\/pl\/wp-content\/uploads\/2024\/07\/glowne-1024x768.jpg 1024w, https:\/\/blog.ccc.eu\/pl\/wp-content\/uploads\/2024\/07\/glowne-300x225.jpg 300w, https:\/\/blog.ccc.eu\/pl\/wp-content\/uploads\/2024\/07\/glowne-768x576.jpg 768w, https:\/\/blog.ccc.eu\/pl\/wp-content\/uploads\/2024\/07\/glowne-100x75.jpg 100w, https:\/\/blog.ccc.eu\/pl\/wp-content\/uploads\/2024\/07\/glowne.jpg 1244w\" sizes=\"auto, (max-width: 1024px) 100vw, 1024px\" \/><\/figure>\n<\/figure>\n\n\n\n<h2 class=\"wp-block-heading\">Wyprzeda\u017c 2024: te buty pos\u0142u\u017c\u0105 przez wiele sezon\u00f3w!<\/h2>\n\n\n\n<p>Letnia wyprzeda\u017c CCC mo\u017ce by\u0107 wspania\u0142\u0105 okazj\u0105 do uzupe\u0142nienia swojej jesiennej garderoby. Co ciekawe, wi\u0119kszo\u015b\u0107 tych rzeczy mo\u017cna nosi\u0107 tak\u017ce ju\u017c teraz, latem, na przyk\u0142ad podczas ch\u0142odnych wieczor\u00f3w lub w te dni, gdy pogoda jest zmienna.<\/p>\n\n\n\n<p><strong>Nasza Stylistka wyselekcjonowa\u0142a buty, kt\u00f3re dost\u0119pne s\u0105 w atrakcyjnych cenach i pos\u0142u\u017c\u0105 w okresach przej\u015bciowych<\/strong>, a wi\u0119c nie tylko u schy\u0142ku lata i jesieni\u0105, ale tak\u017ce wiosn\u0105. Sprawd\u017a, jakie to produkty!<\/p>\n\n\n\n<h3 class=\"wp-block-heading\">Letnia wyprzeda\u017c mokasyn\u00f3w i loafers\u00f3w<\/h3>\n\n\n\n<p>Ju\u017c nied\u0142ugo przyjdzie czas by zamieni\u0107 letnie baleriny i espadryle na loafersy b\u0105d\u017a mokasyny. Poniewa\u017c to obuwie, kt\u00f3re nie schodzi z listy modowych trend\u00f3w, mo\u017cna si\u0119 spodziewa\u0107, \u017ce loafersy i mokasyny nied\u0142ugo ponownie zawitaj\u0105 w nowych ofertach sklep\u00f3w obuwniczych. Teraz mo\u017cesz je naby\u0107 na wyprzeda\u017cy w CCC, gdzie s\u0105 dost\u0119pne w niezwykle atrakcyjnych cenach.<\/p>\n\n\n\n<p><strong>Kt\u00f3re modele s\u0105 warte uwagi? Te wykonane z naturalnej sk\u00f3ry.<\/strong> Sk\u00f3ra to materia\u0142, kt\u00f3ry ma wysok\u0105 cen\u0119, ale idzie ona w parze z jako\u015bci\u0105, bo buty z niej zrobione s\u0105 solidne, komfortowe w noszeniu, antyalergiczne, wyr\u00f3\u017cniaj\u0105 si\u0119 eleganckim wygl\u0105dem i s\u0105 w stanie pos\u0142u\u017cy\u0107 przez wiele sezon\u00f3w.<\/p>\n\n\n\n<p><strong>Na wyprzeda\u017cy w CCC pojawi\u0142y si\u0119 sk\u00f3rzane loafersy i mokasyny od takich marek jak: Gino Rossi, Badura, Lasocki.<\/strong> Aby m\u00f3c cieszy\u0107 si\u0119 nimi jak najd\u0142u\u017cej, nale\u017cy pami\u0119ta\u0107 o ich regularnej piel\u0119gnacji. Warto dokonywa\u0107 jej wy\u0142\u0105cznie za pomoc\u0105 dedykowanych preparat\u00f3w do konserwacji obuwia \u2013 je r\u00f3wnie\u017c kupisz w CCC, a o samych zasadach piel\u0119gnacji przeczytasz na naszym blogu.<\/p>\n\n\n\n<p>Wiele modeli loafers\u00f3w, kt\u00f3re trafi\u0142y na wyprzeda\u017c, jest wspartych na grubych, traktorowych podeszwach. Czy to oznacza, \u017ce w przysz\u0142ym sezonie nie b\u0119d\u0105 w modzie? Absolutnie nie! Na wybiegach, zapowiadaj\u0105cych trendy na sezon jesie\u0144-zima 2024, wielu \u015bwiatowych projektant\u00f3w ponownie ukaza\u0142o buty na wysokich podeszwach. Nadal b\u0119dziemy po nie ch\u0119tnie si\u0119ga\u0107, dlatego tym bardziej warto rozwa\u017cy\u0107 ich zakup, gdy s\u0105 dost\u0119pne w tak niskiej cenie.<\/p>\n\n\n\n<div class=\"wp-block-buttons is-content-justification-center is-layout-flex wp-container-core-buttons-is-layout-16018d1d wp-block-buttons-is-layout-flex\">\n<div class=\"wp-block-button is-style-fill\"><a class=\"wp-block-button__link has-light-green-cyan-background-color has-background wp-element-button\" href=\"https:\/\/ccc.eu\/pl\/search?query%5bmenu_item%5d=sr_&amp;query%5bquerystring%5d=mokasyny\" style=\"border-radius:100px\" target=\"_blank\" rel=\"noreferrer noopener\">Sp\u00f3jrz, mokasyny i loafersy z wyprzeda\u017cy znajdziesz w CCC online! <\/a><\/div>\n<\/div>\n\n\n\n<p><\/p>\n\n\n\n<div class=\"wp-block-group is-nowrap is-layout-flex wp-container-core-group-is-layout-ad2f72ca wp-block-group-is-layout-flex\">\n<figure class=\"wp-block-image size-full\"><img loading=\"lazy\" decoding=\"async\" width=\"700\" height=\"933\" src=\"https:\/\/blog.ccc.eu\/pl\/wp-content\/uploads\/2024\/07\/3.jpg\" alt=\"stylizacja z br\u0105zowymi mokasynami\" class=\"wp-image-25284\" srcset=\"https:\/\/blog.ccc.eu\/pl\/wp-content\/uploads\/2024\/07\/3.jpg 700w, https:\/\/blog.ccc.eu\/pl\/wp-content\/uploads\/2024\/07\/3-225x300.jpg 225w, https:\/\/blog.ccc.eu\/pl\/wp-content\/uploads\/2024\/07\/3-100x133.jpg 100w\" sizes=\"auto, (max-width: 700px) 100vw, 700px\" \/><\/figure>\n\n\n\n<figure class=\"wp-block-image size-full\"><img loading=\"lazy\" decoding=\"async\" width=\"700\" height=\"933\" src=\"https:\/\/blog.ccc.eu\/pl\/wp-content\/uploads\/2024\/07\/4.jpg\" alt=\"czarne mokasyny damskie\" class=\"wp-image-25285\" srcset=\"https:\/\/blog.ccc.eu\/pl\/wp-content\/uploads\/2024\/07\/4.jpg 700w, https:\/\/blog.ccc.eu\/pl\/wp-content\/uploads\/2024\/07\/4-225x300.jpg 225w, https:\/\/blog.ccc.eu\/pl\/wp-content\/uploads\/2024\/07\/4-100x133.jpg 100w\" sizes=\"auto, (max-width: 700px) 100vw, 700px\" \/><\/figure>\n<\/div>\n\n\n\n<h3 class=\"wp-block-heading\">Sk\u00f3rzane cz\u00f3\u0142enka trafi\u0142y na wyprzeda\u017c CCC<\/h3>\n\n\n\n<p>Sk\u00f3rzane cz\u00f3\u0142enka damskie s\u0105 w modzie od zawsze. Domy mody regularnie je wypuszczaj\u0105, a celebryci ch\u0119tnie nosz\u0105, co daje pewno\u015b\u0107, \u017ce nie zabraknie ich w trendach na sezon jesie\u0144-zima 2024.<\/p>\n\n\n\n<p><strong>Najwi\u0119ksz\u0105 zalet\u0105 cz\u00f3\u0142enek jest to, \u017ce s\u0105 niezwykle proste w stylizowaniu i uniwersalne.<\/strong> Mo\u017cna je za\u0142o\u017cy\u0107 do minimalistycznej stylizacji, kt\u00f3rej dodadz\u0105 charakteru. Co wi\u0119cej, mo\u017cna je nosi\u0107 do pracy, na co dzie\u0144, na eleganck\u0105 kolacj\u0119, a tak\u017ce na specjalne okazje. To nie my musimy si\u0119 do nich dopasowywa\u0107, bo to one dopasuj\u0105 si\u0119 do naszego stylu. Za to w\u0142a\u015bnie je kochamy!<\/p>\n\n\n\n<p>Na wyprzeda\u017cy w CCC pojawi\u0142y si\u0119 zar\u00f3wno klasyczne cz\u00f3\u0142enka, jak i modele ozdobione \u0142a\u0144cuchami, klamrami b\u0105d\u017a cyrkoniami. Dost\u0119pne s\u0105 w wielu kolorach i stylach. Jest w czym wybiera\u0107.<\/p>\n\n\n\n<div class=\"wp-block-buttons is-content-justification-center is-layout-flex wp-container-core-buttons-is-layout-16018d1d wp-block-buttons-is-layout-flex\">\n<div class=\"wp-block-button\"><a class=\"wp-block-button__link has-light-green-cyan-background-color has-background wp-element-button\" href=\"https:\/\/ccc.eu\/pl\/promo\/wyprzedaz-sezonowa-obuwie-kobieta\/material:skory_naturalne\/kategoria:czolenka\" target=\"_blank\" rel=\"noreferrer noopener\">Zajrzyj, jakie sk\u00f3rzane cz\u00f3\u0142enka z wyprzeda\u017cy s\u0105 w naszym sklepie!<\/a><\/div>\n<\/div>\n\n\n\n<p><\/p>\n\n\n\n<div class=\"wp-block-group is-nowrap is-layout-flex wp-container-core-group-is-layout-ad2f72ca wp-block-group-is-layout-flex\">\n<figure class=\"wp-block-image size-full\"><img loading=\"lazy\" decoding=\"async\" width=\"622\" height=\"933\" src=\"https:\/\/blog.ccc.eu\/pl\/wp-content\/uploads\/2024\/07\/5.jpg\" alt=\"z\u0142ote i czarne szpilki\" class=\"wp-image-25286\" srcset=\"https:\/\/blog.ccc.eu\/pl\/wp-content\/uploads\/2024\/07\/5.jpg 622w, https:\/\/blog.ccc.eu\/pl\/wp-content\/uploads\/2024\/07\/5-200x300.jpg 200w, https:\/\/blog.ccc.eu\/pl\/wp-content\/uploads\/2024\/07\/5-100x150.jpg 100w\" sizes=\"auto, (max-width: 622px) 100vw, 622px\" \/><\/figure>\n\n\n\n<figure class=\"wp-block-image size-full\"><img loading=\"lazy\" decoding=\"async\" width=\"622\" height=\"933\" src=\"https:\/\/blog.ccc.eu\/pl\/wp-content\/uploads\/2024\/07\/6.jpg\" alt=\"czarne szpilki\" class=\"wp-image-25287\" srcset=\"https:\/\/blog.ccc.eu\/pl\/wp-content\/uploads\/2024\/07\/6.jpg 622w, https:\/\/blog.ccc.eu\/pl\/wp-content\/uploads\/2024\/07\/6-200x300.jpg 200w, https:\/\/blog.ccc.eu\/pl\/wp-content\/uploads\/2024\/07\/6-100x150.jpg 100w\" sizes=\"auto, (max-width: 622px) 100vw, 622px\" \/><\/figure>\n<\/div>\n\n\n\n<h2 class=\"wp-block-heading\">Wyprzeda\u017ce obj\u0119\u0142y tak\u017ce torebki! Oto TOP propozycje na lato i jesie\u0144<\/h2>\n\n\n\n<p>Torebki shopperki wracaj\u0105 do \u0142ask. Niekt\u00f3rzy nigdy z nich nie zrezygnowali, nie daj\u0105c si\u0119 porwa\u0107 trendom.<\/p>\n\n\n\n<p><strong>Torebki shopperki maj\u0105 du\u017c\u0105 wielko\u015b\u0107 i s\u0105 w stanie pomie\u015bci\u0107 wszystkie najpotrzebniejsze przedmioty codziennego u\u017cytku<\/strong>, takie jak smartfon, portfel, klucze i inne akcesoria o podobnej wielko\u015bci, ale tak\u017ce zakupy, laptopa i inne przedmioty niezb\u0119dne do pracy lub na uczelni\u0119. Torby te maj\u0105 d\u0142ugie paski, dzi\u0119ki czemu mo\u017cna je wygodnie nosi\u0107 na ramieniu. Umo\u017cliwiaj\u0105 tym samym posiadanie wolnych r\u0105k, co jeszcze bardziej przek\u0142ada si\u0119 na wygod\u0119 ich noszenia.<\/p>\n\n\n\n<p>Na wyprzeda\u017cy w CCC znalaz\u0142y si\u0119 torebki shopperki od r\u00f3\u017cnych marek. Znajdziesz w\u015br\u00f3d nich zar\u00f3wno jednolite i minimalistyczne modele, jak i te o bardziej wyszukanym designie. Dost\u0119pne s\u0105 tak\u017ce w ro\u017cnych wyko\u0144czeniach i kolorach. <strong>Polecamy wyb\u00f3r sk\u00f3rzanych modeli od marek Gino Rossi, Badura i Lasocki<\/strong> \u2013 te s\u0105 odporne na ewentualne uszkodzenia, ale nie s\u0105 odporne na trendy!<\/p>\n\n\n\n<div class=\"wp-block-buttons is-content-justification-center is-layout-flex wp-container-core-buttons-is-layout-16018d1d wp-block-buttons-is-layout-flex\">\n<div class=\"wp-block-button\"><a class=\"wp-block-button__link has-light-green-cyan-background-color has-background wp-element-button\" href=\"https:\/\/ccc.eu\/pl\/promo\/wyprzedaz-sezonowa-torby-i-akcesoria-kobieta\" target=\"_blank\" rel=\"noreferrer noopener\">Przekonaj si\u0119, jakie torebki z wyprzeda\u017cy w CCC ju\u017c na Ciebie czekaj\u0105!<\/a><\/div>\n<\/div>\n\n\n\n<p><\/p>\n\n\n\n<div class=\"wp-block-group is-nowrap is-layout-flex wp-container-core-group-is-layout-ad2f72ca wp-block-group-is-layout-flex\">\n<figure class=\"wp-block-image size-full\"><img loading=\"lazy\" decoding=\"async\" width=\"622\" height=\"933\" src=\"https:\/\/blog.ccc.eu\/pl\/wp-content\/uploads\/2024\/07\/1.jpg\" alt=\"stylizacja z zamszow\u0105 torebk\u0105 i kozakami\" class=\"wp-image-25288\" srcset=\"https:\/\/blog.ccc.eu\/pl\/wp-content\/uploads\/2024\/07\/1.jpg 622w, https:\/\/blog.ccc.eu\/pl\/wp-content\/uploads\/2024\/07\/1-200x300.jpg 200w, https:\/\/blog.ccc.eu\/pl\/wp-content\/uploads\/2024\/07\/1-100x150.jpg 100w\" sizes=\"auto, (max-width: 622px) 100vw, 622px\" \/><\/figure>\n\n\n\n<figure class=\"wp-block-image size-full\"><img loading=\"lazy\" decoding=\"async\" width=\"622\" height=\"933\" src=\"https:\/\/blog.ccc.eu\/pl\/wp-content\/uploads\/2024\/07\/2.jpg\" alt=\"br\u0105zowa torebka i sztruksowa marynarka\" class=\"wp-image-25289\" srcset=\"https:\/\/blog.ccc.eu\/pl\/wp-content\/uploads\/2024\/07\/2.jpg 622w, https:\/\/blog.ccc.eu\/pl\/wp-content\/uploads\/2024\/07\/2-200x300.jpg 200w, https:\/\/blog.ccc.eu\/pl\/wp-content\/uploads\/2024\/07\/2-100x150.jpg 100w\" sizes=\"auto, (max-width: 622px) 100vw, 622px\" \/><\/figure>\n<\/div>\n\n\n\n<h2 class=\"wp-block-heading\">Wybierz si\u0119 na letni\u0105 wyprzeda\u017c do CCC!<\/h2>\n\n\n\n<p>Zainteresowa\u0142 Ci\u0119 temat wyprzeda\u017cy w CCC? Je\u015bli tak, przejd\u017a na stron\u0119 www.ccc.eu lub otw\u00f3rz nasz\u0105 aplikacj\u0119, wejd\u017a w zak\u0142adk\u0119 \u201eWyprzeda\u017c\u201d. Tam znajdziesz jeszcze wi\u0119cej modeli obuwia i torebek, kt\u00f3rymi b\u0119dzie mo\u017cna cieszy\u0107 si\u0119 w nadchodz\u0105cym sezonie. Udanych zakup\u00f3w!<\/p>\n","protected":false},"excerpt":{"rendered":"<p>Wyprzeda\u017ce w CCC trwaj\u0105 w najlepsze! Wiele os\u00f3b kupuje na nich sezonowe obuwie, torebki i inne akcesoria modowe, kt\u00f3re teraz dost\u0119pne s\u0105 w niezwykle atrakcyjnych cenach (zni\u017cki si\u0119gaj\u0105 nawet do -70%). Pomimo wysokich temperatur na zewn\u0105trz, warto jednak zwr\u00f3ci\u0107 uwag\u0119 na jesienne obuwie i dodatki, kt\u00f3re tak\u017ce zosta\u0142y obj\u0119te promocjami. Mo\u017cna je wi\u0119c kupi\u0107 du\u017co [&hellip;]<\/p>\n","protected":false},"author":20,"featured_media":25282,"comment_status":"open","ping_status":"closed","sticky":false,"template":"","format":"standard","meta":{"_acf_changed":false,"footnotes":""},"categories":[4,1042,1332],"tags":[96,1108,209,553],"class_list":["post-18588","post","type-post","status-publish","format-standard","has-post-thumbnail","hentry","category-porady","category-jesienne-trendy","category-trendy-na-lato","tag-porady","tag-sezonowa-wyprzedaz","tag-trendy-na-jesien","tag-wyprzedaz"],"acf":[],"_links":{"self":[{"href":"https:\/\/blog.ccc.eu\/pl\/wp-json\/wp\/v2\/posts\/18588","targetHints":{"allow":["GET"]}}],"collection":[{"href":"https:\/\/blog.ccc.eu\/pl\/wp-json\/wp\/v2\/posts"}],"about":[{"href":"https:\/\/blog.ccc.eu\/pl\/wp-json\/wp\/v2\/types\/post"}],"author":[{"embeddable":true,"href":"https:\/\/blog.ccc.eu\/pl\/wp-json\/wp\/v2\/users\/20"}],"replies":[{"embeddable":true,"href":"https:\/\/blog.ccc.eu\/pl\/wp-json\/wp\/v2\/comments?post=18588"}],"version-history":[{"count":6,"href":"https:\/\/blog.ccc.eu\/pl\/wp-json\/wp\/v2\/posts\/18588\/revisions"}],"predecessor-version":[{"id":25296,"href":"https:\/\/blog.ccc.eu\/pl\/wp-json\/wp\/v2\/posts\/18588\/revisions\/25296"}],"wp:featuredmedia":[{"embeddable":true,"href":"https:\/\/blog.ccc.eu\/pl\/wp-json\/wp\/v2\/media\/25282"}],"wp:attachment":[{"href":"https:\/\/blog.ccc.eu\/pl\/wp-json\/wp\/v2\/media?parent=18588"}],"wp:term":[{"taxonomy":"category","embeddable":true,"href":"https:\/\/blog.ccc.eu\/pl\/wp-json\/wp\/v2\/categories?post=18588"},{"taxonomy":"post_tag","embeddable":true,"href":"https:\/\/blog.ccc.eu\/pl\/wp-json\/wp\/v2\/tags?post=18588"}],"curies":[{"name":"wp","href":"https:\/\/api.w.org\/{rel}","templated":true}]}}