{"id":18731,"date":"2023-08-03T09:29:25","date_gmt":"2023-08-03T07:29:25","guid":{"rendered":"https:\/\/blog.ccc.eu\/pl\/?p=18731"},"modified":"2023-09-27T15:15:24","modified_gmt":"2023-09-27T13:15:24","slug":"rozowe-buty-znowu-w-trendach-ktorymi-warto-uzupelnic-szafe","status":"publish","type":"post","link":"https:\/\/blog.ccc.eu\/pl\/rozowe-buty-znowu-w-trendach-ktorymi-warto-uzupelnic-szafe\/","title":{"rendered":"R\u00f3\u017cowe buty znowu w trendach! Kt\u00f3rymi warto uzupe\u0142ni\u0107 szaf\u0119?"},"content":{"rendered":"\n<p><b>Istniej\u0105 elementy garderoby, kt\u00f3re od razu zwracaj\u0105 na siebie uwag\u0119 i sprawiaj\u0105, \u017ce ca\u0142a stylizacja nabiera charakteru. Zaliczy\u0107 do nich mo\u017cna m.in. r\u00f3\u017cowe buty. Niezale\u017cnie od tego, czy s\u0105 to po\u0142yskuj\u0105ce sanda\u0142y na obcasie, czy te\u017c klasyczne trampki, obok ich koloru wprost nie da si\u0119 przej\u015b\u0107 oboj\u0119tnie! Poznaj zalety poszczeg\u00f3lnych, r\u00f3\u017cowych but\u00f3w i wybierz par\u0119, kt\u00f3ra najlepiej uzupe\u0142ni Twoj\u0105 garderob\u0119.<\/b><\/p>\n\n\n\n<figure class=\"wp-block-gallery has-nested-images columns-default is-cropped wp-block-gallery-1 is-layout-flex wp-block-gallery-is-layout-flex\">\n<figure class=\"wp-block-image size-large\"><img loading=\"lazy\" decoding=\"async\" width=\"765\" height=\"1020\" data-id=\"18734\" src=\"https:\/\/blog.ccc.eu\/pl\/wp-content\/uploads\/2023\/08\/230513_gino_rossi_0666.jpg\" alt=\"\" class=\"wp-image-18734\" srcset=\"https:\/\/blog.ccc.eu\/pl\/wp-content\/uploads\/2023\/08\/230513_gino_rossi_0666.jpg 765w, https:\/\/blog.ccc.eu\/pl\/wp-content\/uploads\/2023\/08\/230513_gino_rossi_0666-225x300.jpg 225w, https:\/\/blog.ccc.eu\/pl\/wp-content\/uploads\/2023\/08\/230513_gino_rossi_0666-100x133.jpg 100w\" sizes=\"auto, (max-width: 765px) 100vw, 765px\" \/><\/figure>\n\n\n\n<figure class=\"wp-block-image size-large\"><img loading=\"lazy\" decoding=\"async\" width=\"765\" height=\"1020\" data-id=\"18735\" src=\"https:\/\/blog.ccc.eu\/pl\/wp-content\/uploads\/2023\/08\/230513_gino_rossi_0702.jpg\" alt=\"\" class=\"wp-image-18735\" srcset=\"https:\/\/blog.ccc.eu\/pl\/wp-content\/uploads\/2023\/08\/230513_gino_rossi_0702.jpg 765w, https:\/\/blog.ccc.eu\/pl\/wp-content\/uploads\/2023\/08\/230513_gino_rossi_0702-225x300.jpg 225w, https:\/\/blog.ccc.eu\/pl\/wp-content\/uploads\/2023\/08\/230513_gino_rossi_0702-100x133.jpg 100w\" sizes=\"auto, (max-width: 765px) 100vw, 765px\" \/><\/figure>\n<\/figure>\n\n\n\n<h2 class=\"wp-block-heading\">R\u00f3\u017cowe buty \u2013 co sprawi\u0142o, \u017ce znowu s\u0105 w modzie?<\/h2>\n\n\n\n<p>W ostatnim czasie r\u00f3\u017cowe buty s\u0105 jednymi z najch\u0119tniej kupowanych. Z czego wynika ich nag\u0142y wzrost popularno\u015bci? Jest on zwi\u0105zany z premier\u0105 g\u0142o\u015bnego i d\u0142ugo wyczekiwanego filmu \u201eBarbie\u201d.<\/p>\n\n\n\n<p>R\u00f3\u017c jest kolorem, kt\u00f3ry kojarzy si\u0119 ze stylizacjami kultowej lalki, a osoby, wybieraj\u0105ce si\u0119 na jego pokazy w kinie, cz\u0119sto tworz\u0105 tematyczne outfity. Mo\u017cna je spotka\u0107 jednak nie tylko w kinowych salach \u2013 zala\u0142y one tak\u017ce social media i europejskie stolice mody.<\/p>\n\n\n\n<p>W sklepach dost\u0119pne s\u0105 buty inspirowane tymi, kt\u00f3re nosi\u0142a lalka Barbie. Mowa tu chocia\u017cby o r\u00f3\u017cowych cz\u00f3\u0142enkach oraz sanda\u0142ach na platformie i obcasie. Nie zabrak\u0142o ich tak\u017ce w ofercie CCC. Je\u015bli pragniesz stworzy\u0107 stylizacj\u0119, nawi\u0105zuj\u0105c\u0105 do stylu Barbie, koniecznie zapoznaj si\u0119 z nasz\u0105 ofert\u0105 r\u00f3\u017cowych but\u00f3w na obcasie.<\/p>\n\n\n\n\n\n\n<h2 class=\"wp-block-heading\">R\u00f3\u017cowe buty \u2013 oto najch\u0119tniej wybierane modele!<\/h2>\n\n\n\n<p>Sprawd\u017a, jakie r\u00f3\u017cowe buty s\u0105 obecnie najch\u0119tniej wybierane. Poznaj ich zalety i wybierz par\u0119, kt\u00f3ra najlepiej wpisuje si\u0119 w Tw\u00f3j styl.<\/p>\n\n\n\n<h3 class=\"wp-block-heading\">R\u00f3\u017cowe szpilki<\/h3>\n\n\n\n<p>Poszukujesz niebanalnych but\u00f3w na wa\u017cn\u0105 okazj\u0119? Postaw na r\u00f3\u017cowe szpilki. Klasyczne modele tych but\u00f3w, wsparte na wysokich obcasach i wyko\u0144czone szpicem, s\u0105 niezwykle popularne, ale te utrzymane w r\u00f3\u017cu to ju\u017c niecodzienna propozycja!<\/p>\n\n\n\n<p>R\u00f3\u017cowe szpilki niejedno maj\u0105 imi\u0119. W sklepach dost\u0119pne s\u0105 modele sk\u00f3rzane i wykonane z wysokogatunkowych materia\u0142\u00f3w syntetycznych, lakierowane i matowe, minimalistyczne i uzupe\u0142nione bi\u017cuteryjnymi dodatkami. Z tak szerokiej oferty z \u0142atwo\u015bci\u0105 dobierzesz buty, kt\u00f3re perfekcyjnie uzupe\u0142ni\u0105 Twoj\u0105 od\u015bwi\u0119tn\u0105 stylizacj\u0119.<\/p>\n\n\n\n\n\n\n\n<h3 class=\"wp-block-heading\">R\u00f3\u017cowe cz\u00f3\u0142enka<\/h3>\n\n\n\n<p>Alternatywa dla r\u00f3\u017cowych szpilek do noszenia na co dzie\u0144, np. do pracy? R\u00f3\u017cowe cz\u00f3\u0142enka! Ze wzgl\u0119du na ni\u017cszy obcas, zapewniaj\u0105 wygod\u0119 podczas chodzenia, i to nawet przez wiele godzin. Mo\u017cna je zestawi\u0107 zar\u00f3wno z biznesow\u0105, codzienn\u0105 stylizacj\u0105, jak i jeansami oraz bia\u0142ym T-shirtem.<\/p>\n\n\n\n<p>Za najwygodniejsze r\u00f3\u017cowe cz\u00f3\u0142enka uchodz\u0105 te, kt\u00f3re s\u0105 wsparte na s\u0142upkowym obcasie. Ze wzgl\u0119du na jego grubo\u015b\u0107, zapewnia on stopom stabilne podparcie.<\/p>\n\n\n\n<figure class=\"wp-block-gallery has-nested-images columns-default is-cropped wp-block-gallery-2 is-layout-flex wp-block-gallery-is-layout-flex\">\n<figure class=\"wp-block-image size-large\"><a href=\"https:\/\/ccc.eu\/pl\/damskie\/buty\/obcasy\/czolenka\/czolenka-sam-edelman-i1522l2650-rozowy-jasny\" target=\"_blank\" rel=\"noopener\"><img loading=\"lazy\" decoding=\"async\" width=\"683\" height=\"1024\" data-id=\"18732\" src=\"https:\/\/blog.ccc.eu\/pl\/wp-content\/uploads\/2023\/08\/CCC_2230042250974_04-683x1024.jpg\" alt=\"\" class=\"wp-image-18732\" srcset=\"https:\/\/blog.ccc.eu\/pl\/wp-content\/uploads\/2023\/08\/CCC_2230042250974_04-683x1024.jpg 683w, https:\/\/blog.ccc.eu\/pl\/wp-content\/uploads\/2023\/08\/CCC_2230042250974_04-200x300.jpg 200w, https:\/\/blog.ccc.eu\/pl\/wp-content\/uploads\/2023\/08\/CCC_2230042250974_04-768x1152.jpg 768w, https:\/\/blog.ccc.eu\/pl\/wp-content\/uploads\/2023\/08\/CCC_2230042250974_04-100x150.jpg 100w, https:\/\/blog.ccc.eu\/pl\/wp-content\/uploads\/2023\/08\/CCC_2230042250974_04.jpg 876w\" sizes=\"auto, (max-width: 683px) 100vw, 683px\" \/><\/a><\/figure>\n\n\n\n<figure class=\"wp-block-image size-large\"><a href=\"https:\/\/ccc.eu\/pl\/damskie\/buty\/obcasy\/czolenka\/czolenka-sam-edelman-i1522l2650-rozowy-jasny\" target=\"_blank\" rel=\"noopener\"><img loading=\"lazy\" decoding=\"async\" width=\"683\" height=\"1024\" data-id=\"18733\" src=\"https:\/\/blog.ccc.eu\/pl\/wp-content\/uploads\/2023\/08\/CCC_2230042250974_02-683x1024.jpg\" alt=\"\" class=\"wp-image-18733\" srcset=\"https:\/\/blog.ccc.eu\/pl\/wp-content\/uploads\/2023\/08\/CCC_2230042250974_02-683x1024.jpg 683w, https:\/\/blog.ccc.eu\/pl\/wp-content\/uploads\/2023\/08\/CCC_2230042250974_02-200x300.jpg 200w, https:\/\/blog.ccc.eu\/pl\/wp-content\/uploads\/2023\/08\/CCC_2230042250974_02-768x1152.jpg 768w, https:\/\/blog.ccc.eu\/pl\/wp-content\/uploads\/2023\/08\/CCC_2230042250974_02-100x150.jpg 100w, https:\/\/blog.ccc.eu\/pl\/wp-content\/uploads\/2023\/08\/CCC_2230042250974_02.jpg 876w\" sizes=\"auto, (max-width: 683px) 100vw, 683px\" \/><\/a><\/figure>\n<\/figure>\n\n\n\n<h3 class=\"wp-block-heading\">R\u00f3\u017cowe sanda\u0142y<\/h3>\n\n\n\n<p>R\u00f3\u017cowe sanda\u0142y to jedna z najbardziej obszernych kategorii but\u00f3w, jakie znajdziesz w sklepach CCC. Kryj\u0105 si\u0119 pod ni\u0105: p\u0142askie buty, sanda\u0142y na platformie, sanda\u0142y na obcasie, sanda\u0142y na obcasie i platformie, a tak\u017ce rzymianki. Spo\u015br\u00f3d tak bogatej oferty, ka\u017cdy jest w stanie znale\u017a\u0107 buty idealne dla siebie.<\/p>\n\n\n\n<p>Sanda\u0142y na platformie \u2013 to w\u0142a\u015bnie one wiod\u0105 prym tego lata! Ich wysoka, ale stabilna podeszwa sprawia, \u017ce s\u0105 niezwykle wygodne w noszeniu, a dodatkowo optycznie podwy\u017cszaj\u0105 sylwetk\u0119 o kilka centymetr\u00f3w. Je\u015bli chodzi o ich cholewk\u0119, modne s\u0105 zar\u00f3wno modele przypominaj\u0105ce japonki, jak i te, kt\u00f3re zosta\u0142y stworzone z kilku cienkich, subtelnych pask\u00f3w. Mo\u017cna je nosi\u0107 w ci\u0105gu dnia b\u0105d\u017a uzupe\u0142ni\u0107 nimi wieczorow\u0105 stylizacj\u0119, np. z wykorzystaniem r\u00f3wnie modnej, bieli\u017anianej sukienki. R\u00f3\u017cowe sanda\u0142y na platformie znajdziesz w ofercie marki Jenny Fairy. Uwaga, tak nietuzinkowa para but\u00f3w przyci\u0105gnie uwag\u0119 przechodni\u00f3w!<\/p>\n\n\n\n\n\n\n\n<h3 class=\"wp-block-heading\">R\u00f3\u017cowe klapki<\/h3>\n\n\n\n<p>Zamie\u0144 nudne, be\u017cowe lub czarne klapki na r\u00f3\u017cowe modele. Wbrew pozorom, je tak\u017ce mo\u017cna za\u0142o\u017cy\u0107 do wszystkiego! Z nimi Twoja letnia stylizacja nabierze charakteru.<\/p>\n\n\n\n<p>Du\u017c\u0105 popularno\u015bci\u0105 ciesz\u0105 si\u0119 tak\u017ce r\u00f3\u017cowe klapki na obcasie. O ile p\u0142askie klapki b\u0119d\u0105 doskona\u0142ymi towarzyszami odpoczynku na pla\u017cy, nad basenem lub na dzia\u0142ce, o tyle ich wysokie odpowiedniki \u015bwietnie dope\u0142ni\u0105 miejsce stylizacje, tak\u017ce te bardziej formalne.<\/p>\n\n\n\n<p>Za najbardziej wygodne uchodz\u0105 klapki wykonane z naturalnej sk\u00f3ry. Ze wzgl\u0119du na swoj\u0105 wysok\u0105 jako\u015b\u0107, pos\u0142u\u017c\u0105 przez wiele sezon\u00f3w. Je\u015bli lubisz r\u00f3\u017cowy kolor i nie masz zamiaru szybko wymienia\u0107 garderoby, postaw w\u0142a\u015bnie na nie!<\/p>\n\n\n\n\n\n\n\n<h3 class=\"wp-block-heading\">R\u00f3\u017cowe trampki<\/h3>\n\n\n\n<p>Bia\u0142e i czarne trampki s\u0105 najbardziej uniwersalne \u2013 to fakt, ale czy kt\u00f3rakolwiek para sportowego obuwia jest w stanie przebi\u0107 oryginalno\u015bci\u0105 r\u00f3\u017cowe trampki? Te buty dodadz\u0105 uroku nawet najprostszej stylizacji!<\/p>\n\n\n\n<p>R\u00f3\u017cowe trampki mog\u0105 kojarzy\u0107 si\u0119 z ultradziewcz\u0119cymi stylizacjami. Jednak po\u0142\u0105czone z ubraniami w tym samym kolorze, mog\u0105 zaprezentowa\u0107 si\u0119 zbyt cukierkowo. Buty te najbardziej efektownie wybijaj\u0105 si\u0119 na tle stonowanych kolor\u00f3w i minimalistycznych zestawie\u0144. Pomy\u015bl o nich jako o dodatku, kt\u00f3ry ma wyj\u015b\u0107 na pierwszy plan stylizacji, a stworzysz wywa\u017cony, zachwycaj\u0105cy str\u00f3j.<\/p>\n\n\n\n<p>Zwr\u00f3\u0107 uwag\u0119 na r\u00f3\u017cowe trampki od marki VANS. Wybijaj\u0105 si\u0119 na tle innych trampk\u00f3w nie tylko swoj\u0105 wyj\u0105tkow\u0105 kolorystyk\u0105, designerskim krojem, ale tak\u017ce ozdobami w formie\u2026 stokrotek! Czy\u017c nie s\u0105 pi\u0119kne?<\/p>\n\n\n\n\n\n\n\n<h3 class=\"wp-block-heading\">R\u00f3\u017cowe sneakersy<\/h3>\n\n\n\n<p>Niezale\u017cnie od tego, czy w\u0142a\u015bnie poszukujesz but\u00f3w do noszenia na co dzie\u0144, czy te\u017c na si\u0142owni\u0119, para r\u00f3\u017cowych sneakers\u00f3w sprawdzi si\u0119 idealnie. Wiele modeli w tym kolorze ma w swojej ofercie kultowa marka Sprandi, a tak\u017ce \u2013 zawsze pod\u0105\u017caj\u0105ca za trendami \u2013 firma Jenny Fairy.<\/p>\n\n\n\n<p>Zwr\u00f3\u0107 uwag\u0119 na r\u00f3\u017cowe sneakersy wsparte na platformie lub koturnie. \u0141\u0105cz\u0105 wygod\u0119 noszenia z nietuzinkowym wygl\u0105dem, a do tego s\u0105 na tyle uniwersalne, \u017ce mo\u017cna je \u0142\u0105czy\u0107 ze stylizacjami w r\u00f3\u017cnych stylach. Je\u015bli nie mo\u017cesz si\u0119 zdecydowa\u0107 na jedn\u0105 par\u0119 r\u00f3\u017cowych but\u00f3w, r\u00f3\u017cowe sneakersy z pewno\u015bci\u0105 b\u0119d\u0105 najbardziej praktyczne!<\/p>\n\n\n\n\n\n\n\n<h2 class=\"wp-block-heading\">R\u00f3\u017cowe buty w CCC<\/h2>\n\n\n\n<p>W sklepach CCC, na ccc.eu lub w aplikacji dost\u0119pny jest szeroki wyb\u00f3r r\u00f3\u017cowego obuwia na ka\u017cd\u0105 okazj\u0119. Czy jeste\u015b Klubowiczem CCC? Je\u015bli tak, masz dost\u0119p do wyj\u0105tkowych rabat\u00f3w, z pomoc\u0105 kt\u00f3rych zakupisz swoj\u0105 wymarzon\u0105 par\u0119 but\u00f3w o 10%, 20% lub nawet 40% taniej! Udanych zakup\u00f3w.<\/p>\n","protected":false},"excerpt":{"rendered":"<p>Istniej\u0105 elementy garderoby, kt\u00f3re od razu zwracaj\u0105 na siebie uwag\u0119 i sprawiaj\u0105, \u017ce ca\u0142a stylizacja nabiera charakteru. Zaliczy\u0107 do nich mo\u017cna m.in. r\u00f3\u017cowe buty. Niezale\u017cnie od tego, czy s\u0105 to po\u0142yskuj\u0105ce sanda\u0142y na obcasie, czy te\u017c klasyczne trampki, obok ich koloru wprost nie da si\u0119 przej\u015b\u0107 oboj\u0119tnie! Poznaj zalety poszczeg\u00f3lnych, r\u00f3\u017cowych but\u00f3w i wybierz par\u0119, [&hellip;]<\/p>\n","protected":false},"author":20,"featured_media":18734,"comment_status":"open","ping_status":"closed","sticky":false,"template":"","format":"standard","meta":{"_acf_changed":false,"footnotes":""},"categories":[1572,6],"tags":[1540,1062,1552,9],"class_list":["post-18731","post","type-post","status-publish","format-standard","has-post-thumbnail","hentry","category-kolory-w-modzie","category-trendy","tag-barbiecore","tag-kolor-rozowy","tag-rozowe-buty","tag-trendy"],"acf":[],"_links":{"self":[{"href":"https:\/\/blog.ccc.eu\/pl\/wp-json\/wp\/v2\/posts\/18731","targetHints":{"allow":["GET"]}}],"collection":[{"href":"https:\/\/blog.ccc.eu\/pl\/wp-json\/wp\/v2\/posts"}],"about":[{"href":"https:\/\/blog.ccc.eu\/pl\/wp-json\/wp\/v2\/types\/post"}],"author":[{"embeddable":true,"href":"https:\/\/blog.ccc.eu\/pl\/wp-json\/wp\/v2\/users\/20"}],"replies":[{"embeddable":true,"href":"https:\/\/blog.ccc.eu\/pl\/wp-json\/wp\/v2\/comments?post=18731"}],"version-history":[{"count":1,"href":"https:\/\/blog.ccc.eu\/pl\/wp-json\/wp\/v2\/posts\/18731\/revisions"}],"predecessor-version":[{"id":18736,"href":"https:\/\/blog.ccc.eu\/pl\/wp-json\/wp\/v2\/posts\/18731\/revisions\/18736"}],"wp:featuredmedia":[{"embeddable":true,"href":"https:\/\/blog.ccc.eu\/pl\/wp-json\/wp\/v2\/media\/18734"}],"wp:attachment":[{"href":"https:\/\/blog.ccc.eu\/pl\/wp-json\/wp\/v2\/media?parent=18731"}],"wp:term":[{"taxonomy":"category","embeddable":true,"href":"https:\/\/blog.ccc.eu\/pl\/wp-json\/wp\/v2\/categories?post=18731"},{"taxonomy":"post_tag","embeddable":true,"href":"https:\/\/blog.ccc.eu\/pl\/wp-json\/wp\/v2\/tags?post=18731"}],"curies":[{"name":"wp","href":"https:\/\/api.w.org\/{rel}","templated":true}]}}