{"id":19628,"date":"2023-09-11T15:16:33","date_gmt":"2023-09-11T13:16:33","guid":{"rendered":"https:\/\/blog.ccc.eu\/pl\/?p=19628"},"modified":"2023-12-15T14:04:32","modified_gmt":"2023-12-15T13:04:32","slug":"jesienna-kampania-jenny-fairy-emily-ratajkowski","status":"publish","type":"post","link":"https:\/\/blog.ccc.eu\/pl\/jesienna-kampania-jenny-fairy-emily-ratajkowski\/","title":{"rendered":"Jesienna kampania Jenny Fairy z Emily Ratajkowski"},"content":{"rendered":"\n<p><strong>Najmodniejsza ods\u0142ona sezonu? Tylko w Jenny Fairy! Nasza najbardziej trendowa marka w\u0142a\u015bnie zaprezentowa\u0142a swoj\u0105 najnowsz\u0105 jesienn\u0105 kampani\u0119 z Emily Ratajkowski w roli g\u0142\u00f3wnej! W\u015br\u00f3d modowych pere\u0142ek znajdziecie buty, kt\u00f3re s\u0105 absolutnym hitem sezonu i wyj\u0105tkowe torebki zaprojektowane w duchu nowoczesnej estetyki. Supermodelka Emily Ratajkowski po raz kolejny zabiera nas w podr\u00f3\u017c po najbardziej wyszukanych modowych zak\u0105tkach. Tym razem przystanek jesie\u0144!<\/strong><\/p>\n\n\n\n<figure class=\"wp-block-embed is-type-video is-provider-youtube wp-block-embed-youtube wp-embed-aspect-16-9 wp-has-aspect-ratio\"><div class=\"wp-block-embed__wrapper\">\n<iframe loading=\"lazy\" title=\"CCC I Jenny Fairy x Emily Ratajkowski l slot 3 l Kampania AW23\" width=\"500\" height=\"281\" src=\"https:\/\/www.youtube.com\/embed\/XvwwvLRbN1k?feature=oembed\" frameborder=\"0\" allow=\"accelerometer; autoplay; clipboard-write; encrypted-media; gyroscope; picture-in-picture; web-share\" referrerpolicy=\"strict-origin-when-cross-origin\" allowfullscreen><\/iframe>\n<\/div><\/figure>\n\n\n\n<h2 class=\"wp-block-heading\">Kolekcja Jenny Fairy na jesie\u0144 2023!<\/h2>\n\n\n\n<p>To ju\u017c trzeci raz jak mo\u017cemy zobaczy\u0107 Emily Ratajkowski w kampanii marki Jenny Fairy. Na pocz\u0105tku roku supermodelka zabra\u0142a nas do Pary\u017ca, by zachwyci\u0107 wiosenn\u0105 kolekcj\u0105 brandu. Z kolei latem mogli\u015bmy poczu\u0107 klimat s\u0142onecznej Riwiery Francuskiej za spraw\u0105 wyj\u0105tkowych projekt\u00f3w w typowo wakacyjnej ods\u0142onie.<\/p>\n\n\n\n<p>W kolekcji na sezon jesienno-zimowy <strong>marka Jenny Fairy serwuje nam podr\u00f3\u017c do \u015bwiata but\u00f3w i torebek, a przewodnikiem po wyj\u0105tkowej kolekcji jest Emily Ratajkowski<\/strong>! Najwa\u017cniejsze sezonowe trendy znalaz\u0142y swoje odzwierciedlenie w jesienno-zimowych projektach marki, kt\u00f3re pokazuj\u0105, \u017ce ten sezon b\u0119dzie naprawd\u0119 wyj\u0105tkowy!<\/p>\n\n\n\n<h2 class=\"wp-block-heading\">Buty z nowej kolekcji Jenny Fairy<\/h2>\n\n\n\n<p>Najmodniejsze wzornictwo i dobrze znane projekty, kt\u00f3re nawi\u0105zuj\u0105 do minionych dekad, pozwalaj\u0105 poczu\u0107 nutk\u0119 nostalgii, do kt\u00f3rej ch\u0119tnie wracamy. <strong>W nowej kolekcji szczeg\u00f3lnie zwracaj\u0105 na siebie uwag\u0119 buty na masywniejszych podeszwach<\/strong>, kt\u00f3re wci\u0105\u017c nieustannie s\u0105 w modzie.<\/p>\n\n\n\n<p>Pe\u0142ne klasyki loafersy w trendowej wersji b\u0119d\u0105 absolutnym hitem jesieni. Warto te\u017c zwr\u00f3ci\u0107 na buty Mary Jane, kt\u00f3re ciesz\u0105 si\u0119 coraz wi\u0119ksz\u0105 popularno\u015bci\u0105. <strong>W ofercie marki pojawi\u0142y si\u0119 te\u017c pe\u0142nie klasyki kozaki za kolano, kowbojki w oryginalnej kolorystyce, botki z modnymi akcentami i trzewiki<\/strong>.<\/p>\n\n\n\n\n\n\n<h2 class=\"wp-block-heading\">Torebki, kt\u00f3re urzekaj\u0105 w nowej kolekcji Jenny Fairy<\/h2>\n\n\n\n<p>Opr\u00f3cz but\u00f3w kolekcja pe\u0142na jest supermodnych torebek. Odwo\u0142anie do retro stylistyki i ubieg\u0142ych dekad da si\u0119 wyczu\u0107 w ka\u017cdym projekcie. Doskonale skomponowane torebki tej jesieni poka\u017c\u0105 nam, \u017ce s\u0105 wielozadaniowe. Lakierowane niewielkie torebki bardzo dobrze sprawdz\u0105 si\u0119 zar\u00f3wno w pracy, jak i wieczorow\u0105 por\u0105.<\/p>\n\n\n\n<p>Wi\u0119ksze matowe modele, kt\u00f3re \u0142\u0105cz\u0105 w sobie ponadczasow\u0105 klasyk\u0119 i trendy b\u0119d\u0105 doskona\u0142ymi towarzyszkami ka\u017cdej jesienno-zimowej stylizacji. W nowej ods\u0142onie marki Jenny Fairy nie brakuje te\u017c wyj\u0105tkowych pere\u0142ek, kt\u00f3re chwytaj\u0105 za serce. <strong>Warto zwr\u00f3ci\u0107 uwag\u0119 na kobaltow\u0105 torebk\u0119 z zielonymi detalami na szerszym pasku<\/strong>, kt\u00f3ra urozmaici sezonowe outfity.<\/p>\n\n\n\n<div class=\"wp-block-group is-nowrap is-layout-flex wp-container-core-group-is-layout-ad2f72ca wp-block-group-is-layout-flex\">\n<figure class=\"wp-block-image size-large\"><img loading=\"lazy\" decoding=\"async\" width=\"1024\" height=\"683\" src=\"https:\/\/blog.ccc.eu\/pl\/wp-content\/uploads\/2023\/09\/JF_SS23_01_0115_LBX_600dpi-1024x683.jpg\" alt=\"\" class=\"wp-image-19629\" srcset=\"https:\/\/blog.ccc.eu\/pl\/wp-content\/uploads\/2023\/09\/JF_SS23_01_0115_LBX_600dpi-1024x683.jpg 1024w, https:\/\/blog.ccc.eu\/pl\/wp-content\/uploads\/2023\/09\/JF_SS23_01_0115_LBX_600dpi-300x200.jpg 300w, https:\/\/blog.ccc.eu\/pl\/wp-content\/uploads\/2023\/09\/JF_SS23_01_0115_LBX_600dpi-768x512.jpg 768w, https:\/\/blog.ccc.eu\/pl\/wp-content\/uploads\/2023\/09\/JF_SS23_01_0115_LBX_600dpi-1536x1024.jpg 1536w, https:\/\/blog.ccc.eu\/pl\/wp-content\/uploads\/2023\/09\/JF_SS23_01_0115_LBX_600dpi-100x67.jpg 100w\" sizes=\"auto, (max-width: 1024px) 100vw, 1024px\" \/><\/figure>\n<\/div>\n\n\n\n<h2 class=\"wp-block-heading\">Jak nosi\u0107 now\u0105 kolekcj\u0119 Jenny Fairy?<\/h2>\n\n\n\n<p>Odkryj modn\u0105 jesie\u0144 i daj si\u0119 ponie\u015b\u0107 trendom! Nowa kolekcja Jenny Fairy serwuje cr\u00e8me de la cr\u00e8me ze \u015bwiata mody! Buty Mary Jane no\u015b z podkolan\u00f3wkami i kr\u00f3tk\u0105 plisowan\u0105 sp\u00f3dniczk\u0105. Rewelacyjnie odnajd\u0105 si\u0119 te\u017c w po\u0142\u0105czeniu z d\u0142ug\u0105 denimow\u0105 sp\u00f3dnic\u0105 rodem z 2010 roku!<\/p>\n\n\n\n<p><strong>Klasyczne loafersy sprawdz\u0105 si\u0119 w Twoich codziennych i s\u0142u\u017cbowych zestawach<\/strong>, a modne kowbojki po\u0142\u0105cz z nieoczywistymi lookami we wsp\u00f3\u0142czesnym stylu. Do swoich nawet najbardziej klasycznych stylizacji wybieraj torebki, kt\u00f3re pozwol\u0105 Ci osi\u0105gn\u0105\u0107 efekt WOW! Z mark\u0105 Jenny Fairy sukces ka\u017cdego zestawu masz gwarantowany!<\/p>\n\n\n\n<h2 class=\"wp-block-heading\">Zachwy\u0107 z now\u0105 kolekcj\u0105 Jenny Fairy!<\/h2>\n\n\n\n<p>Koniecznie zajrzyj do naszych salon\u00f3w CCC, na ccc.eu i do aplikacji, gdzie czeka na Ciebie wyj\u0105tkowa ods\u0142ona trzeciej kampanii Jenny Fairy z Emily Ratajkowski! Gwarantujemy Ci najmodniejsze buty i torebki, kt\u00f3re dodadz\u0105 charakteru Twoim stylizacjom!<\/p>\n\n\n\n<p>Nie wiesz, do czego za\u0142o\u017cy\u0107 kowbojki? Albo z czym \u0142\u0105czy\u0107 buty Mary Jane? Przeczytaj wi\u0119cej naszych inspiruj\u0105cych artyku\u0142\u00f3w na blogu!<\/p>\n","protected":false},"excerpt":{"rendered":"<p>Najmodniejsza ods\u0142ona sezonu? Tylko w Jenny Fairy! Nasza najbardziej trendowa marka w\u0142a\u015bnie zaprezentowa\u0142a swoj\u0105 najnowsz\u0105 jesienn\u0105 kampani\u0119 z Emily Ratajkowski w roli g\u0142\u00f3wnej! W\u015br\u00f3d modowych pere\u0142ek znajdziecie buty, kt\u00f3re s\u0105 absolutnym hitem sezonu i wyj\u0105tkowe torebki zaprojektowane w duchu nowoczesnej estetyki. Supermodelka Emily Ratajkowski po raz kolejny zabiera nas w podr\u00f3\u017c po najbardziej wyszukanych modowych [&hellip;]<\/p>\n","protected":false},"author":17,"featured_media":19629,"comment_status":"open","ping_status":"closed","sticky":false,"template":"","format":"standard","meta":{"_acf_changed":false,"footnotes":""},"categories":[432,1042],"tags":[],"class_list":["post-19628","post","type-post","status-publish","format-standard","has-post-thumbnail","hentry","category-newsroom","category-jesienne-trendy"],"acf":[],"_links":{"self":[{"href":"https:\/\/blog.ccc.eu\/pl\/wp-json\/wp\/v2\/posts\/19628","targetHints":{"allow":["GET"]}}],"collection":[{"href":"https:\/\/blog.ccc.eu\/pl\/wp-json\/wp\/v2\/posts"}],"about":[{"href":"https:\/\/blog.ccc.eu\/pl\/wp-json\/wp\/v2\/types\/post"}],"author":[{"embeddable":true,"href":"https:\/\/blog.ccc.eu\/pl\/wp-json\/wp\/v2\/users\/17"}],"replies":[{"embeddable":true,"href":"https:\/\/blog.ccc.eu\/pl\/wp-json\/wp\/v2\/comments?post=19628"}],"version-history":[{"count":2,"href":"https:\/\/blog.ccc.eu\/pl\/wp-json\/wp\/v2\/posts\/19628\/revisions"}],"predecessor-version":[{"id":19649,"href":"https:\/\/blog.ccc.eu\/pl\/wp-json\/wp\/v2\/posts\/19628\/revisions\/19649"}],"wp:featuredmedia":[{"embeddable":true,"href":"https:\/\/blog.ccc.eu\/pl\/wp-json\/wp\/v2\/media\/19629"}],"wp:attachment":[{"href":"https:\/\/blog.ccc.eu\/pl\/wp-json\/wp\/v2\/media?parent=19628"}],"wp:term":[{"taxonomy":"category","embeddable":true,"href":"https:\/\/blog.ccc.eu\/pl\/wp-json\/wp\/v2\/categories?post=19628"},{"taxonomy":"post_tag","embeddable":true,"href":"https:\/\/blog.ccc.eu\/pl\/wp-json\/wp\/v2\/tags?post=19628"}],"curies":[{"name":"wp","href":"https:\/\/api.w.org\/{rel}","templated":true}]}}