{"id":19962,"date":"2023-09-26T14:56:34","date_gmt":"2023-09-26T12:56:34","guid":{"rendered":"https:\/\/blog.ccc.eu\/pl\/?p=19962"},"modified":"2023-09-26T14:56:35","modified_gmt":"2023-09-26T12:56:35","slug":"kapsulowe-dodatki-na-jesien-top-5","status":"publish","type":"post","link":"https:\/\/blog.ccc.eu\/pl\/kapsulowe-dodatki-na-jesien-top-5\/","title":{"rendered":"Kapsu\u0142owe dodatki na jesie\u0144 \u2013 5 rzeczy, kt\u00f3re musisz mie\u0107 w szafie!"},"content":{"rendered":"\n<p><strong>Idea szafy kapsu\u0142owej nie jest Ci obca? Niezale\u017cnie od tego, czy uda\u0142o Ci si\u0119 j\u0105 wcieli\u0107 w \u017cycie, czy te\u017c dopiero zamierzasz to zrobi\u0107, ju\u017c dzi\u015b mo\u017cesz wyposa\u017cy\u0107 swoj\u0105 garderob\u0119 w kapsu\u0142owe dodatki! Za ich pomoc\u0105 \u015bwietnie dope\u0142nisz ka\u017cd\u0105 jesienn\u0105 stylizacj\u0119. Sprawd\u017a, o jakich przedmiotach mowa i poznaj ich zalety!<\/strong><\/p>\n\n\n\n<figure class=\"wp-block-image size-large\"><img loading=\"lazy\" decoding=\"async\" width=\"1024\" height=\"683\" src=\"https:\/\/blog.ccc.eu\/pl\/wp-content\/uploads\/2023\/09\/GettyImages-1436712014-1-1024x683.jpg\" alt=\"\" class=\"wp-image-19963\" srcset=\"https:\/\/blog.ccc.eu\/pl\/wp-content\/uploads\/2023\/09\/GettyImages-1436712014-1-1024x683.jpg 1024w, https:\/\/blog.ccc.eu\/pl\/wp-content\/uploads\/2023\/09\/GettyImages-1436712014-1-300x200.jpg 300w, https:\/\/blog.ccc.eu\/pl\/wp-content\/uploads\/2023\/09\/GettyImages-1436712014-1-768x512.jpg 768w, https:\/\/blog.ccc.eu\/pl\/wp-content\/uploads\/2023\/09\/GettyImages-1436712014-1-100x67.jpg 100w, https:\/\/blog.ccc.eu\/pl\/wp-content\/uploads\/2023\/09\/GettyImages-1436712014-1.jpg 1500w\" sizes=\"auto, (max-width: 1024px) 100vw, 1024px\" \/><\/figure>\n\n\n\n<h2 class=\"wp-block-heading\">Kapsu\u0142owe dodatki na jesie\u0144 \u2013 dlaczego warto je mie\u0107?<\/h2>\n\n\n\n<p>Masz wiele torebek, pask\u00f3w, zegark\u00f3w i but\u00f3w, a mimo tego wci\u0105\u017c nie opuszcza Ci\u0119 poczucie, \u017ce w Twojej szafie nic do siebie nie pasuje? Je\u015bli tak, kapsu\u0142owe dodatki s\u0105 dla Ciebie! To zbi\u00f3r pi\u0119ciu element\u00f3w utrzymanych w ponadczasowym stylu, stonowanej barwie i wykonanych z wysokiej jako\u015bci materia\u0142\u00f3w. Dzi\u0119ki tym cechom, niezwykle \u0142atwo jest dopasowa\u0107 je do ka\u017cdej stylizacji \u2013 niezale\u017cnie od jej stylu i kolorystyki \u2013 i mo\u017cna si\u0119 nimi cieszy\u0107 przez wiele sezon\u00f3w. Czego chcie\u0107 wi\u0119cej?<\/p>\n\n\n\n<h2 class=\"wp-block-heading\">Sk\u00f3rzana torebka ponad trendami<\/h2>\n\n\n\n<p>Jednym z kapsu\u0142owych dodatk\u00f3w, kt\u00f3re bez zastanowienia mo\u017cna dobra\u0107 zar\u00f3wno do codziennych, jak i wieczorowych outfit\u00f3w jest <strong>torebka wykonana z naturalnej sk\u00f3ry, utrzymana w br\u0105zie lub w czerni<\/strong>. Doskonale uzupe\u0142ni stylizacje do pracy, na spotkania z przyjaci\u00f3\u0142mi, wyj\u015bcie na zakupy, do kina, a tak\u017ce specjalne okazje, na kt\u00f3rych wymagane s\u0105 wieczorowe stroje.<\/p>\n\n\n\n<p>Br\u0105zowe i czarne torebki sk\u00f3rzane s\u0105 uniwersalne, maj\u0105 wysok\u0105 jako\u015b\u0107 wykonania i nawet nosz\u0105c je codziennie, mo\u017cna si\u0119 nimi cieszy\u0107 przez lata (szczeg\u00f3lnie, gdy s\u0105 poddawane regularnej i odpowiedniej piel\u0119gnacji, dokonywanej za pomoc\u0105 profesjonalnych kosmetyk\u00f3w)!<\/p>\n\n\n\n<p>Czy przedmioty te maj\u0105 jakie\u015b wady? Mo\u017cna do nich zaliczy\u0107 wysok\u0105 cen\u0119. W por\u00f3wnaniu do syntetycznych modeli, sk\u00f3rzane torebki mog\u0105 kosztowa\u0107 nawet trzy- lub czterokrotnie wi\u0119cej. Jednak kiedy przeliczy si\u0119 tak\u017ce czas ich u\u017cytkowania, antyalergiczny i bezpieczny dla sk\u00f3ry materia\u0142, a do ca\u0142o\u015bci doda jeszcze szlachetny wygl\u0105d, okazuje si\u0119, \u017ce warto w nie zainwestowa\u0107.<\/p>\n\n\n\n\n\n\n<h2 class=\"wp-block-heading\">Pasek ze sk\u00f3ry, kt\u00f3ry nada charakter ka\u017cdej stylizacji<\/h2>\n\n\n\n<p>Odpowiednio dobrany pasek mo\u017ce nada\u0107 charakter nawet najprostszej stylizacji i sprawi\u0107, \u017ce skupi ona na sobie oczy wszystkich przechodni\u00f3w! Klasyczny, ponadczasowy pasek ze sk\u00f3ry mo\u017ce by\u0107 z pozoru nudnym dodatkiem do codziennych outfit\u00f3w. I tak jest, je\u015bli pe\u0142ni on wy\u0142\u0105cznie swoj\u0105 podstawow\u0105 funkcj\u0119, czyli s\u0142u\u017cy temu, by podtrzyma\u0107 spodnie\/sp\u00f3dnic\u0119.<\/p>\n\n\n\n<p><strong>Jako dodatek kapsu\u0142owy, sk\u00f3rzany pasek potrafi znacznie wi\u0119cej i wykorzystuje si\u0119 go na wiele sposob\u00f3w.<\/strong> Jak? Szerokim paskiem mo\u017cesz spi\u0105\u0107 w talii marynark\u0119, co doskonale sprawdzi si\u0119 szczeg\u00f3lnie w przypadku modnych, oversize\u2019owych \u017cakiet\u00f3w. Pasek mo\u017cesz tak\u017ce za\u0142o\u017cy\u0107 na sukienk\u0119 lub spodnie, kt\u00f3re nie maj\u0105 szlufek. Dzi\u0119ki temu zaznaczysz swoj\u0105 sylwetk\u0119 w\u0142a\u015bnie tam, gdzie tego potrzebujesz. Sposob\u00f3w jest wiele!<\/p>\n\n\n\n<p>Podobnie jak w przypadku torebki, tutaj r\u00f3wnie\u017c warto trzyma\u0107 si\u0119 stonowanych barw \u2013 br\u0105zu, czerni, be\u017cu, bieli, granatu, bo takie b\u0119d\u0105 pasowa\u0107 do wi\u0119kszo\u015bci stylizacji. Dawniej uwa\u017cano, \u017ce pasek powinien pasowa\u0107 do koloru but\u00f3w. Dzi\u015b to nie jest konieczne, ale je\u015bli chcesz stworzy\u0107 eleganck\u0105, ponadczasow\u0105 stylizacj\u0119, ta zasada mo\u017ce Ci w tym pom\u00f3c.<\/p>\n\n\n\n<h2 class=\"wp-block-heading\">Klasyczne baleriny, mokasyny lub cz\u00f3\u0142enka \u2013 dobierz je do w\u0142asnych upodoba\u0144<\/h2>\n\n\n\n<p>Trendy obuwnicze stale si\u0119 zmieniaj\u0105. Nie musisz za nimi pod\u0105\u017ca\u0107. <strong>Stale w modzie s\u0105 baleriny, mokasyny i cz\u00f3\u0142enka na obcasie o \u015bredniej wysoko\u015bci.<\/strong> Ka\u017cdy z tych trzech modeli but\u00f3w z \u0142atwo\u015bci\u0105 mo\u017cna dopasowa\u0107 zar\u00f3wno do dziennych, jak i wieczorowych stylizacji. Wystarczy, \u017ce zainwestujesz w jedn\u0105 par\u0119 (oczywi\u015bcie utrzyman\u0105 w stonowanej kolorystyce), a nie b\u0119dziesz musia\u0142a si\u0119 zastanawia\u0107, jakie buty do stylizacji dobra\u0107. To bezpieczny wyb\u00f3r, kt\u00f3ry nie wyjdzie na pierwszy plan outfitu, ale doskonale go dope\u0142ni.<\/p>\n\n\n\n<p>W okresie zimowym, alternatyw\u0105 dla balerin, mokasyn\u00f3w i cz\u00f3\u0142enek b\u0119d\u0105 botki i kozaki o prostej formie oraz pozbawione ozdobnik\u00f3w \u2013 to w\u0142a\u015bnie takie modele maj\u0105 ponadczasowy styl, a zarazem nie ma obawy, \u017ce szybko Ci si\u0119 znudz\u0105.<\/p>\n\n\n\n\n\n\n<h2 class=\"wp-block-heading\">Kropka nad i stylizacji? Z\u0142oty zegarek<\/h2>\n\n\n\n<p>Jeden element, kt\u00f3ry doda elegancji ka\u017cdej stylizacji? Z\u0142oty zegarek. Je\u015bli nie chcesz zastanawia\u0107 si\u0119, jak\u0105 bi\u017cuteri\u0119 dobra\u0107 do stroju, postaw w\u0142a\u015bnie na niego. Nie musisz wydawa\u0107 na to fortuny. W sklepach CCC dost\u0119pne s\u0105 <strong>zegarki Gino Rossi<\/strong>, kt\u00f3re zachwycaj\u0105 szykown\u0105, z\u0142ot\u0105 barw\u0105 (pi\u0119knie mieni\u0105c\u0105 si\u0119 w s\u0142o\u0144cu), eleganck\u0105 form\u0105, a do tego przyst\u0119pn\u0105 cen\u0105. W dodatku posiadaj\u0105 d\u0142ug\u0105 gwarancj\u0119, co najlepiej \u015bwiadczy o ich wysokiej jako\u015bci wykonania!<\/p>\n\n\n\n<div class=\"wp-block-group is-nowrap is-layout-flex wp-container-core-group-is-layout-ad2f72ca wp-block-group-is-layout-flex\">\n<figure class=\"wp-block-image size-full\"><img loading=\"lazy\" decoding=\"async\" width=\"667\" height=\"1000\" src=\"https:\/\/blog.ccc.eu\/pl\/wp-content\/uploads\/2023\/09\/CCC_5904862525891_01M.jpg\" alt=\"\" class=\"wp-image-19971\" srcset=\"https:\/\/blog.ccc.eu\/pl\/wp-content\/uploads\/2023\/09\/CCC_5904862525891_01M.jpg 667w, https:\/\/blog.ccc.eu\/pl\/wp-content\/uploads\/2023\/09\/CCC_5904862525891_01M-200x300.jpg 200w, https:\/\/blog.ccc.eu\/pl\/wp-content\/uploads\/2023\/09\/CCC_5904862525891_01M-100x150.jpg 100w\" sizes=\"auto, (max-width: 667px) 100vw, 667px\" \/><\/figure>\n\n\n\n<figure class=\"wp-block-image size-full\"><img loading=\"lazy\" decoding=\"async\" width=\"667\" height=\"1000\" src=\"https:\/\/blog.ccc.eu\/pl\/wp-content\/uploads\/2023\/09\/CCC_5904862525891_01_LR.jpg\" alt=\"\" class=\"wp-image-19972\" srcset=\"https:\/\/blog.ccc.eu\/pl\/wp-content\/uploads\/2023\/09\/CCC_5904862525891_01_LR.jpg 667w, https:\/\/blog.ccc.eu\/pl\/wp-content\/uploads\/2023\/09\/CCC_5904862525891_01_LR-200x300.jpg 200w, https:\/\/blog.ccc.eu\/pl\/wp-content\/uploads\/2023\/09\/CCC_5904862525891_01_LR-100x150.jpg 100w\" sizes=\"auto, (max-width: 667px) 100vw, 667px\" \/><\/figure>\n<\/div>\n\n\n\n<h2 class=\"wp-block-heading\">Bia\u0142e sneakersy nie tylko do sportowych stylizacji<\/h2>\n\n\n\n<p>Bia\u0142e sneakersy ju\u017c dawno przesta\u0142y by\u0107 wy\u0142\u0105cznie dodatkiem do sportowych stylizacji. Teraz nosi si\u0119 je do sukienek, damskich garnitur\u00f3w\u2026 w\u0142a\u015bciwie do wszystkiego! Zas\u0142uguj\u0105 na miano uniwersalnych i ponadczasowych. Najbardziej polecamy wyb\u00f3r sk\u00f3rzanych modeli, kt\u00f3re mo\u017cna b\u0119dzie nosi\u0107 przez wiele sezon\u00f3w. <strong>Nale\u017cy jedynie pami\u0119ta\u0107 o ich odpowiedniej piel\u0119gnacji.<\/strong><\/p>\n\n\n\n\n\n\n<p>Ju\u017c wiesz, czym s\u0105 kapsu\u0142owe dodatki i jak nale\u017cy dobiera\u0107 je do stylizacji. Wszystkie wskazane w artykule elementy garderoby s\u0105 dost\u0119pne w stacjonarnych salonach CCC, a tak\u017ce na ccc.eu oraz w aplikacji. Udanych (kapsu\u0142owych) zakup\u00f3w!<\/p>\n","protected":false},"excerpt":{"rendered":"<p>Idea szafy kapsu\u0142owej nie jest Ci obca? Niezale\u017cnie od tego, czy uda\u0142o Ci si\u0119 j\u0105 wcieli\u0107 w \u017cycie, czy te\u017c dopiero zamierzasz to zrobi\u0107, ju\u017c dzi\u015b mo\u017cesz wyposa\u017cy\u0107 swoj\u0105 garderob\u0119 w kapsu\u0142owe dodatki! Za ich pomoc\u0105 \u015bwietnie dope\u0142nisz ka\u017cd\u0105 jesienn\u0105 stylizacj\u0119. Sprawd\u017a, o jakich przedmiotach mowa i poznaj ich zalety! Kapsu\u0142owe dodatki na jesie\u0144 \u2013 [&hellip;]<\/p>\n","protected":false},"author":20,"featured_media":19963,"comment_status":"open","ping_status":"closed","sticky":false,"template":"","format":"standard","meta":{"_acf_changed":false,"footnotes":""},"categories":[4,1042],"tags":[],"class_list":["post-19962","post","type-post","status-publish","format-standard","has-post-thumbnail","hentry","category-porady","category-jesienne-trendy"],"acf":[],"_links":{"self":[{"href":"https:\/\/blog.ccc.eu\/pl\/wp-json\/wp\/v2\/posts\/19962","targetHints":{"allow":["GET"]}}],"collection":[{"href":"https:\/\/blog.ccc.eu\/pl\/wp-json\/wp\/v2\/posts"}],"about":[{"href":"https:\/\/blog.ccc.eu\/pl\/wp-json\/wp\/v2\/types\/post"}],"author":[{"embeddable":true,"href":"https:\/\/blog.ccc.eu\/pl\/wp-json\/wp\/v2\/users\/20"}],"replies":[{"embeddable":true,"href":"https:\/\/blog.ccc.eu\/pl\/wp-json\/wp\/v2\/comments?post=19962"}],"version-history":[{"count":2,"href":"https:\/\/blog.ccc.eu\/pl\/wp-json\/wp\/v2\/posts\/19962\/revisions"}],"predecessor-version":[{"id":19973,"href":"https:\/\/blog.ccc.eu\/pl\/wp-json\/wp\/v2\/posts\/19962\/revisions\/19973"}],"wp:featuredmedia":[{"embeddable":true,"href":"https:\/\/blog.ccc.eu\/pl\/wp-json\/wp\/v2\/media\/19963"}],"wp:attachment":[{"href":"https:\/\/blog.ccc.eu\/pl\/wp-json\/wp\/v2\/media?parent=19962"}],"wp:term":[{"taxonomy":"category","embeddable":true,"href":"https:\/\/blog.ccc.eu\/pl\/wp-json\/wp\/v2\/categories?post=19962"},{"taxonomy":"post_tag","embeddable":true,"href":"https:\/\/blog.ccc.eu\/pl\/wp-json\/wp\/v2\/tags?post=19962"}],"curies":[{"name":"wp","href":"https:\/\/api.w.org\/{rel}","templated":true}]}}