{"id":20417,"date":"2023-10-24T12:18:55","date_gmt":"2023-10-24T10:18:55","guid":{"rendered":"https:\/\/blog.ccc.eu\/pl\/?p=20417"},"modified":"2023-11-23T15:11:02","modified_gmt":"2023-11-23T14:11:02","slug":"ccc-disney-frozen-buty-i-akcesoria","status":"publish","type":"post","link":"https:\/\/blog.ccc.eu\/pl\/ccc-disney-frozen-buty-i-akcesoria\/","title":{"rendered":"CCC i Disney Frozen \u2013 buty i akcesoria dla fan\u00f3w filmu \u201eKraina Lodu\u201d"},"content":{"rendered":"\n<p><strong>Masz t\u0119 moc?! My w CCC mamy! Dzi\u0119ki wyj\u0105tkowej kolekcji but\u00f3w i akcesori\u00f3w z bohaterami film\u00f3w Disneya \u201eKraina Lodu\u201d. W serii Frozen czekaj\u0105 na Ciebie i Twoje dziecko buty, dzi\u0119ki kt\u00f3rym zabawa na \u015bwie\u017cym powietrzu nawet w mro\u017any dzie\u0144 b\u0119dzie udana, a niesamowite akcesoria, torby i plecaki pozwol\u0105 stworzy\u0107 najmodniejszy zimowy look do przedszkola i szko\u0142y! Poczuj magi\u0119 wraz z produktami CCC i Disney Frozen i przenie\u015b si\u0119 do \u015bwiata Anny i Elsy.<\/strong><\/p>\n\n\n\n<figure class=\"wp-block-embed is-type-video is-provider-youtube wp-block-embed-youtube wp-embed-aspect-16-9 wp-has-aspect-ratio\"><div class=\"wp-block-embed__wrapper\">\n<iframe loading=\"lazy\" title=\"CCC | Disney FROZEN | AW23\" width=\"500\" height=\"281\" src=\"https:\/\/www.youtube.com\/embed\/XuF_H6VbpcE?feature=oembed\" frameborder=\"0\" allow=\"accelerometer; autoplay; clipboard-write; encrypted-media; gyroscope; picture-in-picture; web-share\" referrerpolicy=\"strict-origin-when-cross-origin\" allowfullscreen><\/iframe>\n<\/div><\/figure>\n\n\n\n<h2 class=\"wp-block-heading\">Modny powr\u00f3t do Arendelle<\/h2>\n\n\n\n<p>Gdy 10 lat temu, w 2013 roku, na wielkim ekranie zadebiutowa\u0142 film \u201eKraina Lodu\u201d, zmieni\u0142o si\u0119 nie tylko oblicze wsp\u00f3\u0142czesnej animacji, ale te\u017c i kinematografii. Historia dw\u00f3ch si\u00f3str Anny i Elsy okaza\u0142a si\u0119 najbardziej dochodowym filmem animowanym na \u015bwiecie, kt\u00f3ry przyni\u00f3s\u0142 jego tw\u00f3rcom zysk 1,276 miliarda dolar\u00f3w!<\/p>\n\n\n\n<p>Od dekady wzruszaj\u0105ca opowie\u015b\u0107 o przyja\u017ani, mi\u0142o\u015bci i odwadze porusza kolejne pokolenia, a bohaterki filmu wci\u0105\u017c ciesz\u0105 si\u0119 ogromn\u0105 popularno\u015bci\u0105. <strong>Z okazji 10-lecia powstania filmu w CCC pojawi\u0142a si\u0119 wyj\u0105tkowa kolekcja Frozen<\/strong>, kt\u00f3ra zachwyca nie tylko dzieci, ale te\u017c i rodzic\u00f3w, kt\u00f3rzy dzi\u0119ki nim mogli odkry\u0107 magiczny \u015bwiat si\u00f3str i ich przyjaci\u00f3\u0142.<\/p>\n\n\n\n<figure class=\"wp-block-gallery has-nested-images columns-default is-cropped wp-block-gallery-1 is-layout-flex wp-block-gallery-is-layout-flex\">\n<figure class=\"wp-block-image size-large\"><img loading=\"lazy\" decoding=\"async\" width=\"819\" height=\"1024\" data-id=\"21056\" src=\"https:\/\/blog.ccc.eu\/pl\/wp-content\/uploads\/2023\/11\/topanky-pre-deti-2-819x1024.jpg\" alt=\"plecak i \u015bniegowce dzieci\u0119ce z kolekcji frozen \" class=\"wp-image-21056\" srcset=\"https:\/\/blog.ccc.eu\/pl\/wp-content\/uploads\/2023\/11\/topanky-pre-deti-2-819x1024.jpg 819w, https:\/\/blog.ccc.eu\/pl\/wp-content\/uploads\/2023\/11\/topanky-pre-deti-2-240x300.jpg 240w, https:\/\/blog.ccc.eu\/pl\/wp-content\/uploads\/2023\/11\/topanky-pre-deti-2-768x960.jpg 768w, https:\/\/blog.ccc.eu\/pl\/wp-content\/uploads\/2023\/11\/topanky-pre-deti-2-1229x1536.jpg 1229w, https:\/\/blog.ccc.eu\/pl\/wp-content\/uploads\/2023\/11\/topanky-pre-deti-2-100x125.jpg 100w, https:\/\/blog.ccc.eu\/pl\/wp-content\/uploads\/2023\/11\/topanky-pre-deti-2.jpg 1283w\" sizes=\"auto, (max-width: 819px) 100vw, 819px\" \/><\/figure>\n\n\n\n<figure class=\"wp-block-image size-large\"><img loading=\"lazy\" decoding=\"async\" width=\"800\" height=\"1000\" data-id=\"21055\" src=\"https:\/\/blog.ccc.eu\/pl\/wp-content\/uploads\/2023\/11\/CCC_Disnay_Frozen_AW2023_7-1.jpg\" alt=\"ma\u0142a torebka dzieci\u0119ca Frozen \" class=\"wp-image-21055\" srcset=\"https:\/\/blog.ccc.eu\/pl\/wp-content\/uploads\/2023\/11\/CCC_Disnay_Frozen_AW2023_7-1.jpg 800w, https:\/\/blog.ccc.eu\/pl\/wp-content\/uploads\/2023\/11\/CCC_Disnay_Frozen_AW2023_7-1-240x300.jpg 240w, https:\/\/blog.ccc.eu\/pl\/wp-content\/uploads\/2023\/11\/CCC_Disnay_Frozen_AW2023_7-1-768x960.jpg 768w, https:\/\/blog.ccc.eu\/pl\/wp-content\/uploads\/2023\/11\/CCC_Disnay_Frozen_AW2023_7-1-100x125.jpg 100w\" sizes=\"auto, (max-width: 800px) 100vw, 800px\" \/><\/figure>\n<\/figure>\n\n\n\n<h2 class=\"wp-block-heading\">Kolekcja CCC i Disney Frozen<\/h2>\n\n\n\n<p>Ch\u0142odnie dni nie b\u0119d\u0105 ju\u017c takie straszne, dzi\u0119ki kolekcji CCC i Disney Frozen. Najm\u0142odsi mog\u0105 wybiera\u0107 spo\u015br\u00f3d zimowego obuwia, ale te\u017c i tego, kt\u00f3re sprawdzi si\u0119 o ka\u017cdej innej porze roku. Buty zosta\u0142y przygotowane ju\u017c dla najm\u0142odszych fanek, kt\u00f3re dopiero stawiaj\u0105 swoje pierwsze kroki i mog\u0105 to robi\u0107 w butach ze swoimi ulubionymi bohaterami! <strong>Kolekcja dedykowana jest r\u00f3wnie\u017c przedszkolakom i uczniom podstaw\u00f3wki, kt\u00f3rzy uwielbiaj\u0105 Ann\u0119 i Els\u0119<\/strong>.<\/p>\n\n\n\n<p>Seri\u0119 uzupe\u0142niaj\u0105 modne akcesoria: torby, plecaki, walizki, czapki, szaliki, worki czy zegarki! \u015awiat Frozen ca\u0142kowicie opanowa\u0142 modow\u0105 bran\u017c\u0119!<\/p>\n\n\n\n<h2 class=\"wp-block-heading\">Buty Frozen, kt\u00f3re zachwyc\u0105 ka\u017cdego w tym sezonie!<\/h2>\n\n\n\n<p>W wyj\u0105tkowej kolekcji inspirowanej Ann\u0105 i Els\u0105 dost\u0119pne s\u0105 buty na zim\u0119 dla dzieci. <strong>Ciep\u0142e trapery z ko\u017cuszkiem, w charakterystycznej dla filmu kolorystyce.<\/strong> Subtelne pastele, w kt\u00f3rych przeplata si\u0119 r\u00f3\u017c, fiolet, b\u0142\u0119kit, biel i srebro doskonale prezentuj\u0105 si\u0119 te\u017c na masywnych \u015bniegowcach czy pi\u0119knych kaloszach z diodami w podeszwie!<\/p>\n\n\n\n<p>W kolekcji dost\u0119pne s\u0105 te\u017c sneakersy na obszerniejszych podeszwach, r\u00f3wnie\u017c ze \u015bwiec\u0105cymi diodami. Najm\u0142odsi mog\u0105 wybra\u0107 te\u017c po\u015br\u00f3d kapci, balerin czy sanda\u0142\u00f3w z wizerunkiem si\u00f3str z Arendelle.<\/p>\n\n\n\n\n\n\n<p><\/p>\n\n\n\n<h2 class=\"wp-block-heading\">Torby, akcesoria i dodatki z wizerunkiem Anny i Elsy!<\/h2>\n\n\n\n<p>Kolekcj\u0119 CCC i Disney Frozen uzupe\u0142niaj\u0105 akcesoria i dodatki, kt\u00f3re zachwyc\u0105 najm\u0142odszych. <strong>Modne plecaki z b\u0142yszcz\u0105cymi brokatowymi akcentami, worki na buty, a tak\u017ce walizki<\/strong> dla ma\u0142ych podr\u00f3\u017cnik\u00f3w.<\/p>\n\n\n\n<p>Dzieci mog\u0105 wybra\u0107 do swojego zimowego zestawu czapk\u0119 i komin, kt\u00f3re zapewni\u0105 im ciep\u0142o w ch\u0142odne dni. W kolekcji dost\u0119pne s\u0105 r\u00f3wnie\u017c pi\u00f3rniki i zegarki, doskonale sprawdzaj\u0105ce si\u0119 w szkole.<\/p>\n\n\n\n\n\n\n<p><\/p>\n\n\n\n<h2 class=\"wp-block-heading\">Poznaj kolekcj\u0119 CCC i Disney Frozen<\/h2>\n\n\n\n<p>Wyrusz ze swoim dzieckiem do magicznego \u015bwiata Anny i Elsy! My zadbamy o ciep\u0142o i pi\u0119kny design, wraz z produktami z nowej kolekcji. \u201eKraina Lodu\u201d, kt\u00f3ra zdominowa\u0142a najpopularniejsze buty i akcesoria dost\u0119pna jest w naszych salonach CCC, na ccc.eu i w aplikacji!<\/p>\n\n\n\n<figure class=\"wp-block-image size-full is-resized\"><img loading=\"lazy\" decoding=\"async\" width=\"800\" height=\"1000\" src=\"https:\/\/blog.ccc.eu\/pl\/wp-content\/uploads\/2023\/11\/CCC_Disnay_Frozen_AW2023_19-1.jpg\" alt=\"b\u0142\u0119kitne dzieci\u0119ce kalosze frozen\" class=\"wp-image-20958\" style=\"aspect-ratio:0.8;width:840px;height:auto\" srcset=\"https:\/\/blog.ccc.eu\/pl\/wp-content\/uploads\/2023\/11\/CCC_Disnay_Frozen_AW2023_19-1.jpg 800w, https:\/\/blog.ccc.eu\/pl\/wp-content\/uploads\/2023\/11\/CCC_Disnay_Frozen_AW2023_19-1-240x300.jpg 240w, https:\/\/blog.ccc.eu\/pl\/wp-content\/uploads\/2023\/11\/CCC_Disnay_Frozen_AW2023_19-1-768x960.jpg 768w, https:\/\/blog.ccc.eu\/pl\/wp-content\/uploads\/2023\/11\/CCC_Disnay_Frozen_AW2023_19-1-100x125.jpg 100w\" sizes=\"auto, (max-width: 800px) 100vw, 800px\" \/><\/figure>\n","protected":false},"excerpt":{"rendered":"<p>Masz t\u0119 moc?! My w CCC mamy! Dzi\u0119ki wyj\u0105tkowej kolekcji but\u00f3w i akcesori\u00f3w z bohaterami film\u00f3w Disneya \u201eKraina Lodu\u201d. W serii Frozen czekaj\u0105 na Ciebie i Twoje dziecko buty, dzi\u0119ki kt\u00f3rym zabawa na \u015bwie\u017cym powietrzu nawet w mro\u017any dzie\u0144 b\u0119dzie udana, a niesamowite akcesoria, torby i plecaki pozwol\u0105 stworzy\u0107 najmodniejszy zimowy look do przedszkola i [&hellip;]<\/p>\n","protected":false},"author":17,"featured_media":21055,"comment_status":"open","ping_status":"closed","sticky":false,"template":"","format":"standard","meta":{"_acf_changed":false,"footnotes":""},"categories":[1565,1573],"tags":[],"class_list":["post-20417","post","type-post","status-publish","format-standard","has-post-thumbnail","hentry","category-marki-w-ccc","category-moda-dziecieca"],"acf":[],"_links":{"self":[{"href":"https:\/\/blog.ccc.eu\/pl\/wp-json\/wp\/v2\/posts\/20417","targetHints":{"allow":["GET"]}}],"collection":[{"href":"https:\/\/blog.ccc.eu\/pl\/wp-json\/wp\/v2\/posts"}],"about":[{"href":"https:\/\/blog.ccc.eu\/pl\/wp-json\/wp\/v2\/types\/post"}],"author":[{"embeddable":true,"href":"https:\/\/blog.ccc.eu\/pl\/wp-json\/wp\/v2\/users\/17"}],"replies":[{"embeddable":true,"href":"https:\/\/blog.ccc.eu\/pl\/wp-json\/wp\/v2\/comments?post=20417"}],"version-history":[{"count":6,"href":"https:\/\/blog.ccc.eu\/pl\/wp-json\/wp\/v2\/posts\/20417\/revisions"}],"predecessor-version":[{"id":21057,"href":"https:\/\/blog.ccc.eu\/pl\/wp-json\/wp\/v2\/posts\/20417\/revisions\/21057"}],"wp:featuredmedia":[{"embeddable":true,"href":"https:\/\/blog.ccc.eu\/pl\/wp-json\/wp\/v2\/media\/21055"}],"wp:attachment":[{"href":"https:\/\/blog.ccc.eu\/pl\/wp-json\/wp\/v2\/media?parent=20417"}],"wp:term":[{"taxonomy":"category","embeddable":true,"href":"https:\/\/blog.ccc.eu\/pl\/wp-json\/wp\/v2\/categories?post=20417"},{"taxonomy":"post_tag","embeddable":true,"href":"https:\/\/blog.ccc.eu\/pl\/wp-json\/wp\/v2\/tags?post=20417"}],"curies":[{"name":"wp","href":"https:\/\/api.w.org\/{rel}","templated":true}]}}