{"id":21086,"date":"2024-12-06T09:58:45","date_gmt":"2024-12-06T08:58:45","guid":{"rendered":"https:\/\/blog.ccc.eu\/pl\/?p=21086"},"modified":"2024-12-06T10:16:05","modified_gmt":"2024-12-06T09:16:05","slug":"jak-ubrac-sie-na-wigilie-firmowa","status":"publish","type":"post","link":"https:\/\/blog.ccc.eu\/pl\/jak-ubrac-sie-na-wigilie-firmowa\/","title":{"rendered":"Jak ubra\u0107 si\u0119 na wigili\u0119 firmow\u0105?"},"content":{"rendered":"\n<p><strong>\u015awi\u0105teczne spotkanie w grudniu to jedyna taka impreza w wielu firmach, gdzie spotykaj\u0105 si\u0119 wszyscy pracownicy. W zale\u017cno\u015bci od wielko\u015bci firmy mog\u0105 by\u0107 to spotkania dzia\u0142owe lub z danego obszaru, je\u017celi m\u00f3wimy o firmie zatrudniaj\u0105cej du\u017co os\u00f3b. Pracodawcy w tym dniu organizuj\u0105 przyj\u0119cia w biurze lub zapraszaj\u0105 pracownik\u00f3w do restauracji na bardziej wystawn\u0105 uroczysto\u015b\u0107. Jak ubra\u0107 si\u0119 na wigili\u0119 firmow\u0105, by zada\u0107 szyku, ale te\u017c nie przesadzi\u0107 i dopasowa\u0107 si\u0119 do sytuacji? Podpowiadamy najlepsze stylizacje na s\u0142u\u017cbow\u0105 wigili\u0119!<\/strong><\/p>\n\n\n\n<figure class=\"wp-block-image size-full\"><img loading=\"lazy\" decoding=\"async\" width=\"1024\" height=\"683\" src=\"https:\/\/blog.ccc.eu\/pl\/wp-content\/uploads\/2023\/11\/GRAFIKI-NA-BLOGA-NOWE_1024-x-683_stylizacje-na-wigilie-firmowa.jpg\" alt=\"jak ubra\u0107 si\u0119 na wigili\u0119 firmow\u0105\" class=\"wp-image-27184\" srcset=\"https:\/\/blog.ccc.eu\/pl\/wp-content\/uploads\/2023\/11\/GRAFIKI-NA-BLOGA-NOWE_1024-x-683_stylizacje-na-wigilie-firmowa.jpg 1024w, https:\/\/blog.ccc.eu\/pl\/wp-content\/uploads\/2023\/11\/GRAFIKI-NA-BLOGA-NOWE_1024-x-683_stylizacje-na-wigilie-firmowa-300x200.jpg 300w, https:\/\/blog.ccc.eu\/pl\/wp-content\/uploads\/2023\/11\/GRAFIKI-NA-BLOGA-NOWE_1024-x-683_stylizacje-na-wigilie-firmowa-768x512.jpg 768w, https:\/\/blog.ccc.eu\/pl\/wp-content\/uploads\/2023\/11\/GRAFIKI-NA-BLOGA-NOWE_1024-x-683_stylizacje-na-wigilie-firmowa-100x67.jpg 100w\" sizes=\"auto, (max-width: 1024px) 100vw, 1024px\" \/><\/figure>\n\n\n\n<h2 class=\"wp-block-heading\">Str\u00f3j na wigili\u0119 firmow\u0105 \u2013 jak\u0105 podj\u0105\u0107 modow\u0105 decyzj\u0119?<\/h2>\n\n\n\n<p>W zale\u017cno\u015bci od tego, w jakiej firmie pracujesz i na jakim stanowisku, od tego powinien zale\u017ce\u0107 dob\u00f3r Twojego stroju na wigili\u0119 firmow\u0105. S\u0105 jednak pewne uniwersalne zasady, kt\u00f3rymi nale\u017cy si\u0119 kierowa\u0107 wybieraj\u0105c stylizacj\u0119.<\/p>\n\n\n\n<p>Przede wszystkim musisz pami\u0119ta\u0107, \u017ce <strong>str\u00f3j powinien by\u0107 bardziej elegancki, ale te\u017c bez sztywnego zad\u0119cia<\/strong> \u2013 to w ko\u0144cu nie bal. Je\u017celi pracodawca nie narzuca dress codu, postaw na klasyczne rozwi\u0105zania, kt\u00f3re nie b\u0119d\u0105 kontrowersyjnie i nie b\u0119d\u0105 zwraca\u0107 na siebie negatywnej uwagi. Sp\u00f3dniczki mini, dekolty, przezroczyste tkaniny czy nadmierna ilo\u015b\u0107 cekin\u00f3w nie b\u0119d\u0105 trafionym pomys\u0142em.<\/p>\n\n\n\n<h2 class=\"wp-block-heading\">Stylizacje na wigili\u0119 w pracy \u2013 czyli jak ubra\u0107 si\u0119 na przyj\u0119cie w biurze?<\/h2>\n\n\n\n<p>Je\u017celi przyj\u0119cie wigilijne odbywa si\u0119 w biurze mo\u017cesz pozwoli\u0107 sobie na wi\u0119cej swobody, wszystko te\u017c zale\u017cy od tego jak b\u0119dzie przebiega\u0142o. Je\u017celi tradycj\u0105 w Twojej firmie jest przygotowywanie da\u0144 przez pracownik\u00f3w, str\u00f3j powinien by\u0107 lu\u017aniejszy z zimowo-\u015bwi\u0105tecznymi akcentami. Natomiast, je\u017celi pracodawca przygotowuje catering, warto postawi\u0107 na bardziej eleganck\u0105 stylizacj\u0119.<\/p>\n\n\n\n<figure class=\"wp-block-gallery has-nested-images columns-default is-cropped wp-block-gallery-1 is-layout-flex wp-block-gallery-is-layout-flex\">\n<figure class=\"wp-block-image size-full\"><img loading=\"lazy\" decoding=\"async\" width=\"512\" height=\"768\" data-id=\"27190\" src=\"https:\/\/blog.ccc.eu\/pl\/wp-content\/uploads\/2023\/11\/CCC_5905588894803_02M_1564-Copy-1.jpg\" alt=\"elegancka stylizacja na wigili\u0119 firmow\u0105\" class=\"wp-image-27190\" srcset=\"https:\/\/blog.ccc.eu\/pl\/wp-content\/uploads\/2023\/11\/CCC_5905588894803_02M_1564-Copy-1.jpg 512w, https:\/\/blog.ccc.eu\/pl\/wp-content\/uploads\/2023\/11\/CCC_5905588894803_02M_1564-Copy-1-200x300.jpg 200w, https:\/\/blog.ccc.eu\/pl\/wp-content\/uploads\/2023\/11\/CCC_5905588894803_02M_1564-Copy-1-100x150.jpg 100w\" sizes=\"auto, (max-width: 512px) 100vw, 512px\" \/><\/figure>\n\n\n\n<figure class=\"wp-block-image size-full\"><img loading=\"lazy\" decoding=\"async\" width=\"512\" height=\"768\" data-id=\"27191\" src=\"https:\/\/blog.ccc.eu\/pl\/wp-content\/uploads\/2023\/11\/CCC_5905588950455_02M_0997-Copy.jpg\" alt=\"be\u017cowa torebka listonoszka na \u0142a\u0144cuszku\" class=\"wp-image-27191\" srcset=\"https:\/\/blog.ccc.eu\/pl\/wp-content\/uploads\/2023\/11\/CCC_5905588950455_02M_0997-Copy.jpg 512w, https:\/\/blog.ccc.eu\/pl\/wp-content\/uploads\/2023\/11\/CCC_5905588950455_02M_0997-Copy-200x300.jpg 200w, https:\/\/blog.ccc.eu\/pl\/wp-content\/uploads\/2023\/11\/CCC_5905588950455_02M_0997-Copy-100x150.jpg 100w\" sizes=\"auto, (max-width: 512px) 100vw, 512px\" \/><\/figure>\n<\/figure>\n\n\n\n<h3 class=\"wp-block-heading\">Zestaw ze swetrem \u015bwi\u0105tecznym<\/h3>\n\n\n\n<p>Je\u017celi panuje u Was do\u015b\u0107 swobodna atmosfera \u015bwietnym pomys\u0142em b\u0119dzie za\u0142o\u017cenie swetra \u015bwi\u0105tecznego. Coraz ch\u0119tniej wybierane swetry doczeka\u0142y si\u0119 tylu modowych wariant\u00f3w, \u017ce naprawd\u0119 jest w czym wybiera\u0107.<\/p>\n\n\n\n<p><strong>Klasyczne p\u0142atki \u015bniegu, podobizny Miko\u0142aja, renifer\u00f3w czy choinki, \u015bwiec\u0105ce elementy i b\u0142yszcz\u0105ce detale<\/strong>. Mo\u017cesz zestawi\u0107 \u015bmia\u0142o z jeansami lub spodniami typu chino. Dobierz do tego klasyczne sztyblety lub trzewiki oraz botki z futerkiem! Mo\u017cecie te\u017c ustali\u0107, aby wszyscy pracownicy tego dnia postawili na stylizacj\u0119 ze \u015bwi\u0105tecznym akcentem!<\/p>\n\n\n\n<!-- BEGIN - feed broker -->\n<div class=\"feedbroker\" consumer-code-id=\"LtyBOJkaxkC0Au5BFvhI\"><script src=\"https:\/\/app.feed.broker\/consumer\/feedbroker-consumer-script.umd.js?v=1.0.1\" defer=\"\"><\/script><\/div>\n<!-- END - feed broker -->\n\n\n\n<p><\/p>\n\n\n\n<h3 class=\"wp-block-heading\">Szerokie spodnie i marynarka<\/h3>\n\n\n\n<p>To wci\u0105\u017c nie jest bardzo zobowi\u0105zuj\u0105cy zestaw, ale oddaj\u0105cy szacunek i wpisuj\u0105cy si\u0119 w klasyczn\u0105 elegancj\u0119. <strong>Szerokie spodnie z materia\u0142u s\u0105 absolutnym hitem tego sezonu<\/strong>. Mo\u017cna stylizowa\u0107 je na wiele sposob\u00f3w, zmieniaj\u0105c ich przeznaczenie.<\/p>\n\n\n\n<p>Dopasujesz je do szyfonowej koszuli z kokard\u0105 i marynarki. \u015awietnie sprawdz\u0105 si\u0119 dwurz\u0119dowe modele o d\u0142u\u017cszej formie. Nie musz\u0105 to by\u0107 jednolite zestawy. Czarny z bia\u0142ym b\u0119d\u0105 idealn\u0105 kompozycj\u0105, mo\u017cesz te\u017c postawi\u0107 na be\u017cow\u0105 klasyk\u0119. Po\u0142\u0105cz swoj\u0105 kompozycj\u0119 z botkami na obcasie i platformie.<\/p>\n\n\n\n<!-- BEGIN - feed broker -->\n<div class=\"feedbroker\" consumer-code-id=\"r7G8kSonH7GPJXimXiqN\"><script src=\"https:\/\/app.feed.broker\/consumer\/feedbroker-consumer-script.umd.js?v=1.0.1\" defer=\"\"><\/script><\/div>\n<!-- END - feed broker -->\n\n\n\n<p><\/p>\n\n\n\n<h3 class=\"wp-block-heading\">Klasyczna sukienka w kolorach sezonu<\/h3>\n\n\n\n<p>Ma\u0142a czarna zawsze b\u0119dzie bardzo dobrym rozwi\u0105zaniem, kt\u00f3re \u015bwietnie si\u0119 sprawdza. W tym sezonie czarny z powodzeniem zast\u0105pisz ciemnym bordo, ale te\u017c i butelkow\u0105 zieleni\u0105 czy intensywnym granatem. <strong>Postaw na materia\u0142 z satyny lub weluru z lekkim po\u0142yskiem<\/strong>. Wybierz d\u0142ugo\u015b\u0107 przed kolano lub midi.<\/p>\n\n\n\n<p>Minimalistyczne wersje mo\u017cesz uzupe\u0142ni\u0107 modnymi dodatkami np. w postaci \u015bwi\u0105tecznej broszki lub sznura pere\u0142. Dobierz do tego kozaki z szerok\u0105 lub marszczon\u0105 cholewk\u0105.<\/p>\n\n\n\n<figure class=\"wp-block-gallery has-nested-images columns-default is-cropped wp-block-gallery-2 is-layout-flex wp-block-gallery-is-layout-flex\">\n<figure class=\"wp-block-image size-full\"><img loading=\"lazy\" decoding=\"async\" width=\"512\" height=\"768\" data-id=\"27188\" src=\"https:\/\/blog.ccc.eu\/pl\/wp-content\/uploads\/2023\/11\/CCC_5905588760924_02M-Copy.jpg\" alt=\"str\u00f3j na wigili\u0119 w pracy czerwona sukienka i kremowa torebka\" class=\"wp-image-27188\" srcset=\"https:\/\/blog.ccc.eu\/pl\/wp-content\/uploads\/2023\/11\/CCC_5905588760924_02M-Copy.jpg 512w, https:\/\/blog.ccc.eu\/pl\/wp-content\/uploads\/2023\/11\/CCC_5905588760924_02M-Copy-200x300.jpg 200w, https:\/\/blog.ccc.eu\/pl\/wp-content\/uploads\/2023\/11\/CCC_5905588760924_02M-Copy-100x150.jpg 100w\" sizes=\"auto, (max-width: 512px) 100vw, 512px\" \/><\/figure>\n\n\n\n<figure class=\"wp-block-image size-full\"><img loading=\"lazy\" decoding=\"async\" width=\"512\" height=\"768\" data-id=\"27189\" src=\"https:\/\/blog.ccc.eu\/pl\/wp-content\/uploads\/2023\/11\/CCC_590558876092402_02M-Copy.jpg\" alt=\"\" class=\"wp-image-27189\" srcset=\"https:\/\/blog.ccc.eu\/pl\/wp-content\/uploads\/2023\/11\/CCC_590558876092402_02M-Copy.jpg 512w, https:\/\/blog.ccc.eu\/pl\/wp-content\/uploads\/2023\/11\/CCC_590558876092402_02M-Copy-200x300.jpg 200w, https:\/\/blog.ccc.eu\/pl\/wp-content\/uploads\/2023\/11\/CCC_590558876092402_02M-Copy-100x150.jpg 100w\" sizes=\"auto, (max-width: 512px) 100vw, 512px\" \/><\/figure>\n<\/figure>\n\n\n\n<!-- BEGIN - feed broker -->\n<div class=\"feedbroker\" consumer-code-id=\"F0VJAKaAvoNeyDv5PO6V\"><script src=\"https:\/\/app.feed.broker\/consumer\/feedbroker-consumer-script.umd.js?v=1.0.1\" defer=\"\"><\/script><\/div>\n<!-- END - feed broker -->\n\n\n\n<p><\/p>\n\n\n\n<h2 class=\"wp-block-heading\">Jak si\u0119 ubra\u0107 na wigili\u0119 w pracy w restauracji?<\/h2>\n\n\n\n<p>Wyj\u015bcie do restauracji jest zawsze bardziej zobowi\u0105zuj\u0105ce, dlatego nale\u017cy stworzy\u0107 na t\u0119 okazj\u0119 bardziej dopracowan\u0105 stylizacj\u0119. Nale\u017cy jednak pami\u0119ta\u0107, by nie przesadzi\u0107 z ilo\u015bci\u0105 dodatk\u00f3w, czy z \u015bwiec\u0105cych akcent\u00f3w, kt\u00f3re nadmiernie b\u0119d\u0105 skupia\u0142y na sobie uwag\u0119. St\u00f3j do restauracji na wigili\u0119 powinien by\u0107 elegancki, ale te\u017c i modny!<\/p>\n\n\n\n<h3 class=\"wp-block-heading\">Damski garnitur \u2013 idealny pomys\u0142 na wigili\u0119 firmow\u0105<\/h3>\n\n\n\n<p>Damski garnitur ju\u017c od wielu sezon\u00f3w gra kluczow\u0105 rol\u0119 w wielu zestawach. Ch\u0119tnie wybierany do biurowego dress codu, ale te\u017c i na niecodzienne spotkania. Bardzo dobrze sprawdzi si\u0119 w wigilijnej wersji! Mo\u017cesz postawi\u0107 na garnitur w czarnym kolorze, kt\u00f3ry masz ju\u017c w swojej szafie. \u015awietnie sprawdz\u0105 si\u0119 te\u017c bia\u0142e modele.<\/p>\n\n\n\n<p>Je\u017celi jednak szukasz garnituru, kt\u00f3ry wykorzystasz r\u00f3wnie\u017c na \u015bwi\u0119ta czy w okresie karnawa\u0142u <strong>postaw na modele wykonane z weluru o nieco swobodniejszym kroju<\/strong>, a tak\u017ce te przeszywane z\u0142ot\u0105 lub srebrn\u0105 nici\u0105. W Twoim garniturze doskonale sprawdzi si\u0119 te\u017c cekinowa marynarka w czarnym kolorze. Do swojego zestawu dobierz klasyczne botki na szpilce lub s\u0142upku.<\/p>\n\n\n\n<!-- BEGIN - feed broker -->\n<div class=\"feedbroker\" consumer-code-id=\"OxZ4WWYTMsEdV0yhzXM2\"><script src=\"https:\/\/app.feed.broker\/consumer\/feedbroker-consumer-script.umd.js?v=1.0.1\" defer=\"\"><\/script><\/div>\n<!-- END - feed broker -->\n\n\n\n<p><\/p>\n\n\n\n<h3 class=\"wp-block-heading\">Zestaw sp\u00f3dnicy z marynark\u0105 \u2013 modne rozwi\u0105zanie na s\u0142u\u017cbow\u0105 wigili\u0119<\/h3>\n\n\n\n<p>To po\u0142\u0105czenie daje nam naprawd\u0119 du\u017co mo\u017cliwo\u015bci. Oczywi\u015bcie mo\u017cesz postawi\u0107 na tweedowy komplet ze z\u0142otymi guzikami, kt\u00f3ry zawsze dobrze si\u0119 prezentuje, lub klasyczn\u0105 czarn\u0105 sp\u00f3dniczk\u0119 i marynark\u0119 w czerwon\u0105 krat\u0119.<\/p>\n\n\n\n<p>W wigilii s\u0142u\u017cbowej \u015bwietnie zaprezentuj\u0105 si\u0119 te\u017c modowe akcenty. Mo\u017cesz wybra\u0107 sp\u00f3dnic\u0119 o\u0142\u00f3wkow\u0105 z imitacji sk\u00f3ry w kolorze czekoladowego br\u0105zu i zestawi\u0107 j\u0105 z satynow\u0105 eleganck\u0105 koszul\u0105. <strong>\u015awietnie sprawdzi si\u0119 te\u017c cekinowa sp\u00f3dnica w jasnym kolorze, kt\u00f3ra idealnie sparuje si\u0119 z bia\u0142\u0105 marynark\u0105.<\/strong> Postaw na klasyczne kozaki, kt\u00f3re dope\u0142ni\u0105 efekt.<\/p>\n\n\n\n<figure class=\"wp-block-gallery has-nested-images columns-default is-cropped wp-block-gallery-3 is-layout-flex wp-block-gallery-is-layout-flex\">\n<figure class=\"wp-block-image size-full\"><img loading=\"lazy\" decoding=\"async\" width=\"576\" height=\"768\" data-id=\"27186\" src=\"https:\/\/blog.ccc.eu\/pl\/wp-content\/uploads\/2023\/11\/Print_II-15-Copy.jpg\" alt=\"wigilia firmowa stylizacja ze sp\u00f3dnic\u0105 maxi i botkami na szpilce\" class=\"wp-image-27186\" srcset=\"https:\/\/blog.ccc.eu\/pl\/wp-content\/uploads\/2023\/11\/Print_II-15-Copy.jpg 576w, https:\/\/blog.ccc.eu\/pl\/wp-content\/uploads\/2023\/11\/Print_II-15-Copy-225x300.jpg 225w, https:\/\/blog.ccc.eu\/pl\/wp-content\/uploads\/2023\/11\/Print_II-15-Copy-100x133.jpg 100w\" sizes=\"auto, (max-width: 576px) 100vw, 576px\" \/><\/figure>\n\n\n\n<figure class=\"wp-block-image size-full\"><img loading=\"lazy\" decoding=\"async\" width=\"576\" height=\"768\" data-id=\"27187\" src=\"https:\/\/blog.ccc.eu\/pl\/wp-content\/uploads\/2023\/11\/Print_II-17-Copy.jpg\" alt=\"\" class=\"wp-image-27187\" srcset=\"https:\/\/blog.ccc.eu\/pl\/wp-content\/uploads\/2023\/11\/Print_II-17-Copy.jpg 576w, https:\/\/blog.ccc.eu\/pl\/wp-content\/uploads\/2023\/11\/Print_II-17-Copy-225x300.jpg 225w, https:\/\/blog.ccc.eu\/pl\/wp-content\/uploads\/2023\/11\/Print_II-17-Copy-100x133.jpg 100w\" sizes=\"auto, (max-width: 576px) 100vw, 576px\" \/><\/figure>\n<\/figure>\n\n\n\n<!-- BEGIN - feed broker -->\n<div class=\"feedbroker\" consumer-code-id=\"zQALPsoMpD6gSjAIzEXf\"><script src=\"https:\/\/app.feed.broker\/consumer\/feedbroker-consumer-script.umd.js?v=1.0.1\" defer=\"\"><\/script><\/div>\n<!-- END - feed broker -->\n\n\n\n<p><\/p>\n\n\n\n<h3 class=\"wp-block-heading\">Elegancka sukienka w wersji maxi!<\/h3>\n\n\n\n<p>Kolumnowa sukienka w tym sezonie nale\u017cy do jednej z najbardziej efektownych. Wybieraj\u0105c minimalistyczne wersje pe\u0142ne klasyki, idealnie dopasujesz je jeszcze do wielu innych stylizacji. Oczywi\u015bcie bardzo dobrym pomys\u0142em b\u0119dzie czer\u0144, kt\u00f3r\u0105 uzupe\u0142ni\u0105 dodatki w kolorze z\u0142ota. Warto postawi\u0107 na satyn\u0119 lub lekko po\u0142yskuj\u0105ce materia\u0142y. <strong>Mo\u017cesz zdecydowa\u0107 si\u0119 te\u017c na czerwie\u0144, kt\u00f3ra jest mocnym i wyrazistym kolorem, jednak idealnie pasuj\u0105cym do \u015bwi\u0105tecznej aury<\/strong>. Czerwona sukienka maxi b\u0119dzie strza\u0142em w dziesi\u0105tk\u0119! Po\u0142\u0105cz j\u0105 efektownymi botkami!<\/p>\n\n\n\n<!-- BEGIN - feed broker -->\n<div class=\"feedbroker\" consumer-code-id=\"R0fJYbr6PJ4MDR2XgPBc\"><script src=\"https:\/\/app.feed.broker\/consumer\/feedbroker-consumer-script.umd.js?v=1.0.1\" defer=\"\"><\/script><\/div>\n<!-- END - feed broker -->\n\n\n\n<p><\/p>\n\n\n\n<h2 class=\"wp-block-heading\">Jak si\u0119 ubra\u0107 na wigili\u0119 firmow\u0105? Zaskocz znajomo\u015bci\u0105 trend\u00f3w!<\/h2>\n\n\n\n<p>Stylizacje na wigili\u0119 firmow\u0105 powinny by\u0107 dostosowane do okoliczno\u015bci. Je\u017celi masz w swojej garderobie odpowiedni\u0105 baz\u0119, to wystarczy uzupe\u0142ni\u0107 j\u0105 o efektowne dodatki, kt\u00f3re podkre\u015bl\u0105 ca\u0142y outfit, ale te\u017c poka\u017c\u0105 jak \u015bwietnie znasz si\u0119 na trendach. Klasyczne buty idealnie pasuj\u0105ce do \u015bwi\u0105t znajdziesz w kolekcjach naszych topowych marek. Zajrzyj do naszych salon\u00f3w CCC, na ccc.eu i do aplikacji!<\/p>\n","protected":false},"excerpt":{"rendered":"<p>\u015awi\u0105teczne spotkanie w grudniu to jedyna taka impreza w wielu firmach, gdzie spotykaj\u0105 si\u0119 wszyscy pracownicy. W zale\u017cno\u015bci od wielko\u015bci firmy mog\u0105 by\u0107 to spotkania dzia\u0142owe lub z danego obszaru, je\u017celi m\u00f3wimy o firmie zatrudniaj\u0105cej du\u017co os\u00f3b. Pracodawcy w tym dniu organizuj\u0105 przyj\u0119cia w biurze lub zapraszaj\u0105 pracownik\u00f3w do restauracji na bardziej wystawn\u0105 uroczysto\u015b\u0107. Jak [&hellip;]<\/p>\n","protected":false},"author":17,"featured_media":27184,"comment_status":"open","ping_status":"closed","sticky":false,"template":"","format":"standard","meta":{"_acf_changed":false,"footnotes":""},"categories":[1581],"tags":[],"class_list":["post-21086","post","type-post","status-publish","format-standard","has-post-thumbnail","hentry","category-jak-sie-ubrac"],"acf":[],"_links":{"self":[{"href":"https:\/\/blog.ccc.eu\/pl\/wp-json\/wp\/v2\/posts\/21086","targetHints":{"allow":["GET"]}}],"collection":[{"href":"https:\/\/blog.ccc.eu\/pl\/wp-json\/wp\/v2\/posts"}],"about":[{"href":"https:\/\/blog.ccc.eu\/pl\/wp-json\/wp\/v2\/types\/post"}],"author":[{"embeddable":true,"href":"https:\/\/blog.ccc.eu\/pl\/wp-json\/wp\/v2\/users\/17"}],"replies":[{"embeddable":true,"href":"https:\/\/blog.ccc.eu\/pl\/wp-json\/wp\/v2\/comments?post=21086"}],"version-history":[{"count":5,"href":"https:\/\/blog.ccc.eu\/pl\/wp-json\/wp\/v2\/posts\/21086\/revisions"}],"predecessor-version":[{"id":27194,"href":"https:\/\/blog.ccc.eu\/pl\/wp-json\/wp\/v2\/posts\/21086\/revisions\/27194"}],"wp:featuredmedia":[{"embeddable":true,"href":"https:\/\/blog.ccc.eu\/pl\/wp-json\/wp\/v2\/media\/27184"}],"wp:attachment":[{"href":"https:\/\/blog.ccc.eu\/pl\/wp-json\/wp\/v2\/media?parent=21086"}],"wp:term":[{"taxonomy":"category","embeddable":true,"href":"https:\/\/blog.ccc.eu\/pl\/wp-json\/wp\/v2\/categories?post=21086"},{"taxonomy":"post_tag","embeddable":true,"href":"https:\/\/blog.ccc.eu\/pl\/wp-json\/wp\/v2\/tags?post=21086"}],"curies":[{"name":"wp","href":"https:\/\/api.w.org\/{rel}","templated":true}]}}