{"id":21217,"date":"2023-12-08T11:46:42","date_gmt":"2023-12-08T10:46:42","guid":{"rendered":"https:\/\/blog.ccc.eu\/pl\/?p=21217"},"modified":"2024-01-03T12:58:13","modified_gmt":"2024-01-03T11:58:13","slug":"najczestsze-bledy-w-kompletowaniu-stylizacji","status":"publish","type":"post","link":"https:\/\/blog.ccc.eu\/pl\/najczestsze-bledy-w-kompletowaniu-stylizacji\/","title":{"rendered":"Najcz\u0119stsze b\u0142\u0119dy w\u2026 kompletowaniu stylizacji!"},"content":{"rendered":"\n<p><strong>Wsp\u00f3\u0142czesny \u015bwiat mody oferuje naprawd\u0119 ogromny wyb\u00f3r ubra\u0144, but\u00f3w, torebek i dodatk\u00f3w, co mo\u017ce powodowa\u0107 pewne komplikacje, gdy szukasz \u201etych w\u0142a\u015bciwych\u201d na dan\u0105 okazj\u0119. Nawet, gdy jeste\u015b zadeklarowan\u0105 mi\u0142o\u015bniczk\u0105 trend\u00f3w i doskonale poruszasz si\u0119 po sklepowych p\u00f3\u0142kach mo\u017cesz pope\u0142ni\u0107 modowe faux pas zupe\u0142nie nie\u015bwiadomie. Podpowiem Ci jakich po\u0142\u0105cze\u0144 i stylizacji nale\u017cy unika\u0107 w kompletowaniu looku na wa\u017cn\u0105 okazj\u0119 i na co dzie\u0144. Przeczytaj porady i uniknij modowego b\u0142\u0119du!<\/strong><\/p>\n\n\n\n<figure class=\"wp-block-image size-large\"><img loading=\"lazy\" decoding=\"async\" width=\"1024\" height=\"683\" src=\"https:\/\/blog.ccc.eu\/pl\/wp-content\/uploads\/2023\/12\/imgonline-com-ua-compressed-SYtQCFvv5gZkV-1024x683.jpg\" alt=\"najcz\u0119stsze b\u0142\u0119dy w stylizacjach\" class=\"wp-image-21218\" srcset=\"https:\/\/blog.ccc.eu\/pl\/wp-content\/uploads\/2023\/12\/imgonline-com-ua-compressed-SYtQCFvv5gZkV-1024x683.jpg 1024w, https:\/\/blog.ccc.eu\/pl\/wp-content\/uploads\/2023\/12\/imgonline-com-ua-compressed-SYtQCFvv5gZkV-300x200.jpg 300w, https:\/\/blog.ccc.eu\/pl\/wp-content\/uploads\/2023\/12\/imgonline-com-ua-compressed-SYtQCFvv5gZkV-768x512.jpg 768w, https:\/\/blog.ccc.eu\/pl\/wp-content\/uploads\/2023\/12\/imgonline-com-ua-compressed-SYtQCFvv5gZkV-1536x1025.jpg 1536w, https:\/\/blog.ccc.eu\/pl\/wp-content\/uploads\/2023\/12\/imgonline-com-ua-compressed-SYtQCFvv5gZkV-100x67.jpg 100w, https:\/\/blog.ccc.eu\/pl\/wp-content\/uploads\/2023\/12\/imgonline-com-ua-compressed-SYtQCFvv5gZkV.jpg 1731w\" sizes=\"auto, (max-width: 1024px) 100vw, 1024px\" \/><\/figure>\n\n\n\n<h2 class=\"wp-block-heading\">B\u0142\u0119dy w stylizacjach \u2013 dlaczego je pope\u0142niamy?<\/h2>\n\n\n\n<p>Ka\u017cdego dnia mierzymy si\u0119 z przygotowaniem codziennej stylizacji, ale prawdziwe wyzwanie przychodzi wtedy, gdy musimy stworzy\u0107 str\u00f3j na konkretn\u0105 okazj\u0119: na randk\u0119, do teatru, na \u015blub, urodziny, wigili\u0119 firmow\u0105, czy oficjalne spotkanie w gronie najbli\u017cszych.<\/p>\n\n\n\n<p>Ka\u017cda z tych okazji wymaga osobnego podej\u015bcia do tematu, jednak <strong>jest kilka \u017celaznych zasad, dzi\u0119ki kt\u00f3rym du\u017co \u0142atwiej b\u0119dzie Ci podj\u0105\u0107 modow\u0105 decyzj\u0119<\/strong>, gdy staniesz przed swoj\u0105 szaf\u0105 lub sklepow\u0105 p\u00f3\u0142k\u0105. Czasem, gdy starasz si\u0119 \u201eza bardzo\u201d otrzymujesz odwrotny efekt, zobacz, jakich podstawowych b\u0142\u0119d\u00f3w nale\u017cy unika\u0107, w kompletowaniu stylizacji.<\/p>\n\n\n\n<h2 class=\"wp-block-heading\">#1 Niew\u0142a\u015bciwe dopasowanie stylizacji do okazji<\/h2>\n\n\n\n<p>Wychodzimy od tego, \u017ce czasami, gdy chcemy dobrze, to w efekcie ko\u0144cowym wychodzi \u201ejak zwykle\u201d. Bardzo cz\u0119sto dotyczy to nieodpowiedniego dopasowania stylizacji do obowi\u0105zuj\u0105cego dress codu w danym miejscu czy sytuacji. Do kultowych faux pas nale\u017cy m.in. za\u0142o\u017cenie bia\u0142ej sukni na \u015blub przyjaci\u00f3\u0142ki, ale te\u017c i ca\u0142kowicie czarnej kreacji na wesele.<\/p>\n\n\n\n<p>Nieodpowiednim jest te\u017c wybranie zbyt kr\u00f3tkiej sp\u00f3dniczki do pracy, w kt\u00f3rej obowi\u0105zuj\u0105 konkretne zasady, lub zbyt g\u0142\u0119bokiego dekoltu do miejsca kultu religijnego. <strong>Stylizacyjne niezrozumienie tego, gdzie si\u0119 wybieramy i jak powinni\u015bmy ubra\u0107 si\u0119 na dan\u0105 okazj\u0119 nale\u017cy do najcz\u0119\u015bciej pope\u0142nianych b\u0142\u0119d\u00f3w.<\/strong> Warto przemy\u015ble\u0107 swoj\u0105 stylizacj\u0119, uwzgl\u0119dniaj\u0105c absolutnie wszystkie czynniki, kt\u00f3re mog\u0105 wp\u0142yn\u0105\u0107 na to, jak zostaniemy odebrani. Zobacz w\u0142a\u015bciwie przygotowan\u0105 stylizacj\u0119 do pracy od Gino Rossi.<\/p>\n\n\n\n<div class=\"wp-block-group is-nowrap is-layout-flex wp-container-core-group-is-layout-ad2f72ca wp-block-group-is-layout-flex\">\n<figure class=\"wp-block-image size-full\"><img loading=\"lazy\" decoding=\"async\" width=\"740\" height=\"1000\" src=\"https:\/\/blog.ccc.eu\/pl\/wp-content\/uploads\/2023\/12\/1.jpg\" alt=\"stylizacja do biura\" class=\"wp-image-21234\" srcset=\"https:\/\/blog.ccc.eu\/pl\/wp-content\/uploads\/2023\/12\/1.jpg 740w, https:\/\/blog.ccc.eu\/pl\/wp-content\/uploads\/2023\/12\/1-222x300.jpg 222w, https:\/\/blog.ccc.eu\/pl\/wp-content\/uploads\/2023\/12\/1-100x135.jpg 100w\" sizes=\"auto, (max-width: 740px) 100vw, 740px\" \/><\/figure>\n\n\n\n<figure class=\"wp-block-image size-full\"><img loading=\"lazy\" decoding=\"async\" width=\"750\" height=\"1000\" src=\"https:\/\/blog.ccc.eu\/pl\/wp-content\/uploads\/2023\/12\/1a.jpg\" alt=\"botki gino rossi\" class=\"wp-image-21235\" srcset=\"https:\/\/blog.ccc.eu\/pl\/wp-content\/uploads\/2023\/12\/1a.jpg 750w, https:\/\/blog.ccc.eu\/pl\/wp-content\/uploads\/2023\/12\/1a-225x300.jpg 225w, https:\/\/blog.ccc.eu\/pl\/wp-content\/uploads\/2023\/12\/1a-100x133.jpg 100w\" sizes=\"auto, (max-width: 750px) 100vw, 750px\" \/><\/figure>\n<\/div>\n\n\n\n<h2 class=\"wp-block-heading\">#2 Nieodpowiednie obuwie do sukienki wizytowej<\/h2>\n\n\n\n<p>To kolejny b\u0142\u0105d, kt\u00f3ry bardzo cz\u0119sto zdarza si\u0119 w naszych stylizacjach. Z za\u0142o\u017cenia wychodzimy, \u017ce do eleganckiej sukienki zawsze b\u0119d\u0105 pasowa\u0142y czarne cz\u00f3\u0142enka. Nie jest to prawd\u0105, poniewa\u017c niekt\u00f3re sytuacje, materia\u0142y czy fasony, po prostu s\u0105 nieodpowiednie dla cz\u00f3\u0142enek, kt\u00f3re de facto s\u0105 najbardziej uniwersalnym rodzajem obuwia.<\/p>\n\n\n\n<p>To samo dotyczy sanda\u0142\u00f3w na szpilce, nawet tych najbardziej eleganckich. <strong>Je\u017celi Twoja wizytowa sukienka jest bardzo efektowna, to r\u00f3wnie szykowne buty, mog\u0105 zepsu\u0107 ca\u0142\u0105 stylizacj\u0119<\/strong>. By nie pope\u0142ni\u0107 modowego b\u0142\u0119du nale\u017cy dobiera\u0107 buty pasuj\u0105ce charakterem i stylem do sukienki. Niekoniecznie kolorem \u2013 to dawno sta\u0142o si\u0119 ju\u017c modowym mitem. Dobrze dobrane buty do sukienki s\u0105 jej uzupe\u0142nieniem i modnym akcentem, kt\u00f3ry stanowi z ca\u0142ym outfitem harmoni\u0119. Zamiast na czer\u0144 postaw czasem na neutralny be\u017c. Sp\u00f3jrz, jak dobrze po\u0142\u0105czy\u0142a to marka Gino Rossi.<\/p>\n\n\n\n<div class=\"wp-block-group is-nowrap is-layout-flex wp-container-core-group-is-layout-ad2f72ca wp-block-group-is-layout-flex\">\n<figure class=\"wp-block-image size-full\"><img loading=\"lazy\" decoding=\"async\" width=\"750\" height=\"1000\" src=\"https:\/\/blog.ccc.eu\/pl\/wp-content\/uploads\/2023\/12\/2.jpg\" alt=\"stylizacja z eleganck\u0105 sukienk\u0105\" class=\"wp-image-21236\" srcset=\"https:\/\/blog.ccc.eu\/pl\/wp-content\/uploads\/2023\/12\/2.jpg 750w, https:\/\/blog.ccc.eu\/pl\/wp-content\/uploads\/2023\/12\/2-225x300.jpg 225w, https:\/\/blog.ccc.eu\/pl\/wp-content\/uploads\/2023\/12\/2-100x133.jpg 100w\" sizes=\"auto, (max-width: 750px) 100vw, 750px\" \/><\/figure>\n\n\n\n<figure class=\"wp-block-image size-full\"><img loading=\"lazy\" decoding=\"async\" width=\"750\" height=\"1000\" src=\"https:\/\/blog.ccc.eu\/pl\/wp-content\/uploads\/2023\/12\/2a.jpg\" alt=\"sk\u00f3rzane cz\u00f3\u0142enka be\u017cowe\" class=\"wp-image-21237\" srcset=\"https:\/\/blog.ccc.eu\/pl\/wp-content\/uploads\/2023\/12\/2a.jpg 750w, https:\/\/blog.ccc.eu\/pl\/wp-content\/uploads\/2023\/12\/2a-225x300.jpg 225w, https:\/\/blog.ccc.eu\/pl\/wp-content\/uploads\/2023\/12\/2a-100x133.jpg 100w\" sizes=\"auto, (max-width: 750px) 100vw, 750px\" \/><\/figure>\n<\/div>\n\n\n\n<h2 class=\"wp-block-heading\">#3 Nieodpowiednia torebka do eleganckiej sukienki<\/h2>\n\n\n\n<p>Znowu borykamy si\u0119 z okre\u015blonym dress codem. Eleganckie czy wizytowe sukienki wymagaj\u0105 specyficznie dobranych dodatk\u00f3w. Codzienne torebki, nawet te mniejszych rozmiar\u00f3w jak saddle bag, czy skromne listonoszki nie b\u0119d\u0105 pasowa\u0142y do sukienki z jedwabiu czy aksamitu. <strong>Absolutnie trzeba te\u017c wykluczy\u0107 wi\u0119ksze gabaryty w postaci shopperek czy tote bag\u00f3w.<\/strong> Te torebki nie id\u0105 w parze z eleganck\u0105 sukienk\u0105 na przyj\u0119cia.<\/p>\n\n\n\n<p>Zawsze dobrym rozwi\u0105zaniem b\u0119dzie potraktowanie torebki, jako modny gad\u017cet. <strong>Niewielkie b\u0142yszcz\u0105ce puzderka, klasyczne geometryczne kopert\u00f3wki b\u0119d\u0105 dobr\u0105 propozycj\u0105 do sukienki, kt\u00f3ra jest przeznaczona na specjalne okazje.<\/strong> Gino Rossi proponuje swoj\u0105 klasyczn\u0105 torebk\u0119 jako uzupe\u0142nienie zestawu. \u015awietnie to wygl\u0105da.<\/p>\n\n\n\n<div class=\"wp-block-group is-nowrap is-layout-flex wp-container-core-group-is-layout-ad2f72ca wp-block-group-is-layout-flex\">\n<figure class=\"wp-block-image size-large\"><img loading=\"lazy\" decoding=\"async\" width=\"1024\" height=\"977\" src=\"https:\/\/blog.ccc.eu\/pl\/wp-content\/uploads\/2023\/12\/3-1024x977.jpg\" alt=\"stylizacja z be\u017cow\u0105 torebk\u0105\" class=\"wp-image-21238\" srcset=\"https:\/\/blog.ccc.eu\/pl\/wp-content\/uploads\/2023\/12\/3-1024x977.jpg 1024w, https:\/\/blog.ccc.eu\/pl\/wp-content\/uploads\/2023\/12\/3-300x286.jpg 300w, https:\/\/blog.ccc.eu\/pl\/wp-content\/uploads\/2023\/12\/3-768x733.jpg 768w, https:\/\/blog.ccc.eu\/pl\/wp-content\/uploads\/2023\/12\/3-100x95.jpg 100w, https:\/\/blog.ccc.eu\/pl\/wp-content\/uploads\/2023\/12\/3.jpg 1048w\" sizes=\"auto, (max-width: 1024px) 100vw, 1024px\" \/><\/figure>\n\n\n\n<figure class=\"wp-block-image size-full\"><img loading=\"lazy\" decoding=\"async\" width=\"667\" height=\"1000\" src=\"https:\/\/blog.ccc.eu\/pl\/wp-content\/uploads\/2023\/12\/3a.jpg\" alt=\"sk\u00f3rzana be\u017cowa torebka gino rossi\" class=\"wp-image-21239\" srcset=\"https:\/\/blog.ccc.eu\/pl\/wp-content\/uploads\/2023\/12\/3a.jpg 667w, https:\/\/blog.ccc.eu\/pl\/wp-content\/uploads\/2023\/12\/3a-200x300.jpg 200w, https:\/\/blog.ccc.eu\/pl\/wp-content\/uploads\/2023\/12\/3a-100x150.jpg 100w\" sizes=\"auto, (max-width: 667px) 100vw, 667px\" \/><\/figure>\n<\/div>\n\n\n\n<h2 class=\"wp-block-heading\">#4 Zbyt du\u017ca liczba dodatk\u00f3w<\/h2>\n\n\n\n<p>Bardzo cz\u0119sty b\u0142\u0105d, kt\u00f3ry dotyczy w og\u00f3le nieumiej\u0119tnego dobierania dodatk\u00f3w do stylizacji. Bardzo trudno nam z czego\u015b zrezygnowa\u0107, je\u017celi mamy pi\u0119kne kolczyki, okaza\u0142y naszyjnik czy bransolet\u0119. Jednak po\u0142\u0105czenie tych wszystkich element\u00f3w na raz pomo\u017ce nam zaliczy\u0107 modow\u0105 wpadk\u0119. Je\u017celi decydujemy si\u0119 na bi\u017cuteri\u0119 w rozmiarze XL, mo\u017ce to by\u0107 tylko jeden z element\u00f3w. W przypadku drobnej bi\u017cuterii kolczyki i bransoleta b\u0119d\u0105 \u015bwietn\u0105 kompozycj\u0105.<\/p>\n\n\n\n<p>Wa\u017cne jest te\u017c to, \u017ce <strong>modowe faux pas pope\u0142niasz r\u00f3wnie\u017c, gdy ca\u0142kowicie rezygnujesz z bi\u017cuterii<\/strong>, a swoj\u0105 wizytow\u0105 sukienk\u0119 pozostawiasz w \u201eosamotnieniu\u201d. Bi\u017cuteri\u0119 zawsze staraj si\u0119 dobiera\u0107 do rodzaju sukienki. Ta, kt\u00f3ra b\u0119dzie mia\u0142a bogate wzornictwo, potrzebuje tylko dyskretnego podkre\u015blenia. Sp\u00f3jrz na stylizacj\u0119 od Gino Rossi, efektowne kolczyki spe\u0142niaj\u0105 ca\u0142kowicie rol\u0119 bi\u017cuterii w tym zestawieniu.<\/p>\n\n\n\n<div class=\"wp-block-group is-nowrap is-layout-flex wp-container-core-group-is-layout-ad2f72ca wp-block-group-is-layout-flex\">\n<figure class=\"wp-block-image size-full\"><img loading=\"lazy\" decoding=\"async\" width=\"750\" height=\"1000\" src=\"https:\/\/blog.ccc.eu\/pl\/wp-content\/uploads\/2023\/12\/4.jpg\" alt=\"stylizacja z kopert\u00f3wk\u0105\" class=\"wp-image-21240\" srcset=\"https:\/\/blog.ccc.eu\/pl\/wp-content\/uploads\/2023\/12\/4.jpg 750w, https:\/\/blog.ccc.eu\/pl\/wp-content\/uploads\/2023\/12\/4-225x300.jpg 225w, https:\/\/blog.ccc.eu\/pl\/wp-content\/uploads\/2023\/12\/4-100x133.jpg 100w\" sizes=\"auto, (max-width: 750px) 100vw, 750px\" \/><\/figure>\n\n\n\n<figure class=\"wp-block-image size-full\"><img loading=\"lazy\" decoding=\"async\" width=\"750\" height=\"1000\" src=\"https:\/\/blog.ccc.eu\/pl\/wp-content\/uploads\/2023\/12\/4a.jpg\" alt=\"elegancka stylizacja z czarn\u0105 kopert\u00f3wk\u0105 i czarnymi cz\u00f3\u0142enkami\" class=\"wp-image-21241\" srcset=\"https:\/\/blog.ccc.eu\/pl\/wp-content\/uploads\/2023\/12\/4a.jpg 750w, https:\/\/blog.ccc.eu\/pl\/wp-content\/uploads\/2023\/12\/4a-225x300.jpg 225w, https:\/\/blog.ccc.eu\/pl\/wp-content\/uploads\/2023\/12\/4a-100x133.jpg 100w\" sizes=\"auto, (max-width: 750px) 100vw, 750px\" \/><\/figure>\n<\/div>\n\n\n\n<h2 class=\"wp-block-heading\">#5 Niedopasowanie kolorystyczne mi\u0119dzy elementami garderoby<\/h2>\n\n\n\n<p>Modny styl eklektyczny nie jest dobry dla ka\u017cdego. Nie wystarczy za\u0142o\u017cy\u0107 na siebie popularnych w danym sezonie trend\u00f3w, by wygl\u0105da\u0107 modnie. Wszystkie elementy znaj\u0105cego si\u0119 na modzie eklektyka, s\u0105 doskonale do siebie dopasowane. Oczywi\u015bcie w stylizacji zawsze chodzi o to, by dobrze si\u0119 w niej czu\u0107, ale warto te\u017c pami\u0119ta\u0107, \u017ce str\u00f3j to ubranie, a nie przebranie.<\/p>\n\n\n\n<p>Zielone spodnie nie b\u0119d\u0105 dobrze wygl\u0105da\u0142y z \u017c\u00f3\u0142t\u0105 intensywn\u0105 bluzk\u0105 i brokatowymi szpilkami. <strong>Je\u017celi lubisz ekscentryczne styl\u00f3wki, dbaj o to, by ka\u017cdy z kolor\u00f3w mia\u0142 swoje miejsce w stylizacji.<\/strong> Zawsze kto\u015b musi by\u0107 numerem jeden, a kto\u015b inny jego uzupe\u0142nieniem. Czasami dobre po\u0142\u0105czenie zale\u017cy od temperatury barw, kt\u00f3re si\u0119 ze sob\u0105 mieszaj\u0105. Marka Jenny Fairy zestawi\u0142a czarn\u0105 sukienk\u0119 z wzorzyst\u0105 torebk\u0105. I to jest strza\u0142 w dziesi\u0105tk\u0119.<\/p>\n\n\n\n<div class=\"wp-block-group is-nowrap is-layout-flex wp-container-core-group-is-layout-ad2f72ca wp-block-group-is-layout-flex\">\n<figure class=\"wp-block-image size-large\"><img loading=\"lazy\" decoding=\"async\" width=\"683\" height=\"1024\" src=\"https:\/\/blog.ccc.eu\/pl\/wp-content\/uploads\/2023\/12\/5-683x1024.jpg\" alt=\"stylizacja z torebk\u0105 bagietk\u0105\" class=\"wp-image-21242\" srcset=\"https:\/\/blog.ccc.eu\/pl\/wp-content\/uploads\/2023\/12\/5-683x1024.jpg 683w, https:\/\/blog.ccc.eu\/pl\/wp-content\/uploads\/2023\/12\/5-200x300.jpg 200w, https:\/\/blog.ccc.eu\/pl\/wp-content\/uploads\/2023\/12\/5-768x1152.jpg 768w, https:\/\/blog.ccc.eu\/pl\/wp-content\/uploads\/2023\/12\/5-1024x1536.jpg 1024w, https:\/\/blog.ccc.eu\/pl\/wp-content\/uploads\/2023\/12\/5-100x150.jpg 100w, https:\/\/blog.ccc.eu\/pl\/wp-content\/uploads\/2023\/12\/5.jpg 1245w\" sizes=\"auto, (max-width: 683px) 100vw, 683px\" \/><\/figure>\n\n\n\n<figure class=\"wp-block-image size-full\"><img loading=\"lazy\" decoding=\"async\" width=\"667\" height=\"1000\" src=\"https:\/\/blog.ccc.eu\/pl\/wp-content\/uploads\/2023\/12\/5a.jpg\" alt=\"kolorowa torebka bagietka jenny fairy\" class=\"wp-image-21243\" srcset=\"https:\/\/blog.ccc.eu\/pl\/wp-content\/uploads\/2023\/12\/5a.jpg 667w, https:\/\/blog.ccc.eu\/pl\/wp-content\/uploads\/2023\/12\/5a-200x300.jpg 200w, https:\/\/blog.ccc.eu\/pl\/wp-content\/uploads\/2023\/12\/5a-100x150.jpg 100w\" sizes=\"auto, (max-width: 667px) 100vw, 667px\" \/><\/figure>\n<\/div>\n\n\n\n<h2 class=\"wp-block-heading\">#6 Nieodpowiedni rozmiar sukienki, ale te\u017c i but\u00f3w!<\/h2>\n\n\n\n<p>Czasami nie potrafimy zrezygnowa\u0107 z danego stroju, bo tak bardzo nam si\u0119 podoba. Cz\u0119sto te\u017c podejmujemy zakupowe decyzje w niew\u0142a\u015bciwy spos\u00f3b, kieruj\u0105c si\u0119 my\u015bl\u0105 \u201eprzecie\u017c schudn\u0119\u201d lub \u201ena pewno da si\u0119 to zw\u0119zi\u0107\u201d.<\/p>\n\n\n\n<p>Zamiast kombinowa\u0107 ju\u017c na starcie, warto wybra\u0107 dopasowane ubranie, kt\u00f3re nie b\u0119dzie kr\u0119powa\u0142o ruch\u00f3w i nadmiernie przylega\u0142o do sylwetki, ale te\u017c nie b\u0119dzie nieefektownie udawa\u0142o \u201eoversize\u201d. To samo dotyczy but\u00f3w. Nawet, je\u017celi kupujesz je w domy\u015ble, \u017ce to tylko na jedn\u0105 okazj\u0119 i zawsze mo\u017cesz je rozci\u0105gn\u0105\u0107 lub wypcha\u0107 wat\u0105, robisz krzywd\u0119 swojemu organizmowi, kt\u00f3ry b\u0119dzie musia\u0142 znosi\u0107 tortury w za du\u017cych butach czy ciasnej sukience. <strong>Zobacz, jak swobodnie prezentuje si\u0119 ta zielona sukienka z pi\u0119kn\u0105 torebk\u0105 Lasocki.<\/strong><\/p>\n\n\n\n<div class=\"wp-block-group is-nowrap is-layout-flex wp-container-core-group-is-layout-ad2f72ca wp-block-group-is-layout-flex\">\n<figure class=\"wp-block-image size-large\"><img loading=\"lazy\" decoding=\"async\" width=\"683\" height=\"1024\" src=\"https:\/\/blog.ccc.eu\/pl\/wp-content\/uploads\/2023\/12\/6-683x1024.jpg\" alt=\"stylizacja z pikowan\u0105 torebk\u0105\" class=\"wp-image-21244\" srcset=\"https:\/\/blog.ccc.eu\/pl\/wp-content\/uploads\/2023\/12\/6-683x1024.jpg 683w, https:\/\/blog.ccc.eu\/pl\/wp-content\/uploads\/2023\/12\/6-200x300.jpg 200w, https:\/\/blog.ccc.eu\/pl\/wp-content\/uploads\/2023\/12\/6-768x1152.jpg 768w, https:\/\/blog.ccc.eu\/pl\/wp-content\/uploads\/2023\/12\/6-1024x1536.jpg 1024w, https:\/\/blog.ccc.eu\/pl\/wp-content\/uploads\/2023\/12\/6-100x150.jpg 100w, https:\/\/blog.ccc.eu\/pl\/wp-content\/uploads\/2023\/12\/6.jpg 1245w\" sizes=\"auto, (max-width: 683px) 100vw, 683px\" \/><\/figure>\n\n\n\n<figure class=\"wp-block-image size-full\"><img loading=\"lazy\" decoding=\"async\" width=\"667\" height=\"1000\" src=\"https:\/\/blog.ccc.eu\/pl\/wp-content\/uploads\/2023\/12\/6a.jpg\" alt=\"stylizacja z kozakami\" class=\"wp-image-21245\" srcset=\"https:\/\/blog.ccc.eu\/pl\/wp-content\/uploads\/2023\/12\/6a.jpg 667w, https:\/\/blog.ccc.eu\/pl\/wp-content\/uploads\/2023\/12\/6a-200x300.jpg 200w, https:\/\/blog.ccc.eu\/pl\/wp-content\/uploads\/2023\/12\/6a-100x150.jpg 100w\" sizes=\"auto, (max-width: 667px) 100vw, 667px\" \/><\/figure>\n<\/div>\n\n\n\n<h2 class=\"wp-block-heading\">#7 Wyb\u00f3r koloru czarnego \u2013 jako najbezpieczniejsze rozwi\u0105zanie<\/h2>\n\n\n\n<p>Powszechnie przyj\u0119\u0142o si\u0119, \u017ce kolor czarny nale\u017cy do uniwersalnych i \u201ebezpiecznych\u201d barw. Nic bardziej mylnego. Powierzchowne traktowanie czarnego koloru mo\u017ce przynie\u015b\u0107 wi\u0119cej szkody ni\u017c po\u017cytku. \u201eMam czarn\u0105 eleganck\u0105 marynark\u0119 wi\u0119c mog\u0119 j\u0105 spokojnie za\u0142o\u017cy\u0107 do ka\u017cdej kwiatowej sukienki\u201d, lub \u201emam ma\u0142\u0105 czarn\u0105, p\u00f3jd\u0119 w niej na wesele \u2013 przecie\u017c to klasyk, kt\u00f3ry zawsze si\u0119 sprawdza\u201d.<\/p>\n\n\n\n<p><strong>Czarny kolor jest bardzo znamienn\u0105 barw\u0105, \u015bwietn\u0105 baz\u0105 stylizacyjn\u0105 czy g\u0142\u00f3wnym sk\u0142adnikiem wielu nurt\u00f3w. <\/strong>Ale warto zwr\u00f3ci\u0107 uwag\u0119 na to, \u017ce nie zawsze pasuje do danej okazji. Wracamy do punktu 1. Zobacz, jak Gino Rossi wychodzi z mrocznej czerni kontrastowymi butami!<\/p>\n\n\n\n<div class=\"wp-block-group is-nowrap is-layout-flex wp-container-core-group-is-layout-ad2f72ca wp-block-group-is-layout-flex\">\n<figure class=\"wp-block-image size-full\"><img loading=\"lazy\" decoding=\"async\" width=\"750\" height=\"1000\" src=\"https:\/\/blog.ccc.eu\/pl\/wp-content\/uploads\/2023\/12\/7.jpg\" alt=\"stylizacja z be\u017cow\u0105 torebk\u0105 i cz\u00f3\u0142enkami\" class=\"wp-image-21246\" srcset=\"https:\/\/blog.ccc.eu\/pl\/wp-content\/uploads\/2023\/12\/7.jpg 750w, https:\/\/blog.ccc.eu\/pl\/wp-content\/uploads\/2023\/12\/7-225x300.jpg 225w, https:\/\/blog.ccc.eu\/pl\/wp-content\/uploads\/2023\/12\/7-100x133.jpg 100w\" sizes=\"auto, (max-width: 750px) 100vw, 750px\" \/><\/figure>\n\n\n\n<figure class=\"wp-block-image size-full\"><img loading=\"lazy\" decoding=\"async\" width=\"750\" height=\"1000\" src=\"https:\/\/blog.ccc.eu\/pl\/wp-content\/uploads\/2023\/12\/7a.jpg\" alt=\"be\u017cowe botki na niskim obcasie\" class=\"wp-image-21247\" srcset=\"https:\/\/blog.ccc.eu\/pl\/wp-content\/uploads\/2023\/12\/7a.jpg 750w, https:\/\/blog.ccc.eu\/pl\/wp-content\/uploads\/2023\/12\/7a-225x300.jpg 225w, https:\/\/blog.ccc.eu\/pl\/wp-content\/uploads\/2023\/12\/7a-100x133.jpg 100w\" sizes=\"auto, (max-width: 750px) 100vw, 750px\" \/><\/figure>\n<\/div>\n\n\n\n<h2 class=\"wp-block-heading\">#8 Nieprawid\u0142owy dob\u00f3r rajstop do sanda\u0142\u00f3w<\/h2>\n\n\n\n<p>Temat rajstop i but\u00f3w jest bardzo rozleg\u0142y. Projektanci skutecznie nas przekonuj\u0105, \u017ce takie po\u0142\u0105czenie jest niezwykle modne. Pe\u0142na zgoda. Jednak nale\u017cy pami\u0119ta\u0107 o tym, \u017ce i <strong>w przypadku \u0142\u0105czenia sanda\u0142\u00f3w z rajstopami, wyst\u0119puj\u0105 pewne zasady, kt\u00f3rych trzeba przestrzega\u0107<\/strong>. Pod \u017cadnym pozorem nie wolno \u0142\u0105czy\u0107 cienkich rajstop z zacienionymi palcami lub widocznym szwem z odkrytymi sanda\u0142ami.<\/p>\n\n\n\n<p>Najlepszym po\u0142\u0105czeniem b\u0119dzie dob\u00f3r grubszych rajstop w intensywnym np. r\u00f3\u017cowym kolorze do modnych sanda\u0142\u00f3w na platformie. Takie po\u0142\u0105czenia \u015bwiat mody rozumie. Je\u017celi wybierasz cienkie rajstopy, za\u0142\u00f3\u017c do nich cz\u00f3\u0142enka, np. te od Gino Rossi.<\/p>\n\n\n\n<div class=\"wp-block-group is-nowrap is-layout-flex wp-container-core-group-is-layout-ad2f72ca wp-block-group-is-layout-flex\">\n<figure class=\"wp-block-image size-full\"><img loading=\"lazy\" decoding=\"async\" width=\"530\" height=\"707\" src=\"https:\/\/blog.ccc.eu\/pl\/wp-content\/uploads\/2023\/12\/8.jpg\" alt=\"stylizacja z czarnymi rajstopami i cz\u00f3\u0142enkami\" class=\"wp-image-21248\" srcset=\"https:\/\/blog.ccc.eu\/pl\/wp-content\/uploads\/2023\/12\/8.jpg 530w, https:\/\/blog.ccc.eu\/pl\/wp-content\/uploads\/2023\/12\/8-225x300.jpg 225w, https:\/\/blog.ccc.eu\/pl\/wp-content\/uploads\/2023\/12\/8-100x133.jpg 100w\" sizes=\"auto, (max-width: 530px) 100vw, 530px\" \/><\/figure>\n\n\n\n<figure class=\"wp-block-image size-full\"><img loading=\"lazy\" decoding=\"async\" width=\"667\" height=\"1000\" src=\"https:\/\/blog.ccc.eu\/pl\/wp-content\/uploads\/2023\/12\/8a.jpg\" alt=\"czarne sk\u00f3rzane cz\u00f3\u0142enka gino rossi\" class=\"wp-image-21249\" srcset=\"https:\/\/blog.ccc.eu\/pl\/wp-content\/uploads\/2023\/12\/8a.jpg 667w, https:\/\/blog.ccc.eu\/pl\/wp-content\/uploads\/2023\/12\/8a-200x300.jpg 200w, https:\/\/blog.ccc.eu\/pl\/wp-content\/uploads\/2023\/12\/8a-100x150.jpg 100w\" sizes=\"auto, (max-width: 667px) 100vw, 667px\" \/><\/figure>\n<\/div>\n\n\n\n<h2 class=\"wp-block-heading\">#9 Niedopasowanie but\u00f3w i dodatk\u00f3w do stylizacji<\/h2>\n\n\n\n<p>Zdarza si\u0119, \u017ce nie\u015bwiadomie \u0142\u0105czymy elementy garderoby, kt\u00f3re nigdy nie powinny si\u0119 spotka\u0107. Takim przyk\u0142adem s\u0105 lakierowane eleganckie cz\u00f3\u0142enka i jeansy, ale te\u017c i kabaretki, i wizytowa elegancka sukienka. <strong>Faux pas pope\u0142niamy te\u017c zbyt mocnym wieczorowym makija\u017cem, w zestawieniu z letni\u0105 zwiewn\u0105 sukienk\u0105 w ci\u0105gu dnia.<\/strong><\/p>\n\n\n\n<p>Cz\u0119sto te\u017c \u0142\u0105czymy sportowe obuwie z sukienkami. Nie ma nic w tym z\u0142ego pod warunkiem, \u017ce wybieramy <a href=\"https:\/\/blog.ccc.eu\/pl\/sneakersy-reebok-wiosna-ccc\/\">modne sneakersy<\/a> na platformach, a nie klasyczne buty do biegania z siatki. Zobacz, jak marka Jenny Fairy \u015bwietnie po\u0142\u0105czy\u0142a modne pastelowe sneakersy z r\u00f3\u017cowymi spodniami, to te\u017c jest dobra propozycja w alternatywie do sukienki.<\/p>\n\n\n\n<div class=\"wp-block-group is-nowrap is-layout-flex wp-container-core-group-is-layout-ad2f72ca wp-block-group-is-layout-flex\">\n<figure class=\"wp-block-image size-large\"><img loading=\"lazy\" decoding=\"async\" width=\"683\" height=\"1024\" src=\"https:\/\/blog.ccc.eu\/pl\/wp-content\/uploads\/2023\/12\/9-683x1024.jpg\" alt=\"stylizacja ze sneakersami na grubej podeszwie\" class=\"wp-image-21250\" srcset=\"https:\/\/blog.ccc.eu\/pl\/wp-content\/uploads\/2023\/12\/9-683x1024.jpg 683w, https:\/\/blog.ccc.eu\/pl\/wp-content\/uploads\/2023\/12\/9-200x300.jpg 200w, https:\/\/blog.ccc.eu\/pl\/wp-content\/uploads\/2023\/12\/9-768x1152.jpg 768w, https:\/\/blog.ccc.eu\/pl\/wp-content\/uploads\/2023\/12\/9-1024x1536.jpg 1024w, https:\/\/blog.ccc.eu\/pl\/wp-content\/uploads\/2023\/12\/9-100x150.jpg 100w, https:\/\/blog.ccc.eu\/pl\/wp-content\/uploads\/2023\/12\/9.jpg 1245w\" sizes=\"auto, (max-width: 683px) 100vw, 683px\" \/><\/figure>\n\n\n\n<figure class=\"wp-block-image size-full\"><img loading=\"lazy\" decoding=\"async\" width=\"667\" height=\"1000\" src=\"https:\/\/blog.ccc.eu\/pl\/wp-content\/uploads\/2023\/12\/9a.jpg\" alt=\"pastelowe sneakersy na grubej podeszwie\" class=\"wp-image-21251\" srcset=\"https:\/\/blog.ccc.eu\/pl\/wp-content\/uploads\/2023\/12\/9a.jpg 667w, https:\/\/blog.ccc.eu\/pl\/wp-content\/uploads\/2023\/12\/9a-200x300.jpg 200w, https:\/\/blog.ccc.eu\/pl\/wp-content\/uploads\/2023\/12\/9a-100x150.jpg 100w\" sizes=\"auto, (max-width: 667px) 100vw, 667px\" \/><\/figure>\n<\/div>\n\n\n\n<h2 class=\"wp-block-heading\"># TOP modowych b\u0142\u0119d\u00f3w, kt\u00f3rych nie pope\u0142niaj nigdy!<\/h2>\n\n\n\n<p>Nigdy nie zak\u0142adaj leggins\u00f3w jako g\u0142\u00f3wne spodnie, je\u017celi wida\u0107 Ci bielizn\u0119.<\/p>\n\n\n\n<p>Nigdy nie zak\u0142adaj spodni biodr\u00f3wek w po\u0142\u0105czeniu z bielizn\u0105, kt\u00f3ra mo\u017ce z nich wystawa\u0107.<\/p>\n\n\n\n<p>Nigdy nie zak\u0142adaj cielistych rajstop do but\u00f3w z odkrytymi palcami.<\/p>\n\n\n\n<p>Nigdy nie zak\u0142adaj but\u00f3w na bardzo wysokim obcasie, je\u017celi nie potrafisz w nich chodzi\u0107.<\/p>\n\n\n\n<p>Nigdy nie kupuj wszystkiego co wpadnie Ci w r\u0119ce, zbuduj swoj\u0105 przemy\u015blan\u0105 garderob\u0119, w kt\u00f3rej nie ma miejsca na modowe b\u0142\u0119dy!<\/p>\n","protected":false},"excerpt":{"rendered":"<p>Wsp\u00f3\u0142czesny \u015bwiat mody oferuje naprawd\u0119 ogromny wyb\u00f3r ubra\u0144, but\u00f3w, torebek i dodatk\u00f3w, co mo\u017ce powodowa\u0107 pewne komplikacje, gdy szukasz \u201etych w\u0142a\u015bciwych\u201d na dan\u0105 okazj\u0119. Nawet, gdy jeste\u015b zadeklarowan\u0105 mi\u0142o\u015bniczk\u0105 trend\u00f3w i doskonale poruszasz si\u0119 po sklepowych p\u00f3\u0142kach mo\u017cesz pope\u0142ni\u0107 modowe faux pas zupe\u0142nie nie\u015bwiadomie. Podpowiem Ci jakich po\u0142\u0105cze\u0144 i stylizacji nale\u017cy unika\u0107 w kompletowaniu looku [&hellip;]<\/p>\n","protected":false},"author":17,"featured_media":21218,"comment_status":"open","ping_status":"closed","sticky":false,"template":"","format":"standard","meta":{"_acf_changed":false,"footnotes":""},"categories":[4],"tags":[],"class_list":["post-21217","post","type-post","status-publish","format-standard","has-post-thumbnail","hentry","category-porady"],"acf":[],"_links":{"self":[{"href":"https:\/\/blog.ccc.eu\/pl\/wp-json\/wp\/v2\/posts\/21217","targetHints":{"allow":["GET"]}}],"collection":[{"href":"https:\/\/blog.ccc.eu\/pl\/wp-json\/wp\/v2\/posts"}],"about":[{"href":"https:\/\/blog.ccc.eu\/pl\/wp-json\/wp\/v2\/types\/post"}],"author":[{"embeddable":true,"href":"https:\/\/blog.ccc.eu\/pl\/wp-json\/wp\/v2\/users\/17"}],"replies":[{"embeddable":true,"href":"https:\/\/blog.ccc.eu\/pl\/wp-json\/wp\/v2\/comments?post=21217"}],"version-history":[{"count":3,"href":"https:\/\/blog.ccc.eu\/pl\/wp-json\/wp\/v2\/posts\/21217\/revisions"}],"predecessor-version":[{"id":21644,"href":"https:\/\/blog.ccc.eu\/pl\/wp-json\/wp\/v2\/posts\/21217\/revisions\/21644"}],"wp:featuredmedia":[{"embeddable":true,"href":"https:\/\/blog.ccc.eu\/pl\/wp-json\/wp\/v2\/media\/21218"}],"wp:attachment":[{"href":"https:\/\/blog.ccc.eu\/pl\/wp-json\/wp\/v2\/media?parent=21217"}],"wp:term":[{"taxonomy":"category","embeddable":true,"href":"https:\/\/blog.ccc.eu\/pl\/wp-json\/wp\/v2\/categories?post=21217"},{"taxonomy":"post_tag","embeddable":true,"href":"https:\/\/blog.ccc.eu\/pl\/wp-json\/wp\/v2\/tags?post=21217"}],"curies":[{"name":"wp","href":"https:\/\/api.w.org\/{rel}","templated":true}]}}