{"id":21275,"date":"2023-12-11T17:10:59","date_gmt":"2023-12-11T16:10:59","guid":{"rendered":"https:\/\/blog.ccc.eu\/pl\/?p=21275"},"modified":"2024-07-26T14:04:03","modified_gmt":"2024-07-26T12:04:03","slug":"eva-minge-ccc-poznaj-marke-zobacz-oferte","status":"publish","type":"post","link":"https:\/\/blog.ccc.eu\/pl\/eva-minge-ccc-poznaj-marke-zobacz-oferte\/","title":{"rendered":"Eva Minge w CCC! Pi\u0119kne kolekcje polskiej projektantki"},"content":{"rendered":"\n<p><strong>Polska projektantka mody Eva Minge swoj\u0105 karier\u0119 rozpocz\u0119\u0142a w latach 90. ubieg\u0142ego wieku, w czasie silnej eksplozji najwa\u017cniejszych trend\u00f3w ko\u0144ca stulecia. Jej wyj\u0105tkowa ekspresja, pasja i wielki talent tw\u00f3rczy szybko prze\u0142o\u017cy\u0142y si\u0119 na udane kolekcje, kt\u00f3rymi zainteresowa\u0142o si\u0119 \u015brodowisko modowe. Swoje projekty mog\u0142a zaprezentowa\u0107 nie tylko na rodzimej arenie, ale te\u017c i w najwa\u017cniejszych stolicach mody m.in. Berlinie, Mediolanie, Pary\u017cu czy Nowym Jorku. Pi\u0119kne i wyj\u0105tkowe dzie\u0142a spotka\u0142y si\u0119 ze \u015bwietnym odbiorem nie tylko w Polsce, ale te\u017c i za granic\u0105. Poznaj bli\u017cej mark\u0119 Eva Minge i zobacz zachwycaj\u0105ce buty, kt\u00f3re kupisz w CCC!<\/strong><\/p>\n\n\n\n<div class=\"wp-block-group is-nowrap is-layout-flex wp-container-core-group-is-layout-ad2f72ca wp-block-group-is-layout-flex\">\n<figure class=\"wp-block-image size-full\"><img loading=\"lazy\" decoding=\"async\" width=\"667\" height=\"1000\" src=\"https:\/\/blog.ccc.eu\/pl\/wp-content\/uploads\/2023\/12\/CCC_5905588003861_01.jpg\" alt=\"eva minge buty\" class=\"wp-image-21276\" srcset=\"https:\/\/blog.ccc.eu\/pl\/wp-content\/uploads\/2023\/12\/CCC_5905588003861_01.jpg 667w, https:\/\/blog.ccc.eu\/pl\/wp-content\/uploads\/2023\/12\/CCC_5905588003861_01-200x300.jpg 200w, https:\/\/blog.ccc.eu\/pl\/wp-content\/uploads\/2023\/12\/CCC_5905588003861_01-100x150.jpg 100w\" sizes=\"auto, (max-width: 667px) 100vw, 667px\" \/><\/figure>\n\n\n\n<figure class=\"wp-block-image size-full\"><img loading=\"lazy\" decoding=\"async\" width=\"667\" height=\"1000\" src=\"https:\/\/blog.ccc.eu\/pl\/wp-content\/uploads\/2023\/12\/CCC_5905588003861_06.jpg\" alt=\"eva minge kozaki\" class=\"wp-image-21277\" srcset=\"https:\/\/blog.ccc.eu\/pl\/wp-content\/uploads\/2023\/12\/CCC_5905588003861_06.jpg 667w, https:\/\/blog.ccc.eu\/pl\/wp-content\/uploads\/2023\/12\/CCC_5905588003861_06-200x300.jpg 200w, https:\/\/blog.ccc.eu\/pl\/wp-content\/uploads\/2023\/12\/CCC_5905588003861_06-100x150.jpg 100w\" sizes=\"auto, (max-width: 667px) 100vw, 667px\" \/><\/figure>\n<\/div>\n\n\n\n<h2 class=\"wp-block-heading\">Eva Minge \u2013 polska projektantka mody z wyj\u0105tkowym temperamentem<\/h2>\n\n\n\n<p>W latach 90. XX wieku pierwsze kroki w \u015bwiecie mody postawi\u0142a Eva Minge, proponuj\u0105c swoje pierwsze autorskie kolekcje. Od razu <strong>mo\u017cna by\u0142o w nich zobaczy\u0107 wielk\u0105 pasj\u0119, doskona\u0142e rzemios\u0142o i idealne porozumienie ze \u015bwiatem mody.<\/strong> W kolekcjach projektantki pojawi\u0142y si\u0119 linie wieczorowe, koktajlowe, sportowe, biznesowe i oczywi\u015bcie haute couture \u2013 kt\u00f3re podbi\u0142y paryskie wybiegi.<\/p>\n\n\n\n<p>Dom mody Evy Minge skupia\u0142 si\u0119 na wysokim krawiectwie, luksusowym wzornictwie i na \u015bwietnie przemy\u015blanych kompozycjach, a projektantka bardzo szybko sta\u0142a si\u0119 jedn\u0105 z najbardziej rozpoznawalnych modowych twarzy Europy Wschodniej.<\/p>\n\n\n\n<figure class=\"wp-block-embed\"><div class=\"wp-block-embed__wrapper\">\nhttps:\/\/www.instagram.com\/p\/CilGFf1tDu8\n<\/div><\/figure>\n\n\n\n<h2 class=\"wp-block-heading\">Eva Minge \u2013 projektantka, kt\u00f3ra zachwyci\u0142a \u015bwiat mody<\/h2>\n\n\n\n<p>Zaraz po tym jak jej pierwsza kolekcja (z 1996 roku) okaza\u0142a si\u0119 sukcesem, Eva Minge zacz\u0119\u0142a pr\u0119\u017cnie rozwija\u0107 swoj\u0105 karier\u0119 za granic\u0105. W 2003 roku wyst\u0105pi\u0142a jako pierwsza Polka na s\u0142ynnym pokazie na hiszpa\u0144skich schodach w Rzymie podczas \u201eDonna sotto le Stelle\u201d.&nbsp; Od 2008 roku jest sta\u0142\u0105 bywalczyni\u0105 paryskiego tygodnia mody, gdzie mo\u017ce prezentowa\u0107 swoje kolekcje, a od 2010 roku <strong>jej pokazy mo\u017cna zobaczy\u0107 w Nowym Jorku.<\/strong><\/p>\n\n\n\n<p>Po projekty Evy Minge si\u0119gaj\u0105 najpopularniejsze nazwiska mi\u0119dzynarodowego show-biznesu. W jej stylizacjach pokazywa\u0142y si\u0119 m.in.: Paris Hilton, Kelly Rowland, Cheryl Cole czy La Toya Jackson, a o wyj\u0105tkowych kreacjach polskiej projektantki rozpisuj\u0105 si\u0119 od 30 lat najwa\u017cniejsze tytu\u0142y na \u015bwiecie.<\/p>\n\n\n\n<h2 class=\"wp-block-heading\">Eva Minge i sztuka w wielu wymiarach<\/h2>\n\n\n\n<p>Eva Minge jest wielowymiarow\u0105 artystk\u0105, kt\u00f3ra dotyka wielu dziedzin sztuki, nie tylko mody. Jest autork\u0105 trzech ksi\u0105\u017cek (w przesz\u0142o\u015bci chcia\u0142a zosta\u0107 pisark\u0105), ale te\u017c swoje wizje przek\u0142ada na p\u0142\u00f3tno i rze\u017ab\u0119. <strong>Prace Evy Minge mo\u017cna zobaczy\u0107 na presti\u017cowych wystawach w r\u00f3\u017cnych zak\u0105tkach \u015bwiata m.in. w Pary\u017cu.<\/strong><\/p>\n\n\n\n<p>Eva Minge zajmuje si\u0119 te\u017c architektur\u0105 i wzornictwem. Ma na swoim koncie liczne kolaboracje z najwa\u017cniejszymi markami ze \u015bwiata designu i wn\u0119trzarstwa, a ka\u017cde z jej dzie\u0142 jest oryginalne i inspiruj\u0105ce.<\/p>\n\n\n\n<figure class=\"wp-block-embed\"><div class=\"wp-block-embed__wrapper\">\nhttps:\/\/www.instagram.com\/p\/Cy6U6frNESz\n<\/div><\/figure>\n\n\n\n<h2 class=\"wp-block-heading\">Eva Minge \u2013 wyj\u0105tkowe kolekcje i styl projektantki<\/h2>\n\n\n\n<p>Wszystkie kolekcje Evy Minge s\u0105 artystycznym dzie\u0142em sztuki, na kt\u00f3re nie sk\u0142adaj\u0105 si\u0119 tylko same ubrania, buty czy dodatki, ale te\u017c i wyj\u0105tkowa oprawa, jaka towarzyszy ich prezentacjom. <strong>Jedn\u0105 z wa\u017cniejszych kolekcji, o kt\u00f3rej rozpisywa\u0142y si\u0119 \u015bwiatowe media by\u0142a kolekcja \u201eSolidarity changes the world\u201d <\/strong>zainspirowana ruchem \u201eSolidarno\u015b\u0107\u201d.<\/p>\n\n\n\n<p>Warto te\u017c wspomnie\u0107 jeden z ostatnich paryskich pokaz\u00f3w, gdzie w Imperialnej sali hotelu Westin zorganizowano wyj\u0105tkow\u0105 uczt\u0119 zmys\u0142\u00f3w. Pokaz projektantki otworzy\u0142y solistki Baletu Francuskiego, kt\u00f3re sta\u0142y si\u0119 doskona\u0142ym towarzystwem przepi\u0119knej kolekcji.<\/p>\n\n\n\n<figure class=\"wp-block-embed\"><div class=\"wp-block-embed__wrapper\">\nhttps:\/\/www.instagram.com\/p\/CGEjdLzh03k\n<\/div><\/figure>\n\n\n\n<h2 class=\"wp-block-heading\">Eva Minge \u2013 buty w CCC!<\/h2>\n\n\n\n<p>W naszych salonach CCC, na stronie www i w aplikacji pojawi\u0142y si\u0119 pi\u0119kne luksusowe projekty polskiej projektantki. <strong>Zachwycaj\u0105ce buty, kt\u00f3re odmieni\u0105 ka\u017cd\u0105 stylizacj\u0119 s\u0105 kwintesencj\u0105 wysokiego rzemios\u0142a, perfekcyjnie dopracowanych element\u00f3w i \u015bwietnie skrojonych materia\u0142\u00f3w<\/strong>. W ka\u017cdym z wyj\u0105tkowych modeli wida\u0107 charakter projektantki, kt\u00f3ra swoj\u0105 kolekcj\u0105 podkre\u015bla kobiece pi\u0119kno. Zobacz buty, kt\u00f3re zachwyc\u0105 w Twojej garderobie!<\/p>\n\n\n\n<h3 class=\"wp-block-heading\">Botki Eva Minge \u2013 ponadczasowy styl i nowoczesne detale<\/h3>\n\n\n\n<p>W CCC znajdziesz Eva Minge buty zimowe, kt\u00f3re uzupe\u0142ni\u0105 ka\u017cd\u0105 Twoj\u0105 stylizacj\u0119. Ponadczasowe <strong>sztyblety na masywnych podeszwach z subtelnymi detalami<\/strong> wpisuj\u0105 si\u0119 w minimalistyczn\u0105 estetyk\u0119, a niecodzienne kowbojki z klamrami b\u0119d\u0105 jednym z najmodniejszych element\u00f3w Twojej garderoby.<\/p>\n\n\n\n<p>Zachwy\u0107 si\u0119 te\u017c zmys\u0142owymi botkami na cienkiej wysokiej szpilce, kt\u00f3re wyr\u00f3\u017cniaj\u0105 si\u0119 detalami w najmodniejszym wydaniu. Szerokie \u0142a\u0144cuchowe sploty nie pozwol\u0105 Ci pozosta\u0107 niezauwa\u017con\u0105, a wysokie platformy zlicowane z cholewkami odwo\u0142uj\u0105 si\u0119 do pocz\u0105tk\u00f3w kariery projektantki z lat 90.<\/p>\n\n\n\n\n\n\n<p><\/p>\n\n\n\n<h3 class=\"wp-block-heading\">Trzewiki Eva Minge \u2013 luksusowe pi\u0119kno w najmodniejszej wersji<\/h3>\n\n\n\n<p>Zwr\u00f3\u0107 uwag\u0119 na sznurowane botki w kolorze g\u0142\u0119bokiej czerni, kt\u00f3re uzupe\u0142niaj\u0105 nowoczesne akcenty w postaci \u0142a\u0144cuszk\u00f3w, klamr czy efektownych ko\u017cuszk\u00f3w. Nie bez znaczenia s\u0105 te\u017c u\u017cyte materia\u0142y.<\/p>\n\n\n\n<p><strong>Lakierowane sk\u00f3ry, pikowane niczym zimowy p\u0142aszcz, czy zupe\u0142nie g\u0142adkie \u2013 licowe, daj\u0105 Ci mn\u00f3stwo stylizacyjnych mo\u017cliwo\u015bci<\/strong>. Mo\u017cesz wybra\u0107 te\u017c rodzaj obcasa, kt\u00f3ry spe\u0142ni Twoje oczekiwania. Od okaza\u0142ych s\u0142upk\u00f3w po masywne traktorowe platformy czy klasyczne stylowe klocki.<\/p>\n\n\n\n\n\n\n<p><\/p>\n\n\n\n<h3 class=\"wp-block-heading\">Kozaki Eva Minge \u2013 ultrakobiece buty w pi\u0119knym stylu<\/h3>\n\n\n\n<p>W\u015br\u00f3d kozak\u00f3w znajdziesz modele, kt\u00f3re doskonale wpisuj\u0105 si\u0119 w \u015bwiatowe trendy, ale maj\u0105 te\u017c ponadczasow\u0105 estetyk\u0119. <strong>Klasyczne czarne modele widzimy z marszczon\u0105 efektown\u0105 cholewk\u0105<\/strong>. Z kolei te proste wysokie cholewki na smuk\u0142ych szpilkach ozdobione s\u0105 cieniutkimi \u0142a\u0144cuszkami.<\/p>\n\n\n\n<p>Nie brakuje te\u017c wysokich kozak\u00f3w z kowbojkowym obcasem i ozdobnymi klamrami, kt\u00f3re dodaj\u0105 oryginalno\u015bci ca\u0142emu projektowi. Te kozaki doskonale wpisuj\u0105 si\u0119 w nowoczesny styl glamour, z kt\u00f3rym zawsze mo\u017cna liczy\u0107 na efekt WOW!<\/p>\n\n\n\n<h3 class=\"wp-block-heading\">Szpilki Eva Minge \u2013 kwintesencja wysublimowanego pi\u0119kna<\/h3>\n\n\n\n<p>Absolutnie pi\u0119kne i wyj\u0105tkowo doskonale zaprojektowane cz\u00f3\u0142enka na wysokiej szpilce s\u0105 obowi\u0105zkowym elementem ka\u017cdej damskiej garderoby. <strong>Eva Minge postawi\u0142a na ponadczasow\u0105 klasyk\u0119 w nowoczesnej wersji.<\/strong><\/p>\n\n\n\n<p>Modne szpiczaste nosy idealnie komponuj\u0105 si\u0119 z cienkim obcasem. Warto te\u017c zwr\u00f3ci\u0107 uwag\u0119 na kolorystyk\u0119. Opr\u00f3cz czerni i be\u017c\u00f3w, w kolekcji dost\u0119pne s\u0105 cz\u00f3\u0142enka w go\u0142\u0119bich barwach czy zimnej czerwieni.<\/p>\n\n\n\n\n\n\n<p><\/p>\n\n\n\n<h2 class=\"wp-block-heading\">Eva Minge \u2013 ultrakobiecy styl w Twojej garderobie<\/h2>\n\n\n\n<p>Bez w\u0105tpienia Eva Minge nale\u017cy do najbardziej uznanych polskich projektantek. Jej efektowne projekty s\u0105 mieszank\u0105 \u015bwiata sztuki i szeroko poj\u0119tego designu, a dodatkowo maj\u0105 nowoczesny i niezwykle stylowy wymiar. Wysokiej jako\u015bci produkty zachwycaj\u0105 form\u0105 i urzekaj\u0105 ca\u0142okszta\u0142tem. <a href=\"https:\/\/ccc.eu\/pl\/marki\/eva-minge\" target=\"_blank\" rel=\"noreferrer noopener\">Zajrzyj do CCC po pi\u0119kne buty Eva Minge<\/a>, kt\u00f3re znajdziesz w naszych salonach, na ccc.eu i w aplikacji.<\/p>\n","protected":false},"excerpt":{"rendered":"<p>Polska projektantka mody Eva Minge swoj\u0105 karier\u0119 rozpocz\u0119\u0142a w latach 90. ubieg\u0142ego wieku, w czasie silnej eksplozji najwa\u017cniejszych trend\u00f3w ko\u0144ca stulecia. Jej wyj\u0105tkowa ekspresja, pasja i wielki talent tw\u00f3rczy szybko prze\u0142o\u017cy\u0142y si\u0119 na udane kolekcje, kt\u00f3rymi zainteresowa\u0142o si\u0119 \u015brodowisko modowe. Swoje projekty mog\u0142a zaprezentowa\u0107 nie tylko na rodzimej arenie, ale te\u017c i w najwa\u017cniejszych stolicach [&hellip;]<\/p>\n","protected":false},"author":17,"featured_media":21277,"comment_status":"open","ping_status":"closed","sticky":false,"template":"","format":"standard","meta":{"_acf_changed":false,"footnotes":""},"categories":[1565,432],"tags":[],"class_list":["post-21275","post","type-post","status-publish","format-standard","has-post-thumbnail","hentry","category-marki-w-ccc","category-newsroom"],"acf":[],"_links":{"self":[{"href":"https:\/\/blog.ccc.eu\/pl\/wp-json\/wp\/v2\/posts\/21275","targetHints":{"allow":["GET"]}}],"collection":[{"href":"https:\/\/blog.ccc.eu\/pl\/wp-json\/wp\/v2\/posts"}],"about":[{"href":"https:\/\/blog.ccc.eu\/pl\/wp-json\/wp\/v2\/types\/post"}],"author":[{"embeddable":true,"href":"https:\/\/blog.ccc.eu\/pl\/wp-json\/wp\/v2\/users\/17"}],"replies":[{"embeddable":true,"href":"https:\/\/blog.ccc.eu\/pl\/wp-json\/wp\/v2\/comments?post=21275"}],"version-history":[{"count":2,"href":"https:\/\/blog.ccc.eu\/pl\/wp-json\/wp\/v2\/posts\/21275\/revisions"}],"predecessor-version":[{"id":25803,"href":"https:\/\/blog.ccc.eu\/pl\/wp-json\/wp\/v2\/posts\/21275\/revisions\/25803"}],"wp:featuredmedia":[{"embeddable":true,"href":"https:\/\/blog.ccc.eu\/pl\/wp-json\/wp\/v2\/media\/21277"}],"wp:attachment":[{"href":"https:\/\/blog.ccc.eu\/pl\/wp-json\/wp\/v2\/media?parent=21275"}],"wp:term":[{"taxonomy":"category","embeddable":true,"href":"https:\/\/blog.ccc.eu\/pl\/wp-json\/wp\/v2\/categories?post=21275"},{"taxonomy":"post_tag","embeddable":true,"href":"https:\/\/blog.ccc.eu\/pl\/wp-json\/wp\/v2\/tags?post=21275"}],"curies":[{"name":"wp","href":"https:\/\/api.w.org\/{rel}","templated":true}]}}