{"id":21681,"date":"2024-01-09T13:29:29","date_gmt":"2024-01-09T12:29:29","guid":{"rendered":"https:\/\/blog.ccc.eu\/pl\/?p=21681"},"modified":"2024-01-09T13:29:30","modified_gmt":"2024-01-09T12:29:30","slug":"modne-kolory-wiosna-lato-2024","status":"publish","type":"post","link":"https:\/\/blog.ccc.eu\/pl\/modne-kolory-wiosna-lato-2024\/","title":{"rendered":"Modne kolory wiosna-lato 2024"},"content":{"rendered":"\n<p><strong>Trendy kolorystyczne 2024 s\u0105 r\u00f3wnie wa\u017cne, co inne trendy modowe. W ko\u0144cu to barwy sprawiaj\u0105, \u017ce dany element odzie\u017cy idealnie wpisuje si\u0119 w typ naszej urody, czyli m\u00f3wi\u0105c w skr\u00f3cie: pasuje do odcienia naszej sk\u00f3ry, koloru w\u0142os\u00f3w, oczu, a nawet\u2026 do barwy pieg\u00f3w! Modne kolory wiosna-lato 2024 zosta\u0142y starannie wyselekcjonowane przez lider\u00f3w w zakresie prognozowania barw. Poni\u017cej opisujemy je wszystkie i sugerujemy, kt\u00f3re produkty z oferty CCC, kt\u00f3re warto w\u0142\u0105czy\u0107 do swojej szafy w najbli\u017cszym sezonie!<\/strong><\/p>\n\n\n\n<figure class=\"wp-block-image size-large\"><img loading=\"lazy\" decoding=\"async\" width=\"1024\" height=\"682\" src=\"https:\/\/blog.ccc.eu\/pl\/wp-content\/uploads\/2024\/01\/imgonline-com-ua-compressed-IK3ZUU5f7Qjq3xd-1024x682.jpg\" alt=\"kolory wiosna-lato 2024\" class=\"wp-image-21686\" srcset=\"https:\/\/blog.ccc.eu\/pl\/wp-content\/uploads\/2024\/01\/imgonline-com-ua-compressed-IK3ZUU5f7Qjq3xd-1024x682.jpg 1024w, https:\/\/blog.ccc.eu\/pl\/wp-content\/uploads\/2024\/01\/imgonline-com-ua-compressed-IK3ZUU5f7Qjq3xd-300x200.jpg 300w, https:\/\/blog.ccc.eu\/pl\/wp-content\/uploads\/2024\/01\/imgonline-com-ua-compressed-IK3ZUU5f7Qjq3xd-768x512.jpg 768w, https:\/\/blog.ccc.eu\/pl\/wp-content\/uploads\/2024\/01\/imgonline-com-ua-compressed-IK3ZUU5f7Qjq3xd-1536x1023.jpg 1536w, https:\/\/blog.ccc.eu\/pl\/wp-content\/uploads\/2024\/01\/imgonline-com-ua-compressed-IK3ZUU5f7Qjq3xd-100x67.jpg 100w, https:\/\/blog.ccc.eu\/pl\/wp-content\/uploads\/2024\/01\/imgonline-com-ua-compressed-IK3ZUU5f7Qjq3xd.jpg 1732w\" sizes=\"auto, (max-width: 1024px) 100vw, 1024px\" \/><\/figure>\n\n\n\n<h2 class=\"wp-block-heading\">Kolor roku 2024 Instytutu Pantone jedn\u0105 z najmodniejszych barw SS 2024?<\/h2>\n\n\n\n<p>Niedawno og\u0142aszali\u015bmy na naszym blogu, \u017ce <strong>Instytut Pantone uzna\u0142 delikatn\u0105, brzoskwiniow\u0105 barw\u0119 o nazwie \u201ePeach Fuzz\u201d Kolorem Roku 2024<\/strong>. Ze wzgl\u0119du na jej pastelowy, a zarazem ciep\u0142y odcie\u0144, b\u0119dzie ona najbardziej popularna w\u0142a\u015bnie w sezonie wiosenno-letnim. Pragniesz udowodni\u0107 otoczeniu, \u017ce wiesz, co w trendach piszczy? Koniecznie zaopatrz si\u0119 w utrzymane w nim ubrania b\u0105d\u017a dodatki!<\/p>\n\n\n\n<h2 class=\"wp-block-heading\">Poznaj wszystkie modne kolory wiosna-lato 2024!<\/h2>\n\n\n\n<p>Kolory modne w 2024 to? Znamy odpowied\u017a na to pytanie! Poni\u017cej przedstawiamy zestawienie barw, kt\u00f3re w nadchodz\u0105cym sezonie b\u0119d\u0105 uchodzi\u0142y za najbardziej po\u017c\u0105dane. Co wi\u0119cej, buty i torebki w nich utrzymane ju\u017c czekaj\u0105 w CCC! Kt\u00f3re wybierasz?<\/p>\n\n\n\n<h3 class=\"wp-block-heading\">Kolory modne w 2024? Odcienie \u017c\u00f3\u0142tego, z ma\u015blanym \u017c\u00f3\u0142tym na czele<\/h3>\n\n\n\n<p>Trend \u201equiet luxury\u201d, o kt\u00f3rym wielokrotnie pisali\u015bmy na naszym blogu, by\u0142 jednym z najg\u0142o\u015bniejszych i najbardziej popularnych w 2023 roku. Prognozowane, modne kolory na wiosn\u0119 2024 pozwalaj\u0105 nam przypuszcza\u0107, \u017ce albo trend ten zostanie z nami na d\u0142u\u017cej, albo inna, r\u00f3wnie elegancka a zarazem minimalistyczna estetyka lada chwila zajmie jego miejsce. Dlaczego<strong>? Bo jedn\u0105 z najcz\u0119\u015bciej widzianych barw na wybiegach, zapowiadaj\u0105cych trendy na sezon wiosna-lato 2024, by\u0142a ma\u015blana \u017c\u00f3\u0142\u0107.<\/strong><\/p>\n\n\n\n<p>W 2024 roku ma\u015blany, jasno\u017c\u00f3\u0142ty kolor to nowa biel. Jest neutralny, subtelny, a do tego ma w sobie odrobin\u0119 nostalgii, kojarz\u0105cej si\u0119 ze stylem vintage. \u0141atwo po\u0142\u0105czy\u0107 go niemal z ka\u017cd\u0105 inn\u0105 barw\u0105, a ka\u017cdemu strojowi nada elegancki i ponadczasowy charakter.<\/p>\n\n\n\n<p>Przemawia do Ciebie cichy luksus i minimalizm, dzi\u0119ki czemu ma\u015blany \u017c\u00f3\u0142ty ju\u017c sta\u0142 si\u0119 Twoim ulubionym kolorem roku 2024? Koniecznie zajrzyj do oferty marek Jenny Fairy i Gino Rossi. Znajdziesz tam zar\u00f3wno buty, jak i torebki utrzymane w tej modnej barwie!<\/p>\n\n\n\n\n\n\n<div class=\"wp-block-group is-nowrap is-layout-flex wp-container-core-group-is-layout-ad2f72ca wp-block-group-is-layout-flex\">\n<figure class=\"wp-block-image size-large\"><img loading=\"lazy\" decoding=\"async\" width=\"683\" height=\"1024\" src=\"https:\/\/blog.ccc.eu\/pl\/wp-content\/uploads\/2024\/01\/1-1-1-683x1024.jpg\" alt=\"\" class=\"wp-image-21705\" srcset=\"https:\/\/blog.ccc.eu\/pl\/wp-content\/uploads\/2024\/01\/1-1-1-683x1024.jpg 683w, https:\/\/blog.ccc.eu\/pl\/wp-content\/uploads\/2024\/01\/1-1-1-200x300.jpg 200w, https:\/\/blog.ccc.eu\/pl\/wp-content\/uploads\/2024\/01\/1-1-1-768x1152.jpg 768w, https:\/\/blog.ccc.eu\/pl\/wp-content\/uploads\/2024\/01\/1-1-1-100x150.jpg 100w, https:\/\/blog.ccc.eu\/pl\/wp-content\/uploads\/2024\/01\/1-1-1.jpg 876w\" sizes=\"auto, (max-width: 683px) 100vw, 683px\" \/><\/figure>\n\n\n\n<figure class=\"wp-block-image size-large\"><img loading=\"lazy\" decoding=\"async\" width=\"683\" height=\"1024\" src=\"https:\/\/blog.ccc.eu\/pl\/wp-content\/uploads\/2024\/01\/2-3-683x1024.jpg\" alt=\"\" class=\"wp-image-21706\" srcset=\"https:\/\/blog.ccc.eu\/pl\/wp-content\/uploads\/2024\/01\/2-3-683x1024.jpg 683w, https:\/\/blog.ccc.eu\/pl\/wp-content\/uploads\/2024\/01\/2-3-200x300.jpg 200w, https:\/\/blog.ccc.eu\/pl\/wp-content\/uploads\/2024\/01\/2-3-768x1152.jpg 768w, https:\/\/blog.ccc.eu\/pl\/wp-content\/uploads\/2024\/01\/2-3-100x150.jpg 100w, https:\/\/blog.ccc.eu\/pl\/wp-content\/uploads\/2024\/01\/2-3.jpg 876w\" sizes=\"auto, (max-width: 683px) 100vw, 683px\" \/><\/figure>\n<\/div>\n\n\n\n<h2 class=\"wp-block-heading\">Kolor sezonu wiosna-lato 2024? Wielki b\u0142\u0119kit!<\/h2>\n\n\n\n<p>Na wybiegach kolekcji wiosna-lato 2024 wci\u0105\u017c powtarza\u0142 si\u0119 jeden kolor \u2013 wielki b\u0142\u0119kit! Doskonale uzupe\u0142nia\u0142 on wy\u017cej wspomnian\u0105 ma\u015blan\u0105 \u017c\u00f3\u0142\u0107. Co ciekawe, <strong>jako jeden z nielicznych odcieni niebieskiego, pasuje zar\u00f3wno ciep\u0142ym, jak i zimnym typom urody<\/strong>, co sprawia, \u017ce w nadchodz\u0105cym sezonie b\u0119dziemy napotyka\u0107 go bardzo cz\u0119sto!<\/p>\n\n\n\n<p>B\u0142\u0119kit na wybiegach pojawia\u0142 si\u0119 na wielu r\u00f3\u017cnych tkaninach. Prada zaprezentowa\u0142a jasnoniebieskie, tiulowe sukienki, a Marni \u2013 ci\u0119\u017ckie, dzianinowe topy. <strong>W CCC tak\u017ce czeka na Ciebie r\u00f3\u017cnorodno\u015b\u0107 niebieskich dodatk\u00f3w. Znajdziesz u nas zar\u00f3wno b\u0142\u0119kitne szpilki, jak i sportowe sneakersy.<\/strong> Po najmodniejsze propozycje zajrzyj do oferty marki Jenny Fairy \u2013 jej projektanci z trendami s\u0105 na bie\u017c\u0105co!<\/p>\n\n\n\n\n\n\n<p><\/p>\n\n\n\n<h3 class=\"wp-block-heading\">Stalowa szaro\u015b\u0107 to nowa czer\u0144<\/h3>\n\n\n\n<p>Najmodniejsze kolory 2024 na sezon wiosna-lato to nie tylko pastele. To tak\u017ce klasyczna, wyrafinowana szaro\u015b\u0107. Nuda? Absolutnie nie! <strong>Szaro\u015b\u0107, jak \u017cadna inna barwa, doskonale uzupe\u0142nia pozosta\u0142e kolory, kt\u00f3re uznano za najmodniejsze w tym roku.<\/strong> Zaliczy\u0107 do nich mo\u017cna wspomnian\u0105 wcze\u015bniej ma\u015blan\u0105 \u017c\u00f3\u0142\u0107 i b\u0142\u0119kit, ale tak\u017ce czekoladowy br\u0105z, \u015blubn\u0105 biel, srebro, czerwie\u0144 i pomara\u0144cz.<\/p>\n\n\n\n<p><strong>Szaro\u015b\u0107 jest pe\u0142na kontrast\u00f3w.<\/strong> Z jednej strony wyrafinowana, z drugiej za\u015b zupe\u0142nie codzienna i u\u017cytkowa, doskonale uzupe\u0142niaj\u0105ca inne barwy, ale i perfekcyjnie prezentuj\u0105ca si\u0119 w total lookach. Z pewno\u015bci\u0105 masz ju\u017c j\u0105 w swojej szafie. Je\u015bli nie, zacznij od but\u00f3w. Szczeg\u00f3lnie polecamy szare sneakersy \u2013 z ich pomoc\u0105 z \u0142atwo\u015bci\u0105 stworzysz stylizacje w ponadczasowym stylu Athleisure lub Old Money.<\/p>\n\n\n\n\n\n\n<figure class=\"wp-block-image size-large\"><img loading=\"lazy\" decoding=\"async\" width=\"1024\" height=\"682\" src=\"https:\/\/blog.ccc.eu\/pl\/wp-content\/uploads\/2024\/01\/5-3-1024x682.jpg\" alt=\"\" class=\"wp-image-21707\" srcset=\"https:\/\/blog.ccc.eu\/pl\/wp-content\/uploads\/2024\/01\/5-3-1024x682.jpg 1024w, https:\/\/blog.ccc.eu\/pl\/wp-content\/uploads\/2024\/01\/5-3-300x200.jpg 300w, https:\/\/blog.ccc.eu\/pl\/wp-content\/uploads\/2024\/01\/5-3-768x512.jpg 768w, https:\/\/blog.ccc.eu\/pl\/wp-content\/uploads\/2024\/01\/5-3-100x67.jpg 100w, https:\/\/blog.ccc.eu\/pl\/wp-content\/uploads\/2024\/01\/5-3.jpg 1400w\" sizes=\"auto, (max-width: 1024px) 100vw, 1024px\" \/><\/figure>\n\n\n\n<h3 class=\"wp-block-heading\">\u015alubna biel nie tylko na wa\u017cne okazje<\/h3>\n\n\n\n<p>Modne kolory na lato 2024 urzekaj\u0105 swoim wyrafinowaniem. W\u015br\u00f3d nich pojawi\u0142a si\u0119 biel, kt\u00f3r\u0105 projektanci nazywaj\u0105 \u015blubn\u0105 biel\u0105. Dlaczego? Bo <strong>jest niezwykle elegancka, a na wybiegach stroje w niej utrzymane cz\u0119sto mia\u0142y szykowny po\u0142ysk<\/strong>. Niezale\u017cnie od tego, czy pojawia si\u0119 na ubraniach, czy na dodatkach, zawsze roz\u015bwietla stylizacj\u0119 i dodaje ca\u0142o\u015bci klasy.<\/p>\n\n\n\n\n\n\n<p><\/p>\n\n\n\n<h3 class=\"wp-block-heading\">Czekoladowy br\u0105z i czerwie\u0144 ci\u0105gle w trendach!<\/h3>\n\n\n\n<p><strong>Jakie kolory b\u0119d\u0105 modne w 2024 roku, kt\u00f3re ju\u017c dobrze znamy z 2023? Czekoladowy br\u0105z i czerwie\u0144!<\/strong> Pojawi\u0142y si\u0119 m.in. na wybiegach u Gucci, Loewe, Ferragamo. W ubieg\u0142ym roku barwy te by\u0142y modne w sezonie jesienno-zimowym. Jak b\u0119dziemy stylizowa\u0107 je wiosn\u0105 i latem? W po\u0142\u0105czeniu z jasnymi barwami, w tym z biel\u0105 i pastelowymi odcieniami \u017c\u00f3\u0142tego, kt\u00f3re nadadz\u0105 strojom lekko\u015bci i \u015bwie\u017co\u015bci.<\/p>\n\n\n\n<p>Zastanawiasz si\u0119, jakie b\u0119d\u0105 modne kolory sukienek 2024? W wi\u0119kszo\u015bci to w\u0142a\u015bnie czerwone oraz br\u0105zowe modele. Wiosn\u0105 kr\u00f3lowa\u0107 b\u0119d\u0105 czerwone, a\u017curowe sukienki, a tak\u017ce modele wykonane\u2026 ze sk\u00f3ry! Latem za\u015b b\u0119dziemy na nowo odkrywa\u0107 czekoladowy br\u0105z, kt\u00f3ry doskonale wtopi si\u0119 w odcie\u0144 naszej opalenizny. Br\u0105zowe sukienki zyskaj\u0105 lekko\u015b\u0107, dzi\u0119ki naturalnym, oddychaj\u0105cym materia\u0142om. Ju\u017c nie mo\u017cemy doczeka\u0107 si\u0119 tego okresu!<\/p>\n\n\n\n\n\n\n<p><\/p>\n\n\n\n<h3 class=\"wp-block-heading\">Srebro powraca do mody!<\/h3>\n\n\n\n<p>Najmodniejsze kolory wiosna 2024 to nie tylko matowe propozycje. W\u015br\u00f3d nich znajduje si\u0119 srebro! <strong>Ten metaliczny odcie\u0144 wraca do mody i zagrania w niej wszystko \u2013 od sukienek przez spodnie po buty i torebki. B\u0119dziemy go nosi\u0107 od stop do g\u0142\u00f3w i od \u015bwitu do zmierzchu!<\/strong><\/p>\n\n\n\n<p>Jeszcze nie masz srebrnych but\u00f3w w swojej szafie? To ostatni moment, by to zmieni\u0107. Najbardziej po\u017c\u0105dane b\u0119d\u0105 srebrne baleriny. Tutaj wygoda idzie w parze z modnym wygl\u0105dem. Na specjalne okazje wybierz klasyczne szpilki \u2013 srebrny blask sprawi, \u017ce nie b\u0119d\u0105 banaln\u0105 propozycj\u0105. Dla odwa\u017cnych polecamy metaliczne kowbojki \u2013 co ciekawe, to ponadczasowe obuwie, z kt\u00f3rego b\u0119dziesz cieszy\u0107 si\u0119 przez wiele kolejnych sezon\u00f3w!<\/p>\n\n\n\n\n\n\n<p><\/p>\n\n\n\n<h2 class=\"wp-block-heading\">Buty w modnych kolorach wiosna-lato 2024 znajdziesz w CCC!<\/h2>\n\n\n\n<p>Ju\u017c wiesz, na jakie kolory na wiosn\u0119 i lato 2024 postawi\u0107, by udowodni\u0107 otoczeniu, \u017ce wiesz, co w trendach piszczy. Buty i dodatki w nich utrzymane znajdziesz w stacjonarnych salonach CCC, a tak\u017ce na ccc.eu oraz w aplikacji. Udanych zakup\u00f3w!<\/p>\n","protected":false},"excerpt":{"rendered":"<p>Trendy kolorystyczne 2024 s\u0105 r\u00f3wnie wa\u017cne, co inne trendy modowe. W ko\u0144cu to barwy sprawiaj\u0105, \u017ce dany element odzie\u017cy idealnie wpisuje si\u0119 w typ naszej urody, czyli m\u00f3wi\u0105c w skr\u00f3cie: pasuje do odcienia naszej sk\u00f3ry, koloru w\u0142os\u00f3w, oczu, a nawet\u2026 do barwy pieg\u00f3w! Modne kolory wiosna-lato 2024 zosta\u0142y starannie wyselekcjonowane przez lider\u00f3w w zakresie prognozowania [&hellip;]<\/p>\n","protected":false},"author":20,"featured_media":21686,"comment_status":"open","ping_status":"closed","sticky":false,"template":"","format":"standard","meta":{"_acf_changed":false,"footnotes":""},"categories":[1572,1332,1315],"tags":[],"class_list":["post-21681","post","type-post","status-publish","format-standard","has-post-thumbnail","hentry","category-kolory-w-modzie","category-trendy-na-lato","category-wiosenne-trendy"],"acf":[],"_links":{"self":[{"href":"https:\/\/blog.ccc.eu\/pl\/wp-json\/wp\/v2\/posts\/21681","targetHints":{"allow":["GET"]}}],"collection":[{"href":"https:\/\/blog.ccc.eu\/pl\/wp-json\/wp\/v2\/posts"}],"about":[{"href":"https:\/\/blog.ccc.eu\/pl\/wp-json\/wp\/v2\/types\/post"}],"author":[{"embeddable":true,"href":"https:\/\/blog.ccc.eu\/pl\/wp-json\/wp\/v2\/users\/20"}],"replies":[{"embeddable":true,"href":"https:\/\/blog.ccc.eu\/pl\/wp-json\/wp\/v2\/comments?post=21681"}],"version-history":[{"count":2,"href":"https:\/\/blog.ccc.eu\/pl\/wp-json\/wp\/v2\/posts\/21681\/revisions"}],"predecessor-version":[{"id":21709,"href":"https:\/\/blog.ccc.eu\/pl\/wp-json\/wp\/v2\/posts\/21681\/revisions\/21709"}],"wp:featuredmedia":[{"embeddable":true,"href":"https:\/\/blog.ccc.eu\/pl\/wp-json\/wp\/v2\/media\/21686"}],"wp:attachment":[{"href":"https:\/\/blog.ccc.eu\/pl\/wp-json\/wp\/v2\/media?parent=21681"}],"wp:term":[{"taxonomy":"category","embeddable":true,"href":"https:\/\/blog.ccc.eu\/pl\/wp-json\/wp\/v2\/categories?post=21681"},{"taxonomy":"post_tag","embeddable":true,"href":"https:\/\/blog.ccc.eu\/pl\/wp-json\/wp\/v2\/tags?post=21681"}],"curies":[{"name":"wp","href":"https:\/\/api.w.org\/{rel}","templated":true}]}}