{"id":21730,"date":"2024-01-10T10:51:59","date_gmt":"2024-01-10T09:51:59","guid":{"rendered":"https:\/\/blog.ccc.eu\/pl\/?p=21730"},"modified":"2024-01-10T11:38:16","modified_gmt":"2024-01-10T10:38:16","slug":"modne-torebki-wiosna-lato-2024-jakie-modele","status":"publish","type":"post","link":"https:\/\/blog.ccc.eu\/pl\/modne-torebki-wiosna-lato-2024-jakie-modele\/","title":{"rendered":"Modne torebki wiosna-lato 2024"},"content":{"rendered":"\n<p><strong>Trendy modowe potrafi\u0105 by\u0107 bezlitosne w przypadku torebek \u2013 w jednym sezonie promuj\u0105 ultrama\u0142e modele, ledwo mieszcz\u0105ce smartfona, a w kolejnym \u2013 gigantyczne torby, kt\u00f3re r\u00f3wnie dobrze mog\u0142yby s\u0142u\u017cy\u0107 jako baga\u017c podr\u0119czny. Dok\u0142adnie przeanalizowali\u015bmy wszystkie wybiegowe trendy i ju\u017c wiemy, po kt\u00f3re modele najch\u0119tniej b\u0119dziemy si\u0119ga\u0107 w tym roku. Modne torebki wiosna-lato 2024 \u2013 oto najgor\u0119tszy przegl\u0105d!<\/strong><\/p>\n\n\n\n<div class=\"wp-block-group is-nowrap is-layout-flex wp-container-core-group-is-layout-ad2f72ca wp-block-group-is-layout-flex\">\n<figure class=\"wp-block-image size-full\"><img loading=\"lazy\" decoding=\"async\" width=\"1245\" height=\"1867\" src=\"https:\/\/blog.ccc.eu\/pl\/wp-content\/uploads\/2024\/01\/221221_Lasocki_1087-1.jpg\" alt=\"\" class=\"wp-image-21741\" srcset=\"https:\/\/blog.ccc.eu\/pl\/wp-content\/uploads\/2024\/01\/221221_Lasocki_1087-1.jpg 1245w, https:\/\/blog.ccc.eu\/pl\/wp-content\/uploads\/2024\/01\/221221_Lasocki_1087-1-200x300.jpg 200w, https:\/\/blog.ccc.eu\/pl\/wp-content\/uploads\/2024\/01\/221221_Lasocki_1087-1-683x1024.jpg 683w, https:\/\/blog.ccc.eu\/pl\/wp-content\/uploads\/2024\/01\/221221_Lasocki_1087-1-768x1152.jpg 768w, https:\/\/blog.ccc.eu\/pl\/wp-content\/uploads\/2024\/01\/221221_Lasocki_1087-1-1024x1536.jpg 1024w, https:\/\/blog.ccc.eu\/pl\/wp-content\/uploads\/2024\/01\/221221_Lasocki_1087-1-100x150.jpg 100w\" sizes=\"auto, (max-width: 1245px) 100vw, 1245px\" \/><\/figure>\n\n\n\n<figure class=\"wp-block-image size-full\"><img loading=\"lazy\" decoding=\"async\" width=\"1245\" height=\"1867\" src=\"https:\/\/blog.ccc.eu\/pl\/wp-content\/uploads\/2024\/01\/221221_Lasocki_1033.jpg\" alt=\"\" class=\"wp-image-21742\" srcset=\"https:\/\/blog.ccc.eu\/pl\/wp-content\/uploads\/2024\/01\/221221_Lasocki_1033.jpg 1245w, https:\/\/blog.ccc.eu\/pl\/wp-content\/uploads\/2024\/01\/221221_Lasocki_1033-200x300.jpg 200w, https:\/\/blog.ccc.eu\/pl\/wp-content\/uploads\/2024\/01\/221221_Lasocki_1033-683x1024.jpg 683w, https:\/\/blog.ccc.eu\/pl\/wp-content\/uploads\/2024\/01\/221221_Lasocki_1033-768x1152.jpg 768w, https:\/\/blog.ccc.eu\/pl\/wp-content\/uploads\/2024\/01\/221221_Lasocki_1033-1024x1536.jpg 1024w, https:\/\/blog.ccc.eu\/pl\/wp-content\/uploads\/2024\/01\/221221_Lasocki_1033-100x150.jpg 100w\" sizes=\"auto, (max-width: 1245px) 100vw, 1245px\" \/><\/figure>\n<\/div>\n\n\n\n<h2 class=\"wp-block-heading\">Modne torebki 2024 \u2013 to po nie b\u0119dziemy najch\u0119tniej si\u0119ga\u0107 tego roku!<\/h2>\n\n\n\n<p>Od torebek w rozmiarze XXL przez minitorebki po bucket bags \u2013 w tym roku projektanci racz\u0105 nas modelami, u kt\u00f3rych pi\u0119kny wygl\u0105d idzie w parze z wysok\u0105 jako\u015bci\u0105 wykonania oraz funkcjonalno\u015bci\u0105. Co wi\u0119cej, wi\u0119kszo\u015b\u0107 z nich ma uniwersalny charakter, nawet je\u015bli prezentuje si\u0119 jak ma\u0142e dzie\u0142o sztuki. Dosy\u0107 z noszeniem ma\u0142ych torebek na specjalne okazje, a du\u017cych \u2013 do pracy. W tym roku panuje pe\u0142na dowolno\u015b\u0107!<\/p>\n\n\n\n<h3 class=\"wp-block-heading\">Torby shopper w rozmiarze XXL<\/h3>\n\n\n\n<p>Niekt\u00f3re influencerki modowe nigdy z nich nie zrezygnowa\u0142y, inne nie chwali\u0142y si\u0119 nimi tylko na swoich social mediach, ale w ukryciu dalej nosi\u0142y je na co dzie\u0144. O czym mowa<strong>? O torbach typu shopper w rozmiarze XXL. <\/strong>Teraz mo\u017cna odetchn\u0105\u0107 z ulg\u0105, bo modele te oficjalnie powr\u00f3ci\u0142y do mody i w tym roku b\u0119dzie mo\u017cna spotka\u0107 je pod wieloma postaciami \u2013 od klasycznych shopperek po modele o nieregularnych formach, przypominaj\u0105cej torby typu slouchy. Kt\u00f3re s\u0105 najbli\u017csze Twojemu stylowi?<\/p>\n\n\n\n\n\n\n\n<div class=\"wp-block-group is-nowrap is-layout-flex wp-container-core-group-is-layout-ad2f72ca wp-block-group-is-layout-flex\">\n<figure class=\"wp-block-image size-full\"><img loading=\"lazy\" decoding=\"async\" width=\"574\" height=\"765\" src=\"https:\/\/blog.ccc.eu\/pl\/wp-content\/uploads\/2024\/01\/CCC_-_Gino_Rossi_-_Day_to_Night__3.jpg\" alt=\"\" class=\"wp-image-21731\" srcset=\"https:\/\/blog.ccc.eu\/pl\/wp-content\/uploads\/2024\/01\/CCC_-_Gino_Rossi_-_Day_to_Night__3.jpg 574w, https:\/\/blog.ccc.eu\/pl\/wp-content\/uploads\/2024\/01\/CCC_-_Gino_Rossi_-_Day_to_Night__3-225x300.jpg 225w, https:\/\/blog.ccc.eu\/pl\/wp-content\/uploads\/2024\/01\/CCC_-_Gino_Rossi_-_Day_to_Night__3-100x133.jpg 100w\" sizes=\"auto, (max-width: 574px) 100vw, 574px\" \/><\/figure>\n\n\n\n<figure class=\"wp-block-image size-full\"><img loading=\"lazy\" decoding=\"async\" width=\"648\" height=\"765\" src=\"https:\/\/blog.ccc.eu\/pl\/wp-content\/uploads\/2024\/01\/CCC_-_Gino_Rossi_-_Day_to_Night__4.jpg\" alt=\"torebki wiosna-lato 2024\" class=\"wp-image-21732\" srcset=\"https:\/\/blog.ccc.eu\/pl\/wp-content\/uploads\/2024\/01\/CCC_-_Gino_Rossi_-_Day_to_Night__4.jpg 648w, https:\/\/blog.ccc.eu\/pl\/wp-content\/uploads\/2024\/01\/CCC_-_Gino_Rossi_-_Day_to_Night__4-254x300.jpg 254w, https:\/\/blog.ccc.eu\/pl\/wp-content\/uploads\/2024\/01\/CCC_-_Gino_Rossi_-_Day_to_Night__4-100x118.jpg 100w\" sizes=\"auto, (max-width: 648px) 100vw, 648px\" \/><\/figure>\n<\/div>\n\n\n\n<h2 class=\"wp-block-heading\">Wielki powr\u00f3t bucket bags!<\/h2>\n\n\n\n<p><strong>S\u0105 tu mi\u0142o\u015bniczki bucket bags? Je\u015bli tak, mamy dla Was doskona\u0142\u0105 wiadomo\u015b\u0107: te torby b\u0119d\u0105 uchodzi\u0142y za jedne z najmodniejszych w 2024 roku!<\/strong> Najbardziej po\u017c\u0105danymi modelami b\u0119d\u0105 te klasyczne, z okr\u0105g\u0142ym dnem i du\u017c\u0105 pojemno\u015bci\u0105, utrzymane w stonowanych kolorach i o uniwersalnym charakterze. Pasuj\u0105 do wszystkiego, dlatego mo\u017cna je nosi\u0107 zar\u00f3wno do codziennych, jak i wieczorowych stylizacji. Jak to dobrze, \u017ce ponownie mo\u017cna si\u0119 nimi cieszy\u0107!<\/p>\n\n\n\n<h3 class=\"wp-block-heading\">Torebki damskie 2024, o kt\u00f3rych b\u0119dzie g\u0142o\u015bno? Plecione modele!<\/h3>\n\n\n\n<p>Modne torebki na lato 2024? Wszystkie plecione modele! Mog\u0105 by\u0107 zrobione z wikliny, trawy bambusowej b\u0105d\u017a wyplatane na szyde\u0142ku. <strong>Wa\u017cne, \u017ceby mia\u0142y naturalny splot, kt\u00f3ry stanowi ich najwi\u0119ksz\u0105 ozdob\u0119.<\/strong> Plecione torebki mo\u017cna by\u0142o zobaczy\u0107 na pokazach u Bottega Veneta, Balmain i Isabel Marant. Wszystkie by\u0142y zarazem pi\u0119kne i u\u017cytkowe.<\/p>\n\n\n\n<p>Najmodniejsze torby na lato 2024 mo\u017cesz zakupi\u0107 ju\u017c dzi\u015b, bo trendowe modele czekaj\u0105 na Ciebie w CCC! Zajrzyj do oferty marek Jenny Fairy i DeeZee \u2013 ich projektanci wiedz\u0105, co w modzie piszczy.<\/p>\n\n\n\n\n\n\n<div class=\"wp-block-group is-nowrap is-layout-flex wp-container-core-group-is-layout-ad2f72ca wp-block-group-is-layout-flex\">\n<figure class=\"wp-block-image size-large\"><img loading=\"lazy\" decoding=\"async\" width=\"683\" height=\"1024\" src=\"https:\/\/blog.ccc.eu\/pl\/wp-content\/uploads\/2024\/01\/9-683x1024.jpg\" alt=\"torebka pleciona be\u017cowa\" class=\"wp-image-21733\" srcset=\"https:\/\/blog.ccc.eu\/pl\/wp-content\/uploads\/2024\/01\/9-683x1024.jpg 683w, https:\/\/blog.ccc.eu\/pl\/wp-content\/uploads\/2024\/01\/9-200x300.jpg 200w, https:\/\/blog.ccc.eu\/pl\/wp-content\/uploads\/2024\/01\/9-768x1152.jpg 768w, https:\/\/blog.ccc.eu\/pl\/wp-content\/uploads\/2024\/01\/9-100x150.jpg 100w, https:\/\/blog.ccc.eu\/pl\/wp-content\/uploads\/2024\/01\/9.jpg 876w\" sizes=\"auto, (max-width: 683px) 100vw, 683px\" \/><\/figure>\n\n\n\n<figure class=\"wp-block-image size-large\"><img loading=\"lazy\" decoding=\"async\" width=\"683\" height=\"1024\" src=\"https:\/\/blog.ccc.eu\/pl\/wp-content\/uploads\/2024\/01\/10-683x1024.jpg\" alt=\"pleciona torebka jenny fairy\" class=\"wp-image-21734\" srcset=\"https:\/\/blog.ccc.eu\/pl\/wp-content\/uploads\/2024\/01\/10-683x1024.jpg 683w, https:\/\/blog.ccc.eu\/pl\/wp-content\/uploads\/2024\/01\/10-200x300.jpg 200w, https:\/\/blog.ccc.eu\/pl\/wp-content\/uploads\/2024\/01\/10-768x1152.jpg 768w, https:\/\/blog.ccc.eu\/pl\/wp-content\/uploads\/2024\/01\/10-100x150.jpg 100w, https:\/\/blog.ccc.eu\/pl\/wp-content\/uploads\/2024\/01\/10.jpg 876w\" sizes=\"auto, (max-width: 683px) 100vw, 683px\" \/><\/figure>\n<\/div>\n\n\n\n<h3 class=\"wp-block-heading\">Ma\u0142e torebki z r\u0105czk\u0105 (nie tylko) na specjalne okazje<\/h3>\n\n\n\n<p>Ma\u0142a torebka z g\u00f3rnym uchwytem to klasyka, kt\u00f3ra nigdy nie wychodzi z mody. Co wi\u0119c nowego chcieli zaproponowa\u0107 nam projektanci, prezentuj\u0105c tego typu modele na swoich wybiegach? <strong>Nadali im now\u0105 funkcjonalno\u015b\u0107 \u2013 mo\u017cliwo\u015b\u0107 noszenia ma\u0142ych torebek na co dzie\u0144. <\/strong>Do tej pory, nawet je\u015bli si\u0119gali\u015bmy po ultramodne torebki mini, dalej by\u0142y one ma\u0142o u\u017cytkowe. Inaczej jest w przypadku prezentowanych modeli \u2013 s\u0105 niewielkie, ale pojemne i wygodne w noszeniu, a ich modny wygl\u0105d to tylko dodatek do ca\u0142o\u015bci.<\/p>\n\n\n\n<p>Uwaga! Najmodniejsze, ma\u0142e torebki na wiosn\u0119 2024 z g\u00f3rnym uchwytem b\u0119d\u0105 utrzymane w intensywnych barwach. Obok nich nikt nie przejdzie oboj\u0119tnie, wi\u0119c je\u015bli pragniesz wyr\u00f3\u017cni\u0107 si\u0119 z t\u0142umu, to idealne propozycje dla Ciebie.<\/p>\n\n\n\n<div class=\"wp-block-group is-nowrap is-layout-flex wp-container-core-group-is-layout-ad2f72ca wp-block-group-is-layout-flex\">\n<figure class=\"wp-block-image size-large\"><img loading=\"lazy\" decoding=\"async\" width=\"683\" height=\"1024\" src=\"https:\/\/blog.ccc.eu\/pl\/wp-content\/uploads\/2024\/01\/3-2-683x1024.jpg\" alt=\"ma\u0142a torebka ze z\u0142ot\u0105 klamr\u0105\" class=\"wp-image-21735\" srcset=\"https:\/\/blog.ccc.eu\/pl\/wp-content\/uploads\/2024\/01\/3-2-683x1024.jpg 683w, https:\/\/blog.ccc.eu\/pl\/wp-content\/uploads\/2024\/01\/3-2-200x300.jpg 200w, https:\/\/blog.ccc.eu\/pl\/wp-content\/uploads\/2024\/01\/3-2-768x1152.jpg 768w, https:\/\/blog.ccc.eu\/pl\/wp-content\/uploads\/2024\/01\/3-2-1024x1536.jpg 1024w, https:\/\/blog.ccc.eu\/pl\/wp-content\/uploads\/2024\/01\/3-2-100x150.jpg 100w, https:\/\/blog.ccc.eu\/pl\/wp-content\/uploads\/2024\/01\/3-2.jpg 1245w\" sizes=\"auto, (max-width: 683px) 100vw, 683px\" \/><\/figure>\n\n\n\n<figure class=\"wp-block-image size-large\"><img loading=\"lazy\" decoding=\"async\" width=\"683\" height=\"1024\" src=\"https:\/\/blog.ccc.eu\/pl\/wp-content\/uploads\/2024\/01\/4-3-683x1024.jpg\" alt=\"stylizacja z ma\u0142\u0105 torebk\u0105 i sneakersami\" class=\"wp-image-21736\" srcset=\"https:\/\/blog.ccc.eu\/pl\/wp-content\/uploads\/2024\/01\/4-3-683x1024.jpg 683w, https:\/\/blog.ccc.eu\/pl\/wp-content\/uploads\/2024\/01\/4-3-200x300.jpg 200w, https:\/\/blog.ccc.eu\/pl\/wp-content\/uploads\/2024\/01\/4-3-768x1152.jpg 768w, https:\/\/blog.ccc.eu\/pl\/wp-content\/uploads\/2024\/01\/4-3-1024x1536.jpg 1024w, https:\/\/blog.ccc.eu\/pl\/wp-content\/uploads\/2024\/01\/4-3-100x150.jpg 100w, https:\/\/blog.ccc.eu\/pl\/wp-content\/uploads\/2024\/01\/4-3.jpg 1245w\" sizes=\"auto, (max-width: 683px) 100vw, 683px\" \/><\/figure>\n<\/div>\n\n\n\n<h3 class=\"wp-block-heading\">Torebka z \u0142a\u0144cuszkiem dalej w trendach<\/h3>\n\n\n\n<p>Torebki damskie wiosna 2024 \u2013 kt\u00f3re z nich b\u0119d\u0105 modne, ale znamy je ju\u017c z zesz\u0142ych sezon\u00f3w? Torebki z \u0142a\u0144cuchami. Co sprawi\u0142o, \u017ce dalej utrzyma\u0142y si\u0119 w modzie? Ich wyrazisty charakter.<\/p>\n\n\n\n<p><strong>Torebka z \u0142a\u0144cuszkiem to mocny dodatek do stylizacji.<\/strong> Jest wspania\u0142\u0105 alternatyw\u0105 dla nudnych, wieczorowych kopert\u00f3wek, a zarazem doskona\u0142ym modelem do noszenia na co dzie\u0144, by urozmaici\u0107 stylizacj\u0119 z jeansami, klasycznym T-shirtem i marynark\u0105.<\/p>\n\n\n\n<p>W CCC znajdziesz wiele modeli tego typu torebek. Je\u015bli zale\u017cy Ci na tym, by torba by\u0142a zrobiona ze sk\u00f3ry, zajrzyj do oferty marki Badura. Je\u015bli nie jeste\u015b mi\u0142o\u015bniczk\u0105 naturalnych materia\u0142\u00f3w, marka Jenny Fairy proponuje syntetyczne, ale r\u00f3wnie efektowne alternatywy. Koniecznie sprawd\u017a!<\/p>\n\n\n\n\n\n\n<div class=\"wp-block-group is-nowrap is-layout-flex wp-container-core-group-is-layout-ad2f72ca wp-block-group-is-layout-flex\">\n<figure class=\"wp-block-image size-large\"><img loading=\"lazy\" decoding=\"async\" width=\"683\" height=\"1024\" src=\"https:\/\/blog.ccc.eu\/pl\/wp-content\/uploads\/2024\/01\/5-4-683x1024.jpg\" alt=\"torebka na \u0142a\u0144cuszku\" class=\"wp-image-21737\" srcset=\"https:\/\/blog.ccc.eu\/pl\/wp-content\/uploads\/2024\/01\/5-4-683x1024.jpg 683w, https:\/\/blog.ccc.eu\/pl\/wp-content\/uploads\/2024\/01\/5-4-200x300.jpg 200w, https:\/\/blog.ccc.eu\/pl\/wp-content\/uploads\/2024\/01\/5-4-768x1152.jpg 768w, https:\/\/blog.ccc.eu\/pl\/wp-content\/uploads\/2024\/01\/5-4-100x150.jpg 100w, https:\/\/blog.ccc.eu\/pl\/wp-content\/uploads\/2024\/01\/5-4.jpg 876w\" sizes=\"auto, (max-width: 683px) 100vw, 683px\" \/><\/figure>\n\n\n\n<figure class=\"wp-block-image size-large\"><img loading=\"lazy\" decoding=\"async\" width=\"683\" height=\"1024\" src=\"https:\/\/blog.ccc.eu\/pl\/wp-content\/uploads\/2024\/01\/6-2-683x1024.jpg\" alt=\"elegancka torebka na \u0142a\u0144cuszku\" class=\"wp-image-21738\" srcset=\"https:\/\/blog.ccc.eu\/pl\/wp-content\/uploads\/2024\/01\/6-2-683x1024.jpg 683w, https:\/\/blog.ccc.eu\/pl\/wp-content\/uploads\/2024\/01\/6-2-200x300.jpg 200w, https:\/\/blog.ccc.eu\/pl\/wp-content\/uploads\/2024\/01\/6-2-768x1152.jpg 768w, https:\/\/blog.ccc.eu\/pl\/wp-content\/uploads\/2024\/01\/6-2-100x150.jpg 100w, https:\/\/blog.ccc.eu\/pl\/wp-content\/uploads\/2024\/01\/6-2.jpg 876w\" sizes=\"auto, (max-width: 683px) 100vw, 683px\" \/><\/figure>\n<\/div>\n\n\n\n<h2 class=\"wp-block-heading\">Najmodniejsze torebki wiosna i lato 2024 znajdziesz w CCC!<\/h2>\n\n\n\n<p>Modne torebki 2024 wiosna i lato ju\u017c czekaj\u0105 na Ciebie w stacjonarnych sklepach CCC, na ccc.eu oraz w aplikacji! Jeste\u015b Klubowiczem CCC? Je\u015bli tak, koniecznie zajrzyj do swojej aplikacji. By\u0107 mo\u017ce w zak\u0142adce z promocjami czeka na Ciebie kod, dzi\u0119ki kt\u00f3remu modn\u0105 torebk\u0119 kupisz w jeszcze lepszej cenie. Udanych \u0142ow\u00f3w!<\/p>\n","protected":false},"excerpt":{"rendered":"<p>Trendy modowe potrafi\u0105 by\u0107 bezlitosne w przypadku torebek \u2013 w jednym sezonie promuj\u0105 ultrama\u0142e modele, ledwo mieszcz\u0105ce smartfona, a w kolejnym \u2013 gigantyczne torby, kt\u00f3re r\u00f3wnie dobrze mog\u0142yby s\u0142u\u017cy\u0107 jako baga\u017c podr\u0119czny. Dok\u0142adnie przeanalizowali\u015bmy wszystkie wybiegowe trendy i ju\u017c wiemy, po kt\u00f3re modele najch\u0119tniej b\u0119dziemy si\u0119ga\u0107 w tym roku. Modne torebki wiosna-lato 2024 \u2013 oto [&hellip;]<\/p>\n","protected":false},"author":20,"featured_media":21742,"comment_status":"open","ping_status":"closed","sticky":false,"template":"","format":"standard","meta":{"_acf_changed":false,"footnotes":""},"categories":[1574,1332,1315],"tags":[],"class_list":["post-21730","post","type-post","status-publish","format-standard","has-post-thumbnail","hentry","category-modne-torebki","category-trendy-na-lato","category-wiosenne-trendy"],"acf":[],"_links":{"self":[{"href":"https:\/\/blog.ccc.eu\/pl\/wp-json\/wp\/v2\/posts\/21730","targetHints":{"allow":["GET"]}}],"collection":[{"href":"https:\/\/blog.ccc.eu\/pl\/wp-json\/wp\/v2\/posts"}],"about":[{"href":"https:\/\/blog.ccc.eu\/pl\/wp-json\/wp\/v2\/types\/post"}],"author":[{"embeddable":true,"href":"https:\/\/blog.ccc.eu\/pl\/wp-json\/wp\/v2\/users\/20"}],"replies":[{"embeddable":true,"href":"https:\/\/blog.ccc.eu\/pl\/wp-json\/wp\/v2\/comments?post=21730"}],"version-history":[{"count":2,"href":"https:\/\/blog.ccc.eu\/pl\/wp-json\/wp\/v2\/posts\/21730\/revisions"}],"predecessor-version":[{"id":21743,"href":"https:\/\/blog.ccc.eu\/pl\/wp-json\/wp\/v2\/posts\/21730\/revisions\/21743"}],"wp:featuredmedia":[{"embeddable":true,"href":"https:\/\/blog.ccc.eu\/pl\/wp-json\/wp\/v2\/media\/21742"}],"wp:attachment":[{"href":"https:\/\/blog.ccc.eu\/pl\/wp-json\/wp\/v2\/media?parent=21730"}],"wp:term":[{"taxonomy":"category","embeddable":true,"href":"https:\/\/blog.ccc.eu\/pl\/wp-json\/wp\/v2\/categories?post=21730"},{"taxonomy":"post_tag","embeddable":true,"href":"https:\/\/blog.ccc.eu\/pl\/wp-json\/wp\/v2\/tags?post=21730"}],"curies":[{"name":"wp","href":"https:\/\/api.w.org\/{rel}","templated":true}]}}