{"id":21765,"date":"2024-01-11T11:02:56","date_gmt":"2024-01-11T10:02:56","guid":{"rendered":"https:\/\/blog.ccc.eu\/pl\/?p=21765"},"modified":"2024-01-11T11:02:57","modified_gmt":"2024-01-11T10:02:57","slug":"najczestsze-bledy-w-dobieraniu-torebki-do-stroju","status":"publish","type":"post","link":"https:\/\/blog.ccc.eu\/pl\/najczestsze-bledy-w-dobieraniu-torebki-do-stroju\/","title":{"rendered":"Najcz\u0119stsze b\u0142\u0119dy w\u2026 dobieraniu torebki do stroju"},"content":{"rendered":"\n<p><strong>W swojej garderobie masz wiele torebek, a mimo tego za ka\u017cdym razem trudno Ci dopasowa\u0107 t\u0119 w\u0142a\u015bciw\u0105 do danej stylizacji? A mo\u017ce wr\u0119cz przeciwnie \u2013 masz tylko jedn\u0105, uniwersaln\u0105 torebk\u0119, kt\u00f3r\u0105 wsz\u0119dzie zabierasz ze sob\u0105 i w \u017caden spos\u00f3b nie uatrakcyjnia ona Twoich outfit\u00f3w? Znamy na to sposoby! Poni\u017cej opisali\u015bmy najcz\u0119stsze b\u0142\u0119dy w dobieraniu torebki do stroju. Przeczytaj artyku\u0142 i wciel w \u017cycie porady, kt\u00f3re pomog\u0105 Ci kompletowa\u0107 perfekcyjne stylizacje!<\/strong><\/p>\n\n\n\n<figure class=\"wp-block-image size-large is-resized\"><img loading=\"lazy\" decoding=\"async\" width=\"683\" height=\"1024\" src=\"https:\/\/blog.ccc.eu\/pl\/wp-content\/uploads\/2024\/01\/glowne-1-683x1024.jpg\" alt=\"stylizacja z botkami i torebk\u0105\" class=\"wp-image-21772\" style=\"width:840px;height:auto\" srcset=\"https:\/\/blog.ccc.eu\/pl\/wp-content\/uploads\/2024\/01\/glowne-1-683x1024.jpg 683w, https:\/\/blog.ccc.eu\/pl\/wp-content\/uploads\/2024\/01\/glowne-1-200x300.jpg 200w, https:\/\/blog.ccc.eu\/pl\/wp-content\/uploads\/2024\/01\/glowne-1-768x1152.jpg 768w, https:\/\/blog.ccc.eu\/pl\/wp-content\/uploads\/2024\/01\/glowne-1-1024x1536.jpg 1024w, https:\/\/blog.ccc.eu\/pl\/wp-content\/uploads\/2024\/01\/glowne-1-100x150.jpg 100w, https:\/\/blog.ccc.eu\/pl\/wp-content\/uploads\/2024\/01\/glowne-1.jpg 1245w\" sizes=\"auto, (max-width: 683px) 100vw, 683px\" \/><\/figure>\n\n\n\n<h2 class=\"wp-block-heading\">#1 Niew\u0142a\u015bciwe dobieranie torebki do okazji<\/h2>\n\n\n\n<p>Czy zdarzy\u0142o Ci si\u0119 kiedykolwiek starannie dobiera\u0107 str\u00f3j na dan\u0105 okazj\u0119, a zupe\u0142nie pomin\u0105\u0107 dodatki? To cz\u0119stsze ni\u017c my\u015blisz! Zwykle nie ma to miejsca w przypadku kompletowania stroj\u00f3w okazjonalnych, ale nagminnie zdarza si\u0119, kiedy wybieramy stroje codzienne, na przyk\u0142ad te do pracy, na spotkania biznesowe b\u0105d\u017a spotkania z przyjaci\u00f3\u0142mi. Na nie zabieramy ze sob\u0105 swoj\u0105 ulubion\u0105, cz\u0119sto wys\u0142u\u017con\u0105, torebk\u0119, do kt\u00f3rej mamy ju\u017c spakowane wszystko, czego potrzebujemy. Szkoda Ci czasu na przek\u0142adanie niezb\u0119dnik\u00f3w? Twoja stylizacja mo\u017ce na tym ucierpie\u0107.<\/p>\n\n\n\n<p><strong>Nasza rada:<\/strong> przygotuj dwie lub trzy torebki, kt\u00f3re przypiszesz na konkretne okazje. <strong>Torebka shopperka idealnie sprawdzi si\u0119 do pracy, torebka typu worek \u2013 na zakupy, a ma\u0142a torebka do r\u0119ki \u2013 na spotkania z bliskimi. <\/strong>Nast\u0119pnie uzupe\u0142nij je o niezb\u0119dniki, kt\u00f3re zawsze zabierasz ze sob\u0105 w te miejsca, na przyk\u0142ad: dodatkow\u0105, p\u0142\u00f3cienn\u0105 torb\u0119 na zakupy w\u0142\u00f3\u017c do worka, a biznesowy planer i pi\u00f3ro do shopperki. Dzi\u0119ki temu przed wyj\u015bciem do wybranej torebki prze\u0142o\u017cysz jedynie portfel, smartfon i klucze, i ju\u017c b\u0119dziesz gotowa do wyj\u015bcia!<\/p>\n\n\n\n<div class=\"wp-block-group is-nowrap is-layout-flex wp-container-core-group-is-layout-ad2f72ca wp-block-group-is-layout-flex\">\n<figure class=\"wp-block-image size-large\"><img loading=\"lazy\" decoding=\"async\" width=\"683\" height=\"1024\" src=\"https:\/\/blog.ccc.eu\/pl\/wp-content\/uploads\/2024\/01\/1-4-683x1024.jpg\" alt=\"du\u017ca be\u017cowa torebka\" class=\"wp-image-21766\" srcset=\"https:\/\/blog.ccc.eu\/pl\/wp-content\/uploads\/2024\/01\/1-4-683x1024.jpg 683w, https:\/\/blog.ccc.eu\/pl\/wp-content\/uploads\/2024\/01\/1-4-200x300.jpg 200w, https:\/\/blog.ccc.eu\/pl\/wp-content\/uploads\/2024\/01\/1-4-768x1152.jpg 768w, https:\/\/blog.ccc.eu\/pl\/wp-content\/uploads\/2024\/01\/1-4-1024x1536.jpg 1024w, https:\/\/blog.ccc.eu\/pl\/wp-content\/uploads\/2024\/01\/1-4-100x150.jpg 100w, https:\/\/blog.ccc.eu\/pl\/wp-content\/uploads\/2024\/01\/1-4.jpg 1245w\" sizes=\"auto, (max-width: 683px) 100vw, 683px\" \/><\/figure>\n\n\n\n<figure class=\"wp-block-image size-large\"><img loading=\"lazy\" decoding=\"async\" width=\"683\" height=\"1024\" src=\"https:\/\/blog.ccc.eu\/pl\/wp-content\/uploads\/2024\/01\/2-4-683x1024.jpg\" alt=\"stylizacja z torebk\u0105 i p\u00f3\u0142butami na obcasie\" class=\"wp-image-21767\" srcset=\"https:\/\/blog.ccc.eu\/pl\/wp-content\/uploads\/2024\/01\/2-4-683x1024.jpg 683w, https:\/\/blog.ccc.eu\/pl\/wp-content\/uploads\/2024\/01\/2-4-200x300.jpg 200w, https:\/\/blog.ccc.eu\/pl\/wp-content\/uploads\/2024\/01\/2-4-768x1152.jpg 768w, https:\/\/blog.ccc.eu\/pl\/wp-content\/uploads\/2024\/01\/2-4-1024x1536.jpg 1024w, https:\/\/blog.ccc.eu\/pl\/wp-content\/uploads\/2024\/01\/2-4-100x150.jpg 100w, https:\/\/blog.ccc.eu\/pl\/wp-content\/uploads\/2024\/01\/2-4.jpg 1245w\" sizes=\"auto, (max-width: 683px) 100vw, 683px\" \/><\/figure>\n<\/div>\n\n\n\n<h2 class=\"wp-block-heading\">#2 Dobieranie koloru torebki do koloru paska<\/h2>\n\n\n\n<p>Chocia\u017c nie ma nic z\u0142ego w dobieraniu koloru torebki do koloru paska to zasada modowa \u201estarej szko\u0142y\u201d. Dzi\u0119ki niej Twoja stylizacja z pewno\u015bci\u0105 b\u0119dzie harmonijna i bezpieczna, ale mo\u017ce by\u0107 tak\u017ce\u2026 nudna.<\/p>\n\n\n\n<p><strong>Za pomoc\u0105 r\u00f3\u017cnokolorowych b\u0105d\u017a kontrastuj\u0105cych ze sob\u0105 dodatk\u00f3w do stroju, na przyk\u0142ad paska i torebki, mo\u017cesz stworzy\u0107 o wiele bardziej oryginaln\u0105 i przyci\u0105gaj\u0105c\u0105 wzrok stylizacj\u0119.<\/strong> Oto przyk\u0142ad: je\u015bli nosisz czarny, sk\u00f3rzany pasek, dobierz do niego torebk\u0119 z motywami czerni, b\u0142\u0119kitu i bieli. Barwa paska powtarza si\u0119 na torebce, dzi\u0119ki czemu dodatki r\u00f3wnie\u017c harmonizuj\u0105 ze sob\u0105, ale nie jest to banalne rozwi\u0105zanie, lecz stylowe i nieoczywiste.<\/p>\n\n\n\n<figure class=\"wp-block-image size-large\"><img loading=\"lazy\" decoding=\"async\" width=\"1024\" height=\"682\" src=\"https:\/\/blog.ccc.eu\/pl\/wp-content\/uploads\/2024\/01\/3-3-1024x682.jpg\" alt=\"elegancka stylizacja ze sk\u00f3rzan\u0105 torebk\u0105 i lordsami\" class=\"wp-image-21768\" srcset=\"https:\/\/blog.ccc.eu\/pl\/wp-content\/uploads\/2024\/01\/3-3-1024x682.jpg 1024w, https:\/\/blog.ccc.eu\/pl\/wp-content\/uploads\/2024\/01\/3-3-300x200.jpg 300w, https:\/\/blog.ccc.eu\/pl\/wp-content\/uploads\/2024\/01\/3-3-768x512.jpg 768w, https:\/\/blog.ccc.eu\/pl\/wp-content\/uploads\/2024\/01\/3-3-100x67.jpg 100w, https:\/\/blog.ccc.eu\/pl\/wp-content\/uploads\/2024\/01\/3-3.jpg 1400w\" sizes=\"auto, (max-width: 1024px) 100vw, 1024px\" \/><\/figure>\n\n\n\n<h2 class=\"wp-block-heading\">#3 Niezwracanie uwagi na faktur\u0119 stroju podczas doboru torebki<\/h2>\n\n\n\n<p>Ka\u017cdy materia\u0142 ma swoj\u0105 \u201ewag\u0119\u201d. Dla przyk\u0142adu: jedwab i satyna to niezwykle subtelne tkaniny, kt\u00f3re dodaj\u0105 lekko\u015bci ca\u0142ej stylizacji. W opozycji do nich stoi m.in. sk\u00f3ra \u2013 ta za\u015b doci\u0105\u017ca stylizacj\u0119 i nadaje jej wyrazisty charakter. T\u0105 \u201ewag\u0105\u201d warto si\u0119 kierowa\u0107 podczas doboru torebek do stroj\u00f3w. Dlaczego? Bo \u017ale zestawione mog\u0105 znacznie obci\u0105\u017cy\u0107 stylizacj\u0119 b\u0105d\u017a prezentowa\u0107 si\u0119 nieadekwatnie do okazji lub\u2026 pory roku!<\/p>\n\n\n\n<p><strong>Podczas kompletowania stylizacji zawsze zwracaj uwag\u0119 na materia\u0142y poszczeg\u00f3lnych element\u00f3w.<\/strong> To one potrafi\u0105 zr\u00f3wnowa\u017cy\u0107 ca\u0142o\u015b\u0107 i sprawi\u0107, \u017ce outfit prezentuje si\u0119 fenomenalnie. Tak wi\u0119c do wy\u017cej wspomnianej satyny lepiej pasowa\u0107 b\u0119d\u0105 materia\u0142owe, lekkie torebki b\u0105d\u017a modele ozdobione per\u0142ami\/cyrkoniami, kt\u00f3re \u2013 tak jak satyna \u2013 delikatnie po\u0142yskuj\u0105. We\u0142niane tkaniny doskonale prezentuj\u0105 si\u0119 z zamszem i nubukiem, a usztywnione materia\u0142y, na przyk\u0142ad te, z kt\u00f3rych robi si\u0119 marynarki i p\u0142aszcze, \u015bwietnie komponuj\u0105 si\u0119 z naturaln\u0105 sk\u00f3r\u0105. Warto pami\u0119ta\u0107 o tej zale\u017cno\u015bci przy doborze torebki do stroju.<\/p>\n\n\n\n<div class=\"wp-block-group is-nowrap is-layout-flex wp-container-core-group-is-layout-ad2f72ca wp-block-group-is-layout-flex\">\n<figure class=\"wp-block-image size-large\"><img loading=\"lazy\" decoding=\"async\" width=\"683\" height=\"1024\" src=\"https:\/\/blog.ccc.eu\/pl\/wp-content\/uploads\/2024\/01\/4-4-683x1024.jpg\" alt=\"outfit z kozakami i pikowan\u0105 torebk\u0105\" class=\"wp-image-21769\" srcset=\"https:\/\/blog.ccc.eu\/pl\/wp-content\/uploads\/2024\/01\/4-4-683x1024.jpg 683w, https:\/\/blog.ccc.eu\/pl\/wp-content\/uploads\/2024\/01\/4-4-200x300.jpg 200w, https:\/\/blog.ccc.eu\/pl\/wp-content\/uploads\/2024\/01\/4-4-768x1152.jpg 768w, https:\/\/blog.ccc.eu\/pl\/wp-content\/uploads\/2024\/01\/4-4-1024x1536.jpg 1024w, https:\/\/blog.ccc.eu\/pl\/wp-content\/uploads\/2024\/01\/4-4-100x150.jpg 100w, https:\/\/blog.ccc.eu\/pl\/wp-content\/uploads\/2024\/01\/4-4.jpg 1245w\" sizes=\"auto, (max-width: 683px) 100vw, 683px\" \/><\/figure>\n\n\n\n<figure class=\"wp-block-image size-large\"><img loading=\"lazy\" decoding=\"async\" width=\"683\" height=\"1024\" src=\"https:\/\/blog.ccc.eu\/pl\/wp-content\/uploads\/2024\/01\/5-5-683x1024.jpg\" alt=\"pikowana czarna torebka\" class=\"wp-image-21770\" srcset=\"https:\/\/blog.ccc.eu\/pl\/wp-content\/uploads\/2024\/01\/5-5-683x1024.jpg 683w, https:\/\/blog.ccc.eu\/pl\/wp-content\/uploads\/2024\/01\/5-5-200x300.jpg 200w, https:\/\/blog.ccc.eu\/pl\/wp-content\/uploads\/2024\/01\/5-5-768x1152.jpg 768w, https:\/\/blog.ccc.eu\/pl\/wp-content\/uploads\/2024\/01\/5-5-1024x1536.jpg 1024w, https:\/\/blog.ccc.eu\/pl\/wp-content\/uploads\/2024\/01\/5-5-100x150.jpg 100w, https:\/\/blog.ccc.eu\/pl\/wp-content\/uploads\/2024\/01\/5-5.jpg 1245w\" sizes=\"auto, (max-width: 683px) 100vw, 683px\" \/><\/figure>\n<\/div>\n\n\n\n<h2 class=\"wp-block-heading\">#4 Kupowanie jednej torebki, kt\u00f3ra ma pasowa\u0107 do ka\u017cdego stroju<\/h2>\n\n\n\n<p>Zawsze wybierasz torebk\u0119 o prostym kroju i utrzyman\u0105 w neutralnej kolorystyce, najcz\u0119\u015bciej be\u017cow\u0105 lub czarn\u0105, bo chcesz, aby pasowa\u0142a do ka\u017cdego stroju? To b\u0142\u0105d!<\/p>\n\n\n\n<p>Ka\u017cda torebka, nawet ta najbardziej uniwersalna, ma sw\u00f3j styl, kt\u00f3ry b\u0119dzie pasowa\u0107 do okre\u015blonej grupy stroj\u00f3w. Dla przyk\u0142adu: je\u015bli jeste\u015b w posiadaniu czarnej, ponadczasowej shopperki, nie wykorzystasz jej jako dodatek na wa\u017cn\u0105 uroczysto\u015b\u0107.<\/p>\n\n\n\n<p>Zgadzamy si\u0119 z tym, \u017ce warto ogranicza\u0107 ilo\u015b\u0107 ubra\u0144 i dodatk\u00f3w w szafach, ale to, do czego namawia nas wielu stylist\u00f3w, czyli wybranie jednej torebki z wysokiej jako\u015bci materia\u0142u na ka\u017cd\u0105 okazj\u0119, to za\u0142o\u017cenie, kt\u00f3re nie otwiera nowych mo\u017cliwo\u015bci stylizacyjnych, lecz je ogranicza. Nie musisz mie\u0107 tym samym dziesi\u0119ciu torebek, ale <strong>dwa lub trzy modele, dopasowane do Twoich potrzeb i stylu \u017cycia, zdecydowanie lepiej si\u0119 sprawdz\u0105<\/strong>.<\/p>\n\n\n\n<p>Chodzi tu nie tylko o kr\u00f3j torebek, ale tak\u017ce o ich funkcjonalno\u015b\u0107. Warto posiada\u0107 w szafie jedn\u0105 du\u017c\u0105 torebk\u0119 i jedn\u0105 o \u015bredniej lub ma\u0142ej wielko\u015bci. Dzi\u0119ki takiemu rozwi\u0105zaniu zawsze b\u0119dziesz mie\u0107 przy sobie tylko tyle rzeczy, ile faktycznie potrzebujesz. Je\u015bli idziesz na kaw\u0119 z przyjaci\u00f3\u0142k\u0105, nie musisz przecie\u017c zabiera\u0107 ze sob\u0105 shopperki XXL. Postaw na wygod\u0119, styl i \u015bwiadome zakupy.<\/p>\n\n\n\n<figure class=\"wp-block-image size-large\"><img loading=\"lazy\" decoding=\"async\" width=\"1024\" height=\"682\" src=\"https:\/\/blog.ccc.eu\/pl\/wp-content\/uploads\/2024\/01\/6-3-1024x682.jpg\" alt=\"czarna shopperka i loafersy na grubej podeszwie\" class=\"wp-image-21771\" srcset=\"https:\/\/blog.ccc.eu\/pl\/wp-content\/uploads\/2024\/01\/6-3-1024x682.jpg 1024w, https:\/\/blog.ccc.eu\/pl\/wp-content\/uploads\/2024\/01\/6-3-300x200.jpg 300w, https:\/\/blog.ccc.eu\/pl\/wp-content\/uploads\/2024\/01\/6-3-768x512.jpg 768w, https:\/\/blog.ccc.eu\/pl\/wp-content\/uploads\/2024\/01\/6-3-100x67.jpg 100w, https:\/\/blog.ccc.eu\/pl\/wp-content\/uploads\/2024\/01\/6-3.jpg 1400w\" sizes=\"auto, (max-width: 1024px) 100vw, 1024px\" \/><\/figure>\n\n\n\n<h2 class=\"wp-block-heading\">Wi\u0119cej modowych porad znajdziesz na blogu CCC!<\/h2>\n\n\n\n<p>Ju\u017c wiesz, na co zwraca\u0107 uwag\u0119 podczas doboru torebki do stroju? Wspaniale! Po wi\u0119cej modowych porad zajrzyj na naszego Bloga CCC! Czeka w nim na Ciebie wiele eksperckich artyku\u0142\u00f3w na temat trend\u00f3w, a tak\u017ce specjalistyczne porady dotycz\u0105ce w\u0142a\u015bciwego doboru obuwia. Wykorzystaj t\u0119 wiedz\u0119 do dokonywania \u015bwiadomych zakup\u00f3w!<\/p>\n","protected":false},"excerpt":{"rendered":"<p>W swojej garderobie masz wiele torebek, a mimo tego za ka\u017cdym razem trudno Ci dopasowa\u0107 t\u0119 w\u0142a\u015bciw\u0105 do danej stylizacji? A mo\u017ce wr\u0119cz przeciwnie \u2013 masz tylko jedn\u0105, uniwersaln\u0105 torebk\u0119, kt\u00f3r\u0105 wsz\u0119dzie zabierasz ze sob\u0105 i w \u017caden spos\u00f3b nie uatrakcyjnia ona Twoich outfit\u00f3w? Znamy na to sposoby! Poni\u017cej opisali\u015bmy najcz\u0119stsze b\u0142\u0119dy w dobieraniu torebki [&hellip;]<\/p>\n","protected":false},"author":20,"featured_media":21772,"comment_status":"open","ping_status":"closed","sticky":false,"template":"","format":"standard","meta":{"_acf_changed":false,"footnotes":""},"categories":[4],"tags":[],"class_list":["post-21765","post","type-post","status-publish","format-standard","has-post-thumbnail","hentry","category-porady"],"acf":[],"_links":{"self":[{"href":"https:\/\/blog.ccc.eu\/pl\/wp-json\/wp\/v2\/posts\/21765","targetHints":{"allow":["GET"]}}],"collection":[{"href":"https:\/\/blog.ccc.eu\/pl\/wp-json\/wp\/v2\/posts"}],"about":[{"href":"https:\/\/blog.ccc.eu\/pl\/wp-json\/wp\/v2\/types\/post"}],"author":[{"embeddable":true,"href":"https:\/\/blog.ccc.eu\/pl\/wp-json\/wp\/v2\/users\/20"}],"replies":[{"embeddable":true,"href":"https:\/\/blog.ccc.eu\/pl\/wp-json\/wp\/v2\/comments?post=21765"}],"version-history":[{"count":1,"href":"https:\/\/blog.ccc.eu\/pl\/wp-json\/wp\/v2\/posts\/21765\/revisions"}],"predecessor-version":[{"id":21773,"href":"https:\/\/blog.ccc.eu\/pl\/wp-json\/wp\/v2\/posts\/21765\/revisions\/21773"}],"wp:featuredmedia":[{"embeddable":true,"href":"https:\/\/blog.ccc.eu\/pl\/wp-json\/wp\/v2\/media\/21772"}],"wp:attachment":[{"href":"https:\/\/blog.ccc.eu\/pl\/wp-json\/wp\/v2\/media?parent=21765"}],"wp:term":[{"taxonomy":"category","embeddable":true,"href":"https:\/\/blog.ccc.eu\/pl\/wp-json\/wp\/v2\/categories?post=21765"},{"taxonomy":"post_tag","embeddable":true,"href":"https:\/\/blog.ccc.eu\/pl\/wp-json\/wp\/v2\/tags?post=21765"}],"curies":[{"name":"wp","href":"https:\/\/api.w.org\/{rel}","templated":true}]}}