{"id":21982,"date":"2026-02-04T11:56:11","date_gmt":"2026-02-04T10:56:11","guid":{"rendered":"https:\/\/blog.ccc.eu\/pl\/?p=21982"},"modified":"2026-02-04T12:02:38","modified_gmt":"2026-02-04T11:02:38","slug":"jak-sie-ubrac-na-walentynki-zobacz-stylizacje","status":"publish","type":"post","link":"https:\/\/blog.ccc.eu\/pl\/jak-sie-ubrac-na-walentynki-zobacz-stylizacje\/","title":{"rendered":"Jak si\u0119 ubra\u0107 na walentynki 2026?"},"content":{"rendered":"\n<p><strong>Bez wzgl\u0119du na to, czy planujesz romantyczn\u0105 kolacj\u0119 we dwoje, domowe spa, czy wiecz\u00f3r z przyjaci\u00f3\u0142kami \u2013 stylizacje na walentynki 2026 powinny mie\u0107 w sobie ten wyj\u0105tkowy b\u0142ysk. Trendy, komfort i odrobina flirtu? Tak! Przygotowali\u015bmy modowy przewodnik, dzi\u0119ki kt\u00f3remu z \u0142atwo\u015bci\u0105 skomponujesz look na 14 lutego. Znajdziesz w nim zestawy, kt\u00f3re s\u0105 nie tylko efektowne, ale te\u017c wygodne. A ich najwi\u0119kszym atutem? Dopracowane dodatki. Buty i torebki graj\u0105 tu pierwsze skrzypce \u2013 i to w\u0142a\u015bnie one nadadz\u0105 ca\u0142o\u015bci walentynkowego charakteru.<\/strong><\/p>\n\n\n\n<figure class=\"wp-block-image size-large\"><img loading=\"lazy\" decoding=\"async\" width=\"1024\" height=\"683\" src=\"https:\/\/blog.ccc.eu\/pl\/wp-content\/uploads\/2026\/02\/GettyImages-2188905600-1024x683.jpg\" alt=\"jak si\u0119 ubra\u0107 na walentynki\" class=\"wp-image-28999\" srcset=\"https:\/\/blog.ccc.eu\/pl\/wp-content\/uploads\/2026\/02\/GettyImages-2188905600-1024x683.jpg 1024w, https:\/\/blog.ccc.eu\/pl\/wp-content\/uploads\/2026\/02\/GettyImages-2188905600-300x200.jpg 300w, https:\/\/blog.ccc.eu\/pl\/wp-content\/uploads\/2026\/02\/GettyImages-2188905600-768x512.jpg 768w, https:\/\/blog.ccc.eu\/pl\/wp-content\/uploads\/2026\/02\/GettyImages-2188905600-1536x1024.jpg 1536w, https:\/\/blog.ccc.eu\/pl\/wp-content\/uploads\/2026\/02\/GettyImages-2188905600-100x67.jpg 100w\" sizes=\"auto, (max-width: 1024px) 100vw, 1024px\" \/><\/figure>\n\n\n\n<h2 class=\"wp-block-heading\">Stylizacje na walentynki w kolorze mi\u0142o\u015bci\u2026 i w trendach!<\/h2>\n\n\n\n<p>Czerwie\u0144 to kolor mi\u0142o\u015bci \u2013 i mody. W sezonie 2026 zn\u00f3w gra pierwsze skrzypce, <strong>pojawiaj\u0105c si\u0119 na wybiegach u takich dom\u00f3w mody jak Celine czy Saint Laurent. <\/strong>Nic dziwnego, \u017ce to w\u0142a\u015bnie ten odcie\u0144 uchodzi za najgor\u0119tszy wyb\u00f3r na walentynki. Jest zmys\u0142owy, elegancki i zawsze przyci\u0105ga spojrzenia \u2013 szczeg\u00f3lnie, gdy wyst\u0119puje solo, bez zb\u0119dnych dodatk\u00f3w.<\/p>\n\n\n\n<h2 class=\"wp-block-heading\">Czy kolor czerwony pasuje ka\u017cdemu?<\/h2>\n\n\n\n<p>Martwisz si\u0119, \u017ce czerwie\u0144 mo\u017ce Ci \u201enie pasowa\u0107\u201d? Spokojnie \u2013 to tylko kwestia odpowiedniego odcienia. Czerwie\u0144 ma wiele twarzy, a ka\u017cda z nas mo\u017ce znale\u017a\u0107 t\u0119 idealn\u0105:<\/p>\n\n\n\n<ul class=\"wp-block-list\">\n<li><strong>jasna cera z r\u00f3\u017cowym podtonem<\/strong>: cherry red, crimson, ch\u0142odne bordo,<\/li>\n\n\n\n<li><strong>oliwkowa, \u015bniada lub z\u0142ocista karnacja<\/strong>: pomidorowa czerwie\u0144, koral, ceglasty,<\/li>\n\n\n\n<li><strong>ciemna sk\u00f3ra<\/strong>: true red, karmazyn.<\/li>\n<\/ul>\n\n\n\n<p>Odpowiednio dobrana czerwie\u0144 nie przyt\u0142acza \u2013 przeciwnie, dodaje energii, \u015bwie\u017co\u015bci i wyj\u0105tkowego wyrazu.<\/p>\n\n\n\n<h2 class=\"wp-block-heading\">Jak si\u0119 ubra\u0107 na walentynki? W stylu athleisure <\/h2>\n\n\n\n<p>Stylizacja na walentynki dla niej wcale nie musi by\u0107 oczywista. Zamiast klasycznej sukienki postaw na miks kobieco\u015bci i luzu \u2013 mini sp\u00f3dniczka lub eleganckie szorty to \u015bwietna baza, ale kluczem do efektu z klas\u0105 b\u0119dzie narzucone na wierzch ponczo lub d\u0142u\u017cszy, oversize\u2019owy kardigan. <strong>Pod sp\u00f3d \u2013 dopasowany longsleeve z czerwonym akcentem, kt\u00f3ry subtelnie nawi\u0105\u017ce do walentynkowego klimatu.<\/strong> Do tego wygodne <a href=\"https:\/\/ccc.eu\/pl\/damskie\/buty\/kozaki\" data-type=\"link\" data-id=\"https:\/\/ccc.eu\/pl\/damskie\/buty\/kozaki\" target=\"_blank\" rel=\"noreferrer noopener\">kozaki <\/a>na stabilnym s\u0142upku. A \u017ceby nie by\u0142o zbyt przewidywalnie \u2013 sportowy twist w duchu athleisure: czapka z daszkiem. Ca\u0142o\u015b\u0107 wygl\u0105da nowocze\u015bnie, modnie i z charakterem \u2013 idealna na 14 lutego!<\/p>\n\n\n\n<figure class=\"wp-block-image size-large\"><img loading=\"lazy\" decoding=\"async\" width=\"683\" height=\"1024\" src=\"https:\/\/blog.ccc.eu\/pl\/wp-content\/uploads\/2026\/02\/250912_CCC_BHPC_0375-683x1024.jpg\" alt=\"Jak si\u0119 ubra\u0107 na walentynki? W stylu athleisure \" class=\"wp-image-29004\" srcset=\"https:\/\/blog.ccc.eu\/pl\/wp-content\/uploads\/2026\/02\/250912_CCC_BHPC_0375-683x1024.jpg 683w, https:\/\/blog.ccc.eu\/pl\/wp-content\/uploads\/2026\/02\/250912_CCC_BHPC_0375-200x300.jpg 200w, https:\/\/blog.ccc.eu\/pl\/wp-content\/uploads\/2026\/02\/250912_CCC_BHPC_0375-768x1152.jpg 768w, https:\/\/blog.ccc.eu\/pl\/wp-content\/uploads\/2026\/02\/250912_CCC_BHPC_0375-1024x1536.jpg 1024w, https:\/\/blog.ccc.eu\/pl\/wp-content\/uploads\/2026\/02\/250912_CCC_BHPC_0375-100x150.jpg 100w\" sizes=\"auto, (max-width: 683px) 100vw, 683px\" \/><\/figure>\n\n\n\n<h2 class=\"wp-block-heading\">Jak si\u0119 ubra\u0107 na walentynki? Preppy z czerwonym twistem<\/h2>\n\n\n\n<p>Nie przepadasz za sukienkami czy sp\u00f3dniczkami? R\u00f3wnie efektownym (i zdecydowanie bardziej zadziornym) wyborem b\u0119dzie <strong>look w duchu preppy \u2013 jak z kampusu Yale czy Harvardu<\/strong>. Ten akademicki szyk, zanurzony w <a href=\"https:\/\/blog.ccc.eu\/pl\/old-money-personal-shopper-radzi-o-tej-estetyce-bedzie-coraz-glosniej\/\" data-type=\"link\" data-id=\"https:\/\/blog.ccc.eu\/pl\/old-money-personal-shopper-radzi-o-tej-estetyce-bedzie-coraz-glosniej\/\">estetyce old money<\/a>, to nadal jeden z najmocniejszych trend\u00f3w sezonu. Idealn\u0105 baz\u0105 b\u0119dzie czerwony sweterek z warkoczowym splotem \u2013 koniecznie zapi\u0119ty na guziki lub z dekoltem V, pod kt\u00f3ry wk\u0142adasz koszul\u0119 z ko\u0142nierzykiem. Do tego legginsy z grubego, strukturalnego materia\u0142u.<\/p>\n\n\n\n<figure class=\"wp-block-image size-large\"><img loading=\"lazy\" decoding=\"async\" width=\"683\" height=\"1024\" src=\"https:\/\/blog.ccc.eu\/pl\/wp-content\/uploads\/2026\/02\/250912_CCC_BHPC_1103-683x1024.jpg\" alt=\"Jak si\u0119 ubra\u0107 na walentynki? Preppy z czerwonym twistem\" class=\"wp-image-29003\" srcset=\"https:\/\/blog.ccc.eu\/pl\/wp-content\/uploads\/2026\/02\/250912_CCC_BHPC_1103-683x1024.jpg 683w, https:\/\/blog.ccc.eu\/pl\/wp-content\/uploads\/2026\/02\/250912_CCC_BHPC_1103-200x300.jpg 200w, https:\/\/blog.ccc.eu\/pl\/wp-content\/uploads\/2026\/02\/250912_CCC_BHPC_1103-768x1152.jpg 768w, https:\/\/blog.ccc.eu\/pl\/wp-content\/uploads\/2026\/02\/250912_CCC_BHPC_1103-1024x1536.jpg 1024w, https:\/\/blog.ccc.eu\/pl\/wp-content\/uploads\/2026\/02\/250912_CCC_BHPC_1103-100x150.jpg 100w\" sizes=\"auto, (max-width: 683px) 100vw, 683px\" \/><\/figure>\n\n\n\n<p>Wisienk\u0105 na torcie jest listonoszka z logo<a href=\"https:\/\/ccc.eu\/pl\/marki\/beverly-hills-polo-club\" target=\"_blank\" data-type=\"link\" data-id=\"https:\/\/ccc.eu\/pl\/marki\/beverly-hills-polo-club\" rel=\"noreferrer noopener\"> Beverly Hills Polo Club <\/a>\u2013 detal, kt\u00f3ry perfekcyjnie wpisuje si\u0119 w preppy vibe. W kwestii but\u00f3w stawiamy na oficerki \u2013 klasyczne, sk\u00f3rzane, si\u0119gaj\u0105ce kolan. Taki look jest wygodny, stylowy i gotowy na ka\u017cde walentynkowe wyj\u015bcie \u2013 od kawy w ulubionej knajpce po wieczorny spacer w miejskim stylu.<\/p>\n\n\n\n<!-- BEGIN - feed broker -->\n<div class=\"feedbroker\" consumer-code-id=\"YuzUkUvTyA3f4i4gqizh\"><script src=\"https:\/\/app.feed.broker\/consumer\/feedbroker-consumer-script.umd.js?v=1.0.1\" defer=\"\"><\/script><\/div>\n<!-- END - feed broker -->\n\n\n\n<p><\/p>\n\n\n\n<h2 class=\"wp-block-heading\">Stylizacja na walentynki dla minimalistek<\/h2>\n\n\n\n<p>Str\u00f3j na walentynki dla minimalistek? Prosto z kapsu\u0142owej garderoby. Je\u015bli kochasz klasyk\u0119 i trzymasz si\u0119 ponadczasowych fason\u00f3w, ten dzie\u0144 nie wymaga rewolucji \u2013 <strong>wystarcz\u0105 ulubione elementy w nowej konfiguracji. Wyci\u0105gnij z szafy idealnie skrojone jeansy, koszul\u0119 i marynark\u0119 o m\u0119skim kroju<\/strong>. Ca\u0142o\u015b\u0107 zyska walentynkowy twist, gdy nonszalancko zarzucisz na ramiona czerwony sweter i przewi\u0105\u017cesz go z przodu \u2013 ten detal doda stylizacji lekko\u015bci i koloru. Zamiast szpilek postaw na wygod\u0119 i klas\u0119 \u2013 <a href=\"https:\/\/ccc.eu\/pl\/damskie\/buty\/kategoria:botki\" target=\"_blank\" data-type=\"link\" data-id=\"https:\/\/ccc.eu\/pl\/damskie\/buty\/kategoria:botki\" rel=\"noreferrer noopener\">botki <\/a>w stylu sztyblet\u00f3w na niskim klocku b\u0119d\u0105 strza\u0142em w dziesi\u0105tk\u0119. Elegancko, komfortowo i bez zb\u0119dnego wysi\u0142ku.<\/p>\n\n\n\n<figure class=\"wp-block-image size-large\"><img loading=\"lazy\" decoding=\"async\" width=\"683\" height=\"1024\" src=\"https:\/\/blog.ccc.eu\/pl\/wp-content\/uploads\/2026\/02\/250912_CCC_BHPC_3147-683x1024.jpg\" alt=\"Stylizacja na walentynki dla minimalistek\" class=\"wp-image-29005\" srcset=\"https:\/\/blog.ccc.eu\/pl\/wp-content\/uploads\/2026\/02\/250912_CCC_BHPC_3147-683x1024.jpg 683w, https:\/\/blog.ccc.eu\/pl\/wp-content\/uploads\/2026\/02\/250912_CCC_BHPC_3147-200x300.jpg 200w, https:\/\/blog.ccc.eu\/pl\/wp-content\/uploads\/2026\/02\/250912_CCC_BHPC_3147-768x1152.jpg 768w, https:\/\/blog.ccc.eu\/pl\/wp-content\/uploads\/2026\/02\/250912_CCC_BHPC_3147-1024x1536.jpg 1024w, https:\/\/blog.ccc.eu\/pl\/wp-content\/uploads\/2026\/02\/250912_CCC_BHPC_3147-1365x2048.jpg 1365w, https:\/\/blog.ccc.eu\/pl\/wp-content\/uploads\/2026\/02\/250912_CCC_BHPC_3147-100x150.jpg 100w, https:\/\/blog.ccc.eu\/pl\/wp-content\/uploads\/2026\/02\/250912_CCC_BHPC_3147-scaled.jpg 1707w\" sizes=\"auto, (max-width: 683px) 100vw, 683px\" \/><\/figure>\n\n\n\n<h2 class=\"wp-block-heading\">Czerwone torebki idealne (nie tylko) na walentynki<\/h2>\n\n\n\n<p>Nie musisz zak\u0142ada\u0107 czerwonej sukienki, by poczu\u0107 klimat walentynek \u2013 czasem wystarczy jeden mocny akcent. Czerwona torebka to absolutny must-have tego sezonu i idealny wyb\u00f3r dla minimalistek, kt\u00f3re kochaj\u0105 detale z charakterem. Zestaw j\u0105 z czarnym total lookiem \u2013 prosty zabieg, kt\u00f3ry wygl\u0105da jak prosto z wybiegu. Na <strong>Copenhagen Fashion Week<\/strong> <strong>czerwone torebki kr\u00f3lowa\u0142y w stylizacjach influencerek i edytorek mody<\/strong>, prze\u0142amuj\u0105c neutralne zestawy z nonszalancj\u0105 i wyczuciem trend\u00f3w. To dodatek, kt\u00f3ry nie sko\u0144czy swojej roli po 14 lutego \u2013 znakomicie odnajdzie si\u0119 r\u00f3wnie\u017c w wiosennych i letnich stylizacjach, dodaj\u0105c im koloru i energii.<\/p>\n\n\n\n<figure class=\"wp-block-gallery has-nested-images columns-default is-cropped wp-block-gallery-1 is-layout-flex wp-block-gallery-is-layout-flex\">\n<figure class=\"wp-block-image size-large\"><img loading=\"lazy\" decoding=\"async\" width=\"683\" height=\"1024\" data-id=\"29010\" src=\"https:\/\/blog.ccc.eu\/pl\/wp-content\/uploads\/2026\/02\/czerwona-torebka-Badura-683x1024.jpg\" alt=\"stylizacja na walentynki z czerwon\u0105 torebk\u0105\" class=\"wp-image-29010\" srcset=\"https:\/\/blog.ccc.eu\/pl\/wp-content\/uploads\/2026\/02\/czerwona-torebka-Badura-683x1024.jpg 683w, https:\/\/blog.ccc.eu\/pl\/wp-content\/uploads\/2026\/02\/czerwona-torebka-Badura-200x300.jpg 200w, https:\/\/blog.ccc.eu\/pl\/wp-content\/uploads\/2026\/02\/czerwona-torebka-Badura-768x1152.jpg 768w, https:\/\/blog.ccc.eu\/pl\/wp-content\/uploads\/2026\/02\/czerwona-torebka-Badura-100x150.jpg 100w, https:\/\/blog.ccc.eu\/pl\/wp-content\/uploads\/2026\/02\/czerwona-torebka-Badura.jpg 876w\" sizes=\"auto, (max-width: 683px) 100vw, 683px\" \/><\/figure>\n\n\n\n<figure class=\"wp-block-image size-large\"><img loading=\"lazy\" decoding=\"async\" width=\"683\" height=\"1024\" data-id=\"29009\" src=\"https:\/\/blog.ccc.eu\/pl\/wp-content\/uploads\/2026\/02\/czerwona-torebka-na-walentynki-683x1024.jpg\" alt=\"stylizacja z czarnym kombinezonem i czerwon\u0105 torebk\u0105 \" class=\"wp-image-29009\" srcset=\"https:\/\/blog.ccc.eu\/pl\/wp-content\/uploads\/2026\/02\/czerwona-torebka-na-walentynki-683x1024.jpg 683w, https:\/\/blog.ccc.eu\/pl\/wp-content\/uploads\/2026\/02\/czerwona-torebka-na-walentynki-200x300.jpg 200w, https:\/\/blog.ccc.eu\/pl\/wp-content\/uploads\/2026\/02\/czerwona-torebka-na-walentynki-768x1152.jpg 768w, https:\/\/blog.ccc.eu\/pl\/wp-content\/uploads\/2026\/02\/czerwona-torebka-na-walentynki-100x150.jpg 100w, https:\/\/blog.ccc.eu\/pl\/wp-content\/uploads\/2026\/02\/czerwona-torebka-na-walentynki.jpg 876w\" sizes=\"auto, (max-width: 683px) 100vw, 683px\" \/><\/figure>\n<\/figure>\n\n\n\n<p><\/p>\n\n\n\n<h2 class=\"wp-block-heading\">Jak si\u0119 ubra\u0107 na walentynki? Si\u0119gnij po czerwone szpilki<\/h2>\n\n\n\n<p>Jak si\u0119 ubra\u0107 14 lutego? Wybierz <strong>czerwone szpilki \u2013 bo trudno o bardziej zmys\u0142owy akcent<\/strong>. To absolutna klasyka, kt\u00f3ra nie wychodzi z mody i od lat uchodzi za symbol kobieco\u015bci w najczystszym wydaniu. Czerwone szpilki dodaj\u0105 pewno\u015bci siebie, podkr\u0119caj\u0105 nawet najprostsz\u0105 stylizacj\u0119 i sprawiaj\u0105, \u017ce ka\u017cdy krok wygl\u0105da bardziej stylowo. Mo\u017cesz zestawi\u0107 je z ma\u0142\u0105 czarn\u0105, garniturem w stylu power dressing albo jeansami i koszul\u0105 \u2013 efekt zawsze b\u0119dzie spektakularny. To ten rodzaj dodatku, kt\u00f3ry m\u00f3wi wszystko, zanim jeszcze cokolwiek powiesz.<\/p>\n\n\n\n<!-- BEGIN - feed broker -->\n<div class=\"feedbroker\" consumer-code-id=\"P0OdXPj4lEqOWGxrR0kw\"><script src=\"https:\/\/app.feed.broker\/consumer\/feedbroker-consumer-script.umd.js?v=1.0.1\" defer=\"\"><\/script><\/div>\n<!-- END - feed broker -->\n\n\n\n<p><\/p>\n\n\n\n<h2 class=\"wp-block-heading\">Alternatywa dla czerwieni? R\u00f3\u017c!<\/h2>\n\n\n\n<p>Patrz\u0105c na aktualne trendy, to w\u0142a\u015bnie r\u00f3\u017c \u2013 a konkretnie odcie\u0144 <strong>millennial pink<\/strong> \u2013 niepodzielnie kr\u00f3luje na wybiegach i Instagramowych feedach. Ten pudrowy, rozbielony r\u00f3\u017c jest delikatny, ale nowoczesny. Ma w sobie \u015bwie\u017co\u015b\u0107, dziewcz\u0119co\u015b\u0107 i odrobin\u0119 nostalgii \u2013 nic dziwnego, \u017ce sta\u0142 si\u0119 ulubie\u0144cem projektant\u00f3w i it-girls.<strong> Je\u015bli czerwie\u0144 to dla Ciebie zbyt mocny wyb\u00f3r na walentynki, si\u0119gnij po r\u00f3\u017cowe akcenty: sweter z kaszmiru, jedwabn\u0105 apaszk\u0119, torebk\u0119 baguette albo r\u00f3\u017cowe slingbacki. <\/strong>Takie detale wprowadz\u0105 romantyczny klimat, ale w bardziej subtelnej, modowej wersji.<\/p>\n\n\n\n<!-- BEGIN - feed broker -->\n<div class=\"feedbroker\" consumer-code-id=\"SMpFTJj6DhU1eEi5ryqe\"><script src=\"https:\/\/app.feed.broker\/consumer\/feedbroker-consumer-script.umd.js?v=1.0.1\" defer=\"\"><\/script><\/div>\n<!-- END - feed broker -->\n\n\n\n<h2 class=\"wp-block-heading\">FAQ: Jak si\u0119 ubra\u0107 na r\u00f3\u017cne rodzaje randek walentynkowych?<\/h2>\n\n\n\n<h3 class=\"wp-block-heading\">Jak si\u0119 ubra\u0107 na randk\u0119 w kinie?<\/h3>\n\n\n\n<p>Postaw na luz i wygod\u0119, ale z walentynkowym twistem. Wybierz ulubione jeansy i mi\u0119kki sweterek \u2013 czerwony lub pudrowo r\u00f3\u017cowy b\u0119d\u0105 idealne na t\u0119 okazj\u0119. Do tego \u015bniegowce w stylu cozy chic, kt\u00f3re dodadz\u0105 stylizacji charakteru i zapewni\u0105 komfort. <\/p>\n\n\n\n<h3 class=\"wp-block-heading\">Co za\u0142o\u017cy\u0107 na romantyczn\u0105 kolacj\u0119?<\/h3>\n\n\n\n<p>Najlepszy wyb\u00f3r to klasyka z nut\u0105 zmys\u0142owo\u015bci. Ma\u0142a czarna zawsze si\u0119 sprawdza \u2013 szczeg\u00f3lnie, gdy zestawisz j\u0105 z czerwonymi szpilkami. Ten duet m\u00f3wi wszystko. Dodaj delikatn\u0105 bi\u017cuteri\u0119, kopert\u00f3wk\u0119 i subtelny zapach, by dope\u0142ni\u0107 stylizacj\u0119 pe\u0142n\u0105 elegancji i kobiecego magnetyzmu.<\/p>\n\n\n\n<h3 class=\"wp-block-heading\">Jaka stylizacja sprawdzi si\u0119 na randk\u0119 w teatrze?<\/h3>\n\n\n\n<p>W teatrze warto postawi\u0107 na modow\u0105 elegancj\u0119. Oversize\u2019owy garnitur w odcieniu czerni, granatu lub szaro\u015bci to propozycja dla kobiet, kt\u00f3re ceni\u0105 styl i nowoczesno\u015b\u0107. Do tego listonoszka na \u0142a\u0144cuszku i botki ze szpicem \u2013 z klas\u0105, ale bez nad\u0119cia.<\/p>\n\n\n\n<h3 class=\"wp-block-heading\">Jak si\u0119 ubra\u0107 na spacer po mie\u015bcie lub poza nim?<\/h3>\n\n\n\n<p>Na lu\u017aniejsz\u0105 randk\u0119 idealny b\u0119dzie zestaw: jeansy, sweter i marynarka o m\u0119skim kroju. To stylizacja w duchu miejskiego casualu, kt\u00f3ra \u015bwietnie prezentuje si\u0119 zar\u00f3wno w centrum, jak i podczas wypadu za miasto. Ca\u0142o\u015b\u0107 dope\u0142ni\u0105 sk\u00f3rzane oficerki \u2013 wygodne, modne i gotowe na ka\u017cd\u0105 drog\u0119.<\/p>\n\n\n\n<p>Ikona wpisu: Edward Berthelot\/Getty Images<\/p>\n\n\n\n<p><\/p>\n","protected":false},"excerpt":{"rendered":"<p>Bez wzgl\u0119du na to, czy planujesz romantyczn\u0105 kolacj\u0119 we dwoje, domowe spa, czy wiecz\u00f3r z przyjaci\u00f3\u0142kami \u2013 stylizacje na walentynki 2026 powinny mie\u0107 w sobie ten wyj\u0105tkowy b\u0142ysk. Trendy, komfort i odrobina flirtu? Tak! Przygotowali\u015bmy modowy przewodnik, dzi\u0119ki kt\u00f3remu z \u0142atwo\u015bci\u0105 skomponujesz look na 14 lutego. Znajdziesz w nim zestawy, kt\u00f3re s\u0105 nie tylko efektowne, [&hellip;]<\/p>\n","protected":false},"author":27,"featured_media":28999,"comment_status":"open","ping_status":"closed","sticky":false,"template":"","format":"standard","meta":{"_acf_changed":false,"footnotes":""},"categories":[1581,4,1582],"tags":[96,517],"class_list":["post-21982","post","type-post","status-publish","format-standard","has-post-thumbnail","hentry","category-jak-sie-ubrac","category-porady","category-swieta-i-okazje","tag-porady","tag-stylizacje-damskie"],"acf":[],"_links":{"self":[{"href":"https:\/\/blog.ccc.eu\/pl\/wp-json\/wp\/v2\/posts\/21982","targetHints":{"allow":["GET"]}}],"collection":[{"href":"https:\/\/blog.ccc.eu\/pl\/wp-json\/wp\/v2\/posts"}],"about":[{"href":"https:\/\/blog.ccc.eu\/pl\/wp-json\/wp\/v2\/types\/post"}],"author":[{"embeddable":true,"href":"https:\/\/blog.ccc.eu\/pl\/wp-json\/wp\/v2\/users\/27"}],"replies":[{"embeddable":true,"href":"https:\/\/blog.ccc.eu\/pl\/wp-json\/wp\/v2\/comments?post=21982"}],"version-history":[{"count":4,"href":"https:\/\/blog.ccc.eu\/pl\/wp-json\/wp\/v2\/posts\/21982\/revisions"}],"predecessor-version":[{"id":29033,"href":"https:\/\/blog.ccc.eu\/pl\/wp-json\/wp\/v2\/posts\/21982\/revisions\/29033"}],"wp:featuredmedia":[{"embeddable":true,"href":"https:\/\/blog.ccc.eu\/pl\/wp-json\/wp\/v2\/media\/28999"}],"wp:attachment":[{"href":"https:\/\/blog.ccc.eu\/pl\/wp-json\/wp\/v2\/media?parent=21982"}],"wp:term":[{"taxonomy":"category","embeddable":true,"href":"https:\/\/blog.ccc.eu\/pl\/wp-json\/wp\/v2\/categories?post=21982"},{"taxonomy":"post_tag","embeddable":true,"href":"https:\/\/blog.ccc.eu\/pl\/wp-json\/wp\/v2\/tags?post=21982"}],"curies":[{"name":"wp","href":"https:\/\/api.w.org\/{rel}","templated":true}]}}