{"id":22082,"date":"2024-02-03T12:45:43","date_gmt":"2024-02-03T11:45:43","guid":{"rendered":"https:\/\/blog.ccc.eu\/pl\/?p=22082"},"modified":"2024-02-09T13:00:07","modified_gmt":"2024-02-09T12:00:07","slug":"meska-szafa-kapsulowa-jak-ja-stworzyc-zasady","status":"publish","type":"post","link":"https:\/\/blog.ccc.eu\/pl\/meska-szafa-kapsulowa-jak-ja-stworzyc-zasady\/","title":{"rendered":"M\u0119ska szafa kapsu\u0142owa \u2013 jak j\u0105 stworzy\u0107?"},"content":{"rendered":"\n<p><strong>Od dzi\u015b m\u0119ska szafa kapsu\u0142owa nie b\u0119dzie mie\u0107 przed Tob\u0105 tajemnic. Przed Tob\u0105 poradnik na temat tego, jak j\u0105 stworzy\u0107, by m\u00f3c cieszy\u0107 si\u0119 uniwersaln\u0105 baz\u0105 ubra\u0144, z kt\u00f3rej z \u0142atwo\u015bci\u0105 mo\u017cna skomponowa\u0107 stylizacje na ka\u017cd\u0105 okazj\u0119! Wszystkie zawarte w kapsu\u0142owej szafie elementy garderoby, buty i dodatki idealnie ze sob\u0105 wsp\u00f3\u0142graj\u0105, zar\u00f3wno pod wzgl\u0119dem kolor\u00f3w, jak i kroj\u00f3w. Zapomnij o zastanawianiu si\u0119 nad tym, co dzi\u015b za\u0142o\u017cy\u0107, a tak\u017ce o stresie zwi\u0105zanym z zakupami \u2013 poni\u017cej znajdziesz list\u0119 niezb\u0119dnych przedmiot\u00f3w, kt\u00f3rymi mo\u017cesz si\u0119 cieszy\u0107 przez ca\u0142y rok!<\/strong><\/p>\n\n\n\n<figure class=\"wp-block-image size-large\"><img loading=\"lazy\" decoding=\"async\" width=\"1024\" height=\"682\" src=\"https:\/\/blog.ccc.eu\/pl\/wp-content\/uploads\/2024\/02\/glowne-3-1024x682.jpg\" alt=\"m\u0119ska szafa kapsu\u0142owa stylizacja\" class=\"wp-image-22086\" srcset=\"https:\/\/blog.ccc.eu\/pl\/wp-content\/uploads\/2024\/02\/glowne-3-1024x682.jpg 1024w, https:\/\/blog.ccc.eu\/pl\/wp-content\/uploads\/2024\/02\/glowne-3-300x200.jpg 300w, https:\/\/blog.ccc.eu\/pl\/wp-content\/uploads\/2024\/02\/glowne-3-768x512.jpg 768w, https:\/\/blog.ccc.eu\/pl\/wp-content\/uploads\/2024\/02\/glowne-3-100x67.jpg 100w, https:\/\/blog.ccc.eu\/pl\/wp-content\/uploads\/2024\/02\/glowne-3.jpg 1400w\" sizes=\"auto, (max-width: 1024px) 100vw, 1024px\" \/><\/figure>\n\n\n\n<h2 class=\"wp-block-heading\">M\u0119ska garderoba kapsu\u0142owa \u2013 na czym polega?<\/h2>\n\n\n\n<p>M\u0119ska garderoba kapsu\u0142owa to <strong>przemy\u015blana, niewielka kolekcja podstawowych element\u00f3w garderoby<\/strong>, kt\u00f3re \u2013 po\u0142\u0105czone ze sob\u0105 \u2013 dadz\u0105 wiele zestaw\u00f3w stylizacyjnych, idealnych na ka\u017cd\u0105 okazj\u0119. Pojawiaj\u0105ce si\u0119 w niej ubrania, buty i inne dodatki zwykle s\u0105 utrzymane w klasycznych krojach i neutralnych&nbsp; kolorach, odpornych na zmieniaj\u0105ce si\u0119 trendy modowe. To inwestycja na lata, kt\u00f3ra pozwala nie tylko zaoszcz\u0119dzi\u0107 pieni\u0105dze, ale i stres zwi\u0105zany zar\u00f3wno z zakupami, jak i codziennym tworzeniem stylizacji.<\/p>\n\n\n\n<p>Niekt\u00f3rzy obawiaj\u0105 si\u0119, \u017ce m\u0119ska szafa kapsu\u0142owa mo\u017ce oznacza\u0107 brak mo\u017cliwo\u015bci wyra\u017cenia swojego osobistego stylu. Nic bardziej mylnego! To doskona\u0142a podstawa, do kt\u00f3rej mo\u017cna dodawa\u0107 oryginalne elementy, jak np. wyr\u00f3\u017cniaj\u0105ce si\u0119 efektownym designem buty, co ca\u0142kowicie odmieni charakter stylizacji.<\/p>\n\n\n\n<h2 class=\"wp-block-heading\">M\u0119ska szafa kapsu\u0142owa \u2013 lista niezb\u0119dnik\u00f3w<\/h2>\n\n\n\n<p><strong>M\u0119ska szafa kapsu\u0142owa zwykle zawiera od 30 do 50 element\u00f3w, w sk\u0142ad kt\u00f3rych wchodz\u0105 ubrania, obuwie oraz akcesoria<\/strong>, takie jak paski, zegarki i bi\u017cuteria. Ich ilo\u015b\u0107 zmienia si\u0119 w zale\u017cno\u015bci od pory roku \u2013 wiosn\u0105 i latem tych przedmiot\u00f3w jest mniej ni\u017c jesieni\u0105 i zim\u0105, kiedy do ca\u0142o\u015bci nale\u017cy doliczy\u0107 okrycia wierzchnie, czapki, r\u0119kawiczki, szaliki i inne akcesoria. Poni\u017cej przedstawiamy dok\u0142adn\u0105 list\u0119 niezb\u0119dnik\u00f3w.<\/p>\n\n\n\n<h3 class=\"wp-block-heading\">Sta\u0142e elementy m\u0119skiej garderoby kapsu\u0142owej<\/h3>\n\n\n\n<p>W m\u0119skiej szafie kapsu\u0142owej znajduj\u0105 si\u0119 elementy ca\u0142oroczne. Ich ilo\u015b\u0107 dopasuj do swojego stylu \u017cycia (je\u015bli masz prac\u0119 biurow\u0105, z pewno\u015bci\u0105 b\u0119dziesz ilo\u015b\u0107 eleganckich koszul b\u0119dzie dominowa\u0107 nad casualowymi, a je\u015bli pracujesz zdalnie, wyposa\u017c swoj\u0105 szaf\u0119 w wi\u0119ksz\u0105 ilo\u015b\u0107 T-shirt\u00f3w lub bluz). Zaliczy\u0107 do nich mo\u017cna:<\/p>\n\n\n\n<ul class=\"wp-block-list\">\n<li><strong>15-20 g\u00f3rnych element\u00f3w garderoby<\/strong> \u2013 w ich sk\u0142ad wchodz\u0105 T-shirty, koszulki polo, koszule typu oxford zapinane na guziki, koszule flanelowe\/o casualowym charakterze, swetry, bluzy. Najlepiej postawi\u0107 na bia\u0142e, b\u0142\u0119kitne, granatowe, czarne i szare modele, kt\u00f3re \u0142atwo mo\u017cna zestawi\u0107 z reszt\u0105 ubra\u0144 i dodatk\u00f3w;<\/li>\n\n\n\n<li><strong>5-10 dolnych element\u00f3w garderoby<\/strong> \u2013 mowa tu o jeansach (najlepiej granatowych oraz tych w jasnej kolorystyce), spodniach typy chino (najlepiej sprawdz\u0105 si\u0119 ciemnozielone, granatowe lub be\u017cowe) oraz joggerach (wybierz uniwersalny szary lub czarny model);<\/li>\n\n\n\n<li><strong>Akcesoria <\/strong>\u2013 ich ilo\u015b\u0107 wynika z Twojego osobistego stylu. Zwykle w ich sk\u0142ad wchodz\u0105 2 sk\u00f3rzane paski (br\u0105zowy i czarny), okulary przeciws\u0142oneczne, plecak, walizka, portfel, a tak\u017ce 2 zegarki (elegancki oraz codzienny model). Niekt\u00f3rzy m\u0119\u017cczy\u017ani umiejscowiliby tutaj tak\u017ce nakrycia g\u0142owy, w tym czapki bejsbol\u00f3wki, kapelusze oraz kaszkiety.<\/li>\n<\/ul>\n\n\n\n<h3 class=\"wp-block-heading\">M\u0119ska szafa kapsu\u0142owa \u2013 lato<\/h3>\n\n\n\n<p>Do letniej szafy kapsu\u0142owej doliczy\u0107 nale\u017cy od 3 do 5 par spodenek. Wydawa\u0107 by si\u0119 mog\u0142o, \u017ce jest to du\u017ca ilo\u015b\u0107, ale w ich sk\u0142ad wchodz\u0105 modele jeasnowe, kr\u00f3tkie spodenki typu chino, a tak\u017ce modele sportowe, idealne zar\u00f3wno do chodzenia na co dzie\u0144, jak i do uprawiania letnich sport\u00f3w, np. jazdy na rowerze lub desce. <strong>Mo\u017cesz je po\u0142\u0105czy\u0107 z dowolnymi g\u00f3rami oraz akcesoriami, wspomnianymi w akapicie powy\u017cej, i mie\u0107 pewno\u015b\u0107, \u017ce zawsze wygl\u0105dasz \u015bwietnie i stosowanie do okazji.<\/strong> Prawda, \u017ce proste?<\/p>\n\n\n\n<p><strong>Kluczowe w sezonowej szafie kapsu\u0142owej jest obuwie.<\/strong> Latem nie mo\u017ce w niej zabrakn\u0105\u0107 m\u0119skich sanda\u0142\u00f3w \u2013 przynajmniej jednej, sk\u00f3rzanej pary, a tak\u017ce 2 par klapk\u00f3w \u2013 jednych basenowych oraz jednych o miejskim charakterze. Najlepiej, je\u015bli obuwie b\u0119dzie utrzymane w neutralnych barwach. Je\u015bli jednak chcesz za ich pomoc\u0105 podkre\u015bli\u0107 sw\u00f3j styl, wybierz r\u00f3\u017cnokolorowe modele b\u0105d\u017a te pokryte ozdobnikami.<\/p>\n\n\n\n\n\n\n\n<h3 class=\"wp-block-heading\">M\u0119ska szafa kapsu\u0142owa \u2013 wiosna<\/h3>\n\n\n\n<p><strong>Wiosn\u0105 wyposa\u017c swoj\u0105 m\u0119sk\u0105 szaf\u0119 kapsu\u0142ow\u0105 w lekkie okrycia wierzchnie. <\/strong>Mo\u017ce by\u0107 ono tylko jedno, w zale\u017cno\u015bci od tego, jaki jest charakter Twojej pracy b\u0105d\u017a jaki prowadzisz styl \u017cycia. Wybieraj pomi\u0119dzy kurtk\u0105 jeansow\u0105 (na wczesn\u0105 wiosn\u0119 sprawdzi si\u0119 model z wbudowanym ociepleniem), trenczem, bomberk\u0105, kurtk\u0105 sk\u00f3rzan\u0105, pikowan\u0105 lub wiatr\u00f3wk\u0105 z kapturem.<\/p>\n\n\n\n<p><strong>W tym okresie zapewne najcz\u0119\u015bciej b\u0119dziesz si\u0119ga\u0107 po sneakersy oraz trampki<\/strong>. Je\u015bli chodzi o sneakersy, najlepiej sprawdz\u0105 si\u0119 sk\u00f3rzane modele. Maj\u0105 wysok\u0105 jako\u015b\u0107 wykonania, dzi\u0119ki czemu s\u0105 trwa\u0142e, a co za tym idzie \u2013 pos\u0142u\u017c\u0105 Ci przez lata. Je\u015bli za\u015b chodzi o trampki, szczeg\u00f3lnie polecamy wybra\u0107 ponadczasowe propozycje od marek Converse lub Vans \u2013 s\u0105 kultowe i pasuj\u0105 do ka\u017cdej stylizacji.<\/p>\n\n\n\n\n\n\n\n<figure class=\"wp-block-image size-large\"><img loading=\"lazy\" decoding=\"async\" width=\"1024\" height=\"682\" src=\"https:\/\/blog.ccc.eu\/pl\/wp-content\/uploads\/2024\/02\/wiosna-1024x682.jpg\" alt=\"\" class=\"wp-image-22083\" srcset=\"https:\/\/blog.ccc.eu\/pl\/wp-content\/uploads\/2024\/02\/wiosna-1024x682.jpg 1024w, https:\/\/blog.ccc.eu\/pl\/wp-content\/uploads\/2024\/02\/wiosna-300x200.jpg 300w, https:\/\/blog.ccc.eu\/pl\/wp-content\/uploads\/2024\/02\/wiosna-768x512.jpg 768w, https:\/\/blog.ccc.eu\/pl\/wp-content\/uploads\/2024\/02\/wiosna-100x67.jpg 100w, https:\/\/blog.ccc.eu\/pl\/wp-content\/uploads\/2024\/02\/wiosna.jpg 1400w\" sizes=\"auto, (max-width: 1024px) 100vw, 1024px\" \/><\/figure>\n\n\n\n<h3 class=\"wp-block-heading\">Szafa kapsu\u0142owa dla m\u0119\u017cczyzn \u2013 zima<\/h3>\n\n\n\n<p>Zim\u0105 w garderobie nie mo\u017ce zabrakn\u0105\u0107 kurtki lub p\u0142aszcza, a najlepiej obu tych element\u00f3w ze wzgl\u0119du na fakt, \u017ce pierwszy z nich ma sportowy, a drugi \u2013 elegancki charakter. Do nich konieczne b\u0119d\u0105 takie dodatki jak szalik, czapka oraz r\u0119kawiczki.<\/p>\n\n\n\n<p>Z zimowymi butami sprawa nie jest ju\u017c taka prosta. <strong>W sklepach spotka\u0107 mo\u017cna: trapery, kozaki, sztyblety, botki, trzewiki i buty trekkingowe.<\/strong> Nie oznacza to, \u017ce musisz mie\u0107 je wszystkie! Najlepiej by\u0107 w posiadaniu jednej sk\u00f3rzanej pary, kt\u00f3ra uzupe\u0142ni eleganckie stylizacje, np. do biura, oraz wygodne, casualowe modele. Nasza rada: koniecznie zwr\u00f3\u0107 uwag\u0119, czy buty s\u0105 ocieplane, a wi\u0119c czy kryj\u0105 w sobie ocieplin\u0119 tekstyln\u0105 lub ko\u017cuch \u2013 takie najlepiej ochroni\u0105 stopy przed ch\u0142odem.<\/p>\n\n\n\n\n\n\n\n<h3 class=\"wp-block-heading\">Szafa kapsu\u0142owa dla m\u0119\u017cczyzn na jesie\u0144<\/h3>\n\n\n\n<p>Szafa kapsu\u0142owa dla m\u0119\u017cczyzn na jesie\u0144 nie mo\u017ce si\u0119 oby\u0107 bez trencza lub lekkiej, puchowej kurtki. Tak naprawd\u0119 odzie\u017c wierzchnia mo\u017ce tu by\u0107 wymienna z t\u0105, kt\u00f3r\u0105 proponowali\u015bmy na wiosn\u0119.<\/p>\n\n\n\n<p>Je\u015bli chodzi o buty na jesie\u0144, tutaj r\u00f3wnie\u017c mo\u017cna skorzysta\u0107 z wiosennych propozycji. Opr\u00f3cz nich, jesienny klimat stylizacji doskonale podkre\u015bl\u0105 mokasyny, buty chukka i loafersy, szczeg\u00f3lnie te utrzymane w br\u0105zie lub czerni.<\/p>\n\n\n\n<p><\/p>\n\n\n\n<div class=\"wp-block-group is-nowrap is-layout-flex wp-container-core-group-is-layout-ad2f72ca wp-block-group-is-layout-flex\">\n<figure class=\"wp-block-image size-large\"><img loading=\"lazy\" decoding=\"async\" width=\"683\" height=\"1024\" src=\"https:\/\/blog.ccc.eu\/pl\/wp-content\/uploads\/2024\/02\/jesien-683x1024.jpg\" alt=\"\" class=\"wp-image-22084\" srcset=\"https:\/\/blog.ccc.eu\/pl\/wp-content\/uploads\/2024\/02\/jesien-683x1024.jpg 683w, https:\/\/blog.ccc.eu\/pl\/wp-content\/uploads\/2024\/02\/jesien-200x300.jpg 200w, https:\/\/blog.ccc.eu\/pl\/wp-content\/uploads\/2024\/02\/jesien-768x1152.jpg 768w, https:\/\/blog.ccc.eu\/pl\/wp-content\/uploads\/2024\/02\/jesien-1024x1536.jpg 1024w, https:\/\/blog.ccc.eu\/pl\/wp-content\/uploads\/2024\/02\/jesien-100x150.jpg 100w, https:\/\/blog.ccc.eu\/pl\/wp-content\/uploads\/2024\/02\/jesien.jpg 1245w\" sizes=\"auto, (max-width: 683px) 100vw, 683px\" \/><\/figure>\n\n\n\n<figure class=\"wp-block-image size-large\"><img loading=\"lazy\" decoding=\"async\" width=\"683\" height=\"1024\" src=\"https:\/\/blog.ccc.eu\/pl\/wp-content\/uploads\/2024\/02\/jesien2-683x1024.jpg\" alt=\"\" class=\"wp-image-22085\" srcset=\"https:\/\/blog.ccc.eu\/pl\/wp-content\/uploads\/2024\/02\/jesien2-683x1024.jpg 683w, https:\/\/blog.ccc.eu\/pl\/wp-content\/uploads\/2024\/02\/jesien2-200x300.jpg 200w, https:\/\/blog.ccc.eu\/pl\/wp-content\/uploads\/2024\/02\/jesien2-768x1152.jpg 768w, https:\/\/blog.ccc.eu\/pl\/wp-content\/uploads\/2024\/02\/jesien2-1024x1536.jpg 1024w, https:\/\/blog.ccc.eu\/pl\/wp-content\/uploads\/2024\/02\/jesien2-100x150.jpg 100w, https:\/\/blog.ccc.eu\/pl\/wp-content\/uploads\/2024\/02\/jesien2.jpg 1245w\" sizes=\"auto, (max-width: 683px) 100vw, 683px\" \/><\/figure>\n<\/div>\n\n\n\n<h2 class=\"wp-block-heading\">M\u0119ska szafa kapsu\u0142owa \u2013 jak stworzy\u0107 j\u0105 na lata?<\/h2>\n\n\n\n<p>To proste! <strong>Zwracaj uwag\u0119 na jako\u015b\u0107 produkt\u00f3w.<\/strong> Wybieraj p\u0142aszcze z du\u017c\u0105 ilo\u015bci\u0105 we\u0142ny w sk\u0142adzie, stuprocentowo bawe\u0142niane T-shirty oraz sk\u00f3rzane obuwie i dodatki. Takie modele, przy odpowiedniej i regularnej piel\u0119gnacji, b\u0119d\u0105 w stanie pos\u0142u\u017cy\u0107 Ci przez d\u0142ugie lata!<\/p>\n\n\n\n<p>Wielokrotnie zosta\u0142o to podkre\u015blone w artykule \u2013 <strong>du\u017ce znaczenie maj\u0105 barwy element\u00f3w garderoby<\/strong>. Te neutralne, stonowane, np. kolory ziemi, s\u0105 odporne na zmieniaj\u0105ce si\u0119 mody, pasuj\u0105 w\u0142a\u015bciwie ka\u017cdemu typowi urody i \u0142atwo mo\u017cna po\u0142\u0105czy\u0107 je z innymi barwami. To gwarancja ponadczasowo\u015bci i dobrego stylu.<\/p>\n\n\n\n<p>Ju\u017c wiesz, czym jest m\u0119ska szafa kapsu\u0142owa i jak j\u0105 stworzy\u0107. Wszystkie niezb\u0119dne do jej uzupe\u0142nienia buty, ale tak\u017ce dodatki znajdziesz zar\u00f3wno w stacjonarnych sklepach CCC, jak i na ccc.eu lub w aplikacji. Udanych zakup\u00f3w!<\/p>\n","protected":false},"excerpt":{"rendered":"<p>Od dzi\u015b m\u0119ska szafa kapsu\u0142owa nie b\u0119dzie mie\u0107 przed Tob\u0105 tajemnic. Przed Tob\u0105 poradnik na temat tego, jak j\u0105 stworzy\u0107, by m\u00f3c cieszy\u0107 si\u0119 uniwersaln\u0105 baz\u0105 ubra\u0144, z kt\u00f3rej z \u0142atwo\u015bci\u0105 mo\u017cna skomponowa\u0107 stylizacje na ka\u017cd\u0105 okazj\u0119! Wszystkie zawarte w kapsu\u0142owej szafie elementy garderoby, buty i dodatki idealnie ze sob\u0105 wsp\u00f3\u0142graj\u0105, zar\u00f3wno pod wzgl\u0119dem kolor\u00f3w, [&hellip;]<\/p>\n","protected":false},"author":20,"featured_media":22086,"comment_status":"open","ping_status":"closed","sticky":false,"template":"","format":"standard","meta":{"_acf_changed":false,"footnotes":""},"categories":[4,1584],"tags":[],"class_list":["post-22082","post","type-post","status-publish","format-standard","has-post-thumbnail","hentry","category-porady","category-buty-meskie"],"acf":[],"_links":{"self":[{"href":"https:\/\/blog.ccc.eu\/pl\/wp-json\/wp\/v2\/posts\/22082","targetHints":{"allow":["GET"]}}],"collection":[{"href":"https:\/\/blog.ccc.eu\/pl\/wp-json\/wp\/v2\/posts"}],"about":[{"href":"https:\/\/blog.ccc.eu\/pl\/wp-json\/wp\/v2\/types\/post"}],"author":[{"embeddable":true,"href":"https:\/\/blog.ccc.eu\/pl\/wp-json\/wp\/v2\/users\/20"}],"replies":[{"embeddable":true,"href":"https:\/\/blog.ccc.eu\/pl\/wp-json\/wp\/v2\/comments?post=22082"}],"version-history":[{"count":2,"href":"https:\/\/blog.ccc.eu\/pl\/wp-json\/wp\/v2\/posts\/22082\/revisions"}],"predecessor-version":[{"id":22089,"href":"https:\/\/blog.ccc.eu\/pl\/wp-json\/wp\/v2\/posts\/22082\/revisions\/22089"}],"wp:featuredmedia":[{"embeddable":true,"href":"https:\/\/blog.ccc.eu\/pl\/wp-json\/wp\/v2\/media\/22086"}],"wp:attachment":[{"href":"https:\/\/blog.ccc.eu\/pl\/wp-json\/wp\/v2\/media?parent=22082"}],"wp:term":[{"taxonomy":"category","embeddable":true,"href":"https:\/\/blog.ccc.eu\/pl\/wp-json\/wp\/v2\/categories?post=22082"},{"taxonomy":"post_tag","embeddable":true,"href":"https:\/\/blog.ccc.eu\/pl\/wp-json\/wp\/v2\/tags?post=22082"}],"curies":[{"name":"wp","href":"https:\/\/api.w.org\/{rel}","templated":true}]}}