{"id":22784,"date":"2024-03-14T14:17:16","date_gmt":"2024-03-14T13:17:16","guid":{"rendered":"https:\/\/blog.ccc.eu\/pl\/?p=22784"},"modified":"2024-03-14T14:18:13","modified_gmt":"2024-03-14T13:18:13","slug":"pastelowa-torebka-hitem-sezonu-wiosna-lato-sprawdz-modele","status":"publish","type":"post","link":"https:\/\/blog.ccc.eu\/pl\/pastelowa-torebka-hitem-sezonu-wiosna-lato-sprawdz-modele\/","title":{"rendered":"Pastelowe torebki hitem wiosny-lata 2024!"},"content":{"rendered":"\n<p><strong>B\u0142\u0119kitne, mi\u0119towe, liliowe, kremowe \u2013 torebki w ob\u0142\u0119dnych, pastelowych barwach b\u0119d\u0105 hitem tegorocznej wiosny i lata! Co prawda, nie s\u0105 niczym nowym w modzie w tych porach roku. W ko\u0144cu to rozbielone modele, jak \u017cadne inne, uzupe\u0142niaj\u0105 lekkie stylizacje, po kt\u00f3re najch\u0119tniej si\u0119gamy, kiedy tylko wyjd\u0105 pierwsze promienie s\u0142o\u0144ca. Sprawd\u017a, o jakich modelach b\u0119dzie g\u0142o\u015bno. W naszym zestawianiu znajdziesz zar\u00f3wno shopperki XXL, jak i ma\u0142e torebki do r\u0119ki. Jest w czym wybiera\u0107!<\/strong><\/p>\n\n\n\n<figure class=\"wp-block-image size-large\"><img loading=\"lazy\" decoding=\"async\" width=\"1024\" height=\"682\" src=\"https:\/\/blog.ccc.eu\/pl\/wp-content\/uploads\/2024\/03\/glowne-6-1024x682.jpg\" alt=\"pastelowa torebka stylizacja\" class=\"wp-image-22791\" srcset=\"https:\/\/blog.ccc.eu\/pl\/wp-content\/uploads\/2024\/03\/glowne-6-1024x682.jpg 1024w, https:\/\/blog.ccc.eu\/pl\/wp-content\/uploads\/2024\/03\/glowne-6-300x200.jpg 300w, https:\/\/blog.ccc.eu\/pl\/wp-content\/uploads\/2024\/03\/glowne-6-768x512.jpg 768w, https:\/\/blog.ccc.eu\/pl\/wp-content\/uploads\/2024\/03\/glowne-6-100x67.jpg 100w, https:\/\/blog.ccc.eu\/pl\/wp-content\/uploads\/2024\/03\/glowne-6.jpg 1400w\" sizes=\"auto, (max-width: 1024px) 100vw, 1024px\" \/><\/figure>\n\n\n\n<h2 class=\"wp-block-heading\">Najbardziej po\u017c\u0105dany dodatek sezonu? Pastelowa shopperka<\/h2>\n\n\n\n<p>Ma\u0142e torebki triumfowa\u0142y przez ostatnie sezony, aby nareszcie ust\u0105pi\u0107 miejsca shopperkom w rozmiarze XXL. Czas przesta\u0107 udawa\u0107, \u017ce smartfon, dokumenty i kilka akcesori\u00f3w kosmetycznych to wszystko, co potrzebujemy nosi\u0107 przy sobie na co dzie\u0144.<\/p>\n\n\n\n<p><strong>W tym sezonie stawiamy na pastelowe shopperki.<\/strong> Im wi\u0119ksze i utrzymane w bardziej rozbielonych kolorach, tym lepsze! Ich zaletom nie ma ko\u0144ca: s\u0105 pojemne, wygodne w noszeniu, \u0142atwe do wystylizowania i uniwersalne \u2013 sprawdz\u0105 si\u0119 zar\u00f3wno na wiosenny spacer z przyjaci\u00f3\u0142k\u0105, jak i zakupy.<\/p>\n\n\n\n<p>Pami\u0119taj, \u017ce pastelowe torebki powracaj\u0105 co roku w okresie wiosenno-letnim. Je\u015bli wi\u0119c chcesz wyposa\u017cy\u0107 swoj\u0105 garderob\u0119 w model, kt\u00f3ry pos\u0142u\u017cy Ci przez wiele sezon\u00f3w, postaw na shopperk\u0119 wykonan\u0105 z naturalnej sk\u00f3ry.<\/p>\n\n\n\n<p>Sk\u00f3rzane torebki wyr\u00f3\u017cniaj\u0105 si\u0119 wysok\u0105 jako\u015bci\u0105 wykonania, trwa\u0142o\u015bci\u0105 i odporno\u015bci\u0105 na ewentualne uszkodzenia. Nale\u017cy pami\u0119ta\u0107 o ich regularnej i odpowiedniej piel\u0119gnacji, ale jest ona \u0142atwa do przeprowadzenia (dokonuj jej za pomoc\u0105 \u015brodk\u00f3w do sk\u00f3ry, kt\u00f3re tak\u017ce kupisz w CCC!). Ponadto sk\u00f3rzane torby maj\u0105 elegancki charakter. Nie wierzysz? Tylko sp\u00f3jrz na pastelowe shopperki od marki Lasocki \u2013 tutaj ponadczasowy styl i wysoka jako\u015b\u0107 id\u0105 w parze!<\/p>\n\n\n\n<div class=\"wp-block-group is-nowrap is-layout-flex wp-container-core-group-is-layout-ad2f72ca wp-block-group-is-layout-flex\">\n<figure class=\"wp-block-image size-large\"><img loading=\"lazy\" decoding=\"async\" width=\"683\" height=\"1024\" src=\"https:\/\/blog.ccc.eu\/pl\/wp-content\/uploads\/2024\/03\/1-8-683x1024.jpg\" alt=\"\" class=\"wp-image-22785\" srcset=\"https:\/\/blog.ccc.eu\/pl\/wp-content\/uploads\/2024\/03\/1-8-683x1024.jpg 683w, https:\/\/blog.ccc.eu\/pl\/wp-content\/uploads\/2024\/03\/1-8-200x300.jpg 200w, https:\/\/blog.ccc.eu\/pl\/wp-content\/uploads\/2024\/03\/1-8-768x1152.jpg 768w, https:\/\/blog.ccc.eu\/pl\/wp-content\/uploads\/2024\/03\/1-8-100x150.jpg 100w, https:\/\/blog.ccc.eu\/pl\/wp-content\/uploads\/2024\/03\/1-8.jpg 876w\" sizes=\"auto, (max-width: 683px) 100vw, 683px\" \/><\/figure>\n\n\n\n<figure class=\"wp-block-image size-large\"><img loading=\"lazy\" decoding=\"async\" width=\"683\" height=\"1024\" src=\"https:\/\/blog.ccc.eu\/pl\/wp-content\/uploads\/2024\/03\/2-8-683x1024.jpg\" alt=\"\" class=\"wp-image-22786\" srcset=\"https:\/\/blog.ccc.eu\/pl\/wp-content\/uploads\/2024\/03\/2-8-683x1024.jpg 683w, https:\/\/blog.ccc.eu\/pl\/wp-content\/uploads\/2024\/03\/2-8-200x300.jpg 200w, https:\/\/blog.ccc.eu\/pl\/wp-content\/uploads\/2024\/03\/2-8-768x1152.jpg 768w, https:\/\/blog.ccc.eu\/pl\/wp-content\/uploads\/2024\/03\/2-8-100x150.jpg 100w, https:\/\/blog.ccc.eu\/pl\/wp-content\/uploads\/2024\/03\/2-8.jpg 876w\" sizes=\"auto, (max-width: 683px) 100vw, 683px\" \/><\/figure>\n<\/div>\n\n\n\n<h2 class=\"wp-block-heading\">Pastelowe torebki ma\u0142e (nie tylko) na specjalne okazje<\/h2>\n\n\n\n<p>Jeste\u015b mi\u0142o\u015bniczk\u0105 ma\u0142ych torebek? Mamy dla Ciebie dobr\u0105 wiadomo\u015b\u0107: one tak\u017ce dost\u0119pne s\u0105 w najmodniejszych, pastelowych barwach! Zwr\u00f3\u0107 uwag\u0119, \u017ce obecnie nie przewa\u017ca jeden model ma\u0142ych torebek, kt\u00f3ry uchodzi za najbardziej po\u017c\u0105dany. <strong>Wybieraj wi\u0119c pomi\u0119dzy torebkami z uchwytem, przeznaczonymi do noszenia w d\u0142oni, modelami na pasku lub kopert\u00f3wkami<\/strong>.<\/p>\n\n\n\n<p>Dopasuj torebk\u0119 do swojego stylu lub okazji, na kt\u00f3r\u0105 jej poszukujesz. Jedno jest pewne: propozycja w tak efektownym kolorze z \u0142atwo\u015bci\u0105 wyjdzie na pierwszy plan ka\u017cdej stylizacji!<\/p>\n\n\n\n\n\n\n\n<p><\/p>\n\n\n\n<h2 class=\"wp-block-heading\">Pastelowe akt\u00f3wki \u2013 koniec nudy w stylizacjach biurowych<\/h2>\n\n\n\n<p>Stylizacje biurowe kojarz\u0105 si\u0119 ze stonowanymi, zachowawczymi elementami garderoby oraz dodatkami. Niewiele firm jednak ma uwagi, co do ich kolorystyki. Zamiast nudnej, br\u0105zowej lub czarnej akt\u00f3wki, wybierz t\u0119 o najmodniejszym, pastelowym kolorze! Jak \u017cadna inna torebka, <strong>doskonale roz\u015bwietli eleganckie stylizacje do biura, a do tego u\u015bwiadomi otoczeniu, \u017ce doskonale znasz si\u0119 na trendach<\/strong>. Jeszcze si\u0119 wahasz?<\/p>\n\n\n\n<div class=\"wp-block-group is-nowrap is-layout-flex wp-container-core-group-is-layout-ad2f72ca wp-block-group-is-layout-flex\">\n<figure class=\"wp-block-image size-large\"><img loading=\"lazy\" decoding=\"async\" width=\"683\" height=\"1024\" src=\"https:\/\/blog.ccc.eu\/pl\/wp-content\/uploads\/2024\/03\/3-8-683x1024.jpg\" alt=\"pastelowa torebka r\u00f3\u017cowa stylizacja\" class=\"wp-image-22787\" srcset=\"https:\/\/blog.ccc.eu\/pl\/wp-content\/uploads\/2024\/03\/3-8-683x1024.jpg 683w, https:\/\/blog.ccc.eu\/pl\/wp-content\/uploads\/2024\/03\/3-8-200x300.jpg 200w, https:\/\/blog.ccc.eu\/pl\/wp-content\/uploads\/2024\/03\/3-8-768x1152.jpg 768w, https:\/\/blog.ccc.eu\/pl\/wp-content\/uploads\/2024\/03\/3-8-100x150.jpg 100w, https:\/\/blog.ccc.eu\/pl\/wp-content\/uploads\/2024\/03\/3-8.jpg 876w\" sizes=\"auto, (max-width: 683px) 100vw, 683px\" \/><\/figure>\n\n\n\n<figure class=\"wp-block-image size-large\"><img loading=\"lazy\" decoding=\"async\" width=\"683\" height=\"1024\" src=\"https:\/\/blog.ccc.eu\/pl\/wp-content\/uploads\/2024\/03\/4-10-683x1024.jpg\" alt=\"r\u00f3\u017cowa torebka pastelowa\" class=\"wp-image-22788\" srcset=\"https:\/\/blog.ccc.eu\/pl\/wp-content\/uploads\/2024\/03\/4-10-683x1024.jpg 683w, https:\/\/blog.ccc.eu\/pl\/wp-content\/uploads\/2024\/03\/4-10-200x300.jpg 200w, https:\/\/blog.ccc.eu\/pl\/wp-content\/uploads\/2024\/03\/4-10-768x1152.jpg 768w, https:\/\/blog.ccc.eu\/pl\/wp-content\/uploads\/2024\/03\/4-10-100x150.jpg 100w, https:\/\/blog.ccc.eu\/pl\/wp-content\/uploads\/2024\/03\/4-10.jpg 876w\" sizes=\"auto, (max-width: 683px) 100vw, 683px\" \/><\/figure>\n<\/div>\n\n\n\n<h2 class=\"wp-block-heading\">Pastelowa torebka z apaszk\u0105 \u2013 mi\u0142o\u015bniczki elegancji j\u0105 pokochaj\u0105!<\/h2>\n\n\n\n<p>Pastelowa torebka z apaszk\u0105 wr\u00f3ci\u0142a do \u0142ask. <strong>Jest efektowna, stanowi synonim elegancji<\/strong>, a dodatek, kt\u00f3ry j\u0105 zdobi, mo\u017cna przewi\u0105za\u0107 tak\u017ce z innych jej miejscach b\u0105d\u017a wykorzysta\u0107 jako element stylizacji.<\/p>\n\n\n\n<p>Zwr\u00f3\u0107 uwag\u0119, \u017ce modne, pastelowe torebki z apaszkami dost\u0119pne s\u0105 w sklepach w r\u00f3\u017cnych rozmiarach. Wybierz spo\u015br\u00f3d nich ten, kt\u00f3ry najlepiej spe\u0142ni Twoje oczekiwania.<\/p>\n\n\n\n\n\n\n<p><\/p>\n\n\n\n<h2 class=\"wp-block-heading\">Pastelowe plecaki r\u00f3wnie\u017c s\u0105 w trendach!<\/h2>\n\n\n\n<p>Szukasz alternatywy dla pastelowej torebki, kt\u00f3ra tak naprawd\u0119 jest w trendach ka\u017cdej wiosny? Postaw na pastelowy plecak. <strong>Nie tylko uatrakcyjni Twoje stylizacje i nada im oryginalno\u015bci, ale tak\u017ce pozwoli Ci mie\u0107 wolne obie r\u0119ce<\/strong>, b\u0119dzie wygodny w noszeniu, a do tego pomie\u015bci znacznie wi\u0119cej przedmiot\u00f3w ni\u017c niejedna torebka. B\u0119dzie towarzyszy\u0107 Ci tak\u017ce w trakcie wiosenno-letnich, sportowych aktywno\u015bci, takich jak jazda na rowerze b\u0105d\u017a na rolkach. Ich szeroki wyb\u00f3r znajdziesz w CCC!<\/p>\n\n\n\n<div class=\"wp-block-group is-nowrap is-layout-flex wp-container-core-group-is-layout-ad2f72ca wp-block-group-is-layout-flex\">\n<figure class=\"wp-block-image size-large\"><img loading=\"lazy\" decoding=\"async\" width=\"683\" height=\"1024\" src=\"https:\/\/blog.ccc.eu\/pl\/wp-content\/uploads\/2024\/03\/5-5-683x1024.jpg\" alt=\"pastelowy plecak be\u017cowy stylizacja\" class=\"wp-image-22789\" srcset=\"https:\/\/blog.ccc.eu\/pl\/wp-content\/uploads\/2024\/03\/5-5-683x1024.jpg 683w, https:\/\/blog.ccc.eu\/pl\/wp-content\/uploads\/2024\/03\/5-5-200x300.jpg 200w, https:\/\/blog.ccc.eu\/pl\/wp-content\/uploads\/2024\/03\/5-5-768x1152.jpg 768w, https:\/\/blog.ccc.eu\/pl\/wp-content\/uploads\/2024\/03\/5-5-100x150.jpg 100w, https:\/\/blog.ccc.eu\/pl\/wp-content\/uploads\/2024\/03\/5-5.jpg 876w\" sizes=\"auto, (max-width: 683px) 100vw, 683px\" \/><\/figure>\n\n\n\n<figure class=\"wp-block-image size-large\"><img loading=\"lazy\" decoding=\"async\" width=\"683\" height=\"1024\" src=\"https:\/\/blog.ccc.eu\/pl\/wp-content\/uploads\/2024\/03\/6-4-683x1024.jpg\" alt=\"be\u017cowy pastelowy plecak deezee\" class=\"wp-image-22790\" srcset=\"https:\/\/blog.ccc.eu\/pl\/wp-content\/uploads\/2024\/03\/6-4-683x1024.jpg 683w, https:\/\/blog.ccc.eu\/pl\/wp-content\/uploads\/2024\/03\/6-4-200x300.jpg 200w, https:\/\/blog.ccc.eu\/pl\/wp-content\/uploads\/2024\/03\/6-4-768x1152.jpg 768w, https:\/\/blog.ccc.eu\/pl\/wp-content\/uploads\/2024\/03\/6-4-100x150.jpg 100w, https:\/\/blog.ccc.eu\/pl\/wp-content\/uploads\/2024\/03\/6-4.jpg 876w\" sizes=\"auto, (max-width: 683px) 100vw, 683px\" \/><\/figure>\n<\/div>\n\n\n\n<h2 class=\"wp-block-heading\">Najmodniejsze pastelowe torby znajdziesz w CCC!<\/h2>\n\n\n\n<p>Ju\u017c wiesz, \u017ce pastelowe torby (a tak\u017ce plecaki!) b\u0119d\u0105 uchodzi\u0107 za jedne z najmodniejszych tej wiosny i lata. Wskazane w artykule modele znajdziesz zar\u00f3wno w stacjonarnych sklepach CCC, jak i na ccc.eu oraz w aplikacji. Zaopatrz w nie swoj\u0105 garderob\u0119 i u\u015bwiadom otoczeniu, \u017ce doskonale wiesz, co w trendach piszczy. Udanych zakup\u00f3w!<\/p>\n","protected":false},"excerpt":{"rendered":"<p>B\u0142\u0119kitne, mi\u0119towe, liliowe, kremowe \u2013 torebki w ob\u0142\u0119dnych, pastelowych barwach b\u0119d\u0105 hitem tegorocznej wiosny i lata! Co prawda, nie s\u0105 niczym nowym w modzie w tych porach roku. W ko\u0144cu to rozbielone modele, jak \u017cadne inne, uzupe\u0142niaj\u0105 lekkie stylizacje, po kt\u00f3re najch\u0119tniej si\u0119gamy, kiedy tylko wyjd\u0105 pierwsze promienie s\u0142o\u0144ca. Sprawd\u017a, o jakich modelach b\u0119dzie g\u0142o\u015bno. [&hellip;]<\/p>\n","protected":false},"author":20,"featured_media":22791,"comment_status":"open","ping_status":"closed","sticky":false,"template":"","format":"standard","meta":{"_acf_changed":false,"footnotes":""},"categories":[1574,1332,1315],"tags":[],"class_list":["post-22784","post","type-post","status-publish","format-standard","has-post-thumbnail","hentry","category-modne-torebki","category-trendy-na-lato","category-wiosenne-trendy"],"acf":[],"_links":{"self":[{"href":"https:\/\/blog.ccc.eu\/pl\/wp-json\/wp\/v2\/posts\/22784","targetHints":{"allow":["GET"]}}],"collection":[{"href":"https:\/\/blog.ccc.eu\/pl\/wp-json\/wp\/v2\/posts"}],"about":[{"href":"https:\/\/blog.ccc.eu\/pl\/wp-json\/wp\/v2\/types\/post"}],"author":[{"embeddable":true,"href":"https:\/\/blog.ccc.eu\/pl\/wp-json\/wp\/v2\/users\/20"}],"replies":[{"embeddable":true,"href":"https:\/\/blog.ccc.eu\/pl\/wp-json\/wp\/v2\/comments?post=22784"}],"version-history":[{"count":2,"href":"https:\/\/blog.ccc.eu\/pl\/wp-json\/wp\/v2\/posts\/22784\/revisions"}],"predecessor-version":[{"id":22793,"href":"https:\/\/blog.ccc.eu\/pl\/wp-json\/wp\/v2\/posts\/22784\/revisions\/22793"}],"wp:featuredmedia":[{"embeddable":true,"href":"https:\/\/blog.ccc.eu\/pl\/wp-json\/wp\/v2\/media\/22791"}],"wp:attachment":[{"href":"https:\/\/blog.ccc.eu\/pl\/wp-json\/wp\/v2\/media?parent=22784"}],"wp:term":[{"taxonomy":"category","embeddable":true,"href":"https:\/\/blog.ccc.eu\/pl\/wp-json\/wp\/v2\/categories?post=22784"},{"taxonomy":"post_tag","embeddable":true,"href":"https:\/\/blog.ccc.eu\/pl\/wp-json\/wp\/v2\/tags?post=22784"}],"curies":[{"name":"wp","href":"https:\/\/api.w.org\/{rel}","templated":true}]}}