{"id":22967,"date":"2024-03-21T14:04:35","date_gmt":"2024-03-21T13:04:35","guid":{"rendered":"https:\/\/blog.ccc.eu\/pl\/?p=22967"},"modified":"2024-03-22T14:21:50","modified_gmt":"2024-03-22T13:21:50","slug":"elegancki-plecak-damski-modniejszy-od-torby","status":"publish","type":"post","link":"https:\/\/blog.ccc.eu\/pl\/elegancki-plecak-damski-modniejszy-od-torby\/","title":{"rendered":"Elegancki plecak damski modniejszy od torby?"},"content":{"rendered":"\n<p><strong>Wyb\u00f3r mi\u0119dzy eleganckim plecakiem a torebk\u0105 ostatecznie sprowadza si\u0119 do osobistych preferencji i potrzeb zwi\u0105zanych ze stylem \u017cycia. Jednak w ostatnim czasie zar\u00f3wno na wybiegach modowych, jak i na ulicach mo\u017cna zauwa\u017cy\u0107 wi\u0119ksz\u0105 popularno\u015b\u0107 tych pierwszych. Znamy czynniki, dla kt\u00f3rych taka sytuacja ma miejsce. Poznaj je wszystkie, dowiedz si\u0119, jakie zalety ma elegancki plecak damski, a nast\u0119pnie zapoznaj si\u0119 z najmodniejszymi modelami dost\u0119pnymi w CCC. Zapewniamy, \u017ce jest w czym wybiera\u0107!<\/strong><\/p>\n\n\n\n<figure class=\"wp-block-image size-large is-resized\"><img loading=\"lazy\" decoding=\"async\" width=\"683\" height=\"1024\" src=\"https:\/\/blog.ccc.eu\/pl\/wp-content\/uploads\/2024\/03\/glowne-11-683x1024.jpg\" alt=\"elegancki plecak damski stylizacja\" class=\"wp-image-22975\" style=\"width:840px;height:auto\" srcset=\"https:\/\/blog.ccc.eu\/pl\/wp-content\/uploads\/2024\/03\/glowne-11-683x1024.jpg 683w, https:\/\/blog.ccc.eu\/pl\/wp-content\/uploads\/2024\/03\/glowne-11-200x300.jpg 200w, https:\/\/blog.ccc.eu\/pl\/wp-content\/uploads\/2024\/03\/glowne-11-768x1152.jpg 768w, https:\/\/blog.ccc.eu\/pl\/wp-content\/uploads\/2024\/03\/glowne-11-100x150.jpg 100w, https:\/\/blog.ccc.eu\/pl\/wp-content\/uploads\/2024\/03\/glowne-11.jpg 876w\" sizes=\"auto, (max-width: 683px) 100vw, 683px\" \/><\/figure>\n\n\n\n<h2 class=\"wp-block-heading\">Elegancki plecak damski \u2013 chwilowa moda czy lepsza wygoda na co dzie\u0144?<\/h2>\n\n\n\n<p>Eleganckie plecaki damskie maj\u0105 wiele zalet i to w\u0142a\u015bnie dlatego s\u0105 ch\u0119tnie wybierane jako alternatywa dla klasycznych toreb.<\/p>\n\n\n\n<p>Pierwsz\u0105 i jedn\u0105 z najwa\u017cniejszych zalet jest styl plecak\u00f3w. Mimo tego, \u017ce s\u0105 eleganckie, s\u0105 zarazem o wiele mniej formalne od eleganckich toreb. Tym samym nadaj\u0105 si\u0119 zar\u00f3wno do noszenia do pracy, na uczelni\u0119, jak i na co dzie\u0144, ale tak\u017ce na spotkania przy kawie z przyjaci\u00f3\u0142k\u0105. Dlatego te\u017c eleganckie plecaki damskie wype\u0142niaj\u0105 rynkow\u0105 luk\u0119 i s\u0105 ch\u0119tnie wybierane przez osoby, kt\u00f3re kochaj\u0105 styl casual elegant.<\/p>\n\n\n\n<p>Kolejn\u0105 zalet\u0105 plecak\u00f3w jest fakt, \u017ce <strong>r\u00f3wnomiernie rozk\u0142adaj\u0105 one ci\u0119\u017car na ramiona i plecy, co zapewnia wi\u0119ksz\u0105 wygod\u0119 podczas ich noszenia<\/strong>. Nie zast\u0105pi ich wi\u0119c \u017cadna shopperka, kt\u00f3ra obci\u0105\u017ca tylko jedno rami\u0119. Co wi\u0119cej, je\u015bli na co dzie\u0144 nosisz naprawd\u0119 ci\u0119\u017ckie przedmioty, torba mo\u017ce nadmiernie nadwer\u0119\u017ca\u0107 tylko jedn\u0105 stron\u0119 cia\u0142a, co mo\u017ce prowadzi\u0107 do b\u00f3lu kr\u0119gos\u0142upa, a nawet uraz\u00f3w. Eleganckie plecaki damskie s\u0105 wi\u0119c nie tylko efektowne, ale i lepsze dla zdrowia plec\u00f3w.<\/p>\n\n\n\n<p>Zalet\u0105 plecaka jest tak\u017ce jego praktyczno\u015b\u0107. Plecaki s\u0105 wygodne w noszeniu, nie wymagaj\u0105 u\u017cycia r\u0105k i bezproblemowe (nie zsuwaj\u0105 si\u0119 z ramion, co mo\u017ce si\u0119 zdarzy\u0107 np. przy torbach na \u0142a\u0144cuszkach). Nic dziwnego wi\u0119c, \u017ce coraz cz\u0119\u015bciej s\u0105 wybierane jako alternatywa dla toreb.<\/p>\n\n\n\n<div class=\"wp-block-group is-nowrap is-layout-flex wp-container-core-group-is-layout-ad2f72ca wp-block-group-is-layout-flex\">\n<figure class=\"wp-block-image size-large\"><img loading=\"lazy\" decoding=\"async\" width=\"683\" height=\"1024\" src=\"https:\/\/blog.ccc.eu\/pl\/wp-content\/uploads\/2024\/03\/5-9-683x1024.jpg\" alt=\"kremowy elegancki plecak damski\" class=\"wp-image-22968\" srcset=\"https:\/\/blog.ccc.eu\/pl\/wp-content\/uploads\/2024\/03\/5-9-683x1024.jpg 683w, https:\/\/blog.ccc.eu\/pl\/wp-content\/uploads\/2024\/03\/5-9-200x300.jpg 200w, https:\/\/blog.ccc.eu\/pl\/wp-content\/uploads\/2024\/03\/5-9-768x1152.jpg 768w, https:\/\/blog.ccc.eu\/pl\/wp-content\/uploads\/2024\/03\/5-9-100x150.jpg 100w, https:\/\/blog.ccc.eu\/pl\/wp-content\/uploads\/2024\/03\/5-9.jpg 876w\" sizes=\"auto, (max-width: 683px) 100vw, 683px\" \/><\/figure>\n\n\n\n<figure class=\"wp-block-image size-large\"><img loading=\"lazy\" decoding=\"async\" width=\"683\" height=\"1024\" src=\"https:\/\/blog.ccc.eu\/pl\/wp-content\/uploads\/2024\/03\/6-6-683x1024.jpg\" alt=\"czarny elegancki plecak damski\" class=\"wp-image-22969\" srcset=\"https:\/\/blog.ccc.eu\/pl\/wp-content\/uploads\/2024\/03\/6-6-683x1024.jpg 683w, https:\/\/blog.ccc.eu\/pl\/wp-content\/uploads\/2024\/03\/6-6-200x300.jpg 200w, https:\/\/blog.ccc.eu\/pl\/wp-content\/uploads\/2024\/03\/6-6-768x1152.jpg 768w, https:\/\/blog.ccc.eu\/pl\/wp-content\/uploads\/2024\/03\/6-6-100x150.jpg 100w, https:\/\/blog.ccc.eu\/pl\/wp-content\/uploads\/2024\/03\/6-6.jpg 876w\" sizes=\"auto, (max-width: 683px) 100vw, 683px\" \/><\/figure>\n<\/div>\n\n\n\n\n\n\n<p><\/p>\n\n\n\n<h2 class=\"wp-block-heading\">Elegancki plecak damski A4 \u2013 jakie ma zalety?<\/h2>\n\n\n\n<p>Elegancki du\u017cy plecak damski to model, po kt\u00f3rego najcz\u0119\u015bciej si\u0119gaj\u0105 kobiety. Dlaczego? Bo zachwyca swoj\u0105 pojemno\u015bci\u0105. R\u00f3wnie dobrze przechowa codzienne dokumenty lub ksi\u0105\u017cki potrzebne do pracy b\u0105d\u017a na uczelni\u0119, co niezb\u0119dne akcesoria na kr\u00f3tki wypad za miasto.<\/p>\n\n\n\n<p>Zale\u017cy Ci na tym, aby Tw\u00f3j plecak przechowa\u0142 jak najwi\u0119cej przedmiot\u00f3w? Zwr\u00f3\u0107 uwag\u0119 na modele od marki Badura lub Jenny Fairy, kt\u00f3re czekaj\u0105 na Ciebie w CCC! <strong>Maj\u0105 one doszyte praktyczne kieszenie z przodu, kt\u00f3re stanowi\u0105 dodatkowe miejsce do przechowywania.<\/strong><\/p>\n\n\n\n<p>Co wi\u0119cej, ich g\u0142\u00f3wna komora zapinana jest na \u015bci\u0105gasz, a tworzywo, z kt\u00f3rego zosta\u0142y wykonane jest elastyczne \u2013 ich konstrukcja pozwala wi\u0119c na pomieszczenie w \u015brodku znacznie wi\u0119kszej ilo\u015bci rzeczy ni\u017c sztywne modele zapinane na suwak. Koniecznie rozwa\u017c ich zakup, je\u015bli na co dzie\u0144 potrzebujesz mie\u0107 przy sobie wiele przedmiot\u00f3w.<\/p>\n\n\n\n<div class=\"wp-block-group is-nowrap is-layout-flex wp-container-core-group-is-layout-ad2f72ca wp-block-group-is-layout-flex\">\n<figure class=\"wp-block-image size-large\"><img loading=\"lazy\" decoding=\"async\" width=\"683\" height=\"1024\" src=\"https:\/\/blog.ccc.eu\/pl\/wp-content\/uploads\/2024\/03\/3-14-683x1024.jpg\" alt=\"elegancki be\u017cowy plecak\" class=\"wp-image-22970\" srcset=\"https:\/\/blog.ccc.eu\/pl\/wp-content\/uploads\/2024\/03\/3-14-683x1024.jpg 683w, https:\/\/blog.ccc.eu\/pl\/wp-content\/uploads\/2024\/03\/3-14-200x300.jpg 200w, https:\/\/blog.ccc.eu\/pl\/wp-content\/uploads\/2024\/03\/3-14-768x1152.jpg 768w, https:\/\/blog.ccc.eu\/pl\/wp-content\/uploads\/2024\/03\/3-14-100x150.jpg 100w, https:\/\/blog.ccc.eu\/pl\/wp-content\/uploads\/2024\/03\/3-14.jpg 876w\" sizes=\"auto, (max-width: 683px) 100vw, 683px\" \/><\/figure>\n\n\n\n<figure class=\"wp-block-image size-large\"><img loading=\"lazy\" decoding=\"async\" width=\"683\" height=\"1024\" src=\"https:\/\/blog.ccc.eu\/pl\/wp-content\/uploads\/2024\/03\/4-15-683x1024.jpg\" alt=\"miejski plecak w kolorze camel\" class=\"wp-image-22971\" srcset=\"https:\/\/blog.ccc.eu\/pl\/wp-content\/uploads\/2024\/03\/4-15-683x1024.jpg 683w, https:\/\/blog.ccc.eu\/pl\/wp-content\/uploads\/2024\/03\/4-15-200x300.jpg 200w, https:\/\/blog.ccc.eu\/pl\/wp-content\/uploads\/2024\/03\/4-15-768x1152.jpg 768w, https:\/\/blog.ccc.eu\/pl\/wp-content\/uploads\/2024\/03\/4-15-100x150.jpg 100w, https:\/\/blog.ccc.eu\/pl\/wp-content\/uploads\/2024\/03\/4-15.jpg 876w\" sizes=\"auto, (max-width: 683px) 100vw, 683px\" \/><\/figure>\n<\/div>\n\n\n\n<h2 class=\"wp-block-heading\">Eleganckie plecaki damskie sk\u00f3rzane \u2013 wysoka jako\u015b\u0107 i modny wygl\u0105d w jednym<\/h2>\n\n\n\n<p>Poszukujesz damskiego plecaka, kt\u00f3ry pos\u0142u\u017cy Ci przez wiele sezon\u00f3w i dalej b\u0119dzie zachwyca\u0107 eleganckim wygl\u0105dem? Wybierz model wykonany z naturalnej sk\u00f3ry!<\/p>\n\n\n\n<p>Sk\u00f3rzane plecaki maj\u0105 wiele zalet, wynikaj\u0105cych z ich naturalnego materia\u0142u. Przede wszystkim s\u0105 solidne i odporne na ewentualne uszkodzenia. Nale\u017cy jednak pami\u0119ta\u0107, aby regularnie dokonywa\u0107 ich piel\u0119gnacji, co znacznie wyd\u0142u\u017cy ich trwa\u0142o\u015b\u0107. \u015arodki do tego przeznaczone tak\u017ce kupisz w CCC!<\/p>\n\n\n\n<p>Eleganckie plecaki damskie sk\u00f3rzane maj\u0105 w\u0142a\u015bciwo\u015bci antyalergiczne, do ich produkcji nie s\u0105 u\u017cywane sztuczne barwniki i nie posiadaj\u0105 one tak\u017ce chemicznego zapachu. S\u0105 tak\u017ce elastyczne, dlatego pozwalaj\u0105 pomie\u015bci\u0107 w ich wn\u0119trzu wiele przedmiot\u00f3w, a tak\u017ce wygodne w noszeniu.<\/p>\n\n\n\n<p>Nie mo\u017cna pomin\u0105\u0107 faktu, \u017ce sk\u00f3ra uchodzi za tworzywo o eleganckim charakterze. Wykonane z niej plecaki prezentuj\u0105 si\u0119 szykownie i doskonale uzupe\u0142ni\u0105 zar\u00f3wno codzienne, jak i wyrafinowane stylizacje. Czego chcie\u0107 wi\u0119cej?<\/p>\n\n\n\n<h2 class=\"wp-block-heading\">Elegancki plecak damski z apaszk\u0105 \u2013 oto najmodniejsza propozycja!<\/h2>\n\n\n\n<p>Jeste\u015b mi\u0142o\u015bniczk\u0105 elegancji? A mo\u017ce uwielbiasz oryginalne detale? Koniecznie zwr\u00f3\u0107 uwag\u0119 na nowo\u015b\u0107 od marki Lasocki \u2013 plecaki ozdobione szykownymi apaszkami! Mo\u017cesz zostawi\u0107 je przy uchwytach plecak\u00f3w, jak sugeruje producent, lub uzupe\u0142ni\u0107 nimi swoj\u0105 stylizacj\u0119. Ten efektowny dodatek wyr\u00f3\u017cni Ci\u0119 z t\u0142umu!<\/p>\n\n\n\n<div class=\"wp-block-group is-nowrap is-layout-flex wp-container-core-group-is-layout-ad2f72ca wp-block-group-is-layout-flex\">\n<figure class=\"wp-block-image size-large\"><img loading=\"lazy\" decoding=\"async\" width=\"683\" height=\"1024\" src=\"https:\/\/blog.ccc.eu\/pl\/wp-content\/uploads\/2024\/03\/1-15-683x1024.jpg\" alt=\"elegancki plecak damski z apaszk\u0105 stylizacja\" class=\"wp-image-22972\" srcset=\"https:\/\/blog.ccc.eu\/pl\/wp-content\/uploads\/2024\/03\/1-15-683x1024.jpg 683w, https:\/\/blog.ccc.eu\/pl\/wp-content\/uploads\/2024\/03\/1-15-200x300.jpg 200w, https:\/\/blog.ccc.eu\/pl\/wp-content\/uploads\/2024\/03\/1-15-768x1152.jpg 768w, https:\/\/blog.ccc.eu\/pl\/wp-content\/uploads\/2024\/03\/1-15-100x150.jpg 100w, https:\/\/blog.ccc.eu\/pl\/wp-content\/uploads\/2024\/03\/1-15.jpg 876w\" sizes=\"auto, (max-width: 683px) 100vw, 683px\" \/><\/figure>\n\n\n\n<figure class=\"wp-block-image size-large\"><img loading=\"lazy\" decoding=\"async\" width=\"683\" height=\"1024\" src=\"https:\/\/blog.ccc.eu\/pl\/wp-content\/uploads\/2024\/03\/2-12-683x1024.jpg\" alt=\"plecak lasocki z apaszk\u0105\" class=\"wp-image-22973\" srcset=\"https:\/\/blog.ccc.eu\/pl\/wp-content\/uploads\/2024\/03\/2-12-683x1024.jpg 683w, https:\/\/blog.ccc.eu\/pl\/wp-content\/uploads\/2024\/03\/2-12-200x300.jpg 200w, https:\/\/blog.ccc.eu\/pl\/wp-content\/uploads\/2024\/03\/2-12-768x1152.jpg 768w, https:\/\/blog.ccc.eu\/pl\/wp-content\/uploads\/2024\/03\/2-12-100x150.jpg 100w, https:\/\/blog.ccc.eu\/pl\/wp-content\/uploads\/2024\/03\/2-12.jpg 876w\" sizes=\"auto, (max-width: 683px) 100vw, 683px\" \/><\/figure>\n<\/div>\n\n\n\n<h2 class=\"wp-block-heading\">Eleganckie plecaki damskie czekaj\u0105 na Ciebie w CCC!<\/h2>\n\n\n\n<p>Ju\u017c wiesz, jakie eleganckie plecaki damskie uchodz\u0105 obecnie za najmodniejsze. Wskazane w artykule propozycje czekaj\u0105 na Ciebie zar\u00f3wno w stacjonarnych salonach CCC, jak i na ccc.eu oraz w aplikacji. Udanych zakup\u00f3w!<\/p>\n","protected":false},"excerpt":{"rendered":"<p>Wyb\u00f3r mi\u0119dzy eleganckim plecakiem a torebk\u0105 ostatecznie sprowadza si\u0119 do osobistych preferencji i potrzeb zwi\u0105zanych ze stylem \u017cycia. Jednak w ostatnim czasie zar\u00f3wno na wybiegach modowych, jak i na ulicach mo\u017cna zauwa\u017cy\u0107 wi\u0119ksz\u0105 popularno\u015b\u0107 tych pierwszych. Znamy czynniki, dla kt\u00f3rych taka sytuacja ma miejsce. Poznaj je wszystkie, dowiedz si\u0119, jakie zalety ma elegancki plecak damski, [&hellip;]<\/p>\n","protected":false},"author":20,"featured_media":22974,"comment_status":"open","ping_status":"closed","sticky":false,"template":"","format":"standard","meta":{"_acf_changed":false,"footnotes":""},"categories":[1580,1574],"tags":[],"class_list":["post-22967","post","type-post","status-publish","format-standard","has-post-thumbnail","hentry","category-stylowe-akcesoria","category-modne-torebki"],"acf":[],"_links":{"self":[{"href":"https:\/\/blog.ccc.eu\/pl\/wp-json\/wp\/v2\/posts\/22967","targetHints":{"allow":["GET"]}}],"collection":[{"href":"https:\/\/blog.ccc.eu\/pl\/wp-json\/wp\/v2\/posts"}],"about":[{"href":"https:\/\/blog.ccc.eu\/pl\/wp-json\/wp\/v2\/types\/post"}],"author":[{"embeddable":true,"href":"https:\/\/blog.ccc.eu\/pl\/wp-json\/wp\/v2\/users\/20"}],"replies":[{"embeddable":true,"href":"https:\/\/blog.ccc.eu\/pl\/wp-json\/wp\/v2\/comments?post=22967"}],"version-history":[{"count":1,"href":"https:\/\/blog.ccc.eu\/pl\/wp-json\/wp\/v2\/posts\/22967\/revisions"}],"predecessor-version":[{"id":22976,"href":"https:\/\/blog.ccc.eu\/pl\/wp-json\/wp\/v2\/posts\/22967\/revisions\/22976"}],"wp:featuredmedia":[{"embeddable":true,"href":"https:\/\/blog.ccc.eu\/pl\/wp-json\/wp\/v2\/media\/22974"}],"wp:attachment":[{"href":"https:\/\/blog.ccc.eu\/pl\/wp-json\/wp\/v2\/media?parent=22967"}],"wp:term":[{"taxonomy":"category","embeddable":true,"href":"https:\/\/blog.ccc.eu\/pl\/wp-json\/wp\/v2\/categories?post=22967"},{"taxonomy":"post_tag","embeddable":true,"href":"https:\/\/blog.ccc.eu\/pl\/wp-json\/wp\/v2\/tags?post=22967"}],"curies":[{"name":"wp","href":"https:\/\/api.w.org\/{rel}","templated":true}]}}