{"id":23157,"date":"2024-03-29T15:39:47","date_gmt":"2024-03-29T14:39:47","guid":{"rendered":"https:\/\/blog.ccc.eu\/pl\/?p=23157"},"modified":"2024-03-29T15:39:49","modified_gmt":"2024-03-29T14:39:49","slug":"europecore-modowy-trend-ktory-podbija-tiktoka","status":"publish","type":"post","link":"https:\/\/blog.ccc.eu\/pl\/europecore-modowy-trend-ktory-podbija-tiktoka\/","title":{"rendered":"Europecore \u2013 o tym modowym trendzie z TikToka jest coraz g\u0142o\u015bniej!"},"content":{"rendered":"\n<p><strong>Po Quiet Luxury i Barbiecore przysz\u0142a pora na\u2026 Europecore! Ta nowa, modowa estetyka, wypromowana przez TikTok, oddaje ameryka\u0144skie pragnienie mi\u0119dzynarodowego, letniego eskapizmu. Romantyzowanie Europy skupia si\u0119 tu g\u0142\u00f3wnie wok\u00f3\u0142\u2026 ubra\u0144 i dodatk\u00f3w! Wiemy, jakie modele but\u00f3w oraz torebek uchodz\u0105 za najbardziej \u201eeuropejskie\u201d i w nied\u0142ugim czasie stan\u0105 si\u0119 jednymi z najch\u0119tniej wybieranych na lato 2024.<\/strong><\/p>\n\n\n\n<figure class=\"wp-block-image size-large\"><img loading=\"lazy\" decoding=\"async\" width=\"1024\" height=\"682\" src=\"https:\/\/blog.ccc.eu\/pl\/wp-content\/uploads\/2024\/03\/glowne-1-7-1024x682.jpg\" alt=\"europecore stylizacja\" class=\"wp-image-23158\" srcset=\"https:\/\/blog.ccc.eu\/pl\/wp-content\/uploads\/2024\/03\/glowne-1-7-1024x682.jpg 1024w, https:\/\/blog.ccc.eu\/pl\/wp-content\/uploads\/2024\/03\/glowne-1-7-300x200.jpg 300w, https:\/\/blog.ccc.eu\/pl\/wp-content\/uploads\/2024\/03\/glowne-1-7-768x512.jpg 768w, https:\/\/blog.ccc.eu\/pl\/wp-content\/uploads\/2024\/03\/glowne-1-7-100x67.jpg 100w, https:\/\/blog.ccc.eu\/pl\/wp-content\/uploads\/2024\/03\/glowne-1-7.jpg 1400w\" sizes=\"auto, (max-width: 1024px) 100vw, 1024px\" \/><\/figure>\n\n\n\n<h2 class=\"wp-block-heading\">Europecore \u2013 na czym polega ten modowy trend z TikToka?<\/h2>\n\n\n\n<p><strong>TikTokowy trend \u2013 Europecore \u2013 mo\u017cna opisa\u0107 jako ameryka\u0144skie spojrzenie na podr\u00f3\u017cowanie po Europie.<\/strong> Wyra\u017ca on \u201eeuropejski\u201d spos\u00f3b ubierania si\u0119, zaobserwowany podczas wycieczek. Jest do\u015b\u0107 podobny do cichego luksusu, bo nawi\u0105zuje do wycieczek po eleganckich, europejskich kurortach \u2013 najbardziej do tych, umiejscowionych we W\u0142oszech i Francji. Amerykanie kojarz\u0105 te miejsca z wyrafinowanymi, letnimi elementami garderoby, takimi jak: bieli\u017aniane sukienki, sanda\u0142y na obcasie, kapelusze, chusty na g\u0142ow\u0119, lniane komplety, plecione torebki i kosze, a tak\u017ce baleriny.<\/p>\n\n\n\n<h2 class=\"wp-block-heading\">Plecione torebki i koszyki s\u0105 utrzymane w trendzie Europecore<\/h2>\n\n\n\n<p>Jane Birkin to brytyjska aktorka i ikona mody lat 60. i 70. XX wieku, ale tworzy\u0142a g\u0142\u00f3wnie w j\u0119zyku francuskim i to w\u0142a\u015bnie z Francj\u0105 jest najbardziej kojarzona. <strong>Uwielbia\u0142a nosi\u0107 kosze i pleciony torby, kt\u00f3re \u0142\u0105czy\u0142a z codziennymi stylizacjami, czym zainspirowa\u0142a kobiety z ca\u0142ego \u015bwiata!<\/strong> By\u0142a jedn\u0105 z inspiracji do powstania trendu Europecore, kt\u00f3rego a\u017curowe torebki oraz kosze s\u0105 nieod\u0142\u0105cznymi elementami.<\/p>\n\n\n\n<p>Modowa estetyka Europecore promuje najbardziej plecione torebki, swoim wygl\u0105dem przypominaj\u0105ce modele plecione przez nasze babcie \u2013 nieidealne, uzupe\u0142nione modnymi fr\u0119dzlami, utkane w oryginalne wzory. Na podium z nimi stoj\u0105 torebki koszyki o rustykalnym charakterze. Jedne i drugie modele poleca si\u0119 \u0142\u0105czy\u0107 z eleganckimi elementami garderoby \u2013 jedwabnymi sukienkami, lnianymi kompletami, itp. W takich stylizacjach one tak\u017ce zyskuj\u0105 szykowny charakter!<\/p>\n\n\n\n<figure class=\"wp-block-image size-large\"><img loading=\"lazy\" decoding=\"async\" width=\"1024\" height=\"720\" src=\"https:\/\/blog.ccc.eu\/pl\/wp-content\/uploads\/2024\/03\/1-20-1024x720.jpg\" alt=\"damskie stylizacje europecore\" class=\"wp-image-23160\" srcset=\"https:\/\/blog.ccc.eu\/pl\/wp-content\/uploads\/2024\/03\/1-20-1024x720.jpg 1024w, https:\/\/blog.ccc.eu\/pl\/wp-content\/uploads\/2024\/03\/1-20-300x211.jpg 300w, https:\/\/blog.ccc.eu\/pl\/wp-content\/uploads\/2024\/03\/1-20-768x540.jpg 768w, https:\/\/blog.ccc.eu\/pl\/wp-content\/uploads\/2024\/03\/1-20-100x70.jpg 100w, https:\/\/blog.ccc.eu\/pl\/wp-content\/uploads\/2024\/03\/1-20.jpg 1032w\" sizes=\"auto, (max-width: 1024px) 100vw, 1024px\" \/><\/figure>\n\n\n\n\n\n\n<p><\/p>\n\n\n\n<h2 class=\"wp-block-heading\">Sanda\u0142y na obcasie \u2013 te buty kojarz\u0105 si\u0119 z Europejkami!<\/h2>\n\n\n\n<p><strong>Sanda\u0142y na obcasie to buty, kojarz\u0105ce si\u0119 z eleganckimi wakacjami w Europie! <\/strong>Najmodniejsza modowa estetyka nie ogranicza si\u0119 tutaj do konkretnych modeli.<\/p>\n\n\n\n<p>Najbardziej luksusowo zaprezentuj\u0105 si\u0119 jednak sk\u00f3rzane sanda\u0142y na obcasie. Ze wzgl\u0119du na naturalny materia\u0142, z kt\u00f3rego zosta\u0142y wykonane, uchodz\u0105 nie tylko za jedne z najwygodniejszych, wysokich but\u00f3w letnich, ale tak\u017ce s\u0105 odporne na ewentualne uszkodzenia. Do tego maj\u0105 luksusowy i ponadczasowy charakter, dzi\u0119ki czemu b\u0119dzie mo\u017cna si\u0119 nimi cieszy\u0107 podczas wielu wyjazd\u00f3w!<\/p>\n\n\n\n\n\n\n<p><\/p>\n\n\n\n<h2 class=\"wp-block-heading\">Klapki na obcasie idealne na w\u0142oskie wakacje i nie tylko!<\/h2>\n\n\n\n<p>Zar\u00f3wno stroje wakacyjne, jak i europejski styl zawsze mia\u0142y du\u017cy wp\u0142yw na \u015bwiatow\u0105 bran\u017c\u0119 modow\u0105 oraz platformy spo\u0142eczno\u015bciowe. <strong>Tak swoj\u0105 popularno\u015b\u0107 zyska\u0142y\u2026 klapki na obcasie!<\/strong><\/p>\n\n\n\n<p>Dawniej uchodzi\u0142y za obuwie wy\u0142\u0105cznie przeznaczone do noszenia na co dzie\u0144. Od kiedy by\u0142y promowane na profilach celebrytek, kt\u00f3re dope\u0142nia\u0142y nimi swoje wakacyjne stylizacje podczas europejskich wakacji, zacz\u0119to postrzega\u0107 je jako eleganckie buty, nadaj\u0105ce si\u0119 tak\u017ce na specjalne okazje.<\/p>\n\n\n\n<p>Jakie klapki na obcasie s\u0105 w trendzie Europecore? Te o beztroskim charakterze, z kolorowymi cholewkami, kojarz\u0105ce si\u0119 z wakacjami. Powinny by\u0107 jednak wymiennie stosowane z czarnymi, z\u0142otymi i srebrnymi modelami, kt\u00f3re lepiej sprawdz\u0105 do uzupe\u0142nienia wieczorowych outfit\u00f3w.<\/p>\n\n\n\n<figure class=\"wp-block-image size-large\"><img loading=\"lazy\" decoding=\"async\" width=\"1024\" height=\"683\" src=\"https:\/\/blog.ccc.eu\/pl\/wp-content\/uploads\/2024\/03\/2-17-1024x683.jpg\" alt=\"outfit w stylu europecore\" class=\"wp-image-23161\" srcset=\"https:\/\/blog.ccc.eu\/pl\/wp-content\/uploads\/2024\/03\/2-17-1024x683.jpg 1024w, https:\/\/blog.ccc.eu\/pl\/wp-content\/uploads\/2024\/03\/2-17-300x200.jpg 300w, https:\/\/blog.ccc.eu\/pl\/wp-content\/uploads\/2024\/03\/2-17-768x512.jpg 768w, https:\/\/blog.ccc.eu\/pl\/wp-content\/uploads\/2024\/03\/2-17-100x67.jpg 100w, https:\/\/blog.ccc.eu\/pl\/wp-content\/uploads\/2024\/03\/2-17.jpg 1536w\" sizes=\"auto, (max-width: 1024px) 100vw, 1024px\" \/><\/figure>\n\n\n\n\n\n\n<p><\/p>\n\n\n\n<h2 class=\"wp-block-heading\">Baleriny \u2013 idealne na spacer po paryskich uliczkach<\/h2>\n\n\n\n<p><strong>Nawet Europejczycy zapytani o to, z jakim krajem kojarz\u0105 im si\u0119 baleriny, odpowiedz\u0105, \u017ce z Francj\u0105!<\/strong> Buty ukochane przez Francuzki sta\u0142y si\u0119 popularne na ca\u0142ym \u015bwiecie i skrad\u0142y serca mi\u0142o\u015bniczek mody po\u0142\u0105czeniem eleganckiego wygl\u0105du z wygod\u0105 noszenia, jakie oferuj\u0105.<\/p>\n\n\n\n<p>Tutaj, podobnie jak w przypadku sanda\u0142\u00f3w na obcasie, najbardziej polecamy wyb\u00f3r sk\u00f3rzanych modeli, kt\u00f3re maj\u0105 najwi\u0119cej zalet. Kochasz trendy? Twojej uwadze nie mog\u0105 umkn\u0105\u0107 baleriny typu mesh! Z tak bogatej oferty balerin, dost\u0119pnej w sklepach CCC, z pewno\u015bci\u0105 ka\u017cda kobieta znajdzie model idealny dla siebie.<\/p>\n\n\n\n\n\n\n<p><\/p>\n\n\n\n<h2 class=\"wp-block-heading\">Buty i torebki utrzymane w trendzie Europecore znajdziesz w CCC!<\/h2>\n\n\n\n<p>Ju\u017c wiesz, jakie buty i torebki wpisuj\u0105 si\u0119 w modowy trend z TikToka \u2013 Europecore. Najmodniejsze modele czekaj\u0105 na Ciebie zar\u00f3wno w stacjonarnych sklepach CCC, jak i na ccc.eu oraz w aplikacji. Udanych zakup\u00f3w!<\/p>\n","protected":false},"excerpt":{"rendered":"<p>Po Quiet Luxury i Barbiecore przysz\u0142a pora na\u2026 Europecore! Ta nowa, modowa estetyka, wypromowana przez TikTok, oddaje ameryka\u0144skie pragnienie mi\u0119dzynarodowego, letniego eskapizmu. Romantyzowanie Europy skupia si\u0119 tu g\u0142\u00f3wnie wok\u00f3\u0142\u2026 ubra\u0144 i dodatk\u00f3w! Wiemy, jakie modele but\u00f3w oraz torebek uchodz\u0105 za najbardziej \u201eeuropejskie\u201d i w nied\u0142ugim czasie stan\u0105 si\u0119 jednymi z najch\u0119tniej wybieranych na lato 2024. [&hellip;]<\/p>\n","protected":false},"author":20,"featured_media":23158,"comment_status":"open","ping_status":"closed","sticky":false,"template":"","format":"standard","meta":{"_acf_changed":false,"footnotes":""},"categories":[6],"tags":[],"class_list":["post-23157","post","type-post","status-publish","format-standard","has-post-thumbnail","hentry","category-trendy"],"acf":[],"_links":{"self":[{"href":"https:\/\/blog.ccc.eu\/pl\/wp-json\/wp\/v2\/posts\/23157","targetHints":{"allow":["GET"]}}],"collection":[{"href":"https:\/\/blog.ccc.eu\/pl\/wp-json\/wp\/v2\/posts"}],"about":[{"href":"https:\/\/blog.ccc.eu\/pl\/wp-json\/wp\/v2\/types\/post"}],"author":[{"embeddable":true,"href":"https:\/\/blog.ccc.eu\/pl\/wp-json\/wp\/v2\/users\/20"}],"replies":[{"embeddable":true,"href":"https:\/\/blog.ccc.eu\/pl\/wp-json\/wp\/v2\/comments?post=23157"}],"version-history":[{"count":1,"href":"https:\/\/blog.ccc.eu\/pl\/wp-json\/wp\/v2\/posts\/23157\/revisions"}],"predecessor-version":[{"id":23162,"href":"https:\/\/blog.ccc.eu\/pl\/wp-json\/wp\/v2\/posts\/23157\/revisions\/23162"}],"wp:featuredmedia":[{"embeddable":true,"href":"https:\/\/blog.ccc.eu\/pl\/wp-json\/wp\/v2\/media\/23158"}],"wp:attachment":[{"href":"https:\/\/blog.ccc.eu\/pl\/wp-json\/wp\/v2\/media?parent=23157"}],"wp:term":[{"taxonomy":"category","embeddable":true,"href":"https:\/\/blog.ccc.eu\/pl\/wp-json\/wp\/v2\/categories?post=23157"},{"taxonomy":"post_tag","embeddable":true,"href":"https:\/\/blog.ccc.eu\/pl\/wp-json\/wp\/v2\/tags?post=23157"}],"curies":[{"name":"wp","href":"https:\/\/api.w.org\/{rel}","templated":true}]}}