{"id":23590,"date":"2024-04-19T17:02:56","date_gmt":"2024-04-19T15:02:56","guid":{"rendered":"https:\/\/blog.ccc.eu\/pl\/?p=23590"},"modified":"2024-07-26T14:26:30","modified_gmt":"2024-07-26T12:26:30","slug":"olivia-kijo-odkrywa-kolekcje-gino-rossi","status":"publish","type":"post","link":"https:\/\/blog.ccc.eu\/pl\/olivia-kijo-odkrywa-kolekcje-gino-rossi\/","title":{"rendered":"Forma i kszta\u0142t. Projekty z kolekcji Gino Rossi odkrywa Olivia Kijo"},"content":{"rendered":"\n<p><strong>Geometryczne kszta\u0142ty, architektoniczne formy i perfekcyjny minimalizm. To w\u0142a\u015bnie znalaz\u0142a w kolekcji Gino Rossi jedna z najbardziej inspiruj\u0105cych polskich stylistek Olivia Kijo. Mia\u0142a by\u0107 architektk\u0105, zosta\u0142a stylistk\u0105, ale jak si\u0119 okazuje, jedno z drugim ma wiele wsp\u00f3lnego. Olivia, kt\u00f3ra ceni sobie form\u0119, na co dzie\u0144 odnajduje j\u0105 w prostych projektach z charakterem, w zestawach z dusz\u0105 i histori\u0105, kt\u00f3ra sprawia, \u017ce \u201ezwyk\u0142e\u201d rzeczy staj\u0105 si\u0119 dzie\u0142ami sztuki. Jej stylizacje s\u0105 bardzo przemy\u015blane i sp\u00f3jne, a dodatki, kt\u00f3re do nich wybiera pe\u0142ni\u0105 wa\u017cn\u0105 rol\u0119. Zobacz ponadczasowe projekty Gino Rossi, kt\u00f3re wybra\u0142a do swojej garderoby Olivia Kijo.<\/strong><\/p>\n\n\n\n<div class=\"wp-block-group is-nowrap is-layout-flex wp-container-core-group-is-layout-ad2f72ca wp-block-group-is-layout-flex\">\n<figure class=\"wp-block-image size-full\"><img loading=\"lazy\" decoding=\"async\" width=\"503\" height=\"705\" src=\"https:\/\/blog.ccc.eu\/pl\/wp-content\/uploads\/2024\/04\/imgonline-com-ua-compressed-vAaOuJsK0eS.jpg\" alt=\"olivia kijo gino rossi\" class=\"wp-image-23591\" srcset=\"https:\/\/blog.ccc.eu\/pl\/wp-content\/uploads\/2024\/04\/imgonline-com-ua-compressed-vAaOuJsK0eS.jpg 503w, https:\/\/blog.ccc.eu\/pl\/wp-content\/uploads\/2024\/04\/imgonline-com-ua-compressed-vAaOuJsK0eS-214x300.jpg 214w, https:\/\/blog.ccc.eu\/pl\/wp-content\/uploads\/2024\/04\/imgonline-com-ua-compressed-vAaOuJsK0eS-100x140.jpg 100w\" sizes=\"auto, (max-width: 503px) 100vw, 503px\" \/><\/figure>\n\n\n\n<figure class=\"wp-block-image size-full\"><img loading=\"lazy\" decoding=\"async\" width=\"472\" height=\"708\" src=\"https:\/\/blog.ccc.eu\/pl\/wp-content\/uploads\/2024\/04\/imgonline-com-ua-compressed-n0BwiwlqVc.jpg\" alt=\"czarne loafersy gino rossi\" class=\"wp-image-23592\" srcset=\"https:\/\/blog.ccc.eu\/pl\/wp-content\/uploads\/2024\/04\/imgonline-com-ua-compressed-n0BwiwlqVc.jpg 472w, https:\/\/blog.ccc.eu\/pl\/wp-content\/uploads\/2024\/04\/imgonline-com-ua-compressed-n0BwiwlqVc-200x300.jpg 200w, https:\/\/blog.ccc.eu\/pl\/wp-content\/uploads\/2024\/04\/imgonline-com-ua-compressed-n0BwiwlqVc-100x150.jpg 100w\" sizes=\"auto, (max-width: 472px) 100vw, 472px\" \/><\/figure>\n<\/div>\n\n\n\n<h2 class=\"wp-block-heading\">Zwi\u0105zek mody, architektury i sztuki<\/h2>\n\n\n\n<p>Ju\u017c od jakiego\u015b czas projektanci mody bardzo silnie inspiruj\u0105 si\u0119 architektur\u0105, krajobrazem czy rze\u017ab\u0105 w swoich kolekcjach. Wystarczy spojrze\u0107 tylko na wiosenno-letni pokaz mody Jacquemusa, by zobaczy\u0107 jak pos\u0105gowe formy, geometryczne ci\u0119cia i architektoniczne kszta\u0142ty zdobywaj\u0105 modow\u0105 estrad\u0119. Po\u0142\u0105czenie najwa\u017cniejszych kreatywnych dziedzin, w kt\u00f3rych forma ma ogromne znaczenie bliskie jest sercu Olivii Kijo, utalentowanej stylistki, kt\u00f3ra<strong> z mody wybiera nieoczywiste rozwi\u0105zania, za kt\u00f3rymi zawsze stoi jaka\u015b historia.<\/strong><\/p>\n\n\n\n<p>Olivia ceni sobie minimalizm, ponadczasow\u0105 klasyk\u0119, ale te\u017c uwielbia eksperymentowa\u0107, sprawiaj\u0105c, \u017ce zwyk\u0142e stylizacje staj\u0105 si\u0119 \u201ejakie\u015b\u201d. Jej styl mo\u017cna zobaczy\u0107 w sesjach zdj\u0119ciowych, kt\u00f3re stylizuje dla znanych marek, ale te\u017c i na jej blogu czy Instagramie.<\/p>\n\n\n\n<h2 class=\"wp-block-heading\">Perfekcyjny minimalizm i stylizacje z charakterem<\/h2>\n\n\n\n<p>Olivia Kijo to mi\u0142o\u015bniczka prostej formy, w kt\u00f3rej kszta\u0142t, faktura czy print maj\u0105 ogromne znaczenie. <strong>W jej garderobie znajduj\u0105 si\u0119 d\u0142ugo wyszukiwane pere\u0142ki i klasyki wielkich projektant\u00f3w<\/strong>, o kt\u00f3rych od zawsze marzy\u0142a. Z trend\u00f3w potrafi wybiera\u0107 te, kt\u00f3re pasuj\u0105 do jej stylu, nigdy odwrotnie. A w perfekcyjnym minimalizmie udaje jej si\u0119 odnale\u017a\u0107 detale, kt\u00f3re stanowi\u0105 trzon stylizacji.<\/p>\n\n\n\n<p><strong>W kolekcji marki Gino Rossi znalaz\u0142a nieoczywist\u0105 oryginaln\u0105 torebk\u0119 i tradycyjne loafersy z nowoczesnymi akcentami. <\/strong>Stworzy\u0142a z nimi stylizacj\u0119 w duchu black&amp;white. Na pierwszy plan wysuwa si\u0119 czarny d\u0142ugi p\u0142aszcz, pod kt\u00f3rym mo\u017cna dostrzec \u015bnie\u017cnobia\u0142y t-shirt i eleganckie czarne spodnie. W tej sytuacji pierwsze skrzypce graj\u0105 dodatki. Zobacz jakie!<\/p>\n\n\n\n<h2 class=\"wp-block-heading\">Buty z kolekcji Gino Rossi, kt\u00f3re wpisuj\u0105 si\u0119 w ponadczasow\u0105 klasyk\u0119<\/h2>\n\n\n\n<p>Czysta i pi\u0119kna forma, tradycyjny design i ponadczasowa estetyka. <a href=\"https:\/\/ccc.eu\/pl\/damskie\/buty\/polbuty\/mokasyny\/mokasyn-gino-rossi-wilma-107783-czarny-1\" target=\"_blank\" rel=\"noopener\">Loafersy, kt\u00f3re wybra\u0142a Olivia Kijo<\/a> do swojego zestawu zachwycaj\u0105 minimalistycznym projektem, wzbogaconym o subtelny detal w postaci \u0142a\u0144cuszka w z\u0142otym kolorze na cholewce.<\/p>\n\n\n\n<p><strong>Te buty mo\u017cna stylizowa\u0107 jeszcze na wiele innych sposob\u00f3w, dopasowuj\u0105c do trendowych i eleganckich zestaw\u00f3w.<\/strong> Olivia Kijo postawi\u0142a na czarny model loafers\u00f3w, ale w CCC dost\u0119pny jest on r\u00f3wnie\u017c w be\u017cu i br\u0105zie. W kolekcji marki znajdziesz te\u017c inne loafersy, kt\u00f3re mo\u017cesz wykorzysta\u0107 do minimalistycznych zestaw\u00f3w.<\/p>\n\n\n\n<div class=\"wp-block-group is-nowrap is-layout-flex wp-container-core-group-is-layout-ad2f72ca wp-block-group-is-layout-flex\">\n<figure class=\"wp-block-image size-full\"><img loading=\"lazy\" decoding=\"async\" width=\"472\" height=\"708\" src=\"https:\/\/blog.ccc.eu\/pl\/wp-content\/uploads\/2024\/04\/imgonline-com-ua-compressed-MFPrUZGGDYt.jpg\" alt=\"stylizacja olivia kijo\" class=\"wp-image-23593\" srcset=\"https:\/\/blog.ccc.eu\/pl\/wp-content\/uploads\/2024\/04\/imgonline-com-ua-compressed-MFPrUZGGDYt.jpg 472w, https:\/\/blog.ccc.eu\/pl\/wp-content\/uploads\/2024\/04\/imgonline-com-ua-compressed-MFPrUZGGDYt-200x300.jpg 200w, https:\/\/blog.ccc.eu\/pl\/wp-content\/uploads\/2024\/04\/imgonline-com-ua-compressed-MFPrUZGGDYt-100x150.jpg 100w\" sizes=\"auto, (max-width: 472px) 100vw, 472px\" \/><\/figure>\n\n\n\n<figure class=\"wp-block-image size-full\"><img loading=\"lazy\" decoding=\"async\" width=\"472\" height=\"708\" src=\"https:\/\/blog.ccc.eu\/pl\/wp-content\/uploads\/2024\/04\/imgonline-com-ua-compressed-u8MU7HGoAivv-1.jpg\" alt=\"torebka gino rossi stylizacja olivia kijo\" class=\"wp-image-23595\" srcset=\"https:\/\/blog.ccc.eu\/pl\/wp-content\/uploads\/2024\/04\/imgonline-com-ua-compressed-u8MU7HGoAivv-1.jpg 472w, https:\/\/blog.ccc.eu\/pl\/wp-content\/uploads\/2024\/04\/imgonline-com-ua-compressed-u8MU7HGoAivv-1-200x300.jpg 200w, https:\/\/blog.ccc.eu\/pl\/wp-content\/uploads\/2024\/04\/imgonline-com-ua-compressed-u8MU7HGoAivv-1-100x150.jpg 100w\" sizes=\"auto, (max-width: 472px) 100vw, 472px\" \/><\/figure>\n<\/div>\n\n\n\n\n\n\n<p><\/p>\n\n\n\n<h2 class=\"wp-block-heading\">Torebka w stylu drugiej dekady XXI wieku w nowoczesnej formie<\/h2>\n\n\n\n<p>Marka Gino Rossi zaskoczy\u0142a form\u0105 i detalami, proponuj\u0105c torebk\u0119 w stylu minionej dekady. Wielki powr\u00f3t do trend\u00f3w po 2010 roku w nowoczesnej wersji okaza\u0142 si\u0119 strza\u0142em w dziesi\u0105tk\u0119. <a href=\"https:\/\/ccc.eu\/pl\/torby\/torby-damskie\/torebka-gino-rossi-cs8948-czarny\" target=\"_blank\" rel=\"noopener\">Sk\u00f3rzan\u0105 torebk\u0119 w czarnym kolorze<\/a> podkre\u015blaj\u0105 efektowne zamki, kt\u00f3re uk\u0142adaj\u0105 si\u0119 na skos, eksponuj\u0105c ca\u0142\u0105 form\u0119 i b\u0119d\u0105c tym samym zwie\u0144czeniem trzech niewielkich kieszonek. Regulowany pasek pozwala dopasowa\u0107 j\u0105 do sylwetki i nosi\u0107 komfortowo na ramieniu.<\/p>\n\n\n\n<p><strong>W kolekcji marki Gino Rossi znajdziesz jeszcze inne torebki, kt\u00f3re urzekaj\u0105 form\u0105 i detalami nadaj\u0105cymi im oryginalny charakter.<\/strong> Zwr\u00f3\u0107 uwag\u0119 na \u0142a\u0144cuszkowe paski, pikowania, t\u0142oczenia i przede wszystkim form\u0119, kt\u00f3ra wci\u0105\u017c nawi\u0105zuje do korzeni marki.<\/p>\n\n\n\n<div class=\"wp-block-group is-nowrap is-layout-flex wp-container-core-group-is-layout-ad2f72ca wp-block-group-is-layout-flex\">\n<figure class=\"wp-block-image size-full\"><img loading=\"lazy\" decoding=\"async\" width=\"472\" height=\"708\" src=\"https:\/\/blog.ccc.eu\/pl\/wp-content\/uploads\/2024\/04\/imgonline-com-ua-compressed-fRLEcFkQp1zJT.jpg\" alt=\"stylizacja z d\u0142ugim czarnym p\u0142aszczem\" class=\"wp-image-23596\" srcset=\"https:\/\/blog.ccc.eu\/pl\/wp-content\/uploads\/2024\/04\/imgonline-com-ua-compressed-fRLEcFkQp1zJT.jpg 472w, https:\/\/blog.ccc.eu\/pl\/wp-content\/uploads\/2024\/04\/imgonline-com-ua-compressed-fRLEcFkQp1zJT-200x300.jpg 200w, https:\/\/blog.ccc.eu\/pl\/wp-content\/uploads\/2024\/04\/imgonline-com-ua-compressed-fRLEcFkQp1zJT-100x150.jpg 100w\" sizes=\"auto, (max-width: 472px) 100vw, 472px\" \/><\/figure>\n\n\n\n<figure class=\"wp-block-image size-full\"><img loading=\"lazy\" decoding=\"async\" width=\"503\" height=\"705\" src=\"https:\/\/blog.ccc.eu\/pl\/wp-content\/uploads\/2024\/04\/imgonline-com-ua-compressed-OPFz84rZIQQEFXm.jpg\" alt=\"czarna torebka gino rossi z zamkami\" class=\"wp-image-23597\" srcset=\"https:\/\/blog.ccc.eu\/pl\/wp-content\/uploads\/2024\/04\/imgonline-com-ua-compressed-OPFz84rZIQQEFXm.jpg 503w, https:\/\/blog.ccc.eu\/pl\/wp-content\/uploads\/2024\/04\/imgonline-com-ua-compressed-OPFz84rZIQQEFXm-214x300.jpg 214w, https:\/\/blog.ccc.eu\/pl\/wp-content\/uploads\/2024\/04\/imgonline-com-ua-compressed-OPFz84rZIQQEFXm-100x140.jpg 100w\" sizes=\"auto, (max-width: 503px) 100vw, 503px\" \/><\/figure>\n<\/div>\n\n\n\n\n\n\n<p><\/p>\n\n\n\n<h2 class=\"wp-block-heading\">Gino Rossi \u2013 marka, w kt\u00f3rej forma ma znaczenie<\/h2>\n\n\n\n<p>Marka Gino Rossi oferuje minimalizm w najlepszej formie i w najwy\u017cszej jako\u015bci, dbaj\u0105c o ka\u017cdy detal i szczeg\u00f3\u0142, kt\u00f3ry ma ogromne znaczenie. Architektoniczne kompozycje, geometryczne ci\u0119cia, zabawa bry\u0142\u0105 i formatem. Efektowne faktury, matowe sk\u00f3ry lub te z wysokim po\u0142yskiem wybijaj\u0105 si\u0119 na pierwszy plan.<\/p>\n\n\n\n<p><strong>Zaprojektowane w ponadczasowym stylu kolekcje, kt\u00f3re \u0142\u0105czy wsp\u00f3lny mianownik b\u0119d\u0105 w Twojej garderobie pere\u0142kami niezale\u017cnie od up\u0142ywaj\u0105cego czasu.<\/strong> Wyj\u0105tkow\u0105 kolekcj\u0119 marki Gino Rossi znajdziesz w naszych salonach CCC, na ccc.eu i w aplikacji.<\/p>\n","protected":false},"excerpt":{"rendered":"<p>Geometryczne kszta\u0142ty, architektoniczne formy i perfekcyjny minimalizm. To w\u0142a\u015bnie znalaz\u0142a w kolekcji Gino Rossi jedna z najbardziej inspiruj\u0105cych polskich stylistek Olivia Kijo. Mia\u0142a by\u0107 architektk\u0105, zosta\u0142a stylistk\u0105, ale jak si\u0119 okazuje, jedno z drugim ma wiele wsp\u00f3lnego. Olivia, kt\u00f3ra ceni sobie form\u0119, na co dzie\u0144 odnajduje j\u0105 w prostych projektach z charakterem, w zestawach z [&hellip;]<\/p>\n","protected":false},"author":17,"featured_media":23591,"comment_status":"open","ping_status":"closed","sticky":false,"template":"","format":"standard","meta":{"_acf_changed":false,"footnotes":""},"categories":[432,6],"tags":[],"class_list":["post-23590","post","type-post","status-publish","format-standard","has-post-thumbnail","hentry","category-newsroom","category-trendy"],"acf":[],"_links":{"self":[{"href":"https:\/\/blog.ccc.eu\/pl\/wp-json\/wp\/v2\/posts\/23590","targetHints":{"allow":["GET"]}}],"collection":[{"href":"https:\/\/blog.ccc.eu\/pl\/wp-json\/wp\/v2\/posts"}],"about":[{"href":"https:\/\/blog.ccc.eu\/pl\/wp-json\/wp\/v2\/types\/post"}],"author":[{"embeddable":true,"href":"https:\/\/blog.ccc.eu\/pl\/wp-json\/wp\/v2\/users\/17"}],"replies":[{"embeddable":true,"href":"https:\/\/blog.ccc.eu\/pl\/wp-json\/wp\/v2\/comments?post=23590"}],"version-history":[{"count":3,"href":"https:\/\/blog.ccc.eu\/pl\/wp-json\/wp\/v2\/posts\/23590\/revisions"}],"predecessor-version":[{"id":25848,"href":"https:\/\/blog.ccc.eu\/pl\/wp-json\/wp\/v2\/posts\/23590\/revisions\/25848"}],"wp:featuredmedia":[{"embeddable":true,"href":"https:\/\/blog.ccc.eu\/pl\/wp-json\/wp\/v2\/media\/23591"}],"wp:attachment":[{"href":"https:\/\/blog.ccc.eu\/pl\/wp-json\/wp\/v2\/media?parent=23590"}],"wp:term":[{"taxonomy":"category","embeddable":true,"href":"https:\/\/blog.ccc.eu\/pl\/wp-json\/wp\/v2\/categories?post=23590"},{"taxonomy":"post_tag","embeddable":true,"href":"https:\/\/blog.ccc.eu\/pl\/wp-json\/wp\/v2\/tags?post=23590"}],"curies":[{"name":"wp","href":"https:\/\/api.w.org\/{rel}","templated":true}]}}