{"id":24123,"date":"2024-05-17T09:44:24","date_gmt":"2024-05-17T07:44:24","guid":{"rendered":"https:\/\/blog.ccc.eu\/pl\/?p=24123"},"modified":"2024-05-17T09:44:27","modified_gmt":"2024-05-17T07:44:27","slug":"najlepsze-walizki-na-kazdy-wyjazd-top-modele","status":"publish","type":"post","link":"https:\/\/blog.ccc.eu\/pl\/najlepsze-walizki-na-kazdy-wyjazd-top-modele\/","title":{"rendered":"Najlepsze walizki na ka\u017cdy wyjazd \u2013 oto 4 TOP modele!"},"content":{"rendered":"\n<p><strong>Wyb\u00f3r odpowiedniej walizki jest niezwykle wa\u017cny, niezale\u017cnie od tego, czy szukamy modelu, kt\u00f3ry b\u0119dzie nam towarzyszy\u0107 podczas wakacyjnego wyjazdu, czy te\u017c wypadu za miasto. Wyselekcjonowali\u015bmy najlepsze walizki z oferty CCC, kt\u00f3re s\u0105 lekkie, \u0142atwe w prowadzeniu, pojemne i pochodz\u0105 z kolekcji znanych, cenionych marek. Znajdziesz w\u015br\u00f3d nich walizki uniwersalne, kabinowe, kuferki, a tak\u017ce modele stworzone z my\u015bl\u0105 o najm\u0142odszych. Poznaj zalety ich wszystkich i wybierz te propozycje, kt\u00f3re najlepiej pasuj\u0105 do Twojego stylu podr\u00f3\u017cowania!<\/strong><\/p>\n\n\n\n<figure class=\"wp-block-image size-full\"><img loading=\"lazy\" decoding=\"async\" width=\"1020\" height=\"771\" src=\"https:\/\/blog.ccc.eu\/pl\/wp-content\/uploads\/2024\/05\/glowne-5.jpg\" alt=\"najlepsza walizka\" class=\"wp-image-24126\" srcset=\"https:\/\/blog.ccc.eu\/pl\/wp-content\/uploads\/2024\/05\/glowne-5.jpg 1020w, https:\/\/blog.ccc.eu\/pl\/wp-content\/uploads\/2024\/05\/glowne-5-300x227.jpg 300w, https:\/\/blog.ccc.eu\/pl\/wp-content\/uploads\/2024\/05\/glowne-5-768x581.jpg 768w, https:\/\/blog.ccc.eu\/pl\/wp-content\/uploads\/2024\/05\/glowne-5-100x76.jpg 100w\" sizes=\"auto, (max-width: 1020px) 100vw, 1020px\" \/><\/figure>\n\n\n\n<h2 class=\"wp-block-heading\">Jaka walizka najlepsza na ka\u017cdy wyjazd? Oto uniwersalny model!<\/h2>\n\n\n\n<p>Istnieje kilka kluczowych cech, kt\u00f3re powinna posiada\u0107 uniwersalna walizka, nadaj\u0105ca si\u0119 zar\u00f3wno na wakacje, jak i kr\u00f3tki wyjazd. Przede wszystkim walizka musi by\u0107 wystarczaj\u0105co pojemna, aby m\u00f3c przechowa\u0107 wszelkie niezb\u0119dne ubrania oraz akcesoria osobiste. Dlatego w\u0142a\u015bnie <strong>warto wybra\u0107 model o uniwersalnej, \u015bredniej wielko\u015bci<\/strong>, kt\u00f3ry w swoim wn\u0119trzu kryje praktyczne przegr\u00f3dki, u\u0142atwiaj\u0105ce nie tylko spakowanie si\u0119 i zabranie ze sob\u0105 jak najwi\u0119kszej ilo\u015bci rzeczy, ale tak\u017ce umo\u017cliwia wygodne korzystanie z nich w trakcie wyjazdu, bez konieczno\u015bci ca\u0142kowitego rozpakowywania walizki.<\/p>\n\n\n\n<p>Uniwersalna walizka podr\u00f3\u017cna powinna by\u0107 tak\u017ce lekka, gdy jest pusta, a do tego wytrzyma\u0142a. Za najbardziej trwa\u0142e uchodz\u0105 twarde walizki, wykonane np. z polikarbonu. S\u0105 odporne na ewentualne uszkodzenia, a dodatkowo doskonale zabezpieczaj\u0105 swoj\u0105 zawarto\u015b\u0107.<\/p>\n\n\n\n<p>Wszystkie powy\u017csze cechy ma prezentowana walizka od marki Mexx. W dodatku <strong>zachwyca eleganckim wygl\u0105dem, kt\u00f3ry zawdzi\u0119cza swojej ponadczasowej formie<\/strong>, czarnej kolorystyce i logotypowi, pe\u0142ni\u0105cemu dekoracyjn\u0105 funkcj\u0119.<\/p>\n\n\n\n<p>Szukasz modelu w innym rozmiarze, ale o tych samych zaletach? Wejd\u017a na stron\u0119 CCC, a nast\u0119pnie odwied\u017a zak\u0142adk\u0119 z walizkami. Znajdziesz tam wi\u0119cej propozycji od marki Mexx, dost\u0119pnych w r\u00f3\u017cnych rozmiarach i kolorach.<\/p>\n\n\n\n<div class=\"wp-block-group is-nowrap is-layout-flex wp-container-core-group-is-layout-ad2f72ca wp-block-group-is-layout-flex\">\n<figure class=\"wp-block-image size-large\"><img loading=\"lazy\" decoding=\"async\" width=\"683\" height=\"1024\" src=\"https:\/\/blog.ccc.eu\/pl\/wp-content\/uploads\/2024\/05\/CCC_5905588615194_01_M-683x1024.jpg\" alt=\"\u015brednia walizka na k\u00f3\u0142kach\" class=\"wp-image-24124\" srcset=\"https:\/\/blog.ccc.eu\/pl\/wp-content\/uploads\/2024\/05\/CCC_5905588615194_01_M-683x1024.jpg 683w, https:\/\/blog.ccc.eu\/pl\/wp-content\/uploads\/2024\/05\/CCC_5905588615194_01_M-200x300.jpg 200w, https:\/\/blog.ccc.eu\/pl\/wp-content\/uploads\/2024\/05\/CCC_5905588615194_01_M-768x1152.jpg 768w, https:\/\/blog.ccc.eu\/pl\/wp-content\/uploads\/2024\/05\/CCC_5905588615194_01_M-100x150.jpg 100w, https:\/\/blog.ccc.eu\/pl\/wp-content\/uploads\/2024\/05\/CCC_5905588615194_01_M.jpg 876w\" sizes=\"auto, (max-width: 683px) 100vw, 683px\" \/><\/figure>\n\n\n\n<figure class=\"wp-block-image size-large\"><img loading=\"lazy\" decoding=\"async\" width=\"683\" height=\"1024\" src=\"https:\/\/blog.ccc.eu\/pl\/wp-content\/uploads\/2024\/05\/CCC_5905588615194_04-683x1024.jpg\" alt=\"czarna walizka na k\u00f3\u0142kach mexx\" class=\"wp-image-24125\" srcset=\"https:\/\/blog.ccc.eu\/pl\/wp-content\/uploads\/2024\/05\/CCC_5905588615194_04-683x1024.jpg 683w, https:\/\/blog.ccc.eu\/pl\/wp-content\/uploads\/2024\/05\/CCC_5905588615194_04-200x300.jpg 200w, https:\/\/blog.ccc.eu\/pl\/wp-content\/uploads\/2024\/05\/CCC_5905588615194_04-768x1152.jpg 768w, https:\/\/blog.ccc.eu\/pl\/wp-content\/uploads\/2024\/05\/CCC_5905588615194_04-100x150.jpg 100w, https:\/\/blog.ccc.eu\/pl\/wp-content\/uploads\/2024\/05\/CCC_5905588615194_04.jpg 876w\" sizes=\"auto, (max-width: 683px) 100vw, 683px\" \/><\/figure>\n<\/div>\n\n\n\n<div class=\"wp-block-buttons is-content-justification-center is-layout-flex wp-container-core-buttons-is-layout-16018d1d wp-block-buttons-is-layout-flex\">\n<div class=\"wp-block-button\"><a class=\"wp-block-button__link wp-element-button\" href=\"https:\/\/ccc.eu\/pl\/walizki\/walizka-mexx-mexx-m-034-05-black-czarny\" target=\"_blank\" rel=\"noreferrer noopener\">Zam\u00f3w walizk\u0119 Mexx w CCC<\/a><\/div>\n<\/div>\n\n\n\n<p><\/p>\n\n\n\n<h2 class=\"wp-block-heading\">Najlepsza walizka do samolotu? Sprawd\u017a t\u0119 kabinow\u0105 propozycj\u0119<\/h2>\n\n\n\n<p>Najlepsza walizka kabinowa to taka, kt\u00f3ra jest wystarczaj\u0105co pojemna na d\u0142ugi weekend lub kr\u00f3tki wypad za granic\u0119, jest tak\u017ce lekka i \u0142atwa w manewrowaniu, a do tego idealnie mie\u015bci si\u0119 w schowkach nad g\u0142ow\u0105 w samolocie, co pozwala omin\u0105\u0107 kolejki przy karuzeli baga\u017cowej i szybciej zacz\u0105\u0107 cieszy\u0107 si\u0119 wakacjami!<\/p>\n\n\n\n<p>Rozmiar walizki kabinowej to najcz\u0119\u015bciej 55 \u00d7 40 \u00d7 20 cm, chocia\u017c wymogi linii lotniczych mog\u0105 si\u0119 r\u00f3\u017cni\u0107, co do jej wielko\u015bci, dlatego zawsze nale\u017cy to sprawdzi\u0107 przed podr\u00f3\u017c\u0105. Model wpisuj\u0105cy si\u0119 w powy\u017csze wymagania czeka na Ciebie w CCC w ofercie marki Reebok.\u00a0 W dodatku <strong>posiada 4 obrotowe k\u00f3\u0142ka, pasy zabezpieczaj\u0105ce ubrania, plastikow\u0105, teleskopow\u0105 r\u0105czk\u0119 i zamek szyfrowy TSA<\/strong>. Pokochasz j\u0105 za wygod\u0119 podr\u00f3\u017cowania, jak\u0105 oferuje, a tak\u017ce za wysok\u0105 jako\u015b\u0107 wykonania oraz modny wygl\u0105d!<\/p>\n\n\n\n<div class=\"wp-block-group is-nowrap is-layout-flex wp-container-core-group-is-layout-ad2f72ca wp-block-group-is-layout-flex\">\n<figure class=\"wp-block-image size-large\"><img loading=\"lazy\" decoding=\"async\" width=\"683\" height=\"1024\" src=\"https:\/\/blog.ccc.eu\/pl\/wp-content\/uploads\/2024\/05\/CCC_5905588616139_01_M-683x1024.jpg\" alt=\"walizka kabinowa reebok\" class=\"wp-image-24127\" srcset=\"https:\/\/blog.ccc.eu\/pl\/wp-content\/uploads\/2024\/05\/CCC_5905588616139_01_M-683x1024.jpg 683w, https:\/\/blog.ccc.eu\/pl\/wp-content\/uploads\/2024\/05\/CCC_5905588616139_01_M-200x300.jpg 200w, https:\/\/blog.ccc.eu\/pl\/wp-content\/uploads\/2024\/05\/CCC_5905588616139_01_M-768x1152.jpg 768w, https:\/\/blog.ccc.eu\/pl\/wp-content\/uploads\/2024\/05\/CCC_5905588616139_01_M-100x150.jpg 100w, https:\/\/blog.ccc.eu\/pl\/wp-content\/uploads\/2024\/05\/CCC_5905588616139_01_M.jpg 876w\" sizes=\"auto, (max-width: 683px) 100vw, 683px\" \/><\/figure>\n\n\n\n<figure class=\"wp-block-image size-large\"><img loading=\"lazy\" decoding=\"async\" width=\"683\" height=\"1024\" src=\"https:\/\/blog.ccc.eu\/pl\/wp-content\/uploads\/2024\/05\/CCC_5905588616139_05-683x1024.jpg\" alt=\"czerwona ma\u0142a walizka kabinowa reebok\" class=\"wp-image-24128\" srcset=\"https:\/\/blog.ccc.eu\/pl\/wp-content\/uploads\/2024\/05\/CCC_5905588616139_05-683x1024.jpg 683w, https:\/\/blog.ccc.eu\/pl\/wp-content\/uploads\/2024\/05\/CCC_5905588616139_05-200x300.jpg 200w, https:\/\/blog.ccc.eu\/pl\/wp-content\/uploads\/2024\/05\/CCC_5905588616139_05-768x1152.jpg 768w, https:\/\/blog.ccc.eu\/pl\/wp-content\/uploads\/2024\/05\/CCC_5905588616139_05-100x150.jpg 100w, https:\/\/blog.ccc.eu\/pl\/wp-content\/uploads\/2024\/05\/CCC_5905588616139_05.jpg 876w\" sizes=\"auto, (max-width: 683px) 100vw, 683px\" \/><\/figure>\n<\/div>\n\n\n\n<div class=\"wp-block-buttons is-content-justification-center is-layout-flex wp-container-core-buttons-is-layout-16018d1d wp-block-buttons-is-layout-flex\">\n<div class=\"wp-block-button\"><a class=\"wp-block-button__link wp-element-button\" href=\"https:\/\/ccc.eu\/pl\/walizki\/walizka-reebok-rbk-wal-009-ccc-s-czerwony\" target=\"_blank\" rel=\"noreferrer noopener\">Zam\u00f3w walizk\u0119 kabinow\u0105 Reebok w CCC<\/a><\/div>\n<\/div>\n\n\n\n<p><\/p>\n\n\n\n<h2 class=\"wp-block-heading\">Najlepsza walizka na kosmetyki i podr\u0119czne akcesoria<\/h2>\n\n\n\n<p>Jeste\u015b ju\u017c w posiadaniu uniwersalnej walizki lub modelu kabinowego, ale brakuje Ci ma\u0142ej, podr\u0119cznej torby, w kt\u00f3rej wygodnie i bezpiecznie przewieziesz kosmetyki lub akcesoria podr\u0119czne? W tej roli doskonale sprawdzi si\u0119 kuferek!<\/p>\n\n\n\n<p>Prezentowany model od marki Lasocki zosta\u0142 wykonany z trwa\u0142ego tworzywa ABS. Jest lekki i ma kr\u00f3tk\u0105 r\u0105czk\u0119 oraz d\u0142ugi uchwyt, przez co wygodnie mo\u017cna go nosi\u0107 na dwa sposoby. Co najwa\u017cniejsze, jest niezwykle pojemny! W swoim wn\u0119trzu kryje 2 komory, kt\u00f3re z powodzeniem pomieszcz\u0105 wszelkie, osobiste akcesoria. <strong>Mo\u017ce stanowi\u0107 dodatek do walizek b\u0105d\u017a by\u0107 samodzielnym baga\u017cem, np. na jednodniowe wyjazdy.<\/strong><\/p>\n\n\n\n<div class=\"wp-block-group is-nowrap is-layout-flex wp-container-core-group-is-layout-ad2f72ca wp-block-group-is-layout-flex\">\n<figure class=\"wp-block-image size-large\"><img loading=\"lazy\" decoding=\"async\" width=\"683\" height=\"1024\" src=\"https:\/\/blog.ccc.eu\/pl\/wp-content\/uploads\/2024\/05\/CCC_5905588105855_02-683x1024.jpg\" alt=\"walizka kuferek lasocki\" class=\"wp-image-24129\" srcset=\"https:\/\/blog.ccc.eu\/pl\/wp-content\/uploads\/2024\/05\/CCC_5905588105855_02-683x1024.jpg 683w, https:\/\/blog.ccc.eu\/pl\/wp-content\/uploads\/2024\/05\/CCC_5905588105855_02-200x300.jpg 200w, https:\/\/blog.ccc.eu\/pl\/wp-content\/uploads\/2024\/05\/CCC_5905588105855_02-768x1152.jpg 768w, https:\/\/blog.ccc.eu\/pl\/wp-content\/uploads\/2024\/05\/CCC_5905588105855_02-100x150.jpg 100w, https:\/\/blog.ccc.eu\/pl\/wp-content\/uploads\/2024\/05\/CCC_5905588105855_02.jpg 876w\" sizes=\"auto, (max-width: 683px) 100vw, 683px\" \/><\/figure>\n\n\n\n<figure class=\"wp-block-image size-large\"><img loading=\"lazy\" decoding=\"async\" width=\"683\" height=\"1024\" src=\"https:\/\/blog.ccc.eu\/pl\/wp-content\/uploads\/2024\/05\/CCC_5905588105855_05-683x1024.jpg\" alt=\"ma\u0142a walizka kuferek z\u0142ota\" class=\"wp-image-24130\" srcset=\"https:\/\/blog.ccc.eu\/pl\/wp-content\/uploads\/2024\/05\/CCC_5905588105855_05-683x1024.jpg 683w, https:\/\/blog.ccc.eu\/pl\/wp-content\/uploads\/2024\/05\/CCC_5905588105855_05-200x300.jpg 200w, https:\/\/blog.ccc.eu\/pl\/wp-content\/uploads\/2024\/05\/CCC_5905588105855_05-768x1152.jpg 768w, https:\/\/blog.ccc.eu\/pl\/wp-content\/uploads\/2024\/05\/CCC_5905588105855_05-100x150.jpg 100w, https:\/\/blog.ccc.eu\/pl\/wp-content\/uploads\/2024\/05\/CCC_5905588105855_05.jpg 876w\" sizes=\"auto, (max-width: 683px) 100vw, 683px\" \/><\/figure>\n<\/div>\n\n\n\n<div class=\"wp-block-buttons is-content-justification-center is-layout-flex wp-container-core-buttons-is-layout-16018d1d wp-block-buttons-is-layout-flex\">\n<div class=\"wp-block-button\"><a class=\"wp-block-button__link wp-element-button\" href=\"https:\/\/ccc.eu\/pl\/walizki\/walizka-lasocki-was-xs-004-a23-gold-zloty\" target=\"_blank\" rel=\"noreferrer noopener\">Zam\u00f3w walizk\u0119-kuferek Lasocki w CCC<\/a><\/div>\n<\/div>\n\n\n\n<p><\/p>\n\n\n\n<h2 class=\"wp-block-heading\">Najlepsza walizka dla dziecka \u2013 o taki baga\u017c ch\u0119tnie zadba Tw\u00f3j maluch<\/h2>\n\n\n\n<p>Zastanawiasz si\u0119, czy warto kupi\u0107 walizk\u0119 dla dziecka? Taki baga\u017c mo\u017ce znacznie odci\u0105\u017cy\u0107 Ci\u0119 podczas podr\u00f3\u017cy. Walizka dzieci\u0119ca jest nie tylko <strong>ma\u0142a, ale tak\u017ce lekka i \u0142atwa do ci\u0105gni\u0119cia, a do tego cz\u0119sto ozdobiona uroczymi wzorami lub postaciami z bajek<\/strong>, dlatego Tw\u00f3j maluch ch\u0119tnie b\u0119dzie z ni\u0105 podr\u00f3\u017cowa\u0107.<\/p>\n\n\n\n<p>W CCC znajdziesz m.in. walizk\u0119 ozdobion\u0105 podobiznami ze s\u0142ynnej i ukochanej przez dzieci bajki \u201eFrozen\u201d. Jest pojemna, posiada w swoim wn\u0119trzu przegr\u00f3dki, u\u0142atwiaj\u0105ce pakowanie, a do tego ma oryginalny kszta\u0142t. Ma tak\u017ce 2 k\u00f3\u0142ka obrotowe i 2 nieobrotowe, dzi\u0119ki czemu stabilnie stoi, a Twoje dziecko b\u0119dzie mog\u0142o na niej wygodnie odpocz\u0105\u0107, gdy zm\u0119czy si\u0119 podr\u00f3\u017c\u0105. Jej zalet\u0105 jest tak\u017ce teleskopowa r\u0105czka. To doskona\u0142y pomys\u0142 na prezent dla malucha!<\/p>\n\n\n\n<div class=\"wp-block-group is-nowrap is-layout-flex wp-container-core-group-is-layout-ad2f72ca wp-block-group-is-layout-flex\">\n<figure class=\"wp-block-image size-large\"><img loading=\"lazy\" decoding=\"async\" width=\"683\" height=\"1024\" src=\"https:\/\/blog.ccc.eu\/pl\/wp-content\/uploads\/2024\/05\/CCC_5905588105923_01-683x1024.jpg\" alt=\"walizka dla dzieci frozen\" class=\"wp-image-24131\" srcset=\"https:\/\/blog.ccc.eu\/pl\/wp-content\/uploads\/2024\/05\/CCC_5905588105923_01-683x1024.jpg 683w, https:\/\/blog.ccc.eu\/pl\/wp-content\/uploads\/2024\/05\/CCC_5905588105923_01-200x300.jpg 200w, https:\/\/blog.ccc.eu\/pl\/wp-content\/uploads\/2024\/05\/CCC_5905588105923_01-768x1152.jpg 768w, https:\/\/blog.ccc.eu\/pl\/wp-content\/uploads\/2024\/05\/CCC_5905588105923_01-100x150.jpg 100w, https:\/\/blog.ccc.eu\/pl\/wp-content\/uploads\/2024\/05\/CCC_5905588105923_01.jpg 876w\" sizes=\"auto, (max-width: 683px) 100vw, 683px\" \/><\/figure>\n\n\n\n<figure class=\"wp-block-image size-large\"><img loading=\"lazy\" decoding=\"async\" width=\"683\" height=\"1024\" src=\"https:\/\/blog.ccc.eu\/pl\/wp-content\/uploads\/2024\/05\/CCC_5905588105923_02-683x1024.jpg\" alt=\"ma\u0142a walizka dla dzieci frozen\" class=\"wp-image-24132\" srcset=\"https:\/\/blog.ccc.eu\/pl\/wp-content\/uploads\/2024\/05\/CCC_5905588105923_02-683x1024.jpg 683w, https:\/\/blog.ccc.eu\/pl\/wp-content\/uploads\/2024\/05\/CCC_5905588105923_02-200x300.jpg 200w, https:\/\/blog.ccc.eu\/pl\/wp-content\/uploads\/2024\/05\/CCC_5905588105923_02-768x1152.jpg 768w, https:\/\/blog.ccc.eu\/pl\/wp-content\/uploads\/2024\/05\/CCC_5905588105923_02-100x150.jpg 100w, https:\/\/blog.ccc.eu\/pl\/wp-content\/uploads\/2024\/05\/CCC_5905588105923_02.jpg 876w\" sizes=\"auto, (max-width: 683px) 100vw, 683px\" \/><\/figure>\n<\/div>\n\n\n\n<div class=\"wp-block-buttons is-content-justification-center is-layout-flex wp-container-core-buttons-is-layout-16018d1d wp-block-buttons-is-layout-flex\">\n<div class=\"wp-block-button\"><a class=\"wp-block-button__link wp-element-button\" href=\"https:\/\/ccc.eu\/pl\/walizki\/walizka-frozen-acccs-aw23-224dfr-j-fioletowy\" target=\"_blank\" rel=\"noreferrer noopener\">Zam\u00f3w walizk\u0119 dla dzieci Frozen w CCC<\/a><\/div>\n<\/div>\n\n\n\n<p><\/p>\n\n\n\n<h2 class=\"wp-block-heading\">Najlepsze walizki podr\u00f3\u017cne kupisz w CCC!<\/h2>\n\n\n\n<p>Najlepsze marki walizek, najwygodniejsze modele do zabrania w ka\u017cd\u0105 podr\u00f3\u017c. Ju\u017c wiesz, jakie walizki czekaj\u0105 na Ciebie w CCC. Wszystkie wymienione w artykule propozycje znajdziesz zar\u00f3wno w naszych sklepach stacjonarnych, jak i na ccc.eu oraz w aplikacji. Udanych zakup\u00f3w\u2026 i podr\u00f3\u017cy!<\/p>\n","protected":false},"excerpt":{"rendered":"<p>Wyb\u00f3r odpowiedniej walizki jest niezwykle wa\u017cny, niezale\u017cnie od tego, czy szukamy modelu, kt\u00f3ry b\u0119dzie nam towarzyszy\u0107 podczas wakacyjnego wyjazdu, czy te\u017c wypadu za miasto. Wyselekcjonowali\u015bmy najlepsze walizki z oferty CCC, kt\u00f3re s\u0105 lekkie, \u0142atwe w prowadzeniu, pojemne i pochodz\u0105 z kolekcji znanych, cenionych marek. Znajdziesz w\u015br\u00f3d nich walizki uniwersalne, kabinowe, kuferki, a tak\u017ce modele stworzone [&hellip;]<\/p>\n","protected":false},"author":20,"featured_media":24126,"comment_status":"open","ping_status":"closed","sticky":false,"template":"","format":"standard","meta":{"_acf_changed":false,"footnotes":""},"categories":[4],"tags":[],"class_list":["post-24123","post","type-post","status-publish","format-standard","has-post-thumbnail","hentry","category-porady"],"acf":[],"_links":{"self":[{"href":"https:\/\/blog.ccc.eu\/pl\/wp-json\/wp\/v2\/posts\/24123","targetHints":{"allow":["GET"]}}],"collection":[{"href":"https:\/\/blog.ccc.eu\/pl\/wp-json\/wp\/v2\/posts"}],"about":[{"href":"https:\/\/blog.ccc.eu\/pl\/wp-json\/wp\/v2\/types\/post"}],"author":[{"embeddable":true,"href":"https:\/\/blog.ccc.eu\/pl\/wp-json\/wp\/v2\/users\/20"}],"replies":[{"embeddable":true,"href":"https:\/\/blog.ccc.eu\/pl\/wp-json\/wp\/v2\/comments?post=24123"}],"version-history":[{"count":1,"href":"https:\/\/blog.ccc.eu\/pl\/wp-json\/wp\/v2\/posts\/24123\/revisions"}],"predecessor-version":[{"id":24133,"href":"https:\/\/blog.ccc.eu\/pl\/wp-json\/wp\/v2\/posts\/24123\/revisions\/24133"}],"wp:featuredmedia":[{"embeddable":true,"href":"https:\/\/blog.ccc.eu\/pl\/wp-json\/wp\/v2\/media\/24126"}],"wp:attachment":[{"href":"https:\/\/blog.ccc.eu\/pl\/wp-json\/wp\/v2\/media?parent=24123"}],"wp:term":[{"taxonomy":"category","embeddable":true,"href":"https:\/\/blog.ccc.eu\/pl\/wp-json\/wp\/v2\/categories?post=24123"},{"taxonomy":"post_tag","embeddable":true,"href":"https:\/\/blog.ccc.eu\/pl\/wp-json\/wp\/v2\/tags?post=24123"}],"curies":[{"name":"wp","href":"https:\/\/api.w.org\/{rel}","templated":true}]}}