{"id":24134,"date":"2024-05-17T10:50:01","date_gmt":"2024-05-17T08:50:01","guid":{"rendered":"https:\/\/blog.ccc.eu\/pl\/?p=24134"},"modified":"2024-05-17T10:50:03","modified_gmt":"2024-05-17T08:50:03","slug":"buty-i-torebki-w-paski-w-kolekcjach-na-wiosne-lato","status":"publish","type":"post","link":"https:\/\/blog.ccc.eu\/pl\/buty-i-torebki-w-paski-w-kolekcjach-na-wiosne-lato\/","title":{"rendered":"Buty i torebki w paski w kolekcjach na wiosn\u0119-lato 2024"},"content":{"rendered":"\n<p><strong>Nawi\u0105zuj\u0105ce do marynistycznego trendu i wakacji nad morzem, paski pojawi\u0142y si\u0119 w kolekcjach najbardziej znamienitych projektant\u00f3w mody w kolekcjach na wiosn\u0119-lato 2024. Cienkie, grube, pionowe, poziome, stonowane lub utrzymane w intensywnych barwach. Kr\u00f3luj\u0105 na strojach, ale najbardziej intryguj\u0105ce s\u0105 buty i torebki w paski, kt\u00f3re ka\u017cdej stylizacji mog\u0105 nada\u0107 charakter. Nie zabrak\u0142o ich tak\u017ce w ofercie CCC. Sprawd\u017a, jakie modele uchodz\u0105 za najmodniejsze!<\/strong><\/p>\n\n\n\n<div class=\"wp-block-group is-nowrap is-layout-flex wp-container-core-group-is-layout-ad2f72ca wp-block-group-is-layout-flex\">\n<figure class=\"wp-block-image size-full\"><img loading=\"lazy\" decoding=\"async\" width=\"622\" height=\"933\" src=\"https:\/\/blog.ccc.eu\/pl\/wp-content\/uploads\/2024\/05\/glowne1-4.jpg\" alt=\"torebka w paski badura i czarne klapki\" class=\"wp-image-24146\" srcset=\"https:\/\/blog.ccc.eu\/pl\/wp-content\/uploads\/2024\/05\/glowne1-4.jpg 622w, https:\/\/blog.ccc.eu\/pl\/wp-content\/uploads\/2024\/05\/glowne1-4-200x300.jpg 200w, https:\/\/blog.ccc.eu\/pl\/wp-content\/uploads\/2024\/05\/glowne1-4-100x150.jpg 100w\" sizes=\"auto, (max-width: 622px) 100vw, 622px\" \/><\/figure>\n\n\n\n<figure class=\"wp-block-image size-full\"><img loading=\"lazy\" decoding=\"async\" width=\"622\" height=\"933\" src=\"https:\/\/blog.ccc.eu\/pl\/wp-content\/uploads\/2024\/05\/glowne-6.jpg\" alt=\"stylizacja z torb\u0105 w paski\" class=\"wp-image-24147\" srcset=\"https:\/\/blog.ccc.eu\/pl\/wp-content\/uploads\/2024\/05\/glowne-6.jpg 622w, https:\/\/blog.ccc.eu\/pl\/wp-content\/uploads\/2024\/05\/glowne-6-200x300.jpg 200w, https:\/\/blog.ccc.eu\/pl\/wp-content\/uploads\/2024\/05\/glowne-6-100x150.jpg 100w\" sizes=\"auto, (max-width: 622px) 100vw, 622px\" \/><\/figure>\n<\/div>\n\n\n\n<h2 class=\"wp-block-heading\">Torba koszyk w paski hitem letnich trend\u00f3w!<\/h2>\n\n\n\n<p>Nie da si\u0119 ukry\u0107, \u017ce torby-koszyki to jedne z najmodniejszych letnich dodatk\u00f3w. Je\u015bli znudzi\u0142y Ci si\u0119 klasyczne, be\u017cowe modele o neutralnym charakterze, nietuzinkow\u0105\u2026 i trendow\u0105 odmian\u0105 b\u0119dzie pleciona torba w paski!<\/p>\n\n\n\n<p><strong>Warta uwagi jest torebka w paski od polskiej marki Badura<\/strong>. Jest twarda, a wi\u0119c nie odkszta\u0142ca si\u0119 ani pod wp\u0142ywem ci\u0119\u017caru, ani podczas noszenia. Ma jedn\u0105, pojemn\u0105 kiesze\u0144, kt\u00f3r\u0105 mo\u017cna zawi\u0105za\u0107 za pomoc\u0105 troczka, co nie tylko dobrze chroni jej zawarto\u015b\u0107, ale tak\u017ce nawi\u0105zuje do klasycznych toreb-koszyk\u00f3w. Interesuj\u0105cym dodatkiem jest dopinana saszetka \u2013 idealna na kosmetyki i ma\u0142e akcesoria, kt\u00f3re zawsze chcemy mie\u0107 pod r\u0119k\u0105.<\/p>\n\n\n\n<p>Psst! Koniecznie zajrzyj do oferty marki Badura po wi\u0119cej modeli toreb w paski \u2013 s\u0105 one dost\u0119pne w r\u00f3\u017cnych rozmiarach i kolorach. Dlaczego rekomendujemy w\u0142a\u015bnie ten czarno-bia\u0142y? Bo najlepiej nawi\u0105zuje do toreb, kt\u00f3re mogli\u015bmy podziwia\u0107 na wybiegach, zapowiadaj\u0105cych trendy na sezon wiosna-lato 2024. Mi\u0142o\u015bniczki mody go doceni\u0105!<\/p>\n\n\n\n<div class=\"wp-block-group is-nowrap is-layout-flex wp-container-core-group-is-layout-ad2f72ca wp-block-group-is-layout-flex\">\n<figure class=\"wp-block-image size-large\"><img loading=\"lazy\" decoding=\"async\" width=\"683\" height=\"1024\" src=\"https:\/\/blog.ccc.eu\/pl\/wp-content\/uploads\/2024\/05\/CCC_5905588510215_01_Mpop-683x1024.jpg\" alt=\"torebka w paski badura\" class=\"wp-image-24135\" srcset=\"https:\/\/blog.ccc.eu\/pl\/wp-content\/uploads\/2024\/05\/CCC_5905588510215_01_Mpop-683x1024.jpg 683w, https:\/\/blog.ccc.eu\/pl\/wp-content\/uploads\/2024\/05\/CCC_5905588510215_01_Mpop-200x300.jpg 200w, https:\/\/blog.ccc.eu\/pl\/wp-content\/uploads\/2024\/05\/CCC_5905588510215_01_Mpop-768x1152.jpg 768w, https:\/\/blog.ccc.eu\/pl\/wp-content\/uploads\/2024\/05\/CCC_5905588510215_01_Mpop-100x150.jpg 100w, https:\/\/blog.ccc.eu\/pl\/wp-content\/uploads\/2024\/05\/CCC_5905588510215_01_Mpop.jpg 876w\" sizes=\"auto, (max-width: 683px) 100vw, 683px\" \/><\/figure>\n\n\n\n<figure class=\"wp-block-image size-large\"><img loading=\"lazy\" decoding=\"async\" width=\"683\" height=\"1024\" src=\"https:\/\/blog.ccc.eu\/pl\/wp-content\/uploads\/2024\/05\/CCC_5905588510215_01-683x1024.jpg\" alt=\"torba shopper w paski badura\" class=\"wp-image-24136\" srcset=\"https:\/\/blog.ccc.eu\/pl\/wp-content\/uploads\/2024\/05\/CCC_5905588510215_01-683x1024.jpg 683w, https:\/\/blog.ccc.eu\/pl\/wp-content\/uploads\/2024\/05\/CCC_5905588510215_01-200x300.jpg 200w, https:\/\/blog.ccc.eu\/pl\/wp-content\/uploads\/2024\/05\/CCC_5905588510215_01-768x1152.jpg 768w, https:\/\/blog.ccc.eu\/pl\/wp-content\/uploads\/2024\/05\/CCC_5905588510215_01-100x150.jpg 100w, https:\/\/blog.ccc.eu\/pl\/wp-content\/uploads\/2024\/05\/CCC_5905588510215_01.jpg 876w\" sizes=\"auto, (max-width: 683px) 100vw, 683px\" \/><\/figure>\n<\/div>\n\n\n\n<div class=\"wp-block-buttons is-content-justification-center is-layout-flex wp-container-core-buttons-is-layout-16018d1d wp-block-buttons-is-layout-flex\">\n<div class=\"wp-block-button\"><a class=\"wp-block-button__link wp-element-button\" href=\"https:\/\/ccc.eu\/pl\/torby\/torby-damskie\/torebka-badura-tyl0201-czarny\" target=\"_blank\" rel=\"noreferrer noopener\">Zam\u00f3w torebk\u0119 Badura w CCC<\/a><\/div>\n<\/div>\n\n\n\n<p><\/p>\n\n\n\n<h2 class=\"wp-block-heading\">Torba pla\u017cowa w paski\u2026 z mat\u0105 \u2013 Tw\u00f3j wakacyjny niezb\u0119dnik<\/h2>\n\n\n\n<p><strong>Idealna torba pla\u017cowa w paski\u2026 istnieje!<\/strong> Tylko sp\u00f3jrz na model od marki Jenny Fairy. Ma specjaln\u0105 kiesze\u0144 na s\u0142omian\u0105 mat\u0119 \u2013 niezast\u0105piony dodatek do pla\u017cowego wypoczynku. Ju\u017c nigdy wi\u0119cej nie zapomnisz o tym gad\u017cecie ani nie b\u0119dziesz si\u0119 zastawia\u0107, gdzie go umie\u015bci\u0107.<\/p>\n\n\n\n<p>Kiesze\u0144 na mat\u0119 to nie jedyna zaleta tej torby. Oczywi\u015bcie, zosta\u0142a ona ozdobiona czerwonymi paskami, kt\u00f3re efektownie kontrastuj\u0105 z bia\u0142ym t\u0142em. Doskonale uzupe\u0142ni pla\u017cowe stylizacje! Co wi\u0119c, torba zosta\u0142a wykonana z materia\u0142u tekstylnego, dzi\u0119ki czemu jest niezwykle lekka. Jest mi\u0119kka, du\u017ca, bo mieszcz\u0105ca format A4, ma miejsce na portfel i telefon, i zapinana na klips magnetyczny. Pokochasz j\u0105 za wygod\u0119 noszenia, oryginalny design i funkcjonalno\u015b\u0107!<\/p>\n\n\n\n<div class=\"wp-block-group is-nowrap is-layout-flex wp-container-core-group-is-layout-ad2f72ca wp-block-group-is-layout-flex\">\n<figure class=\"wp-block-image size-large\"><img loading=\"lazy\" decoding=\"async\" width=\"683\" height=\"1024\" src=\"https:\/\/blog.ccc.eu\/pl\/wp-content\/uploads\/2024\/05\/CCC_5904248668327_01_LR-683x1024.jpg\" alt=\"torba w paski z mat\u0105 jenny fairy\" class=\"wp-image-24137\" srcset=\"https:\/\/blog.ccc.eu\/pl\/wp-content\/uploads\/2024\/05\/CCC_5904248668327_01_LR-683x1024.jpg 683w, https:\/\/blog.ccc.eu\/pl\/wp-content\/uploads\/2024\/05\/CCC_5904248668327_01_LR-200x300.jpg 200w, https:\/\/blog.ccc.eu\/pl\/wp-content\/uploads\/2024\/05\/CCC_5904248668327_01_LR-768x1152.jpg 768w, https:\/\/blog.ccc.eu\/pl\/wp-content\/uploads\/2024\/05\/CCC_5904248668327_01_LR-100x150.jpg 100w, https:\/\/blog.ccc.eu\/pl\/wp-content\/uploads\/2024\/05\/CCC_5904248668327_01_LR.jpg 876w\" sizes=\"auto, (max-width: 683px) 100vw, 683px\" \/><\/figure>\n\n\n\n<figure class=\"wp-block-image size-large\"><img loading=\"lazy\" decoding=\"async\" width=\"683\" height=\"1024\" src=\"https:\/\/blog.ccc.eu\/pl\/wp-content\/uploads\/2024\/05\/CCC_5904248668327_06_LR-683x1024.jpg\" alt=\"torba w czerwone paski jenny fairy\" class=\"wp-image-24138\" srcset=\"https:\/\/blog.ccc.eu\/pl\/wp-content\/uploads\/2024\/05\/CCC_5904248668327_06_LR-683x1024.jpg 683w, https:\/\/blog.ccc.eu\/pl\/wp-content\/uploads\/2024\/05\/CCC_5904248668327_06_LR-200x300.jpg 200w, https:\/\/blog.ccc.eu\/pl\/wp-content\/uploads\/2024\/05\/CCC_5904248668327_06_LR-768x1152.jpg 768w, https:\/\/blog.ccc.eu\/pl\/wp-content\/uploads\/2024\/05\/CCC_5904248668327_06_LR-100x150.jpg 100w, https:\/\/blog.ccc.eu\/pl\/wp-content\/uploads\/2024\/05\/CCC_5904248668327_06_LR.jpg 876w\" sizes=\"auto, (max-width: 683px) 100vw, 683px\" \/><\/figure>\n<\/div>\n\n\n\n<div class=\"wp-block-buttons is-content-justification-center is-layout-flex wp-container-core-buttons-is-layout-16018d1d wp-block-buttons-is-layout-flex\">\n<div class=\"wp-block-button\"><a class=\"wp-block-button__link wp-element-button\" href=\"https:\/\/ccc.eu\/pl\/torby\/torby-damskie\/torebka-jenny-fairy-mja-j-151-30-01-czerwony\" target=\"_blank\" rel=\"noreferrer noopener\">Zam\u00f3w torebk\u0119 z mat\u0105 Jenny Fairy w CCC<\/a><\/div>\n<\/div>\n\n\n\n<p><\/p>\n\n\n\n<h2 class=\"wp-block-heading\">Torba materia\u0142owa w paski to wyb\u00f3r influencerki!<\/h2>\n\n\n\n<p><strong>Torebki w paski, dost\u0119pne w CCC, to cz\u0119sty wyb\u00f3r stylistek mody i influencerek.<\/strong> Na pasiasty model od marki Jenny Fairy zdecydowa\u0142a si\u0119 znana polska modelka i influencerka \u2013 Ola Korytowska. Dope\u0142ni\u0142a ni\u0105 swoj\u0105 efektown\u0105, miejsko-pla\u017cow\u0105 stylizacj\u0119, opart\u0105 na prostych spodniach w najmodniejszym odcieniu \u017c\u00f3\u0142tego \u2013 buttery yellow, pomara\u0144czowej g\u00f3rze od kostiumu i lnianej, br\u0105zowej koszuli. Ultramodne dodatki, po\u015br\u00f3d kt\u00f3rych znajduje si\u0119 torebka w paski od Jenny Fairy nadaj\u0105 charakter ca\u0142emu strojowi, czyni\u0105c go nietuzinkowym i zapadaj\u0105cym w pami\u0119\u0107.<\/p>\n\n\n\n<p>Ty tak\u017ce masz zdj\u0119cie w swojej stylizacji z dodatkiem od CCC? Koniecznie oznacz nas na swoim Instagramie! Z przyjemno\u015bci\u0105 docenimy Tw\u00f3j look!<\/p>\n\n\n\n<div class=\"wp-block-group is-nowrap is-layout-flex wp-container-core-group-is-layout-ad2f72ca wp-block-group-is-layout-flex\">\n<figure class=\"wp-block-image size-large\"><img loading=\"lazy\" decoding=\"async\" width=\"683\" height=\"1024\" src=\"https:\/\/blog.ccc.eu\/pl\/wp-content\/uploads\/2024\/05\/CCC_5904248668303_01_LR-683x1024.jpg\" alt=\"materia\u0142owa torebka w paski\" class=\"wp-image-24139\" srcset=\"https:\/\/blog.ccc.eu\/pl\/wp-content\/uploads\/2024\/05\/CCC_5904248668303_01_LR-683x1024.jpg 683w, https:\/\/blog.ccc.eu\/pl\/wp-content\/uploads\/2024\/05\/CCC_5904248668303_01_LR-200x300.jpg 200w, https:\/\/blog.ccc.eu\/pl\/wp-content\/uploads\/2024\/05\/CCC_5904248668303_01_LR-768x1152.jpg 768w, https:\/\/blog.ccc.eu\/pl\/wp-content\/uploads\/2024\/05\/CCC_5904248668303_01_LR-100x150.jpg 100w, https:\/\/blog.ccc.eu\/pl\/wp-content\/uploads\/2024\/05\/CCC_5904248668303_01_LR.jpg 876w\" sizes=\"auto, (max-width: 683px) 100vw, 683px\" \/><\/figure>\n\n\n\n<figure class=\"wp-block-image size-large\"><img loading=\"lazy\" decoding=\"async\" width=\"683\" height=\"1024\" src=\"https:\/\/blog.ccc.eu\/pl\/wp-content\/uploads\/2024\/05\/CCC_5904248668303_06_LR-1-683x1024.jpg\" alt=\"materia\u0142owa torba w paski granatowe\" class=\"wp-image-24141\" srcset=\"https:\/\/blog.ccc.eu\/pl\/wp-content\/uploads\/2024\/05\/CCC_5904248668303_06_LR-1-683x1024.jpg 683w, https:\/\/blog.ccc.eu\/pl\/wp-content\/uploads\/2024\/05\/CCC_5904248668303_06_LR-1-200x300.jpg 200w, https:\/\/blog.ccc.eu\/pl\/wp-content\/uploads\/2024\/05\/CCC_5904248668303_06_LR-1-768x1152.jpg 768w, https:\/\/blog.ccc.eu\/pl\/wp-content\/uploads\/2024\/05\/CCC_5904248668303_06_LR-1-100x150.jpg 100w, https:\/\/blog.ccc.eu\/pl\/wp-content\/uploads\/2024\/05\/CCC_5904248668303_06_LR-1.jpg 876w\" sizes=\"auto, (max-width: 683px) 100vw, 683px\" \/><\/figure>\n<\/div>\n\n\n\n<div class=\"wp-block-buttons is-content-justification-center is-layout-flex wp-container-core-buttons-is-layout-16018d1d wp-block-buttons-is-layout-flex\">\n<div class=\"wp-block-button\"><a class=\"wp-block-button__link wp-element-button\" href=\"https:\/\/ccc.eu\/pl\/torby\/torby-damskie\/torebka-jenny-fairy-mja-j-145-95-01-granatowy\" target=\"_blank\" rel=\"noreferrer noopener\">Zam\u00f3w torebk\u0119 Jenny Fairy w CCC<\/a><\/div>\n<\/div>\n\n\n\n<p><\/p>\n\n\n\n<h2 class=\"wp-block-heading\">Espadryle wi\u0105zane w paski \u2013 sprawd\u017a, czemu zawdzi\u0119czaj\u0105 swoj\u0105 popularno\u015b\u0107<\/h2>\n\n\n\n<p>Ci\u0119\u017cko o bardziej wygodne i pasuj\u0105ce do sezonu buty letnie od espadryli. Ich mi\u0142o\u015bnicy dziel\u0105 je na modele wi\u0105zane i wsuwane. Zacznijmy od wymienienia zalet tych pierwszych.<\/p>\n\n\n\n<p>Espadryle wi\u0105zane doskonale trzymaj\u0105 si\u0119 st\u00f3p, przez co \u015bwietnie sprawdz\u0105 si\u0119 zar\u00f3wno podczas d\u0142ugich, letnich spacer\u00f3w, jak i wszelkich aktywno\u015bci sportowych. S\u0105 to lekkie buty, wykonane z przewiewnych materia\u0142\u00f3w, kt\u00f3re dbaj\u0105 o odpowiedni\u0105 wentylacj\u0119 st\u00f3p, co w okresie letnim jest niezwykle wa\u017cne. Stopy nie poc\u0105 si\u0119 w tym obuwiu, a wi\u0119c nie dochodzi w nim do powstawania szkodliwych, chorobotw\u00f3rczych bakterii.<\/p>\n\n\n\n<p>Nie mo\u017cna zapomnie\u0107, \u017ce <strong>ogromn\u0105 zalet\u0105 espadryli, dzi\u0119ki kt\u00f3rej s\u0105 one tak ch\u0119tnie wybierane, jest ich oryginalny, doskonale wpisuj\u0105cy si\u0119 w letni klimat, design<\/strong>. Modele w paski przywodz\u0105 na my\u015bl nadmorskie wakacje. Dodatkowo wsparte na grubej podeszwie, obleczonej sznurkiem, i kremowymi sznur\u00f3wkami, stanowi\u0105 wspania\u0142y dodatek do wakacyjnych stylizacji. Kt\u00f3ry ich kolor wybierasz?<\/p>\n\n\n\n<div class=\"wp-block-group is-nowrap is-layout-flex wp-container-core-group-is-layout-ad2f72ca wp-block-group-is-layout-flex\">\n<figure class=\"wp-block-image size-large\"><img loading=\"lazy\" decoding=\"async\" width=\"683\" height=\"1024\" src=\"https:\/\/blog.ccc.eu\/pl\/wp-content\/uploads\/2024\/05\/CCC_5905588534099_04-683x1024.jpg\" alt=\"trampki espadryle w paski jenny fairy\" class=\"wp-image-24142\" srcset=\"https:\/\/blog.ccc.eu\/pl\/wp-content\/uploads\/2024\/05\/CCC_5905588534099_04-683x1024.jpg 683w, https:\/\/blog.ccc.eu\/pl\/wp-content\/uploads\/2024\/05\/CCC_5905588534099_04-200x300.jpg 200w, https:\/\/blog.ccc.eu\/pl\/wp-content\/uploads\/2024\/05\/CCC_5905588534099_04-768x1152.jpg 768w, https:\/\/blog.ccc.eu\/pl\/wp-content\/uploads\/2024\/05\/CCC_5905588534099_04-100x150.jpg 100w, https:\/\/blog.ccc.eu\/pl\/wp-content\/uploads\/2024\/05\/CCC_5905588534099_04.jpg 876w\" sizes=\"auto, (max-width: 683px) 100vw, 683px\" \/><\/figure>\n\n\n\n<figure class=\"wp-block-image size-large\"><img loading=\"lazy\" decoding=\"async\" width=\"683\" height=\"1024\" src=\"https:\/\/blog.ccc.eu\/pl\/wp-content\/uploads\/2024\/05\/CCC_5905588534099_02-683x1024.jpg\" alt=\"trampki w paski espadryle na grubej podeszwie\" class=\"wp-image-24143\" srcset=\"https:\/\/blog.ccc.eu\/pl\/wp-content\/uploads\/2024\/05\/CCC_5905588534099_02-683x1024.jpg 683w, https:\/\/blog.ccc.eu\/pl\/wp-content\/uploads\/2024\/05\/CCC_5905588534099_02-200x300.jpg 200w, https:\/\/blog.ccc.eu\/pl\/wp-content\/uploads\/2024\/05\/CCC_5905588534099_02-768x1152.jpg 768w, https:\/\/blog.ccc.eu\/pl\/wp-content\/uploads\/2024\/05\/CCC_5905588534099_02-100x150.jpg 100w, https:\/\/blog.ccc.eu\/pl\/wp-content\/uploads\/2024\/05\/CCC_5905588534099_02.jpg 876w\" sizes=\"auto, (max-width: 683px) 100vw, 683px\" \/><\/figure>\n<\/div>\n\n\n\n<div class=\"wp-block-buttons is-content-justification-center is-layout-flex wp-container-core-buttons-is-layout-16018d1d wp-block-buttons-is-layout-flex\">\n<div class=\"wp-block-button\"><a class=\"wp-block-button__link wp-element-button\" href=\"https:\/\/ccc.eu\/pl\/damskie\/buty\/polbuty\/espadryle\/espadryle-jenny-fairy-emma-wsk1576-05-granatowy\" target=\"_blank\" rel=\"noreferrer noopener\">Zam\u00f3w espadryle Jenny Fairy w CCC<\/a><\/div>\n<\/div>\n\n\n\n<p><\/p>\n\n\n\n<h2 class=\"wp-block-heading\">Espadryle wsuwane w paski \u2013 tutaj wygoda idzie w parze z modnym wygl\u0105dem<\/h2>\n\n\n\n<p>Espadryle wsuwane w paski maj\u0105 niemal\u017ce te same zalety, co modele wi\u0105zane. Jedynie, ze wzgl\u0119du na inny model ich zapinania, s\u0105 szybsze i \u0142atwiejsze w zak\u0142adaniu. <strong>Je\u015bli jeste\u015b mi\u0142o\u015bniczk\u0105 balerin, te propozycje z pewno\u015bci\u0105 przypadn\u0105 Ci do gustu.<\/strong> Maj\u0105 te\u017c nieco bardziej elegancki wygl\u0105d od modeli wi\u0105zanych, dzi\u0119ki czemu z powodzeniem uzupe\u0142ni\u0105 stylizacje z letnimi sukienkami b\u0105d\u017a kompletami lnianymi. Ich mo\u017cliwo\u015bci stylizacyjnych jest naprawd\u0119 wiele!<\/p>\n\n\n\n<div class=\"wp-block-group is-nowrap is-layout-flex wp-container-core-group-is-layout-ad2f72ca wp-block-group-is-layout-flex\">\n<figure class=\"wp-block-image size-large\"><img loading=\"lazy\" decoding=\"async\" width=\"683\" height=\"1024\" src=\"https:\/\/blog.ccc.eu\/pl\/wp-content\/uploads\/2024\/05\/CCC_5905588541165_04-683x1024.jpg\" alt=\"wsuwane espadryle w paski jenny fairy\" class=\"wp-image-24144\" srcset=\"https:\/\/blog.ccc.eu\/pl\/wp-content\/uploads\/2024\/05\/CCC_5905588541165_04-683x1024.jpg 683w, https:\/\/blog.ccc.eu\/pl\/wp-content\/uploads\/2024\/05\/CCC_5905588541165_04-200x300.jpg 200w, https:\/\/blog.ccc.eu\/pl\/wp-content\/uploads\/2024\/05\/CCC_5905588541165_04-768x1152.jpg 768w, https:\/\/blog.ccc.eu\/pl\/wp-content\/uploads\/2024\/05\/CCC_5905588541165_04-100x150.jpg 100w, https:\/\/blog.ccc.eu\/pl\/wp-content\/uploads\/2024\/05\/CCC_5905588541165_04.jpg 876w\" sizes=\"auto, (max-width: 683px) 100vw, 683px\" \/><\/figure>\n\n\n\n<figure class=\"wp-block-image size-large\"><img loading=\"lazy\" decoding=\"async\" width=\"683\" height=\"1024\" src=\"https:\/\/blog.ccc.eu\/pl\/wp-content\/uploads\/2024\/05\/CCC_5905588541165_02-683x1024.jpg\" alt=\"wsuwane espadryle w czerwone paski\" class=\"wp-image-24145\" srcset=\"https:\/\/blog.ccc.eu\/pl\/wp-content\/uploads\/2024\/05\/CCC_5905588541165_02-683x1024.jpg 683w, https:\/\/blog.ccc.eu\/pl\/wp-content\/uploads\/2024\/05\/CCC_5905588541165_02-200x300.jpg 200w, https:\/\/blog.ccc.eu\/pl\/wp-content\/uploads\/2024\/05\/CCC_5905588541165_02-768x1152.jpg 768w, https:\/\/blog.ccc.eu\/pl\/wp-content\/uploads\/2024\/05\/CCC_5905588541165_02-100x150.jpg 100w, https:\/\/blog.ccc.eu\/pl\/wp-content\/uploads\/2024\/05\/CCC_5905588541165_02.jpg 876w\" sizes=\"auto, (max-width: 683px) 100vw, 683px\" \/><\/figure>\n<\/div>\n\n\n\n<div class=\"wp-block-buttons is-content-justification-center is-layout-flex wp-container-core-buttons-is-layout-16018d1d wp-block-buttons-is-layout-flex\">\n<div class=\"wp-block-button\"><a class=\"wp-block-button__link wp-element-button\" href=\"https:\/\/ccc.eu\/pl\/damskie\/buty\/polbuty\/espadryle\/espadryle-jenny-fairy-kayla-wsk1609-05-czerwony\" target=\"_blank\" rel=\"noreferrer noopener\">Zam\u00f3w wsuwane espadryle Jenny Fairy w CCC<\/a><\/div>\n<\/div>\n\n\n\n<p><\/p>\n\n\n\n<h2 class=\"wp-block-heading\">Najmodniejsze buty i torebki w paski kupisz w CCC!<\/h2>\n\n\n\n<p>Ju\u017c wiesz, jakie buty i torebki w paski b\u0119d\u0105 uchodzi\u0107 tego lata za najmodniejsze. Wszystkie wskazane w artykule modele (i znacznie wi\u0119cej) znajdziesz zar\u00f3wno w stacjonarnych sklepach CCC, jak i na ccc.eu oraz w aplikacji. Udanych zakup\u00f3w!<\/p>\n","protected":false},"excerpt":{"rendered":"<p>Nawi\u0105zuj\u0105ce do marynistycznego trendu i wakacji nad morzem, paski pojawi\u0142y si\u0119 w kolekcjach najbardziej znamienitych projektant\u00f3w mody w kolekcjach na wiosn\u0119-lato 2024. Cienkie, grube, pionowe, poziome, stonowane lub utrzymane w intensywnych barwach. Kr\u00f3luj\u0105 na strojach, ale najbardziej intryguj\u0105ce s\u0105 buty i torebki w paski, kt\u00f3re ka\u017cdej stylizacji mog\u0105 nada\u0107 charakter. Nie zabrak\u0142o ich tak\u017ce w [&hellip;]<\/p>\n","protected":false},"author":20,"featured_media":24147,"comment_status":"open","ping_status":"closed","sticky":false,"template":"","format":"standard","meta":{"_acf_changed":false,"footnotes":""},"categories":[1332,1315],"tags":[],"class_list":["post-24134","post","type-post","status-publish","format-standard","has-post-thumbnail","hentry","category-trendy-na-lato","category-wiosenne-trendy"],"acf":[],"_links":{"self":[{"href":"https:\/\/blog.ccc.eu\/pl\/wp-json\/wp\/v2\/posts\/24134","targetHints":{"allow":["GET"]}}],"collection":[{"href":"https:\/\/blog.ccc.eu\/pl\/wp-json\/wp\/v2\/posts"}],"about":[{"href":"https:\/\/blog.ccc.eu\/pl\/wp-json\/wp\/v2\/types\/post"}],"author":[{"embeddable":true,"href":"https:\/\/blog.ccc.eu\/pl\/wp-json\/wp\/v2\/users\/20"}],"replies":[{"embeddable":true,"href":"https:\/\/blog.ccc.eu\/pl\/wp-json\/wp\/v2\/comments?post=24134"}],"version-history":[{"count":1,"href":"https:\/\/blog.ccc.eu\/pl\/wp-json\/wp\/v2\/posts\/24134\/revisions"}],"predecessor-version":[{"id":24148,"href":"https:\/\/blog.ccc.eu\/pl\/wp-json\/wp\/v2\/posts\/24134\/revisions\/24148"}],"wp:featuredmedia":[{"embeddable":true,"href":"https:\/\/blog.ccc.eu\/pl\/wp-json\/wp\/v2\/media\/24147"}],"wp:attachment":[{"href":"https:\/\/blog.ccc.eu\/pl\/wp-json\/wp\/v2\/media?parent=24134"}],"wp:term":[{"taxonomy":"category","embeddable":true,"href":"https:\/\/blog.ccc.eu\/pl\/wp-json\/wp\/v2\/categories?post=24134"},{"taxonomy":"post_tag","embeddable":true,"href":"https:\/\/blog.ccc.eu\/pl\/wp-json\/wp\/v2\/tags?post=24134"}],"curies":[{"name":"wp","href":"https:\/\/api.w.org\/{rel}","templated":true}]}}