{"id":24929,"date":"2024-06-14T11:55:29","date_gmt":"2024-06-14T09:55:29","guid":{"rendered":"https:\/\/blog.ccc.eu\/pl\/?p=24929"},"modified":"2024-06-14T11:55:30","modified_gmt":"2024-06-14T09:55:30","slug":"sandaly-babcine-najmodniejsze-buty-sezonu","status":"publish","type":"post","link":"https:\/\/blog.ccc.eu\/pl\/sandaly-babcine-najmodniejsze-buty-sezonu\/","title":{"rendered":"Sanda\u0142y babcine \u2013 to b\u0119d\u0105 najmodniejsze buty 2024 roku!"},"content":{"rendered":"\n<p><strong>Jak sama nazwa wskazuje sanda\u0142y babcine to buty, kt\u00f3re s\u0105 sta\u0142ym elementem garderoby seniorek. Projektanci maj\u0105 na my\u015bli konkretny model, kt\u00f3ry ju\u017c zacz\u0105\u0142 zachwyca\u0107 w najwa\u017cniejszych kolekcjach dom\u00f3w mody. Ubieg\u0142oroczne trendy grandmacore czy ecletic grandpa przyczyni\u0142y si\u0119 do jego rozwoju, daj\u0105c naprawd\u0119 du\u017ce pole do popisu wsp\u00f3\u0142czesnej modzie. Si\u0119gamy zatem do garderoby babci, w kt\u00f3rej kr\u00f3luj\u0105 pere\u0142ki vintage, kt\u00f3re zelektryzowa\u0142y spojrzenie na nowoczesny design. Sanda\u0142y babcine nosz\u0105 ju\u017c najwa\u017cniejsze nazwiska show-biznesu i gwiazdy kina. Widzia\u0142am je w garderobie Ann Hathaway, a Ty najlepsze modele znajdziesz w CCC!<\/strong><\/p>\n\n\n\n<div class=\"wp-block-group is-nowrap is-layout-flex wp-container-core-group-is-layout-ad2f72ca wp-block-group-is-layout-flex\">\n<figure class=\"wp-block-image size-large\"><img loading=\"lazy\" decoding=\"async\" width=\"683\" height=\"1024\" src=\"https:\/\/blog.ccc.eu\/pl\/wp-content\/uploads\/2024\/06\/CCC_5904862840468_99_Mpop-1-683x1024.jpg\" alt=\"sanda\u0142y babcine be\u017cowe\" class=\"wp-image-24931\" srcset=\"https:\/\/blog.ccc.eu\/pl\/wp-content\/uploads\/2024\/06\/CCC_5904862840468_99_Mpop-1-683x1024.jpg 683w, https:\/\/blog.ccc.eu\/pl\/wp-content\/uploads\/2024\/06\/CCC_5904862840468_99_Mpop-1-200x300.jpg 200w, https:\/\/blog.ccc.eu\/pl\/wp-content\/uploads\/2024\/06\/CCC_5904862840468_99_Mpop-1-768x1152.jpg 768w, https:\/\/blog.ccc.eu\/pl\/wp-content\/uploads\/2024\/06\/CCC_5904862840468_99_Mpop-1-100x150.jpg 100w, https:\/\/blog.ccc.eu\/pl\/wp-content\/uploads\/2024\/06\/CCC_5904862840468_99_Mpop-1.jpg 876w\" sizes=\"auto, (max-width: 683px) 100vw, 683px\" \/><\/figure>\n\n\n\n<figure class=\"wp-block-image size-large\"><img loading=\"lazy\" decoding=\"async\" width=\"683\" height=\"1024\" src=\"https:\/\/blog.ccc.eu\/pl\/wp-content\/uploads\/2024\/06\/CCC_5904862840468_01-683x1024.jpg\" alt=\"babcine sanda\u0142y be\u017cowe na platformie\" class=\"wp-image-24932\" srcset=\"https:\/\/blog.ccc.eu\/pl\/wp-content\/uploads\/2024\/06\/CCC_5904862840468_01-683x1024.jpg 683w, https:\/\/blog.ccc.eu\/pl\/wp-content\/uploads\/2024\/06\/CCC_5904862840468_01-200x300.jpg 200w, https:\/\/blog.ccc.eu\/pl\/wp-content\/uploads\/2024\/06\/CCC_5904862840468_01-768x1152.jpg 768w, https:\/\/blog.ccc.eu\/pl\/wp-content\/uploads\/2024\/06\/CCC_5904862840468_01-100x150.jpg 100w, https:\/\/blog.ccc.eu\/pl\/wp-content\/uploads\/2024\/06\/CCC_5904862840468_01.jpg 876w\" sizes=\"auto, (max-width: 683px) 100vw, 683px\" \/><\/figure>\n<\/div>\n\n\n\n<h2 class=\"wp-block-heading\">Sanda\u0142y babcine \u2013 moda vintage we wsp\u00f3\u0142czesnej wersji<\/h2>\n\n\n\n<p>Moja babcia mia\u0142a takie buty! I nie s\u0105dzi\u0142am kiedykolwiek, \u017ce ja r\u00f3wnie\u017c b\u0119d\u0119 chcia\u0142a je mie\u0107, mimo i\u017c do wieku babci zdecydowanie du\u017co mi jeszcze brakuje. <strong>Buty okre\u015blone mianem babcinych sanda\u0142\u00f3w pojawi\u0142y si\u0119 jako mocna propozycja w kolekcjach najwa\u017cniejszych dom\u00f3w mody<\/strong>. Projektanci si\u0119gn\u0119li do garderoby seniorek sprzed kilku dekad i wybrali model sanda\u0142\u00f3w, kt\u00f3ry zdecydowanie zas\u0142u\u017cy\u0142 na od\u015bwie\u017cenie.<\/p>\n\n\n\n<p>Nie ma co si\u0119 dziwi\u0107, \u017ce te buty, ch\u0119tnie wybierane s\u0105 przez starszych doros\u0142ych. <strong>Maj\u0105 niewysokie obcasy typu klocek lub te\u017c idealnie pasuj\u0105ce smuk\u0142e platformy czy koturny. <\/strong>Zawsze odkryte pi\u0119ty i nosek, mimo i\u017c cholewka jest do\u015b\u0107 mocno zabudowana jak w cz\u00f3\u0142enkach. Sanda\u0142y babcine odkryjemy w 2024 roku na nowo, a po vintage\u2019owe buty z zachwytem si\u0119gn\u0119li styli\u015bci i gwiazdy ekranu! Ja znalaz\u0142am takie modele w CCC! Zobacz!<\/p>\n\n\n\n<h2 class=\"wp-block-heading\">Sanda\u0142y babcine w CCC \u2013 te modele zachwyc\u0105 w Twojej garderobie<\/h2>\n\n\n\n<p>W kolekcjach naszych marek dost\u0119pne s\u0105 komfortowe sanda\u0142y w stylu vintage, kt\u00f3re s\u0105 pi\u0119knym wspomnieniem minionych dekad, ale te\u017c i nowoczesn\u0105 form\u0105 babcinego obuwia, kt\u00f3re zdecydowanie b\u0119dzie rewelacyjn\u0105 nowo\u015bci\u0105 we wsp\u00f3\u0142czesnej garderobie. <strong>Sanda\u0142y pasuj\u0105ce do estetyki grandmacore znalaz\u0142am w kolekcji marki Lasocki.<\/strong><\/p>\n\n\n\n<p>Buty dost\u0119pne s\u0105 na niewysokiej platformie ze sznurka, perfekcyjnie oddaj\u0105ce wakacyjny klimat, ale te\u017c i minimalistyczne modele ze sk\u00f3ry w czarnym kolorze. Lasocki proponuje te\u017c od\u015bwie\u017con\u0105 form\u0119 babcinych sanda\u0142\u00f3w. Perforowane sanda\u0142y na koturnie, z efektownie zmarszczon\u0105 cholewk\u0105 \u015bwietnie zaprezentuj\u0105 si\u0119 latem. Tego typu sanda\u0142y dost\u0119pne s\u0105 te\u017c w ofercie marki Rieker, Go Soft, Remonte czy Sergio Bardi.<\/p>\n\n\n\n<div class=\"wp-block-group is-nowrap is-layout-flex wp-container-core-group-is-layout-ad2f72ca wp-block-group-is-layout-flex\">\n<figure class=\"wp-block-image size-large\"><img loading=\"lazy\" decoding=\"async\" width=\"683\" height=\"1024\" src=\"https:\/\/blog.ccc.eu\/pl\/wp-content\/uploads\/2024\/06\/CCC_5905588615644_02_M-1-683x1024.jpg\" alt=\"sanda\u0142y babcine stylizacja z be\u017cowymi spodniami\" class=\"wp-image-24933\" srcset=\"https:\/\/blog.ccc.eu\/pl\/wp-content\/uploads\/2024\/06\/CCC_5905588615644_02_M-1-683x1024.jpg 683w, https:\/\/blog.ccc.eu\/pl\/wp-content\/uploads\/2024\/06\/CCC_5905588615644_02_M-1-200x300.jpg 200w, https:\/\/blog.ccc.eu\/pl\/wp-content\/uploads\/2024\/06\/CCC_5905588615644_02_M-1-768x1152.jpg 768w, https:\/\/blog.ccc.eu\/pl\/wp-content\/uploads\/2024\/06\/CCC_5905588615644_02_M-1-100x150.jpg 100w, https:\/\/blog.ccc.eu\/pl\/wp-content\/uploads\/2024\/06\/CCC_5905588615644_02_M-1.jpg 876w\" sizes=\"auto, (max-width: 683px) 100vw, 683px\" \/><\/figure>\n\n\n\n<figure class=\"wp-block-image size-large\"><img loading=\"lazy\" decoding=\"async\" width=\"683\" height=\"1024\" src=\"https:\/\/blog.ccc.eu\/pl\/wp-content\/uploads\/2024\/06\/CCC_5905588615644_01pop-683x1024.jpg\" alt=\"sanda\u0142y babcine grandmacore\" class=\"wp-image-24934\" srcset=\"https:\/\/blog.ccc.eu\/pl\/wp-content\/uploads\/2024\/06\/CCC_5905588615644_01pop-683x1024.jpg 683w, https:\/\/blog.ccc.eu\/pl\/wp-content\/uploads\/2024\/06\/CCC_5905588615644_01pop-200x300.jpg 200w, https:\/\/blog.ccc.eu\/pl\/wp-content\/uploads\/2024\/06\/CCC_5905588615644_01pop-768x1152.jpg 768w, https:\/\/blog.ccc.eu\/pl\/wp-content\/uploads\/2024\/06\/CCC_5905588615644_01pop-100x150.jpg 100w, https:\/\/blog.ccc.eu\/pl\/wp-content\/uploads\/2024\/06\/CCC_5905588615644_01pop.jpg 876w\" sizes=\"auto, (max-width: 683px) 100vw, 683px\" \/><\/figure>\n<\/div>\n\n\n\n<!-- BEGIN - feed broker -->\n<div class=\"feedbroker\" consumer-code-id=\"2iXLYsAbjzbJqoZaQJUC\"><script src=\"https:\/\/app.feed.broker\/consumer\/feedbroker-consumer-script.umd.js?v=1.0.1\" defer=\"\"><\/script><\/div>\n<!-- END - feed broker -->\n\n\n\n<p><\/p>\n\n\n\n<h2 class=\"wp-block-heading\">Powr\u00f3t mody zainspirowanej garderob\u0105 senior\u00f3w!<\/h2>\n\n\n\n<p>Babcine sanda\u0142y to tylko jeden z element\u00f3w garderoby naszych bab\u0107, kt\u00f3ry ponownie triumfuje w \u015bwiecie mody. <strong>Wielki powr\u00f3t estetyki vintage zachwyca generacj\u0119 Z, kt\u00f3ra wyszukuje pere\u0142ki na pchlich targach czy w garderobie przodk\u00f3w.<\/strong><\/p>\n\n\n\n<p>Opr\u00f3cz sanda\u0142\u00f3w, zwracamy te\u017c uwag\u0119 na dziergane kamizelki, koszule z ko\u0142nierzykami czy angielskim haftem, kardigany na drobne guziki czy sp\u00f3dnice midi, kt\u00f3re w tym sezonie dost\u0119pne s\u0105 w bardzo zr\u00f3\u017cnicowanych wersjach. Babcine sanda\u0142y b\u0119d\u0105 ich rewelacyjnym uzupe\u0142nieniem.<\/p>\n\n\n\n<h2 class=\"wp-block-heading\">Jak nosi\u0107 sanda\u0142y babcine? Propozycje modnych zestaw\u00f3w!<\/h2>\n\n\n\n<p>Sanda\u0142y Babcine to doskona\u0142a propozycja codziennego obuwia. Bardzo dobrze po\u0142\u0105cz\u0105 si\u0119 z miejskimi stylizacjami, ale te\u017c i z typowym wakacyjnym lookiem. <strong>Minimalistyczne modele w kolorach be\u017cu czy czerni mo\u017cesz nosi\u0107 w zestawie z jeansami, bia\u0142ym topem czy marynark\u0105.<\/strong> Dopasujesz je te\u017c do be\u017cowej pr\u0105\u017ckowanej sukienki midi, bia\u0142ej sp\u00f3dnicy i kr\u00f3tkiego topu. Te buty r\u00f3wnie dobrze prezentuj\u0105 si\u0119 z sukienkami.<\/p>\n\n\n\n<p>Wakacyjne modele w kwiatowe wzory, print w panterk\u0119 lub w intensywnych kolorach lata naprawd\u0119 \u015bwietnie si\u0119 sprawdz\u0105. W zgodzie z trendami mo\u017cesz te\u017c je za\u0142o\u017cy\u0107 do lnianego garnituru czy kr\u00f3tkich lnianych szort\u00f3w. Strza\u0142 w dziesi\u0105tk\u0119! Sanda\u0142y babcine w nowoczesnej pi\u0119knej ods\u0142onie znajdziesz w naszych salonach CCC, na ccc.eu i w aplikacji.<\/p>\n","protected":false},"excerpt":{"rendered":"<p>Jak sama nazwa wskazuje sanda\u0142y babcine to buty, kt\u00f3re s\u0105 sta\u0142ym elementem garderoby seniorek. Projektanci maj\u0105 na my\u015bli konkretny model, kt\u00f3ry ju\u017c zacz\u0105\u0142 zachwyca\u0107 w najwa\u017cniejszych kolekcjach dom\u00f3w mody. Ubieg\u0142oroczne trendy grandmacore czy ecletic grandpa przyczyni\u0142y si\u0119 do jego rozwoju, daj\u0105c naprawd\u0119 du\u017ce pole do popisu wsp\u00f3\u0142czesnej modzie. Si\u0119gamy zatem do garderoby babci, w kt\u00f3rej [&hellip;]<\/p>\n","protected":false},"author":17,"featured_media":24930,"comment_status":"open","ping_status":"closed","sticky":false,"template":"","format":"standard","meta":{"_acf_changed":false,"footnotes":""},"categories":[1575,1332],"tags":[],"class_list":["post-24929","post","type-post","status-publish","format-standard","has-post-thumbnail","hentry","category-modne-sandaly","category-trendy-na-lato"],"acf":[],"_links":{"self":[{"href":"https:\/\/blog.ccc.eu\/pl\/wp-json\/wp\/v2\/posts\/24929","targetHints":{"allow":["GET"]}}],"collection":[{"href":"https:\/\/blog.ccc.eu\/pl\/wp-json\/wp\/v2\/posts"}],"about":[{"href":"https:\/\/blog.ccc.eu\/pl\/wp-json\/wp\/v2\/types\/post"}],"author":[{"embeddable":true,"href":"https:\/\/blog.ccc.eu\/pl\/wp-json\/wp\/v2\/users\/17"}],"replies":[{"embeddable":true,"href":"https:\/\/blog.ccc.eu\/pl\/wp-json\/wp\/v2\/comments?post=24929"}],"version-history":[{"count":1,"href":"https:\/\/blog.ccc.eu\/pl\/wp-json\/wp\/v2\/posts\/24929\/revisions"}],"predecessor-version":[{"id":24935,"href":"https:\/\/blog.ccc.eu\/pl\/wp-json\/wp\/v2\/posts\/24929\/revisions\/24935"}],"wp:featuredmedia":[{"embeddable":true,"href":"https:\/\/blog.ccc.eu\/pl\/wp-json\/wp\/v2\/media\/24930"}],"wp:attachment":[{"href":"https:\/\/blog.ccc.eu\/pl\/wp-json\/wp\/v2\/media?parent=24929"}],"wp:term":[{"taxonomy":"category","embeddable":true,"href":"https:\/\/blog.ccc.eu\/pl\/wp-json\/wp\/v2\/categories?post=24929"},{"taxonomy":"post_tag","embeddable":true,"href":"https:\/\/blog.ccc.eu\/pl\/wp-json\/wp\/v2\/tags?post=24929"}],"curies":[{"name":"wp","href":"https:\/\/api.w.org\/{rel}","templated":true}]}}