{"id":24936,"date":"2024-06-14T12:09:56","date_gmt":"2024-06-14T10:09:56","guid":{"rendered":"https:\/\/blog.ccc.eu\/pl\/?p=24936"},"modified":"2024-06-14T12:09:57","modified_gmt":"2024-06-14T10:09:57","slug":"najczestsze-bledy-podczas-pakowania-walizki-na-wakacje","status":"publish","type":"post","link":"https:\/\/blog.ccc.eu\/pl\/najczestsze-bledy-podczas-pakowania-walizki-na-wakacje\/","title":{"rendered":"Najcz\u0119stsze b\u0142\u0119dy podczas pakowania walizki na wakacje"},"content":{"rendered":"\n<p><strong>Rado\u015b\u0107 i podekscytowanie na zbli\u017caj\u0105cy si\u0119 wyjazd skutecznie mo\u017ce zepsu\u0107 proces przygotowa\u0144 i samego pakowania. Czasami jest nam bardzo trudno okre\u015bli\u0107, co b\u0119dzie potrzebne i najch\u0119tniej zabraliby\u015bmy ze sob\u0105 jak najwi\u0119cej przedmiot\u00f3w. Nieustannie pope\u0142niamy te same b\u0142\u0119dy, kt\u00f3re ograniczaj\u0105 nas w komponowaniu wakacyjnych stylizacji, zabieraj\u0105 mn\u00f3stwo miejsca w walizce i nara\u017caj\u0105 na nadbaga\u017c. Warto przyjrze\u0107 si\u0119 najcz\u0119stszym b\u0142\u0119dom podczas pakowania walizki na wakacje i znale\u017a\u0107 z\u0142oty \u015brodek, dzi\u0119ki kt\u00f3remu nie tylko wyjazd b\u0119dzie udany, ale te\u017c i czas przed podr\u00f3\u017c\u0105.<\/strong><\/p>\n\n\n\n<figure class=\"wp-block-image size-large\"><img loading=\"lazy\" decoding=\"async\" width=\"1024\" height=\"710\" src=\"https:\/\/blog.ccc.eu\/pl\/wp-content\/uploads\/2024\/06\/GettyImages-1291602328-1024x710.jpg\" alt=\"b\u0142\u0119dy podczas pakowania\" class=\"wp-image-24937\" srcset=\"https:\/\/blog.ccc.eu\/pl\/wp-content\/uploads\/2024\/06\/GettyImages-1291602328-1024x710.jpg 1024w, https:\/\/blog.ccc.eu\/pl\/wp-content\/uploads\/2024\/06\/GettyImages-1291602328-300x208.jpg 300w, https:\/\/blog.ccc.eu\/pl\/wp-content\/uploads\/2024\/06\/GettyImages-1291602328-768x533.jpg 768w, https:\/\/blog.ccc.eu\/pl\/wp-content\/uploads\/2024\/06\/GettyImages-1291602328-100x69.jpg 100w, https:\/\/blog.ccc.eu\/pl\/wp-content\/uploads\/2024\/06\/GettyImages-1291602328.jpg 1345w\" sizes=\"auto, (max-width: 1024px) 100vw, 1024px\" \/><\/figure>\n\n\n\n<h2 class=\"wp-block-heading\">#1 Zabranie zbyt du\u017cej garderoby<\/h2>\n\n\n\n<p>Posiadanie du\u017cej liczby ubra\u0144 i but\u00f3w na wyje\u017adzie daje nam poczucie modowego bezpiecze\u0144stwa, ale te\u017c i wyboru oraz mo\u017cliwo\u015bci decydowania wed\u0142ug nastroju w danym momencie. Wi\u0105\u017ce si\u0119 to jednak z ogromnym problemem podczas pakowania. <strong>Nie mo\u017cemy zabra\u0107 ze sob\u0105 przecie\u017c \u201eca\u0142ej szafy\u201d.<\/strong><\/p>\n\n\n\n<p>Warto przed wyjazdem dokona\u0107 selekcji ubra\u0144 i podzieli\u0107 je na start na dwie cz\u0119\u015bci. Te, kt\u00f3re musz\u0119 absolutnie mie\u0107 i te, z kt\u00f3rych mog\u0119 zrezygnowa\u0107, je\u017celi si\u0119 nie zmieszcz\u0105. Dobrym pomys\u0142em jest stworzenie swojej modowej listy. Obliczenie jakiego rodzaju ubrania i buty b\u0119d\u0105 nam potrzebne i ograniczenie si\u0119 do absolutnego minimum.<\/p>\n\n\n\n<h2 class=\"wp-block-heading\">#2 Pakowanie si\u0119 \u201ezestawami\u201d<\/h2>\n\n\n\n<p>Ten spos\u00f3b pakowania si\u0119 zabiera nam naprawd\u0119 du\u017co miejsca w walizce. Je\u017celi my\u015blimy o pojedynczych zestawach na ka\u017cdy dzie\u0144, to zak\u0142adaj\u0105c, \u017ce ka\u017cdy zestaw ma 3 elementy, to na 7-dniowy wyjazd musimy zabra\u0107 a\u017c 21 element\u00f3w garderoby. To naprawd\u0119 du\u017co.<\/p>\n\n\n\n<p><strong>Warto pomy\u015ble\u0107 o pakowaniu kapsu\u0142owym.<\/strong> Szorty mo\u017cesz za\u0142o\u017cy\u0107 wi\u0119cej ni\u017c jeden raz, wystarczy w ci\u0105gu dnia za\u0142o\u017cy\u0107 do nich kr\u00f3tki top, a na wiecz\u00f3r wybra\u0107 lnian\u0105 koszul\u0119, kt\u00f3ra sprawdzi si\u0119 te\u017c w zestawie z bia\u0142ymi d\u0142ugimi spodniami np. do samolotu. Elementy garderoby mo\u017cna ze sob\u0105 \u0142\u0105czy\u0107 o ile ich \u015bwie\u017co\u015b\u0107 na to pozwala.<\/p>\n\n\n\n<h2 class=\"wp-block-heading\">#3 Nieodpowiedni dob\u00f3r ubra\u0144 i but\u00f3w do pogody na wyje\u017adzie<\/h2>\n\n\n\n<p>Czasami trudno nam si\u0119 zdecydowa\u0107 jakie elementy garderoby powinny nale\u017a\u0107 si\u0119 w walizce. Problem bardzo cz\u0119sto dotyczy but\u00f3w. <strong>Na wakacyjny wyjazd powinna\u015b zabra\u0107 komfortowe buty do zwiedzania.<\/strong> Mog\u0105 to by\u0107 sneakersy b\u0105d\u017a sanda\u0142y z amortyzacj\u0105. Te buty mo\u017cesz mie\u0107 na nogach podczas podr\u00f3\u017cy. Do walizki spakuj obuwie pla\u017cowe czy na deptak w kurorcie. Mog\u0105 by\u0107 to eleganckie sk\u00f3rzane klapki lub komfortowe modele z pianki.<\/p>\n\n\n\n<p>Je\u017celi potrzebujesz but\u00f3w, kt\u00f3re b\u0119d\u0105 potrzebne podczas wieczornych wyj\u015b\u0107, a eleganckie klapki s\u0105 dla Ciebie za ma\u0142o dostojne, wybierz sanda\u0142y na smuk\u0142ym obcasie. W przypadku ubra\u0144, dok\u0142adnie sprawd\u017a jaka pogoda b\u0119dzie w miejscu, do kt\u00f3rego si\u0119 wybierasz. Je\u017celi s\u0105 to ciep\u0142e kraje z ma\u0142ym prawdopodobie\u0144stwem ch\u0142odu czy opad\u00f3w to jedno nakrycie wierzchnie w postaci bluzy czy kurtki jeansowej wystarczy. Zrezygnuj ze zb\u0119dne garderoby, kt\u00f3ra zabierze miejsce w Twojej walizce.<\/p>\n\n\n\n<figure class=\"wp-block-image size-large\"><img loading=\"lazy\" decoding=\"async\" width=\"1024\" height=\"682\" src=\"https:\/\/blog.ccc.eu\/pl\/wp-content\/uploads\/2024\/06\/GettyImages-913481470-1024x682.jpg\" alt=\"s\u0142omkowy kapelusz i espadryle w paski\" class=\"wp-image-24938\" srcset=\"https:\/\/blog.ccc.eu\/pl\/wp-content\/uploads\/2024\/06\/GettyImages-913481470-1024x682.jpg 1024w, https:\/\/blog.ccc.eu\/pl\/wp-content\/uploads\/2024\/06\/GettyImages-913481470-300x200.jpg 300w, https:\/\/blog.ccc.eu\/pl\/wp-content\/uploads\/2024\/06\/GettyImages-913481470-768x511.jpg 768w, https:\/\/blog.ccc.eu\/pl\/wp-content\/uploads\/2024\/06\/GettyImages-913481470-100x67.jpg 100w, https:\/\/blog.ccc.eu\/pl\/wp-content\/uploads\/2024\/06\/GettyImages-913481470.jpg 1400w\" sizes=\"auto, (max-width: 1024px) 100vw, 1024px\" \/><\/figure>\n\n\n\n<h2 class=\"wp-block-heading\">#4 Zbyt du\u017co przedmiot\u00f3w, kt\u00f3re \u201eby\u0107 mo\u017ce si\u0119 przydadz\u0105\u201d<\/h2>\n\n\n\n<p>Wyje\u017cd\u017caj\u0105c lubimy mie\u0107 przy sobie mas\u0119 \u201epotrzebnych\u201d przedmiot\u00f3w. Ogranicz si\u0119 jednak do minimum. <strong>Dok\u0142adnie sprawd\u017a co oferuje hotel, do kt\u00f3rego si\u0119 wybierasz. By\u0107 mo\u017ce nie musisz zabiera\u0107 ze sob\u0105 suszarki, kosmetyk\u00f3w do k\u0105pieli, kapci czy szlafroka.<\/strong> Zastan\u00f3w si\u0119 te\u017c jak du\u017co b\u0119dziesz korzysta\u0107 z elektroniki. Czy wystarczy Ci telefon, czy mo\u017cesz pomin\u0105\u0107 tablet b\u0105d\u017a laptopa. Sprawd\u017a dok\u0142adnie pogod\u0119.<\/p>\n\n\n\n<p>Je\u017celi lecisz do upalnej Hiszpanii w sierpniu nie musisz zabiera\u0107 ze sob\u0105 parasola. Zorientuj si\u0119 te\u017c jakie sklepy s\u0105 w pobli\u017cu miejsca, w kt\u00f3rym si\u0119 zatrzymasz. By\u0107 mo\u017ce w razie konieczno\u015b\u0107 b\u0119dziesz mog\u0142a kupi\u0107 przedmioty, kt\u00f3rych potencjalnie Ci zabraknie.<\/p>\n\n\n\n<h2 class=\"wp-block-heading\">#5 Nieprawid\u0142owe gospodarowanie miejscem w walizce<\/h2>\n\n\n\n<p>Nieprzemy\u015blany spos\u00f3b pakowania walizki mo\u017ce sprawi\u0107, \u017ce gdy nie b\u0119dziesz nawet w po\u0142owie, Twoja walizka si\u0119 zape\u0142ni. <strong>Na d\u0142u\u017csze wyjazdy warto zaopatrzy\u0107 si\u0119 w walizk\u0119 na k\u00f3\u0142kach, z kolei na weekend wystarczy mi\u0119kka torba weekendowa, kt\u00f3ra precyzyjnie spakowana pomie\u015bci naprawd\u0119 du\u017co przedmiot\u00f3w.<\/strong><\/p>\n\n\n\n<p>W walizce wykorzystaj absolutnie ka\u017cd\u0105 przestrze\u0144. Swoje ubrania uk\u0142adaj na p\u0142asko w funkcjonalny spos\u00f3b. Grubsze na dole, cie\u0144sze na g\u00f3rze. Skarpetki i bielizn\u0119 mo\u017cesz w\u0142o\u017cy\u0107 po bokach, perfekcyjnie wype\u0142niaj\u0105c przestrze\u0144. Korzystaj z miniaturowych kosmetyk\u00f3w, kt\u00f3re zajm\u0105 naprawd\u0119 ma\u0142o miejsca. Zabierz ze sob\u0105 leki, ale tylko te pierwszej potrzeby oraz te, kt\u00f3re musisz za\u017cywa\u0107 na co dzie\u0144. W razie konieczno\u015bci zawsze mo\u017cesz skorzysta\u0107 z apteki, w kt\u00f3rej znajduj\u0105 si\u0119 mi\u0119dzynarodowe odpowiedniki podstawowych lek\u00f3w.<\/p>\n\n\n\n<p>\u00a0Pami\u0119taj, by rozmiar walizki zawsze dobra\u0107 do swoich potrzeb. Trudno podr\u00f3\u017cowa\u0107 np. samolotem, gdy Twoja walizka p\u0119ka w szwach, a Ty masz na sobie kilka warstw ubra\u0144, kt\u00f3re si\u0119 nie zmie\u015bci\u0142y. W CCC znajdziesz walizki w trzech rozmiarach: ma\u0142ym, \u015brednim i du\u017cym. Sprawd\u017a to!<\/p>\n\n\n\n<div class=\"wp-block-group is-nowrap is-layout-flex wp-container-core-group-is-layout-ad2f72ca wp-block-group-is-layout-flex\">\n<figure class=\"wp-block-image size-large\"><img loading=\"lazy\" decoding=\"async\" width=\"683\" height=\"1024\" src=\"https:\/\/blog.ccc.eu\/pl\/wp-content\/uploads\/2024\/06\/CCC_5905588627593_01_M-683x1024.jpg\" alt=\"walizka ma\u0142a reebok\" class=\"wp-image-24939\" srcset=\"https:\/\/blog.ccc.eu\/pl\/wp-content\/uploads\/2024\/06\/CCC_5905588627593_01_M-683x1024.jpg 683w, https:\/\/blog.ccc.eu\/pl\/wp-content\/uploads\/2024\/06\/CCC_5905588627593_01_M-200x300.jpg 200w, https:\/\/blog.ccc.eu\/pl\/wp-content\/uploads\/2024\/06\/CCC_5905588627593_01_M-768x1152.jpg 768w, https:\/\/blog.ccc.eu\/pl\/wp-content\/uploads\/2024\/06\/CCC_5905588627593_01_M-100x150.jpg 100w, https:\/\/blog.ccc.eu\/pl\/wp-content\/uploads\/2024\/06\/CCC_5905588627593_01_M.jpg 876w\" sizes=\"auto, (max-width: 683px) 100vw, 683px\" \/><\/figure>\n\n\n\n<figure class=\"wp-block-image size-large\"><img loading=\"lazy\" decoding=\"async\" width=\"683\" height=\"1024\" src=\"https:\/\/blog.ccc.eu\/pl\/wp-content\/uploads\/2024\/06\/CCC_5905588627739_01_Mpop-683x1024.jpg\" alt=\"walizka kabinowa reebok\" class=\"wp-image-24940\" srcset=\"https:\/\/blog.ccc.eu\/pl\/wp-content\/uploads\/2024\/06\/CCC_5905588627739_01_Mpop-683x1024.jpg 683w, https:\/\/blog.ccc.eu\/pl\/wp-content\/uploads\/2024\/06\/CCC_5905588627739_01_Mpop-200x300.jpg 200w, https:\/\/blog.ccc.eu\/pl\/wp-content\/uploads\/2024\/06\/CCC_5905588627739_01_Mpop-768x1152.jpg 768w, https:\/\/blog.ccc.eu\/pl\/wp-content\/uploads\/2024\/06\/CCC_5905588627739_01_Mpop-100x150.jpg 100w, https:\/\/blog.ccc.eu\/pl\/wp-content\/uploads\/2024\/06\/CCC_5905588627739_01_Mpop.jpg 876w\" sizes=\"auto, (max-width: 683px) 100vw, 683px\" \/><\/figure>\n<\/div>\n\n\n\n<!-- BEGIN - feed broker -->\n<div class=\"feedbroker\" consumer-code-id=\"gpvQxGj8QJEN3w44omMg\"><script src=\"https:\/\/app.feed.broker\/consumer\/feedbroker-consumer-script.umd.js?v=1.0.1\" defer=\"\"><\/script><\/div>\n<!-- END - feed broker -->\n\n\n\n<h2 class=\"wp-block-heading\">#6 Brak planu<\/h2>\n\n\n\n<p>To powinien by\u0107 nasz wyj\u015bciowy punkt. <strong>U\u0142o\u017cenie planu pozwoli na idealne skomponowanie wakacyjnej walizki.<\/strong> Je\u017celi nie wiesz co ze sob\u0105 zabra\u0107 i jakie masz oczekiwania od swojego wyjazdu, to prawdopodobnie we\u017amiesz du\u017co niepotrzebnych rzeczy. Stw\u00f3rz list\u0119 przedmiot\u00f3w zgodn\u0105 z rodzajem wycieczki. Je\u017celi b\u0119dziesz ca\u0142y dzie\u0144 zwiedza\u0107 deszczowy Londyn to podstaw\u0105 b\u0119d\u0105 wygodne buty i parasol.<\/p>\n\n\n\n<p>Je\u017celi jednak Tw\u00f3j wyjazd ogranicza si\u0119 jedynie do wypoczynku na pla\u017cy to obowi\u0105zkowo musisz mie\u0107 garderob\u0119 dedykowan\u0105 k\u0105pielom nie tylko wodnym, ale te\u017c i s\u0142onecznym, z uwzgl\u0119dnieniem filtr\u00f3w zapewniaj\u0105cych bezpiecze\u0144stwo. Je\u017celi okre\u015blisz to, w jaki spos\u00f3b b\u0119dziesz wypoczywa\u0107, du\u017co \u0142atwiej b\u0119dzie Ci skompletowa\u0107 garderob\u0119 na taki wyjazd. Udanej podr\u00f3\u017cy!<\/p>\n","protected":false},"excerpt":{"rendered":"<p>Rado\u015b\u0107 i podekscytowanie na zbli\u017caj\u0105cy si\u0119 wyjazd skutecznie mo\u017ce zepsu\u0107 proces przygotowa\u0144 i samego pakowania. Czasami jest nam bardzo trudno okre\u015bli\u0107, co b\u0119dzie potrzebne i najch\u0119tniej zabraliby\u015bmy ze sob\u0105 jak najwi\u0119cej przedmiot\u00f3w. Nieustannie pope\u0142niamy te same b\u0142\u0119dy, kt\u00f3re ograniczaj\u0105 nas w komponowaniu wakacyjnych stylizacji, zabieraj\u0105 mn\u00f3stwo miejsca w walizce i nara\u017caj\u0105 na nadbaga\u017c. Warto przyjrze\u0107 [&hellip;]<\/p>\n","protected":false},"author":17,"featured_media":24937,"comment_status":"open","ping_status":"closed","sticky":false,"template":"","format":"standard","meta":{"_acf_changed":false,"footnotes":""},"categories":[4],"tags":[],"class_list":["post-24936","post","type-post","status-publish","format-standard","has-post-thumbnail","hentry","category-porady"],"acf":[],"_links":{"self":[{"href":"https:\/\/blog.ccc.eu\/pl\/wp-json\/wp\/v2\/posts\/24936","targetHints":{"allow":["GET"]}}],"collection":[{"href":"https:\/\/blog.ccc.eu\/pl\/wp-json\/wp\/v2\/posts"}],"about":[{"href":"https:\/\/blog.ccc.eu\/pl\/wp-json\/wp\/v2\/types\/post"}],"author":[{"embeddable":true,"href":"https:\/\/blog.ccc.eu\/pl\/wp-json\/wp\/v2\/users\/17"}],"replies":[{"embeddable":true,"href":"https:\/\/blog.ccc.eu\/pl\/wp-json\/wp\/v2\/comments?post=24936"}],"version-history":[{"count":1,"href":"https:\/\/blog.ccc.eu\/pl\/wp-json\/wp\/v2\/posts\/24936\/revisions"}],"predecessor-version":[{"id":24941,"href":"https:\/\/blog.ccc.eu\/pl\/wp-json\/wp\/v2\/posts\/24936\/revisions\/24941"}],"wp:featuredmedia":[{"embeddable":true,"href":"https:\/\/blog.ccc.eu\/pl\/wp-json\/wp\/v2\/media\/24937"}],"wp:attachment":[{"href":"https:\/\/blog.ccc.eu\/pl\/wp-json\/wp\/v2\/media?parent=24936"}],"wp:term":[{"taxonomy":"category","embeddable":true,"href":"https:\/\/blog.ccc.eu\/pl\/wp-json\/wp\/v2\/categories?post=24936"},{"taxonomy":"post_tag","embeddable":true,"href":"https:\/\/blog.ccc.eu\/pl\/wp-json\/wp\/v2\/tags?post=24936"}],"curies":[{"name":"wp","href":"https:\/\/api.w.org\/{rel}","templated":true}]}}